{"id":2437,"date":"2021-03-12T16:36:27","date_gmt":"2021-03-12T16:36:27","guid":{"rendered":"https:\/\/www.asajacyl.com\/valladolid\/?p=2437"},"modified":"2021-03-12T16:36:29","modified_gmt":"2021-03-12T16:36:29","slug":"asaja-gana-a-azucarera-el-arbitraje-por-la-bajada-del-precio-de-la-remolacha-en-2019","status":"publish","type":"post","link":"https:\/\/www.asajacyl.com\/valladolid\/asaja-valladolid-informa\/asaja-gana-a-azucarera-el-arbitraje-por-la-bajada-del-precio-de-la-remolacha-en-2019","title":{"rendered":"ASAJA gana a Azucarera el arbitraje por la bajada del precio de la remolacha en 2019"},"content":{"rendered":"\n<h2 class=\"has-regular-font-size wp-block-heading\"><span style=\"color:#3da300\" class=\"tadv-color\">El laudo beneficiar\u00e1 a todos los remolacheros de Espa\u00f1a que contrataron con la compa\u00f1\u00eda aquella campa\u00f1a<\/span><\/h2>\n\n\n\n<p>El \u00c1rbitro \u00danico de la Corte de Arbitraje de la C\u00e1mara Oficial de Comercio, Industria y Servicios de Madrid ha emitido laudo final respecto a la demanda de ASAJA a la compa\u00f1\u00eda AB Azucarera Iberia S.L. por modificar de forma unilateral el precio de la remolacha en la campa\u00f1a de siembras de 2019, \u00faltima en la que estaba vigente el Acuerdo Marco Interprofesional Remolachero 2015\/2020.<\/p>\n\n\n\n<p>El \u00c1rbitro que ha llevado el caso considera que&nbsp;<strong>Azucarera incumpli\u00f3 el Acuerdo Marco Interprofesional (AMI) al apartarse de la oferta de precios que figuraba para la campa\u00f1a de comercializaci\u00f3n 2019\/2020 y le&nbsp;obliga a cumplir \u00edntegramente lo dispuesto en el mismo y en la Oferta de Precios<\/strong>, por lo que la empresa tendr\u00e1 que abonar un diferencial estimado de 4,2 euros por tonelada de remolacha tipo entregada en la campa\u00f1a 2019\/2020 a todos los remolacheros de Espa\u00f1a. En la resoluci\u00f3n se condena tambi\u00e9n a Azucarera a pagar las costas del procedimiento arbitral y dos terceras partes de las incurridas por ASAJA.<\/p>\n\n\n\n<p>Las partes se hab\u00edan sometido a este sistema arbitral al amparo de lo pactado en el propio AMI, renunciando a la v\u00eda judicial, por lo tanto, la decisi\u00f3n es firme sin que haya lugar a recurso. ASAJA exigir\u00e1 que la resoluci\u00f3n se haga efectiva en pr\u00f3ximas fechas, lo que supondr\u00e1 un desembolso para Azucarera de m\u00e1s de 4 millones de euros en la Zona Norte, donde Castilla y Le\u00f3n representa el 85%.<\/p>\n","protected":false},"excerpt":{"rendered":"<p>El laudo beneficiar\u00e1 a todos los remolacheros de Espa\u00f1a que contrataron con la compa\u00f1\u00eda aquella campa\u00f1a El \u00c1rbitro \u00danico de la Corte de Arbitraje de la C\u00e1mara Oficial de Comercio, Industria y Servicios de Madrid ha emitido laudo final respecto a la demanda de ASAJA a la compa\u00f1\u00eda AB Azucarera Iberia S.L. por modificar de [&hellip;]<\/p>\n","protected":false},"author":13,"featured_media":1418,"comment_status":"open","ping_status":"open","sticky":false,"template":"","format":"standard","meta":{"footnotes":""},"categories":[8,21,9],"tags":[510,123,554,120],"yoast_head":"<!-- This site is optimized with the Yoast SEO plugin v24.5 - https:\/\/yoast.com\/wordpress\/plugins\/seo\/ -->\n<title>ASAJA gana a Azucarera el arbitraje por la bajada del precio de la remolacha en 2019 - ASAJA Valladolid<\/title>\n<meta name=\"description\" content=\"ASAJA gana a Azucarera el arbitraje por la bajada del precio de la remolacha en 2019\" \/>\n<meta name=\"robots\" content=\"index, follow, max-snippet:-1, max-image-preview:large, max-video-preview:-1\" \/>\n<link rel=\"canonical\" href=\"https:\/\/www.asajacyl.com\/valladolid\/asaja-valladolid-informa\/asaja-gana-a-azucarera-el-arbitraje-por-la-bajada-del-precio-de-la-remolacha-en-2019\" \/>\n<meta property=\"og:locale\" content=\"es_ES\" \/>\n<meta property=\"og:type\" content=\"article\" \/>\n<meta property=\"og:title\" content=\"ASAJA gana a Azucarera el arbitraje por la bajada del precio de la remolacha en 2019 - ASAJA Valladolid\" \/>\n<meta property=\"og:description\" content=\"ASAJA gana a Azucarera el arbitraje por la bajada del precio de la remolacha en 2019\" \/>\n<meta property=\"og:url\" content=\"https:\/\/www.asajacyl.com\/valladolid\/asaja-valladolid-informa\/asaja-gana-a-azucarera-el-arbitraje-por-la-bajada-del-precio-de-la-remolacha-en-2019\" \/>\n<meta property=\"og:site_name\" content=\"ASAJA Valladolid\" \/>\n<meta property=\"article:published_time\" content=\"2021-03-12T16:36:27+00:00\" \/>\n<meta property=\"article:modified_time\" content=\"2021-03-12T16:36:29+00:00\" \/>\n<meta property=\"og:image\" content=\"https:\/\/www.asajacyl.com\/valladolid\/wp-content\/uploads\/sites\/2\/2018\/01\/remolacha.jpg\" \/>\n\t<meta property=\"og:image:width\" content=\"1920\" \/>\n\t<meta property=\"og:image:height\" content=\"1082\" \/>\n\t<meta property=\"og:image:type\" content=\"image\/jpeg\" \/>\n<meta name=\"author\" content=\"Mar\u00eda Natividad\" \/>\n<meta name=\"twitter:card\" content=\"summary_large_image\" \/>\n<meta name=\"twitter:label1\" content=\"Escrito por\" \/>\n\t<meta name=\"twitter:data1\" content=\"Mar\u00eda Natividad\" \/>\n\t<meta name=\"twitter:label2\" content=\"Tiempo de lectura\" \/>\n\t<meta name=\"twitter:data2\" content=\"2 minutos\" \/>\n<script type=\"application\/ld+json\" class=\"yoast-schema-graph\">{\"@context\":\"https:\/\/schema.org\",\"@graph\":[{\"@type\":\"WebPage\",\"@id\":\"https:\/\/www.asajacyl.com\/valladolid\/asaja-valladolid-informa\/asaja-gana-a-azucarera-el-arbitraje-por-la-bajada-del-precio-de-la-remolacha-en-2019\",\"url\":\"https:\/\/www.asajacyl.com\/valladolid\/asaja-valladolid-informa\/asaja-gana-a-azucarera-el-arbitraje-por-la-bajada-del-precio-de-la-remolacha-en-2019\",\"name\":\"ASAJA gana a Azucarera el arbitraje por la bajada del precio de la remolacha en 2019 - ASAJA Valladolid\",\"isPartOf\":{\"@id\":\"https:\/\/www.asajacyl.com\/valladolid\/#website\"},\"primaryImageOfPage\":{\"@id\":\"https:\/\/www.asajacyl.com\/valladolid\/asaja-valladolid-informa\/asaja-gana-a-azucarera-el-arbitraje-por-la-bajada-del-precio-de-la-remolacha-en-2019#primaryimage\"},\"image\":{\"@id\":\"https:\/\/www.asajacyl.com\/valladolid\/asaja-valladolid-informa\/asaja-gana-a-azucarera-el-arbitraje-por-la-bajada-del-precio-de-la-remolacha-en-2019#primaryimage\"},\"thumbnailUrl\":\"https:\/\/www.asajacyl.com\/valladolid\/wp-content\/uploads\/sites\/2\/2018\/01\/remolacha.jpg\",\"datePublished\":\"2021-03-12T16:36:27+00:00\",\"dateModified\":\"2021-03-12T16:36:29+00:00\",\"author\":{\"@id\":\"https:\/\/www.asajacyl.com\/valladolid\/#\/schema\/person\/cf213adc3e576168b6850f7db054141e\"},\"description\":\"ASAJA gana a Azucarera el arbitraje por la bajada del precio de la remolacha en 2019\",\"breadcrumb\":{\"@id\":\"https:\/\/www.asajacyl.com\/valladolid\/asaja-valladolid-informa\/asaja-gana-a-azucarera-el-arbitraje-por-la-bajada-del-precio-de-la-remolacha-en-2019#breadcrumb\"},\"inLanguage\":\"es\",\"potentialAction\":[{\"@type\":\"ReadAction\",\"target\":[\"https:\/\/www.asajacyl.com\/valladolid\/asaja-valladolid-informa\/asaja-gana-a-azucarera-el-arbitraje-por-la-bajada-del-precio-de-la-remolacha-en-2019\"]}]},{\"@type\":\"ImageObject\",\"inLanguage\":\"es\",\"@id\":\"https:\/\/www.asajacyl.com\/valladolid\/asaja-valladolid-informa\/asaja-gana-a-azucarera-el-arbitraje-por-la-bajada-del-precio-de-la-remolacha-en-2019#primaryimage\",\"url\":\"https:\/\/www.asajacyl.com\/valladolid\/wp-content\/uploads\/sites\/2\/2018\/01\/remolacha.jpg\",\"contentUrl\":\"https:\/\/www.asajacyl.com\/valladolid\/wp-content\/uploads\/sites\/2\/2018\/01\/remolacha.jpg\",\"width\":1920,\"height\":1082,\"caption\":\"ASAJA Valladolid organiza este mi\u00e9rcoles 31 una jornada sobre remolacha azucarera\"},{\"@type\":\"BreadcrumbList\",\"@id\":\"https:\/\/www.asajacyl.com\/valladolid\/asaja-valladolid-informa\/asaja-gana-a-azucarera-el-arbitraje-por-la-bajada-del-precio-de-la-remolacha-en-2019#breadcrumb\",\"itemListElement\":[{\"@type\":\"ListItem\",\"position\":1,\"name\":\"Portada\",\"item\":\"https:\/\/www.asajacyl.com\/valladolid\/\"},{\"@type\":\"ListItem\",\"position\":2,\"name\":\"ASAJA gana a Azucarera el arbitraje por la bajada del precio de la remolacha en 2019\"}]},{\"@type\":\"WebSite\",\"@id\":\"https:\/\/www.asajacyl.com\/valladolid\/#website\",\"url\":\"https:\/\/www.asajacyl.com\/valladolid\/\",\"name\":\"ASAJA Valladolid\",\"description\":\"Otro sitio m\u00e1s de Provincias ASAJA Castilla y Le\u00f3n\",\"potentialAction\":[{\"@type\":\"SearchAction\",\"target\":{\"@type\":\"EntryPoint\",\"urlTemplate\":\"https:\/\/www.asajacyl.com\/valladolid\/?s={search_term_string}\"},\"query-input\":{\"@type\":\"PropertyValueSpecification\",\"valueRequired\":true,\"valueName\":\"search_term_string\"}}],\"inLanguage\":\"es\"},{\"@type\":\"Person\",\"@id\":\"https:\/\/www.asajacyl.com\/valladolid\/#\/schema\/person\/cf213adc3e576168b6850f7db054141e\",\"name\":\"Mar\u00eda Natividad\",\"image\":{\"@type\":\"ImageObject\",\"inLanguage\":\"es\",\"@id\":\"https:\/\/www.asajacyl.com\/valladolid\/#\/schema\/person\/image\/\",\"url\":\"https:\/\/secure.gravatar.com\/avatar\/7f7b3c840c2af79feac78f5eeffefc45?s=96&d=mm&r=g\",\"contentUrl\":\"https:\/\/secure.gravatar.com\/avatar\/7f7b3c840c2af79feac78f5eeffefc45?s=96&d=mm&r=g\",\"caption\":\"Mar\u00eda Natividad\"},\"url\":\"https:\/\/www.asajacyl.com\/valladolid\/author\/natividadhh\"}]}<\/script>\n<!-- \/ Yoast SEO plugin. -->","yoast_head_json":{"title":"ASAJA gana a Azucarera el arbitraje por la bajada del precio de la remolacha en 2019 - ASAJA Valladolid","description":"ASAJA gana a Azucarera el arbitraje por la bajada del precio de la remolacha en 2019","robots":{"index":"index","follow":"follow","max-snippet":"max-snippet:-1","max-image-preview":"max-image-preview:large","max-video-preview":"max-video-preview:-1"},"canonical":"https:\/\/www.asajacyl.com\/valladolid\/asaja-valladolid-informa\/asaja-gana-a-azucarera-el-arbitraje-por-la-bajada-del-precio-de-la-remolacha-en-2019","og_locale":"es_ES","og_type":"article","og_title":"ASAJA gana a Azucarera el arbitraje por la bajada del precio de la remolacha en 2019 - ASAJA Valladolid","og_description":"ASAJA gana a Azucarera el arbitraje por la bajada del precio de la remolacha en 2019","og_url":"https:\/\/www.asajacyl.com\/valladolid\/asaja-valladolid-informa\/asaja-gana-a-azucarera-el-arbitraje-por-la-bajada-del-precio-de-la-remolacha-en-2019","og_site_name":"ASAJA Valladolid","article_published_time":"2021-03-12T16:36:27+00:00","article_modified_time":"2021-03-12T16:36:29+00:00","og_image":[{"width":1920,"height":1082,"url":"https:\/\/www.asajacyl.com\/valladolid\/wp-content\/uploads\/sites\/2\/2018\/01\/remolacha.jpg","type":"image\/jpeg"}],"author":"Mar\u00eda Natividad","twitter_card":"summary_large_image","twitter_misc":{"Escrito por":"Mar\u00eda Natividad","Tiempo de lectura":"2 minutos"},"schema":{"@context":"https:\/\/schema.org","@graph":[{"@type":"WebPage","@id":"https:\/\/www.asajacyl.com\/valladolid\/asaja-valladolid-informa\/asaja-gana-a-azucarera-el-arbitraje-por-la-bajada-del-precio-de-la-remolacha-en-2019","url":"https:\/\/www.asajacyl.com\/valladolid\/asaja-valladolid-informa\/asaja-gana-a-azucarera-el-arbitraje-por-la-bajada-del-precio-de-la-remolacha-en-2019","name":"ASAJA gana a Azucarera el arbitraje por la bajada del precio de la remolacha en 2019 - ASAJA Valladolid","isPartOf":{"@id":"https:\/\/www.asajacyl.com\/valladolid\/#website"},"primaryImageOfPage":{"@id":"https:\/\/www.asajacyl.com\/valladolid\/asaja-valladolid-informa\/asaja-gana-a-azucarera-el-arbitraje-por-la-bajada-del-precio-de-la-remolacha-en-2019#primaryimage"},"image":{"@id":"https:\/\/www.asajacyl.com\/valladolid\/asaja-valladolid-informa\/asaja-gana-a-azucarera-el-arbitraje-por-la-bajada-del-precio-de-la-remolacha-en-2019#primaryimage"},"thumbnailUrl":"https:\/\/www.asajacyl.com\/valladolid\/wp-content\/uploads\/sites\/2\/2018\/01\/remolacha.jpg","datePublished":"2021-03-12T16:36:27+00:00","dateModified":"2021-03-12T16:36:29+00:00","author":{"@id":"https:\/\/www.asajacyl.com\/valladolid\/#\/schema\/person\/cf213adc3e576168b6850f7db054141e"},"description":"ASAJA gana a Azucarera el arbitraje por la bajada del precio de la remolacha en 2019","breadcrumb":{"@id":"https:\/\/www.asajacyl.com\/valladolid\/asaja-valladolid-informa\/asaja-gana-a-azucarera-el-arbitraje-por-la-bajada-del-precio-de-la-remolacha-en-2019#breadcrumb"},"inLanguage":"es","potentialAction":[{"@type":"ReadAction","target":["https:\/\/www.asajacyl.com\/valladolid\/asaja-valladolid-informa\/asaja-gana-a-azucarera-el-arbitraje-por-la-bajada-del-precio-de-la-remolacha-en-2019"]}]},{"@type":"ImageObject","inLanguage":"es","@id":"https:\/\/www.asajacyl.com\/valladolid\/asaja-valladolid-informa\/asaja-gana-a-azucarera-el-arbitraje-por-la-bajada-del-precio-de-la-remolacha-en-2019#primaryimage","url":"https:\/\/www.asajacyl.com\/valladolid\/wp-content\/uploads\/sites\/2\/2018\/01\/remolacha.jpg","contentUrl":"https:\/\/www.asajacyl.com\/valladolid\/wp-content\/uploads\/sites\/2\/2018\/01\/remolacha.jpg","width":1920,"height":1082,"caption":"ASAJA Valladolid organiza este mi\u00e9rcoles 31 una jornada sobre remolacha azucarera"},{"@type":"BreadcrumbList","@id":"https:\/\/www.asajacyl.com\/valladolid\/asaja-valladolid-informa\/asaja-gana-a-azucarera-el-arbitraje-por-la-bajada-del-precio-de-la-remolacha-en-2019#breadcrumb","itemListElement":[{"@type":"ListItem","position":1,"name":"Portada","item":"https:\/\/www.asajacyl.com\/valladolid\/"},{"@type":"ListItem","position":2,"name":"ASAJA gana a Azucarera el arbitraje por la bajada del precio de la remolacha en 2019"}]},{"@type":"WebSite","@id":"https:\/\/www.asajacyl.com\/valladolid\/#website","url":"https:\/\/www.asajacyl.com\/valladolid\/","name":"ASAJA Valladolid","description":"Otro sitio m\u00e1s de Provincias ASAJA Castilla y Le\u00f3n","potentialAction":[{"@type":"SearchAction","target":{"@type":"EntryPoint","urlTemplate":"https:\/\/www.asajacyl.com\/valladolid\/?s={search_term_string}"},"query-input":{"@type":"PropertyValueSpecification","valueRequired":true,"valueName":"search_term_string"}}],"inLanguage":"es"},{"@type":"Person","@id":"https:\/\/www.asajacyl.com\/valladolid\/#\/schema\/person\/cf213adc3e576168b6850f7db054141e","name":"Mar\u00eda Natividad","image":{"@type":"ImageObject","inLanguage":"es","@id":"https:\/\/www.asajacyl.com\/valladolid\/#\/schema\/person\/image\/","url":"https:\/\/secure.gravatar.com\/avatar\/7f7b3c840c2af79feac78f5eeffefc45?s=96&d=mm&r=g","contentUrl":"https:\/\/secure.gravatar.com\/avatar\/7f7b3c840c2af79feac78f5eeffefc45?s=96&d=mm&r=g","caption":"Mar\u00eda Natividad"},"url":"https:\/\/www.asajacyl.com\/valladolid\/author\/natividadhh"}]}},"_links":{"self":[{"href":"https:\/\/www.asajacyl.com\/valladolid\/wp-json\/wp\/v2\/posts\/2437"}],"collection":[{"href":"https:\/\/www.asajacyl.com\/valladolid\/wp-json\/wp\/v2\/posts"}],"about":[{"href":"https:\/\/www.asajacyl.com\/valladolid\/wp-json\/wp\/v2\/types\/post"}],"author":[{"embeddable":true,"href":"https:\/\/www.asajacyl.com\/valladolid\/wp-json\/wp\/v2\/users\/13"}],"replies":[{"embeddable":true,"href":"https:\/\/www.asajacyl.com\/valladolid\/wp-json\/wp\/v2\/comments?post=2437"}],"version-history":[{"count":1,"href":"https:\/\/www.asajacyl.com\/valladolid\/wp-json\/wp\/v2\/posts\/2437\/revisions"}],"predecessor-version":[{"id":2438,"href":"https:\/\/www.asajacyl.com\/valladolid\/wp-json\/wp\/v2\/posts\/2437\/revisions\/2438"}],"wp:featuredmedia":[{"embeddable":true,"href":"https:\/\/www.asajacyl.com\/valladolid\/wp-json\/wp\/v2\/media\/1418"}],"wp:attachment":[{"href":"https:\/\/www.asajacyl.com\/valladolid\/wp-json\/wp\/v2\/media?parent=2437"}],"wp:term":[{"taxonomy":"category","embeddable":true,"href":"https:\/\/www.asajacyl.com\/valladolid\/wp-json\/wp\/v2\/categories?post=2437"},{"taxonomy":"post_tag","embeddable":true,"href":"https:\/\/www.asajacyl.com\/valladolid\/wp-json\/wp\/v2\/tags?post=2437"}],"curies":[{"name":"wp","href":"https:\/\/api.w.org\/{rel}","templated":true}]}}