{"id":2440,"date":"2021-03-16T09:46:52","date_gmt":"2021-03-16T08:46:52","guid":{"rendered":"https:\/\/www.asajacyl.com\/valladolid\/?p=2440"},"modified":"2021-12-01T18:09:19","modified_gmt":"2021-12-01T17:09:19","slug":"contrata-tu-seguro-de-vinedo-con-o-sin-helada-en-asaja","status":"publish","type":"post","link":"https:\/\/www.asajacyl.com\/valladolid\/asaja-valladolid-informa\/contrata-tu-seguro-de-vinedo-con-o-sin-helada-en-asaja","title":{"rendered":"Contrata tu seguro de vi\u00f1edo con o sin helada en ASAJA"},"content":{"rendered":"\n<p class=\"has-text-color\" style=\"color:#00d12a\">Atentos a los plazos: hasta el 25 de marzo con helada y desde el 26 de marzo sin helada<\/p>\n\n\n\n<p>La campa\u00f1a de seguro de vi\u00f1edo en ASAJA Valladolid ya est\u00e1 en marcha.<\/p>\n\n\n\n<p>Hasta el 25 de marzo puedes contratar el seguro de vi\u00f1edo con helada y desde el 26 de marzo hasta el 30 de abril, el seguro de vi\u00f1edo sin helada (s\u00f3lo pedrisco).<\/p>\n\n\n\n<p>En nuestras oficinas encontrar\u00e1s los mejores profesionales y los precios m\u00e1s competitivos<\/p>\n\n\n\n<p>Inf\u00f3rmate ya en ASAJA VALLADOLID.<\/p>\n","protected":false},"excerpt":{"rendered":"<p>Atentos a los plazos: hasta el 25 de marzo con helada y desde el 26 de marzo sin helada La campa\u00f1a de seguro de vi\u00f1edo en ASAJA Valladolid ya est\u00e1 en marcha. Hasta el 25 de marzo puedes contratar el seguro de vi\u00f1edo con helada y desde el 26 de marzo hasta el 30 de [&hellip;]<\/p>\n","protected":false},"author":13,"featured_media":52,"comment_status":"open","ping_status":"open","sticky":false,"template":"","format":"standard","meta":{"footnotes":""},"categories":[8,9,15],"tags":[],"yoast_head":"<!-- This site is optimized with the Yoast SEO plugin v24.5 - https:\/\/yoast.com\/wordpress\/plugins\/seo\/ -->\n<title>Contrata tu seguro de vi\u00f1edo con o sin helada en ASAJA - ASAJA Valladolid<\/title>\n<meta name=\"description\" content=\"Contrata tu seguro de vi\u00f1edo con o sin helada en ASAJA. Atentos a los plazos: hasta el 25 de marzo con helada y desde el 26 de marzo sin helada\" \/>\n<meta name=\"robots\" content=\"index, follow, max-snippet:-1, max-image-preview:large, max-video-preview:-1\" \/>\n<link rel=\"canonical\" href=\"https:\/\/www.asajacyl.com\/valladolid\/asaja-valladolid-informa\/contrata-tu-seguro-de-vinedo-con-o-sin-helada-en-asaja\" \/>\n<meta property=\"og:locale\" content=\"es_ES\" \/>\n<meta property=\"og:type\" content=\"article\" \/>\n<meta property=\"og:title\" content=\"Contrata tu seguro de vi\u00f1edo con o sin helada en ASAJA - ASAJA Valladolid\" \/>\n<meta property=\"og:description\" content=\"Contrata tu seguro de vi\u00f1edo con o sin helada en ASAJA. Atentos a los plazos: hasta el 25 de marzo con helada y desde el 26 de marzo sin helada\" \/>\n<meta property=\"og:url\" content=\"https:\/\/www.asajacyl.com\/valladolid\/asaja-valladolid-informa\/contrata-tu-seguro-de-vinedo-con-o-sin-helada-en-asaja\" \/>\n<meta property=\"og:site_name\" content=\"ASAJA Valladolid\" \/>\n<meta property=\"article:published_time\" content=\"2021-03-16T08:46:52+00:00\" \/>\n<meta property=\"article:modified_time\" content=\"2021-12-01T17:09:19+00:00\" \/>\n<meta property=\"og:image\" content=\"https:\/\/www.asajacyl.com\/valladolid\/wp-content\/uploads\/sites\/2\/2017\/10\/Helada.jpeg\" \/>\n\t<meta property=\"og:image:width\" content=\"933\" \/>\n\t<meta property=\"og:image:height\" content=\"700\" \/>\n\t<meta property=\"og:image:type\" content=\"image\/jpeg\" \/>\n<meta name=\"author\" content=\"Mar\u00eda Natividad\" \/>\n<meta name=\"twitter:card\" content=\"summary_large_image\" \/>\n<meta name=\"twitter:label1\" content=\"Escrito por\" \/>\n\t<meta name=\"twitter:data1\" content=\"Mar\u00eda Natividad\" \/>\n\t<meta name=\"twitter:label2\" content=\"Tiempo de lectura\" \/>\n\t<meta name=\"twitter:data2\" content=\"1 minuto\" \/>\n<script type=\"application\/ld+json\" class=\"yoast-schema-graph\">{\"@context\":\"https:\/\/schema.org\",\"@graph\":[{\"@type\":\"WebPage\",\"@id\":\"https:\/\/www.asajacyl.com\/valladolid\/asaja-valladolid-informa\/contrata-tu-seguro-de-vinedo-con-o-sin-helada-en-asaja\",\"url\":\"https:\/\/www.asajacyl.com\/valladolid\/asaja-valladolid-informa\/contrata-tu-seguro-de-vinedo-con-o-sin-helada-en-asaja\",\"name\":\"Contrata tu seguro de vi\u00f1edo con o sin helada en ASAJA - ASAJA Valladolid\",\"isPartOf\":{\"@id\":\"https:\/\/www.asajacyl.com\/valladolid\/#website\"},\"primaryImageOfPage\":{\"@id\":\"https:\/\/www.asajacyl.com\/valladolid\/asaja-valladolid-informa\/contrata-tu-seguro-de-vinedo-con-o-sin-helada-en-asaja#primaryimage\"},\"image\":{\"@id\":\"https:\/\/www.asajacyl.com\/valladolid\/asaja-valladolid-informa\/contrata-tu-seguro-de-vinedo-con-o-sin-helada-en-asaja#primaryimage\"},\"thumbnailUrl\":\"https:\/\/www.asajacyl.com\/valladolid\/wp-content\/uploads\/sites\/2\/2017\/10\/Helada.jpeg\",\"datePublished\":\"2021-03-16T08:46:52+00:00\",\"dateModified\":\"2021-12-01T17:09:19+00:00\",\"author\":{\"@id\":\"https:\/\/www.asajacyl.com\/valladolid\/#\/schema\/person\/cf213adc3e576168b6850f7db054141e\"},\"description\":\"Contrata tu seguro de vi\u00f1edo con o sin helada en ASAJA. Atentos a los plazos: hasta el 25 de marzo con helada y desde el 26 de marzo sin helada\",\"breadcrumb\":{\"@id\":\"https:\/\/www.asajacyl.com\/valladolid\/asaja-valladolid-informa\/contrata-tu-seguro-de-vinedo-con-o-sin-helada-en-asaja#breadcrumb\"},\"inLanguage\":\"es\",\"potentialAction\":[{\"@type\":\"ReadAction\",\"target\":[\"https:\/\/www.asajacyl.com\/valladolid\/asaja-valladolid-informa\/contrata-tu-seguro-de-vinedo-con-o-sin-helada-en-asaja\"]}]},{\"@type\":\"ImageObject\",\"inLanguage\":\"es\",\"@id\":\"https:\/\/www.asajacyl.com\/valladolid\/asaja-valladolid-informa\/contrata-tu-seguro-de-vinedo-con-o-sin-helada-en-asaja#primaryimage\",\"url\":\"https:\/\/www.asajacyl.com\/valladolid\/wp-content\/uploads\/sites\/2\/2017\/10\/Helada.jpeg\",\"contentUrl\":\"https:\/\/www.asajacyl.com\/valladolid\/wp-content\/uploads\/sites\/2\/2017\/10\/Helada.jpeg\",\"width\":933,\"height\":700,\"caption\":\"10 d&#237;as de plazo desde la helada para dar parte del siniestro\"},{\"@type\":\"BreadcrumbList\",\"@id\":\"https:\/\/www.asajacyl.com\/valladolid\/asaja-valladolid-informa\/contrata-tu-seguro-de-vinedo-con-o-sin-helada-en-asaja#breadcrumb\",\"itemListElement\":[{\"@type\":\"ListItem\",\"position\":1,\"name\":\"Portada\",\"item\":\"https:\/\/www.asajacyl.com\/valladolid\/\"},{\"@type\":\"ListItem\",\"position\":2,\"name\":\"Contrata tu seguro de vi\u00f1edo con o sin helada en ASAJA\"}]},{\"@type\":\"WebSite\",\"@id\":\"https:\/\/www.asajacyl.com\/valladolid\/#website\",\"url\":\"https:\/\/www.asajacyl.com\/valladolid\/\",\"name\":\"ASAJA Valladolid\",\"description\":\"Otro sitio m\u00e1s de Provincias ASAJA Castilla y Le\u00f3n\",\"potentialAction\":[{\"@type\":\"SearchAction\",\"target\":{\"@type\":\"EntryPoint\",\"urlTemplate\":\"https:\/\/www.asajacyl.com\/valladolid\/?s={search_term_string}\"},\"query-input\":{\"@type\":\"PropertyValueSpecification\",\"valueRequired\":true,\"valueName\":\"search_term_string\"}}],\"inLanguage\":\"es\"},{\"@type\":\"Person\",\"@id\":\"https:\/\/www.asajacyl.com\/valladolid\/#\/schema\/person\/cf213adc3e576168b6850f7db054141e\",\"name\":\"Mar\u00eda Natividad\",\"image\":{\"@type\":\"ImageObject\",\"inLanguage\":\"es\",\"@id\":\"https:\/\/www.asajacyl.com\/valladolid\/#\/schema\/person\/image\/\",\"url\":\"https:\/\/secure.gravatar.com\/avatar\/7f7b3c840c2af79feac78f5eeffefc45?s=96&d=mm&r=g\",\"contentUrl\":\"https:\/\/secure.gravatar.com\/avatar\/7f7b3c840c2af79feac78f5eeffefc45?s=96&d=mm&r=g\",\"caption\":\"Mar\u00eda Natividad\"},\"url\":\"https:\/\/www.asajacyl.com\/valladolid\/author\/natividadhh\"}]}<\/script>\n<!-- \/ Yoast SEO plugin. -->","yoast_head_json":{"title":"Contrata tu seguro de vi\u00f1edo con o sin helada en ASAJA - ASAJA Valladolid","description":"Contrata tu seguro de vi\u00f1edo con o sin helada en ASAJA. Atentos a los plazos: hasta el 25 de marzo con helada y desde el 26 de marzo sin helada","robots":{"index":"index","follow":"follow","max-snippet":"max-snippet:-1","max-image-preview":"max-image-preview:large","max-video-preview":"max-video-preview:-1"},"canonical":"https:\/\/www.asajacyl.com\/valladolid\/asaja-valladolid-informa\/contrata-tu-seguro-de-vinedo-con-o-sin-helada-en-asaja","og_locale":"es_ES","og_type":"article","og_title":"Contrata tu seguro de vi\u00f1edo con o sin helada en ASAJA - ASAJA Valladolid","og_description":"Contrata tu seguro de vi\u00f1edo con o sin helada en ASAJA. Atentos a los plazos: hasta el 25 de marzo con helada y desde el 26 de marzo sin helada","og_url":"https:\/\/www.asajacyl.com\/valladolid\/asaja-valladolid-informa\/contrata-tu-seguro-de-vinedo-con-o-sin-helada-en-asaja","og_site_name":"ASAJA Valladolid","article_published_time":"2021-03-16T08:46:52+00:00","article_modified_time":"2021-12-01T17:09:19+00:00","og_image":[{"width":933,"height":700,"url":"https:\/\/www.asajacyl.com\/valladolid\/wp-content\/uploads\/sites\/2\/2017\/10\/Helada.jpeg","type":"image\/jpeg"}],"author":"Mar\u00eda Natividad","twitter_card":"summary_large_image","twitter_misc":{"Escrito por":"Mar\u00eda Natividad","Tiempo de lectura":"1 minuto"},"schema":{"@context":"https:\/\/schema.org","@graph":[{"@type":"WebPage","@id":"https:\/\/www.asajacyl.com\/valladolid\/asaja-valladolid-informa\/contrata-tu-seguro-de-vinedo-con-o-sin-helada-en-asaja","url":"https:\/\/www.asajacyl.com\/valladolid\/asaja-valladolid-informa\/contrata-tu-seguro-de-vinedo-con-o-sin-helada-en-asaja","name":"Contrata tu seguro de vi\u00f1edo con o sin helada en ASAJA - ASAJA Valladolid","isPartOf":{"@id":"https:\/\/www.asajacyl.com\/valladolid\/#website"},"primaryImageOfPage":{"@id":"https:\/\/www.asajacyl.com\/valladolid\/asaja-valladolid-informa\/contrata-tu-seguro-de-vinedo-con-o-sin-helada-en-asaja#primaryimage"},"image":{"@id":"https:\/\/www.asajacyl.com\/valladolid\/asaja-valladolid-informa\/contrata-tu-seguro-de-vinedo-con-o-sin-helada-en-asaja#primaryimage"},"thumbnailUrl":"https:\/\/www.asajacyl.com\/valladolid\/wp-content\/uploads\/sites\/2\/2017\/10\/Helada.jpeg","datePublished":"2021-03-16T08:46:52+00:00","dateModified":"2021-12-01T17:09:19+00:00","author":{"@id":"https:\/\/www.asajacyl.com\/valladolid\/#\/schema\/person\/cf213adc3e576168b6850f7db054141e"},"description":"Contrata tu seguro de vi\u00f1edo con o sin helada en ASAJA. Atentos a los plazos: hasta el 25 de marzo con helada y desde el 26 de marzo sin helada","breadcrumb":{"@id":"https:\/\/www.asajacyl.com\/valladolid\/asaja-valladolid-informa\/contrata-tu-seguro-de-vinedo-con-o-sin-helada-en-asaja#breadcrumb"},"inLanguage":"es","potentialAction":[{"@type":"ReadAction","target":["https:\/\/www.asajacyl.com\/valladolid\/asaja-valladolid-informa\/contrata-tu-seguro-de-vinedo-con-o-sin-helada-en-asaja"]}]},{"@type":"ImageObject","inLanguage":"es","@id":"https:\/\/www.asajacyl.com\/valladolid\/asaja-valladolid-informa\/contrata-tu-seguro-de-vinedo-con-o-sin-helada-en-asaja#primaryimage","url":"https:\/\/www.asajacyl.com\/valladolid\/wp-content\/uploads\/sites\/2\/2017\/10\/Helada.jpeg","contentUrl":"https:\/\/www.asajacyl.com\/valladolid\/wp-content\/uploads\/sites\/2\/2017\/10\/Helada.jpeg","width":933,"height":700,"caption":"10 d&#237;as de plazo desde la helada para dar parte del siniestro"},{"@type":"BreadcrumbList","@id":"https:\/\/www.asajacyl.com\/valladolid\/asaja-valladolid-informa\/contrata-tu-seguro-de-vinedo-con-o-sin-helada-en-asaja#breadcrumb","itemListElement":[{"@type":"ListItem","position":1,"name":"Portada","item":"https:\/\/www.asajacyl.com\/valladolid\/"},{"@type":"ListItem","position":2,"name":"Contrata tu seguro de vi\u00f1edo con o sin helada en ASAJA"}]},{"@type":"WebSite","@id":"https:\/\/www.asajacyl.com\/valladolid\/#website","url":"https:\/\/www.asajacyl.com\/valladolid\/","name":"ASAJA Valladolid","description":"Otro sitio m\u00e1s de Provincias ASAJA Castilla y Le\u00f3n","potentialAction":[{"@type":"SearchAction","target":{"@type":"EntryPoint","urlTemplate":"https:\/\/www.asajacyl.com\/valladolid\/?s={search_term_string}"},"query-input":{"@type":"PropertyValueSpecification","valueRequired":true,"valueName":"search_term_string"}}],"inLanguage":"es"},{"@type":"Person","@id":"https:\/\/www.asajacyl.com\/valladolid\/#\/schema\/person\/cf213adc3e576168b6850f7db054141e","name":"Mar\u00eda Natividad","image":{"@type":"ImageObject","inLanguage":"es","@id":"https:\/\/www.asajacyl.com\/valladolid\/#\/schema\/person\/image\/","url":"https:\/\/secure.gravatar.com\/avatar\/7f7b3c840c2af79feac78f5eeffefc45?s=96&d=mm&r=g","contentUrl":"https:\/\/secure.gravatar.com\/avatar\/7f7b3c840c2af79feac78f5eeffefc45?s=96&d=mm&r=g","caption":"Mar\u00eda Natividad"},"url":"https:\/\/www.asajacyl.com\/valladolid\/author\/natividadhh"}]}},"_links":{"self":[{"href":"https:\/\/www.asajacyl.com\/valladolid\/wp-json\/wp\/v2\/posts\/2440"}],"collection":[{"href":"https:\/\/www.asajacyl.com\/valladolid\/wp-json\/wp\/v2\/posts"}],"about":[{"href":"https:\/\/www.asajacyl.com\/valladolid\/wp-json\/wp\/v2\/types\/post"}],"author":[{"embeddable":true,"href":"https:\/\/www.asajacyl.com\/valladolid\/wp-json\/wp\/v2\/users\/13"}],"replies":[{"embeddable":true,"href":"https:\/\/www.asajacyl.com\/valladolid\/wp-json\/wp\/v2\/comments?post=2440"}],"version-history":[{"count":1,"href":"https:\/\/www.asajacyl.com\/valladolid\/wp-json\/wp\/v2\/posts\/2440\/revisions"}],"predecessor-version":[{"id":2448,"href":"https:\/\/www.asajacyl.com\/valladolid\/wp-json\/wp\/v2\/posts\/2440\/revisions\/2448"}],"wp:featuredmedia":[{"embeddable":true,"href":"https:\/\/www.asajacyl.com\/valladolid\/wp-json\/wp\/v2\/media\/52"}],"wp:attachment":[{"href":"https:\/\/www.asajacyl.com\/valladolid\/wp-json\/wp\/v2\/media?parent=2440"}],"wp:term":[{"taxonomy":"category","embeddable":true,"href":"https:\/\/www.asajacyl.com\/valladolid\/wp-json\/wp\/v2\/categories?post=2440"},{"taxonomy":"post_tag","embeddable":true,"href":"https:\/\/www.asajacyl.com\/valladolid\/wp-json\/wp\/v2\/tags?post=2440"}],"curies":[{"name":"wp","href":"https:\/\/api.w.org\/{rel}","templated":true}]}}