{"id":2469,"date":"2021-03-26T17:45:40","date_gmt":"2021-03-26T17:45:40","guid":{"rendered":"https:\/\/www.asajacyl.com\/valladolid\/?p=2469"},"modified":"2021-03-26T18:10:00","modified_gmt":"2021-03-26T18:10:00","slug":"los-anos-2021-y-2022-claves-para-la-reforma-de-la-pac-2023","status":"publish","type":"post","link":"https:\/\/www.asajacyl.com\/valladolid\/asaja-valladolid-informa\/los-anos-2021-y-2022-claves-para-la-reforma-de-la-pac-2023","title":{"rendered":"Los a\u00f1os 2021 y 2022, claves para la Reforma de la PAC 2023"},"content":{"rendered":"\n<p class=\"has-text-color\" style=\"color:#00a313\"><strong>Reserva tu cita para hacer la PAC de este a\u00f1o, que ser\u00e1 vital de cara la reforma del periodo 2023-2027<\/strong><\/p>\n\n\n\n<p>En ASAJA Valladolid estamos inmersos ya en una nueva Campa\u00f1a de la PAC. Desde nuestras oficinas estamos realizando un llamamiento a todos los agricultores y ganaderos para que se pasen cuanto antes por alguna de nuestras sedes. El motivo es que tanto la campa\u00f1a 2021 como la 2022, van a ser important\u00edsimas para afrontar la nueva PAC que surgir\u00e1 a partir del a\u00f1o 2023.<\/p>\n\n\n\n<p>Varios aspectos y requisitos se modificar\u00e1n por lo que es muy importante que los t\u00e9cnicos de ASAJA Valladolid os revisen cuanto antes vuestras solicitudes de este a\u00f1o de cara a no perder\u00a0\u00a0lo que os pertenece.<\/p>\n\n\n\n<p>Realizar estos dos a\u00f1os la PAC correctamente, m\u00e1s que nunca, va a ser fundamental. Los t\u00e9cnicos de ASAJA Valladolid, en contacto continuo con la administraci\u00f3n, disponen de la informaci\u00f3n m\u00e1s actualizada que, junto con su experiencia y conocimiento de todas las realidades, ofrecen la mejor garant\u00eda para una PAC exitosa y sin sobresaltos.<\/p>\n\n\n\n<p>La nueva pol\u00edtica agraria comunitaria llevar\u00e1 consigo mayor ambici\u00f3n medioambiental. En consecuencia, para la percepci\u00f3n de las ayudas directas ser\u00e1 necesario cumplir con una serie de normas, buena parte de ellas de enfoque medioambiental, encuadradas en la denominada \u2018condicionalidad\u2019. La mayor ambici\u00f3n medioambiental va a pasar por aplicar en un primer nivel una \u2018condicionalidad reforzada\u2019 que deber\u00e1n cumplir, obligatoriamente, todos los agricultores y ganaderos.<\/p>\n\n\n\n<p>Nuestro departamento t\u00e9cnico ya se est\u00e1 adelantando para evitaros sobresaltos innecesarios de cara a estos a\u00f1os tan importantes previos a la reforma.<\/p>\n\n\n\n<p>Solicitar ya cita en vuestra oficina de ASAJA Valladolid para que podamos comprobar que vuestra solicitud est\u00e1 preparada para esta campa\u00f1a y las posteriores.<\/p>\n","protected":false},"excerpt":{"rendered":"<p>Reserva tu cita para hacer la PAC de este a\u00f1o, que ser\u00e1 vital de cara la reforma del periodo 2023-2027 En ASAJA Valladolid estamos inmersos ya en una nueva Campa\u00f1a de la PAC. Desde nuestras oficinas estamos realizando un llamamiento a todos los agricultores y ganaderos para que se pasen cuanto antes por alguna de [&hellip;]<\/p>\n","protected":false},"author":13,"featured_media":2470,"comment_status":"open","ping_status":"open","sticky":false,"template":"","format":"standard","meta":{"footnotes":""},"categories":[8,21,9],"tags":[],"yoast_head":"<!-- This site is optimized with the Yoast SEO plugin v24.5 - https:\/\/yoast.com\/wordpress\/plugins\/seo\/ -->\n<title>Los a\u00f1os 2021 y 2022, claves para la Reforma de la PAC 2023 - ASAJA Valladolid<\/title>\n<meta name=\"description\" content=\"Los a\u00f1os 2021 y 2022, claves para la Reforma de la PAC 2023. Reserva tu cita para hacer la PAC de este a\u00f1o, que ser\u00e1 vital de cara la reforma del periodo 2023-2027\" \/>\n<meta name=\"robots\" content=\"index, follow, max-snippet:-1, max-image-preview:large, max-video-preview:-1\" \/>\n<link rel=\"canonical\" href=\"https:\/\/www.asajacyl.com\/valladolid\/asaja-valladolid-informa\/los-anos-2021-y-2022-claves-para-la-reforma-de-la-pac-2023\" \/>\n<meta property=\"og:locale\" content=\"es_ES\" \/>\n<meta property=\"og:type\" content=\"article\" \/>\n<meta property=\"og:title\" content=\"Los a\u00f1os 2021 y 2022, claves para la Reforma de la PAC 2023 - ASAJA Valladolid\" \/>\n<meta property=\"og:description\" content=\"Los a\u00f1os 2021 y 2022, claves para la Reforma de la PAC 2023. Reserva tu cita para hacer la PAC de este a\u00f1o, que ser\u00e1 vital de cara la reforma del periodo 2023-2027\" \/>\n<meta property=\"og:url\" content=\"https:\/\/www.asajacyl.com\/valladolid\/asaja-valladolid-informa\/los-anos-2021-y-2022-claves-para-la-reforma-de-la-pac-2023\" \/>\n<meta property=\"og:site_name\" content=\"ASAJA Valladolid\" \/>\n<meta property=\"article:published_time\" content=\"2021-03-26T17:45:40+00:00\" \/>\n<meta property=\"article:modified_time\" content=\"2021-03-26T18:10:00+00:00\" \/>\n<meta property=\"og:image\" content=\"https:\/\/www.asajacyl.com\/valladolid\/wp-content\/uploads\/sites\/2\/2021\/03\/PAC.jpg\" \/>\n\t<meta property=\"og:image:width\" content=\"1828\" \/>\n\t<meta property=\"og:image:height\" content=\"1370\" \/>\n\t<meta property=\"og:image:type\" content=\"image\/jpeg\" \/>\n<meta name=\"author\" content=\"Mar\u00eda Natividad\" \/>\n<meta name=\"twitter:card\" content=\"summary_large_image\" \/>\n<meta name=\"twitter:label1\" content=\"Escrito por\" \/>\n\t<meta name=\"twitter:data1\" content=\"Mar\u00eda Natividad\" \/>\n\t<meta name=\"twitter:label2\" content=\"Tiempo de lectura\" \/>\n\t<meta name=\"twitter:data2\" content=\"2 minutos\" \/>\n<script type=\"application\/ld+json\" class=\"yoast-schema-graph\">{\"@context\":\"https:\/\/schema.org\",\"@graph\":[{\"@type\":\"WebPage\",\"@id\":\"https:\/\/www.asajacyl.com\/valladolid\/asaja-valladolid-informa\/los-anos-2021-y-2022-claves-para-la-reforma-de-la-pac-2023\",\"url\":\"https:\/\/www.asajacyl.com\/valladolid\/asaja-valladolid-informa\/los-anos-2021-y-2022-claves-para-la-reforma-de-la-pac-2023\",\"name\":\"Los a\u00f1os 2021 y 2022, claves para la Reforma de la PAC 2023 - ASAJA Valladolid\",\"isPartOf\":{\"@id\":\"https:\/\/www.asajacyl.com\/valladolid\/#website\"},\"primaryImageOfPage\":{\"@id\":\"https:\/\/www.asajacyl.com\/valladolid\/asaja-valladolid-informa\/los-anos-2021-y-2022-claves-para-la-reforma-de-la-pac-2023#primaryimage\"},\"image\":{\"@id\":\"https:\/\/www.asajacyl.com\/valladolid\/asaja-valladolid-informa\/los-anos-2021-y-2022-claves-para-la-reforma-de-la-pac-2023#primaryimage\"},\"thumbnailUrl\":\"https:\/\/www.asajacyl.com\/valladolid\/wp-content\/uploads\/sites\/2\/2021\/03\/PAC.jpg\",\"datePublished\":\"2021-03-26T17:45:40+00:00\",\"dateModified\":\"2021-03-26T18:10:00+00:00\",\"author\":{\"@id\":\"https:\/\/www.asajacyl.com\/valladolid\/#\/schema\/person\/cf213adc3e576168b6850f7db054141e\"},\"description\":\"Los a\u00f1os 2021 y 2022, claves para la Reforma de la PAC 2023. Reserva tu cita para hacer la PAC de este a\u00f1o, que ser\u00e1 vital de cara la reforma del periodo 2023-2027\",\"breadcrumb\":{\"@id\":\"https:\/\/www.asajacyl.com\/valladolid\/asaja-valladolid-informa\/los-anos-2021-y-2022-claves-para-la-reforma-de-la-pac-2023#breadcrumb\"},\"inLanguage\":\"es\",\"potentialAction\":[{\"@type\":\"ReadAction\",\"target\":[\"https:\/\/www.asajacyl.com\/valladolid\/asaja-valladolid-informa\/los-anos-2021-y-2022-claves-para-la-reforma-de-la-pac-2023\"]}]},{\"@type\":\"ImageObject\",\"inLanguage\":\"es\",\"@id\":\"https:\/\/www.asajacyl.com\/valladolid\/asaja-valladolid-informa\/los-anos-2021-y-2022-claves-para-la-reforma-de-la-pac-2023#primaryimage\",\"url\":\"https:\/\/www.asajacyl.com\/valladolid\/wp-content\/uploads\/sites\/2\/2021\/03\/PAC.jpg\",\"contentUrl\":\"https:\/\/www.asajacyl.com\/valladolid\/wp-content\/uploads\/sites\/2\/2021\/03\/PAC.jpg\",\"width\":1828,\"height\":1370,\"caption\":\"Los a\u00f1os 2021 y 2022, claves para la Reforma de la PAC 2023\"},{\"@type\":\"BreadcrumbList\",\"@id\":\"https:\/\/www.asajacyl.com\/valladolid\/asaja-valladolid-informa\/los-anos-2021-y-2022-claves-para-la-reforma-de-la-pac-2023#breadcrumb\",\"itemListElement\":[{\"@type\":\"ListItem\",\"position\":1,\"name\":\"Portada\",\"item\":\"https:\/\/www.asajacyl.com\/valladolid\/\"},{\"@type\":\"ListItem\",\"position\":2,\"name\":\"Los a\u00f1os 2021 y 2022, claves para la Reforma de la PAC 2023\"}]},{\"@type\":\"WebSite\",\"@id\":\"https:\/\/www.asajacyl.com\/valladolid\/#website\",\"url\":\"https:\/\/www.asajacyl.com\/valladolid\/\",\"name\":\"ASAJA Valladolid\",\"description\":\"Otro sitio m\u00e1s de Provincias ASAJA Castilla y Le\u00f3n\",\"potentialAction\":[{\"@type\":\"SearchAction\",\"target\":{\"@type\":\"EntryPoint\",\"urlTemplate\":\"https:\/\/www.asajacyl.com\/valladolid\/?s={search_term_string}\"},\"query-input\":{\"@type\":\"PropertyValueSpecification\",\"valueRequired\":true,\"valueName\":\"search_term_string\"}}],\"inLanguage\":\"es\"},{\"@type\":\"Person\",\"@id\":\"https:\/\/www.asajacyl.com\/valladolid\/#\/schema\/person\/cf213adc3e576168b6850f7db054141e\",\"name\":\"Mar\u00eda Natividad\",\"image\":{\"@type\":\"ImageObject\",\"inLanguage\":\"es\",\"@id\":\"https:\/\/www.asajacyl.com\/valladolid\/#\/schema\/person\/image\/\",\"url\":\"https:\/\/secure.gravatar.com\/avatar\/7f7b3c840c2af79feac78f5eeffefc45?s=96&d=mm&r=g\",\"contentUrl\":\"https:\/\/secure.gravatar.com\/avatar\/7f7b3c840c2af79feac78f5eeffefc45?s=96&d=mm&r=g\",\"caption\":\"Mar\u00eda Natividad\"},\"url\":\"https:\/\/www.asajacyl.com\/valladolid\/author\/natividadhh\"}]}<\/script>\n<!-- \/ Yoast SEO plugin. -->","yoast_head_json":{"title":"Los a\u00f1os 2021 y 2022, claves para la Reforma de la PAC 2023 - ASAJA Valladolid","description":"Los a\u00f1os 2021 y 2022, claves para la Reforma de la PAC 2023. Reserva tu cita para hacer la PAC de este a\u00f1o, que ser\u00e1 vital de cara la reforma del periodo 2023-2027","robots":{"index":"index","follow":"follow","max-snippet":"max-snippet:-1","max-image-preview":"max-image-preview:large","max-video-preview":"max-video-preview:-1"},"canonical":"https:\/\/www.asajacyl.com\/valladolid\/asaja-valladolid-informa\/los-anos-2021-y-2022-claves-para-la-reforma-de-la-pac-2023","og_locale":"es_ES","og_type":"article","og_title":"Los a\u00f1os 2021 y 2022, claves para la Reforma de la PAC 2023 - ASAJA Valladolid","og_description":"Los a\u00f1os 2021 y 2022, claves para la Reforma de la PAC 2023. Reserva tu cita para hacer la PAC de este a\u00f1o, que ser\u00e1 vital de cara la reforma del periodo 2023-2027","og_url":"https:\/\/www.asajacyl.com\/valladolid\/asaja-valladolid-informa\/los-anos-2021-y-2022-claves-para-la-reforma-de-la-pac-2023","og_site_name":"ASAJA Valladolid","article_published_time":"2021-03-26T17:45:40+00:00","article_modified_time":"2021-03-26T18:10:00+00:00","og_image":[{"width":1828,"height":1370,"url":"https:\/\/www.asajacyl.com\/valladolid\/wp-content\/uploads\/sites\/2\/2021\/03\/PAC.jpg","type":"image\/jpeg"}],"author":"Mar\u00eda Natividad","twitter_card":"summary_large_image","twitter_misc":{"Escrito por":"Mar\u00eda Natividad","Tiempo de lectura":"2 minutos"},"schema":{"@context":"https:\/\/schema.org","@graph":[{"@type":"WebPage","@id":"https:\/\/www.asajacyl.com\/valladolid\/asaja-valladolid-informa\/los-anos-2021-y-2022-claves-para-la-reforma-de-la-pac-2023","url":"https:\/\/www.asajacyl.com\/valladolid\/asaja-valladolid-informa\/los-anos-2021-y-2022-claves-para-la-reforma-de-la-pac-2023","name":"Los a\u00f1os 2021 y 2022, claves para la Reforma de la PAC 2023 - ASAJA Valladolid","isPartOf":{"@id":"https:\/\/www.asajacyl.com\/valladolid\/#website"},"primaryImageOfPage":{"@id":"https:\/\/www.asajacyl.com\/valladolid\/asaja-valladolid-informa\/los-anos-2021-y-2022-claves-para-la-reforma-de-la-pac-2023#primaryimage"},"image":{"@id":"https:\/\/www.asajacyl.com\/valladolid\/asaja-valladolid-informa\/los-anos-2021-y-2022-claves-para-la-reforma-de-la-pac-2023#primaryimage"},"thumbnailUrl":"https:\/\/www.asajacyl.com\/valladolid\/wp-content\/uploads\/sites\/2\/2021\/03\/PAC.jpg","datePublished":"2021-03-26T17:45:40+00:00","dateModified":"2021-03-26T18:10:00+00:00","author":{"@id":"https:\/\/www.asajacyl.com\/valladolid\/#\/schema\/person\/cf213adc3e576168b6850f7db054141e"},"description":"Los a\u00f1os 2021 y 2022, claves para la Reforma de la PAC 2023. Reserva tu cita para hacer la PAC de este a\u00f1o, que ser\u00e1 vital de cara la reforma del periodo 2023-2027","breadcrumb":{"@id":"https:\/\/www.asajacyl.com\/valladolid\/asaja-valladolid-informa\/los-anos-2021-y-2022-claves-para-la-reforma-de-la-pac-2023#breadcrumb"},"inLanguage":"es","potentialAction":[{"@type":"ReadAction","target":["https:\/\/www.asajacyl.com\/valladolid\/asaja-valladolid-informa\/los-anos-2021-y-2022-claves-para-la-reforma-de-la-pac-2023"]}]},{"@type":"ImageObject","inLanguage":"es","@id":"https:\/\/www.asajacyl.com\/valladolid\/asaja-valladolid-informa\/los-anos-2021-y-2022-claves-para-la-reforma-de-la-pac-2023#primaryimage","url":"https:\/\/www.asajacyl.com\/valladolid\/wp-content\/uploads\/sites\/2\/2021\/03\/PAC.jpg","contentUrl":"https:\/\/www.asajacyl.com\/valladolid\/wp-content\/uploads\/sites\/2\/2021\/03\/PAC.jpg","width":1828,"height":1370,"caption":"Los a\u00f1os 2021 y 2022, claves para la Reforma de la PAC 2023"},{"@type":"BreadcrumbList","@id":"https:\/\/www.asajacyl.com\/valladolid\/asaja-valladolid-informa\/los-anos-2021-y-2022-claves-para-la-reforma-de-la-pac-2023#breadcrumb","itemListElement":[{"@type":"ListItem","position":1,"name":"Portada","item":"https:\/\/www.asajacyl.com\/valladolid\/"},{"@type":"ListItem","position":2,"name":"Los a\u00f1os 2021 y 2022, claves para la Reforma de la PAC 2023"}]},{"@type":"WebSite","@id":"https:\/\/www.asajacyl.com\/valladolid\/#website","url":"https:\/\/www.asajacyl.com\/valladolid\/","name":"ASAJA Valladolid","description":"Otro sitio m\u00e1s de Provincias ASAJA Castilla y Le\u00f3n","potentialAction":[{"@type":"SearchAction","target":{"@type":"EntryPoint","urlTemplate":"https:\/\/www.asajacyl.com\/valladolid\/?s={search_term_string}"},"query-input":{"@type":"PropertyValueSpecification","valueRequired":true,"valueName":"search_term_string"}}],"inLanguage":"es"},{"@type":"Person","@id":"https:\/\/www.asajacyl.com\/valladolid\/#\/schema\/person\/cf213adc3e576168b6850f7db054141e","name":"Mar\u00eda Natividad","image":{"@type":"ImageObject","inLanguage":"es","@id":"https:\/\/www.asajacyl.com\/valladolid\/#\/schema\/person\/image\/","url":"https:\/\/secure.gravatar.com\/avatar\/7f7b3c840c2af79feac78f5eeffefc45?s=96&d=mm&r=g","contentUrl":"https:\/\/secure.gravatar.com\/avatar\/7f7b3c840c2af79feac78f5eeffefc45?s=96&d=mm&r=g","caption":"Mar\u00eda Natividad"},"url":"https:\/\/www.asajacyl.com\/valladolid\/author\/natividadhh"}]}},"_links":{"self":[{"href":"https:\/\/www.asajacyl.com\/valladolid\/wp-json\/wp\/v2\/posts\/2469"}],"collection":[{"href":"https:\/\/www.asajacyl.com\/valladolid\/wp-json\/wp\/v2\/posts"}],"about":[{"href":"https:\/\/www.asajacyl.com\/valladolid\/wp-json\/wp\/v2\/types\/post"}],"author":[{"embeddable":true,"href":"https:\/\/www.asajacyl.com\/valladolid\/wp-json\/wp\/v2\/users\/13"}],"replies":[{"embeddable":true,"href":"https:\/\/www.asajacyl.com\/valladolid\/wp-json\/wp\/v2\/comments?post=2469"}],"version-history":[{"count":3,"href":"https:\/\/www.asajacyl.com\/valladolid\/wp-json\/wp\/v2\/posts\/2469\/revisions"}],"predecessor-version":[{"id":2473,"href":"https:\/\/www.asajacyl.com\/valladolid\/wp-json\/wp\/v2\/posts\/2469\/revisions\/2473"}],"wp:featuredmedia":[{"embeddable":true,"href":"https:\/\/www.asajacyl.com\/valladolid\/wp-json\/wp\/v2\/media\/2470"}],"wp:attachment":[{"href":"https:\/\/www.asajacyl.com\/valladolid\/wp-json\/wp\/v2\/media?parent=2469"}],"wp:term":[{"taxonomy":"category","embeddable":true,"href":"https:\/\/www.asajacyl.com\/valladolid\/wp-json\/wp\/v2\/categories?post=2469"},{"taxonomy":"post_tag","embeddable":true,"href":"https:\/\/www.asajacyl.com\/valladolid\/wp-json\/wp\/v2\/tags?post=2469"}],"curies":[{"name":"wp","href":"https:\/\/api.w.org\/{rel}","templated":true}]}}