{"id":2516,"date":"2021-06-11T07:30:09","date_gmt":"2021-06-11T05:30:09","guid":{"rendered":"https:\/\/www.asajacyl.com\/valladolid\/?p=2516"},"modified":"2021-12-01T18:08:20","modified_gmt":"2021-12-01T17:08:20","slug":"el-15-de-junio-termina-el-plazo-para-asegurar-la-cosecha-de-cereales-de-invierno-frente-al-pedrisco","status":"publish","type":"post","link":"https:\/\/www.asajacyl.com\/valladolid\/asaja-valladolid-informa\/el-15-de-junio-termina-el-plazo-para-asegurar-la-cosecha-de-cereales-de-invierno-frente-al-pedrisco","title":{"rendered":"El 15 de junio termina el plazo para asegurar la cosecha de cereales de invierno frente al pedrisco"},"content":{"rendered":"\n<p class=\"has-text-color\" style=\"color:#00a320\"><strong>Tambi\u00e9n hasta esa fecha se pueden asegurar esos mismos cultivos, en regad\u00edo, con los m\u00f3dulos 1 y 2, as\u00ed como los m\u00f3dulos complementarios de los seguros suscritos en oto\u00f1o de 2020.<\/strong><\/p>\n\n\n\n<p>ASAJA Valladolid recuerda a los agricultores de cultivos herb\u00e1ceos (cereal de invierno, leguminosas y oleaginosas) que el plazo para proteger su cosecha con el seguro frente al pedrisco (m\u00f3dulo P) <strong>termina el pr\u00f3ximo 15 de junio<\/strong>. Tambi\u00e9n <strong>hasta esa fecha se pueden asegurar esos mismos cultivos, en regad\u00edo, con los m\u00f3dulos 1 y 2, as\u00ed como los m\u00f3dulos complementarios de los seguros suscritos en oto\u00f1o de 2020.<\/strong><\/p>\n\n\n\n<p>En la campa\u00f1a anterior se suscribieron, a nivel nacional, casi 140.000 p\u00f3lizas de cultivos herb\u00e1ceos extensivos, que dieron cobertura a una producci\u00f3n superior a los 20 millones de toneladas. Castilla y Le\u00f3n, Arag\u00f3n y Castilla-La Mancha fueron las comunidades aut\u00f3nomas con mayor volumen de contrataci\u00f3n, sumando casi el 60% del total de la producci\u00f3n asegurada.<\/p>\n\n\n\n<p><strong>Un mes de junio marcado por las tormentas de pedrisco<\/strong><\/p>\n\n\n\n<p><strong>La finalizaci\u00f3n del periodo de suscripci\u00f3n resulta especialmente importante ante la inestabilidad meteorol\u00f3gica que ha sufrido la Pen\u00ednsula Ib\u00e9rica <\/strong>en los \u00faltimos d\u00edas, cuando, en poco m\u00e1s de una semana, las tormentas de pedrisco han provocado da\u00f1os en 80.000 hect\u00e1reas de cultivos herb\u00e1ceos en m\u00e1s de 30 provincias. Castilla y Le\u00f3n (en especial Burgos, Valladolid y \u00c1vila) y las provincias de Zaragoza, Teruel y Albacete han resultado las m\u00e1s afectadas, aunque los da\u00f1os se extienden por todo el centro peninsular y valle del Ebro.<\/p>\n\n\n\n<p><strong>M\u00e1s de 264 millones en indemnizaciones en los \u00faltimos tres a\u00f1os<\/strong><\/p>\n\n\n\n<p>La suma de los tres \u00faltimos ejercicios supera los 264 millones de euros en indemnizaciones para los productores asegurados de cultivos herb\u00e1ceos. Si durante 2019, con m\u00e1s de 126 millones de euros, la sequ\u00eda fue el riesgo que m\u00e1s afect\u00f3 a los herb\u00e1ceos extensivos, el pedrisco fue el principal responsable en 2018 y 2020.<\/p>\n\n\n\n<p>Hasta hace pocos d\u00edas, el riesgo de sequ\u00eda era la principal preocupaci\u00f3n de los cerealistas, tras un inicio de la primavera seco en importantes zonas productoras. Las sucesivas tormentas de los \u00faltimos d\u00edas han a\u00f1adido inquietud entre el sector, tras sufrir repetidamente los efectos destructivos del pedrisco.<\/p>\n","protected":false},"excerpt":{"rendered":"<p>Tambi\u00e9n hasta esa fecha se pueden asegurar esos mismos cultivos, en regad\u00edo, con los m\u00f3dulos 1 y 2, as\u00ed como los m\u00f3dulos complementarios de los seguros suscritos en oto\u00f1o de 2020. ASAJA Valladolid recuerda a los agricultores de cultivos herb\u00e1ceos (cereal de invierno, leguminosas y oleaginosas) que el plazo para proteger su cosecha con el [&hellip;]<\/p>\n","protected":false},"author":13,"featured_media":1637,"comment_status":"open","ping_status":"open","sticky":false,"template":"","format":"standard","meta":{"footnotes":""},"categories":[8,9,15],"tags":[70,58,270,485,67,63],"yoast_head":"<!-- This site is optimized with the Yoast SEO plugin v24.5 - https:\/\/yoast.com\/wordpress\/plugins\/seo\/ -->\n<title>El 15 de junio termina el plazo para asegurar la cosecha de cereales de invierno frente al pedrisco - ASAJA Valladolid<\/title>\n<meta name=\"description\" content=\"El 15 de junio termina el plazo para asegurar la cosecha de cereales de invierno frente al pedrisco. Tambi\u00e9n hasta esa fecha se pueden asegurar esos mismos cultivos, en regad\u00edo, con los m\u00f3dulos 1 y 2,\" \/>\n<meta name=\"robots\" content=\"index, follow, max-snippet:-1, max-image-preview:large, max-video-preview:-1\" \/>\n<link rel=\"canonical\" href=\"https:\/\/www.asajacyl.com\/valladolid\/asaja-valladolid-informa\/el-15-de-junio-termina-el-plazo-para-asegurar-la-cosecha-de-cereales-de-invierno-frente-al-pedrisco\" \/>\n<meta property=\"og:locale\" content=\"es_ES\" \/>\n<meta property=\"og:type\" content=\"article\" \/>\n<meta property=\"og:title\" content=\"El 15 de junio termina el plazo para asegurar la cosecha de cereales de invierno frente al pedrisco - ASAJA Valladolid\" \/>\n<meta property=\"og:description\" content=\"El 15 de junio termina el plazo para asegurar la cosecha de cereales de invierno frente al pedrisco. Tambi\u00e9n hasta esa fecha se pueden asegurar esos mismos cultivos, en regad\u00edo, con los m\u00f3dulos 1 y 2,\" \/>\n<meta property=\"og:url\" content=\"https:\/\/www.asajacyl.com\/valladolid\/asaja-valladolid-informa\/el-15-de-junio-termina-el-plazo-para-asegurar-la-cosecha-de-cereales-de-invierno-frente-al-pedrisco\" \/>\n<meta property=\"og:site_name\" content=\"ASAJA Valladolid\" \/>\n<meta property=\"article:published_time\" content=\"2021-06-11T05:30:09+00:00\" \/>\n<meta property=\"article:modified_time\" content=\"2021-12-01T17:08:20+00:00\" \/>\n<meta property=\"og:image\" content=\"https:\/\/www.asajacyl.com\/valladolid\/wp-content\/uploads\/sites\/2\/2018\/07\/CEREAL.jpg\" \/>\n\t<meta property=\"og:image:width\" content=\"1920\" \/>\n\t<meta property=\"og:image:height\" content=\"1280\" \/>\n\t<meta property=\"og:image:type\" content=\"image\/jpeg\" \/>\n<meta name=\"author\" content=\"Mar\u00eda Natividad\" \/>\n<meta name=\"twitter:card\" content=\"summary_large_image\" \/>\n<meta name=\"twitter:label1\" content=\"Escrito por\" \/>\n\t<meta name=\"twitter:data1\" content=\"Mar\u00eda Natividad\" \/>\n\t<meta name=\"twitter:label2\" content=\"Tiempo de lectura\" \/>\n\t<meta name=\"twitter:data2\" content=\"2 minutos\" \/>\n<script type=\"application\/ld+json\" class=\"yoast-schema-graph\">{\"@context\":\"https:\/\/schema.org\",\"@graph\":[{\"@type\":\"WebPage\",\"@id\":\"https:\/\/www.asajacyl.com\/valladolid\/asaja-valladolid-informa\/el-15-de-junio-termina-el-plazo-para-asegurar-la-cosecha-de-cereales-de-invierno-frente-al-pedrisco\",\"url\":\"https:\/\/www.asajacyl.com\/valladolid\/asaja-valladolid-informa\/el-15-de-junio-termina-el-plazo-para-asegurar-la-cosecha-de-cereales-de-invierno-frente-al-pedrisco\",\"name\":\"El 15 de junio termina el plazo para asegurar la cosecha de cereales de invierno frente al pedrisco - ASAJA Valladolid\",\"isPartOf\":{\"@id\":\"https:\/\/www.asajacyl.com\/valladolid\/#website\"},\"primaryImageOfPage\":{\"@id\":\"https:\/\/www.asajacyl.com\/valladolid\/asaja-valladolid-informa\/el-15-de-junio-termina-el-plazo-para-asegurar-la-cosecha-de-cereales-de-invierno-frente-al-pedrisco#primaryimage\"},\"image\":{\"@id\":\"https:\/\/www.asajacyl.com\/valladolid\/asaja-valladolid-informa\/el-15-de-junio-termina-el-plazo-para-asegurar-la-cosecha-de-cereales-de-invierno-frente-al-pedrisco#primaryimage\"},\"thumbnailUrl\":\"https:\/\/www.asajacyl.com\/valladolid\/wp-content\/uploads\/sites\/2\/2018\/07\/CEREAL.jpg\",\"datePublished\":\"2021-06-11T05:30:09+00:00\",\"dateModified\":\"2021-12-01T17:08:20+00:00\",\"author\":{\"@id\":\"https:\/\/www.asajacyl.com\/valladolid\/#\/schema\/person\/cf213adc3e576168b6850f7db054141e\"},\"description\":\"El 15 de junio termina el plazo para asegurar la cosecha de cereales de invierno frente al pedrisco. Tambi\u00e9n hasta esa fecha se pueden asegurar esos mismos cultivos, en regad\u00edo, con los m\u00f3dulos 1 y 2,\",\"breadcrumb\":{\"@id\":\"https:\/\/www.asajacyl.com\/valladolid\/asaja-valladolid-informa\/el-15-de-junio-termina-el-plazo-para-asegurar-la-cosecha-de-cereales-de-invierno-frente-al-pedrisco#breadcrumb\"},\"inLanguage\":\"es\",\"potentialAction\":[{\"@type\":\"ReadAction\",\"target\":[\"https:\/\/www.asajacyl.com\/valladolid\/asaja-valladolid-informa\/el-15-de-junio-termina-el-plazo-para-asegurar-la-cosecha-de-cereales-de-invierno-frente-al-pedrisco\"]}]},{\"@type\":\"ImageObject\",\"inLanguage\":\"es\",\"@id\":\"https:\/\/www.asajacyl.com\/valladolid\/asaja-valladolid-informa\/el-15-de-junio-termina-el-plazo-para-asegurar-la-cosecha-de-cereales-de-invierno-frente-al-pedrisco#primaryimage\",\"url\":\"https:\/\/www.asajacyl.com\/valladolid\/wp-content\/uploads\/sites\/2\/2018\/07\/CEREAL.jpg\",\"contentUrl\":\"https:\/\/www.asajacyl.com\/valladolid\/wp-content\/uploads\/sites\/2\/2018\/07\/CEREAL.jpg\",\"width\":1920,\"height\":1280,\"caption\":\"ASAJA exige que Castilla y Le\u00f3n se beneficie de la tendencia alcista del precio del cereal\"},{\"@type\":\"BreadcrumbList\",\"@id\":\"https:\/\/www.asajacyl.com\/valladolid\/asaja-valladolid-informa\/el-15-de-junio-termina-el-plazo-para-asegurar-la-cosecha-de-cereales-de-invierno-frente-al-pedrisco#breadcrumb\",\"itemListElement\":[{\"@type\":\"ListItem\",\"position\":1,\"name\":\"Portada\",\"item\":\"https:\/\/www.asajacyl.com\/valladolid\/\"},{\"@type\":\"ListItem\",\"position\":2,\"name\":\"El 15 de junio termina el plazo para asegurar la cosecha de cereales de invierno frente al pedrisco\"}]},{\"@type\":\"WebSite\",\"@id\":\"https:\/\/www.asajacyl.com\/valladolid\/#website\",\"url\":\"https:\/\/www.asajacyl.com\/valladolid\/\",\"name\":\"ASAJA Valladolid\",\"description\":\"Otro sitio m\u00e1s de Provincias ASAJA Castilla y Le\u00f3n\",\"potentialAction\":[{\"@type\":\"SearchAction\",\"target\":{\"@type\":\"EntryPoint\",\"urlTemplate\":\"https:\/\/www.asajacyl.com\/valladolid\/?s={search_term_string}\"},\"query-input\":{\"@type\":\"PropertyValueSpecification\",\"valueRequired\":true,\"valueName\":\"search_term_string\"}}],\"inLanguage\":\"es\"},{\"@type\":\"Person\",\"@id\":\"https:\/\/www.asajacyl.com\/valladolid\/#\/schema\/person\/cf213adc3e576168b6850f7db054141e\",\"name\":\"Mar\u00eda Natividad\",\"image\":{\"@type\":\"ImageObject\",\"inLanguage\":\"es\",\"@id\":\"https:\/\/www.asajacyl.com\/valladolid\/#\/schema\/person\/image\/\",\"url\":\"https:\/\/secure.gravatar.com\/avatar\/7f7b3c840c2af79feac78f5eeffefc45?s=96&d=mm&r=g\",\"contentUrl\":\"https:\/\/secure.gravatar.com\/avatar\/7f7b3c840c2af79feac78f5eeffefc45?s=96&d=mm&r=g\",\"caption\":\"Mar\u00eda Natividad\"},\"url\":\"https:\/\/www.asajacyl.com\/valladolid\/author\/natividadhh\"}]}<\/script>\n<!-- \/ Yoast SEO plugin. -->","yoast_head_json":{"title":"El 15 de junio termina el plazo para asegurar la cosecha de cereales de invierno frente al pedrisco - ASAJA Valladolid","description":"El 15 de junio termina el plazo para asegurar la cosecha de cereales de invierno frente al pedrisco. Tambi\u00e9n hasta esa fecha se pueden asegurar esos mismos cultivos, en regad\u00edo, con los m\u00f3dulos 1 y 2,","robots":{"index":"index","follow":"follow","max-snippet":"max-snippet:-1","max-image-preview":"max-image-preview:large","max-video-preview":"max-video-preview:-1"},"canonical":"https:\/\/www.asajacyl.com\/valladolid\/asaja-valladolid-informa\/el-15-de-junio-termina-el-plazo-para-asegurar-la-cosecha-de-cereales-de-invierno-frente-al-pedrisco","og_locale":"es_ES","og_type":"article","og_title":"El 15 de junio termina el plazo para asegurar la cosecha de cereales de invierno frente al pedrisco - ASAJA Valladolid","og_description":"El 15 de junio termina el plazo para asegurar la cosecha de cereales de invierno frente al pedrisco. Tambi\u00e9n hasta esa fecha se pueden asegurar esos mismos cultivos, en regad\u00edo, con los m\u00f3dulos 1 y 2,","og_url":"https:\/\/www.asajacyl.com\/valladolid\/asaja-valladolid-informa\/el-15-de-junio-termina-el-plazo-para-asegurar-la-cosecha-de-cereales-de-invierno-frente-al-pedrisco","og_site_name":"ASAJA Valladolid","article_published_time":"2021-06-11T05:30:09+00:00","article_modified_time":"2021-12-01T17:08:20+00:00","og_image":[{"width":1920,"height":1280,"url":"https:\/\/www.asajacyl.com\/valladolid\/wp-content\/uploads\/sites\/2\/2018\/07\/CEREAL.jpg","type":"image\/jpeg"}],"author":"Mar\u00eda Natividad","twitter_card":"summary_large_image","twitter_misc":{"Escrito por":"Mar\u00eda Natividad","Tiempo de lectura":"2 minutos"},"schema":{"@context":"https:\/\/schema.org","@graph":[{"@type":"WebPage","@id":"https:\/\/www.asajacyl.com\/valladolid\/asaja-valladolid-informa\/el-15-de-junio-termina-el-plazo-para-asegurar-la-cosecha-de-cereales-de-invierno-frente-al-pedrisco","url":"https:\/\/www.asajacyl.com\/valladolid\/asaja-valladolid-informa\/el-15-de-junio-termina-el-plazo-para-asegurar-la-cosecha-de-cereales-de-invierno-frente-al-pedrisco","name":"El 15 de junio termina el plazo para asegurar la cosecha de cereales de invierno frente al pedrisco - ASAJA Valladolid","isPartOf":{"@id":"https:\/\/www.asajacyl.com\/valladolid\/#website"},"primaryImageOfPage":{"@id":"https:\/\/www.asajacyl.com\/valladolid\/asaja-valladolid-informa\/el-15-de-junio-termina-el-plazo-para-asegurar-la-cosecha-de-cereales-de-invierno-frente-al-pedrisco#primaryimage"},"image":{"@id":"https:\/\/www.asajacyl.com\/valladolid\/asaja-valladolid-informa\/el-15-de-junio-termina-el-plazo-para-asegurar-la-cosecha-de-cereales-de-invierno-frente-al-pedrisco#primaryimage"},"thumbnailUrl":"https:\/\/www.asajacyl.com\/valladolid\/wp-content\/uploads\/sites\/2\/2018\/07\/CEREAL.jpg","datePublished":"2021-06-11T05:30:09+00:00","dateModified":"2021-12-01T17:08:20+00:00","author":{"@id":"https:\/\/www.asajacyl.com\/valladolid\/#\/schema\/person\/cf213adc3e576168b6850f7db054141e"},"description":"El 15 de junio termina el plazo para asegurar la cosecha de cereales de invierno frente al pedrisco. Tambi\u00e9n hasta esa fecha se pueden asegurar esos mismos cultivos, en regad\u00edo, con los m\u00f3dulos 1 y 2,","breadcrumb":{"@id":"https:\/\/www.asajacyl.com\/valladolid\/asaja-valladolid-informa\/el-15-de-junio-termina-el-plazo-para-asegurar-la-cosecha-de-cereales-de-invierno-frente-al-pedrisco#breadcrumb"},"inLanguage":"es","potentialAction":[{"@type":"ReadAction","target":["https:\/\/www.asajacyl.com\/valladolid\/asaja-valladolid-informa\/el-15-de-junio-termina-el-plazo-para-asegurar-la-cosecha-de-cereales-de-invierno-frente-al-pedrisco"]}]},{"@type":"ImageObject","inLanguage":"es","@id":"https:\/\/www.asajacyl.com\/valladolid\/asaja-valladolid-informa\/el-15-de-junio-termina-el-plazo-para-asegurar-la-cosecha-de-cereales-de-invierno-frente-al-pedrisco#primaryimage","url":"https:\/\/www.asajacyl.com\/valladolid\/wp-content\/uploads\/sites\/2\/2018\/07\/CEREAL.jpg","contentUrl":"https:\/\/www.asajacyl.com\/valladolid\/wp-content\/uploads\/sites\/2\/2018\/07\/CEREAL.jpg","width":1920,"height":1280,"caption":"ASAJA exige que Castilla y Le\u00f3n se beneficie de la tendencia alcista del precio del cereal"},{"@type":"BreadcrumbList","@id":"https:\/\/www.asajacyl.com\/valladolid\/asaja-valladolid-informa\/el-15-de-junio-termina-el-plazo-para-asegurar-la-cosecha-de-cereales-de-invierno-frente-al-pedrisco#breadcrumb","itemListElement":[{"@type":"ListItem","position":1,"name":"Portada","item":"https:\/\/www.asajacyl.com\/valladolid\/"},{"@type":"ListItem","position":2,"name":"El 15 de junio termina el plazo para asegurar la cosecha de cereales de invierno frente al pedrisco"}]},{"@type":"WebSite","@id":"https:\/\/www.asajacyl.com\/valladolid\/#website","url":"https:\/\/www.asajacyl.com\/valladolid\/","name":"ASAJA Valladolid","description":"Otro sitio m\u00e1s de Provincias ASAJA Castilla y Le\u00f3n","potentialAction":[{"@type":"SearchAction","target":{"@type":"EntryPoint","urlTemplate":"https:\/\/www.asajacyl.com\/valladolid\/?s={search_term_string}"},"query-input":{"@type":"PropertyValueSpecification","valueRequired":true,"valueName":"search_term_string"}}],"inLanguage":"es"},{"@type":"Person","@id":"https:\/\/www.asajacyl.com\/valladolid\/#\/schema\/person\/cf213adc3e576168b6850f7db054141e","name":"Mar\u00eda Natividad","image":{"@type":"ImageObject","inLanguage":"es","@id":"https:\/\/www.asajacyl.com\/valladolid\/#\/schema\/person\/image\/","url":"https:\/\/secure.gravatar.com\/avatar\/7f7b3c840c2af79feac78f5eeffefc45?s=96&d=mm&r=g","contentUrl":"https:\/\/secure.gravatar.com\/avatar\/7f7b3c840c2af79feac78f5eeffefc45?s=96&d=mm&r=g","caption":"Mar\u00eda Natividad"},"url":"https:\/\/www.asajacyl.com\/valladolid\/author\/natividadhh"}]}},"_links":{"self":[{"href":"https:\/\/www.asajacyl.com\/valladolid\/wp-json\/wp\/v2\/posts\/2516"}],"collection":[{"href":"https:\/\/www.asajacyl.com\/valladolid\/wp-json\/wp\/v2\/posts"}],"about":[{"href":"https:\/\/www.asajacyl.com\/valladolid\/wp-json\/wp\/v2\/types\/post"}],"author":[{"embeddable":true,"href":"https:\/\/www.asajacyl.com\/valladolid\/wp-json\/wp\/v2\/users\/13"}],"replies":[{"embeddable":true,"href":"https:\/\/www.asajacyl.com\/valladolid\/wp-json\/wp\/v2\/comments?post=2516"}],"version-history":[{"count":1,"href":"https:\/\/www.asajacyl.com\/valladolid\/wp-json\/wp\/v2\/posts\/2516\/revisions"}],"predecessor-version":[{"id":2517,"href":"https:\/\/www.asajacyl.com\/valladolid\/wp-json\/wp\/v2\/posts\/2516\/revisions\/2517"}],"wp:featuredmedia":[{"embeddable":true,"href":"https:\/\/www.asajacyl.com\/valladolid\/wp-json\/wp\/v2\/media\/1637"}],"wp:attachment":[{"href":"https:\/\/www.asajacyl.com\/valladolid\/wp-json\/wp\/v2\/media?parent=2516"}],"wp:term":[{"taxonomy":"category","embeddable":true,"href":"https:\/\/www.asajacyl.com\/valladolid\/wp-json\/wp\/v2\/categories?post=2516"},{"taxonomy":"post_tag","embeddable":true,"href":"https:\/\/www.asajacyl.com\/valladolid\/wp-json\/wp\/v2\/tags?post=2516"}],"curies":[{"name":"wp","href":"https:\/\/api.w.org\/{rel}","templated":true}]}}