{"id":2620,"date":"2021-12-10T11:27:41","date_gmt":"2021-12-10T10:27:41","guid":{"rendered":"https:\/\/www.asajacyl.com\/valladolid\/?p=2620"},"modified":"2023-05-02T19:06:13","modified_gmt":"2023-05-02T17:06:13","slug":"asaja-valladolid-alerta-de-una-nueva-plaga-de-topillos-en-tierra-de-campos","status":"publish","type":"post","link":"https:\/\/www.asajacyl.com\/valladolid\/asaja-valladolid-informa\/asaja-valladolid-alerta-de-una-nueva-plaga-de-topillos-en-tierra-de-campos","title":{"rendered":"ASAJA VALLADOLID alerta de una nueva plaga de topillos en Tierra de Campos"},"content":{"rendered":"\n<p class=\"has-text-color\" style=\"color:#0ca300\"><strong>Esta organizaci\u00f3n pide a la Junta de Castilla y Le\u00f3n que active todas las medidas necesarias para que el problema no vaya a m\u00e1s y sea demasiado tarde \u00a0<\/strong><\/p>\n\n\n\n<p>Los topillos est\u00e1n de vuelta a los campos vallisoletanos. Estos d\u00edas, se suceden los partes al seguro por los da\u00f1os que causan estos animales. Varias hect\u00e1reas en la zona de Tierra de Campos se han visto afectadas por estos animales, entre finales de noviembre y principios de diciembre, y problema va a m\u00e1s.<\/p>\n\n\n\n<p>Estos voraces animales <strong>ya han arruinado numerosas parcelas de colza, trigo y vezas principalmente.<\/strong> En las peores, las <strong>p\u00e9rdidas rozan el 80% mientras que en el resto, oscilan entre el 30% y el 70% de da\u00f1os.<\/strong><\/p>\n\n\n\n<p>En un momento muy dif\u00edcil para el campo, con unos costes de los insumos disparados, estos animales est\u00e1n arruinado los cultivos reci\u00e9n nacidos. \u00a0El caso de la colza es especialmente desolador. Un cultivo que tiene unos costes se producci\u00f3n muy elevados y que ahora es imposible resembrar, debido a que ya se ha pasado la \u00e9poca de siembra. Las p\u00e9rdidas para los agricultores, cuyas explotaciones est\u00e1n al l\u00edmite, son muy elevadas.<\/p>\n\n\n\n<figure class=\"wp-block-image size-large\"><img loading=\"lazy\" decoding=\"async\" width=\"1024\" height=\"768\" src=\"https:\/\/www.asajacyl.com\/valladolid\/wp-content\/uploads\/sites\/2\/2021\/12\/2Los-topillos-acaban-con-los-cultivos-recien-nacidos-1024x768.jpg\" alt=\"\" class=\"wp-image-2622\" srcset=\"https:\/\/www.asajacyl.com\/valladolid\/wp-content\/uploads\/sites\/2\/2021\/12\/2Los-topillos-acaban-con-los-cultivos-recien-nacidos-1024x768.jpg 1024w, https:\/\/www.asajacyl.com\/valladolid\/wp-content\/uploads\/sites\/2\/2021\/12\/2Los-topillos-acaban-con-los-cultivos-recien-nacidos-300x225.jpg 300w, https:\/\/www.asajacyl.com\/valladolid\/wp-content\/uploads\/sites\/2\/2021\/12\/2Los-topillos-acaban-con-los-cultivos-recien-nacidos-768x576.jpg 768w, https:\/\/www.asajacyl.com\/valladolid\/wp-content\/uploads\/sites\/2\/2021\/12\/2Los-topillos-acaban-con-los-cultivos-recien-nacidos-1536x1152.jpg 1536w, https:\/\/www.asajacyl.com\/valladolid\/wp-content\/uploads\/sites\/2\/2021\/12\/2Los-topillos-acaban-con-los-cultivos-recien-nacidos-696x522.jpg 696w, https:\/\/www.asajacyl.com\/valladolid\/wp-content\/uploads\/sites\/2\/2021\/12\/2Los-topillos-acaban-con-los-cultivos-recien-nacidos-1068x801.jpg 1068w, https:\/\/www.asajacyl.com\/valladolid\/wp-content\/uploads\/sites\/2\/2021\/12\/2Los-topillos-acaban-con-los-cultivos-recien-nacidos-560x420.jpg 560w, https:\/\/www.asajacyl.com\/valladolid\/wp-content\/uploads\/sites\/2\/2021\/12\/2Los-topillos-acaban-con-los-cultivos-recien-nacidos-80x60.jpg 80w, https:\/\/www.asajacyl.com\/valladolid\/wp-content\/uploads\/sites\/2\/2021\/12\/2Los-topillos-acaban-con-los-cultivos-recien-nacidos.jpg 1600w\" sizes=\"(max-width: 1024px) 100vw, 1024px\" \/><\/figure>\n\n\n\n<p><strong>ASAJA pide que la Junta de Castilla y Le\u00f3n tome medidas urgentes para atajar esta plaga<\/strong> que puede convertirse, si no se act\u00faa, en un problema no solo para los agricultores, si no de salud p\u00fablica para las personas.<\/p>\n\n\n\n<p>La zona norte de Valladolid es la zona m\u00e1s afectada. <strong>Poblaciones de Tierra de Campos como Cuenca de Campos, Villal\u00f3n, Fontihoyuelo, Villabaruz de Campos son las que han registrado m\u00e1s da\u00f1os<\/strong> de estos roedores. ASAJA insiste por experiencia, en que es fundamental actuar con celeridad y ahora que estamos a tiempo de que no se convierte en un problema m\u00e1s grave.<\/p>\n\n\n\n<p>Desde esta organizaci\u00f3n se denuncia que los agricultores se han quedado sin herramientas para defenderse de estos animales. Los productores vallisoletanos no pueden usar rodenticida, realizar quemas controladas o arar por la situaci\u00f3n del campo en esta \u00e9poca. <strong>La \u00fanica que puede hacer algo es la administraci\u00f3n regional, a la que piden que no deje abandonados a su suerte a estos agricultores <\/strong>que han invertido tanto dinero para sacar adelante unas cosechas de calidad y seguras.<\/p>\n\n\n\n<p>La preocupaci\u00f3n entre los agricultores es m\u00e1xima y crece cada d\u00eda, al ver impotentes como el n\u00famero de animales crece exponencialmente. ASAJA reclama tambi\u00e9n a Agroseguro agilidad en las peritaciones para que los partes de da\u00f1os se resuelvan lo antes posible.<\/p>\n","protected":false},"excerpt":{"rendered":"<p>Esta organizaci\u00f3n pide a la Junta de Castilla y Le\u00f3n que active todas las medidas necesarias para que el problema no vaya a m\u00e1s y sea demasiado tarde \u00a0 Los topillos est\u00e1n de vuelta a los campos vallisoletanos. Estos d\u00edas, se suceden los partes al seguro por los da\u00f1os que causan estos animales. Varias hect\u00e1reas [&hellip;]<\/p>\n","protected":false},"author":13,"featured_media":2621,"comment_status":"open","ping_status":"open","sticky":false,"template":"","format":"standard","meta":{"footnotes":""},"categories":[8,21,9],"tags":[70,58,368,613,610,612,611,306,615,614],"yoast_head":"<!-- This site is optimized with the Yoast SEO plugin v24.5 - https:\/\/yoast.com\/wordpress\/plugins\/seo\/ -->\n<title>ASAJA VALLADOLID alerta de una nueva plaga de topillos en Tierra de Campos - ASAJA Valladolid<\/title>\n<meta name=\"description\" content=\"ASAJA VALLADOLID alerta de una nueva plaga de topillos en Tierra de Campos. Esta organizaci\u00f3n pide a la Junta de Castilla y Le\u00f3n que active todas las medidas necesarias para que el problema no vaya a m\u00e1s y sea demasiado tarde\" \/>\n<meta name=\"robots\" content=\"index, follow, max-snippet:-1, max-image-preview:large, max-video-preview:-1\" \/>\n<link rel=\"canonical\" href=\"https:\/\/www.asajacyl.com\/valladolid\/asaja-valladolid-informa\/asaja-valladolid-alerta-de-una-nueva-plaga-de-topillos-en-tierra-de-campos\" \/>\n<meta property=\"og:locale\" content=\"es_ES\" \/>\n<meta property=\"og:type\" content=\"article\" \/>\n<meta property=\"og:title\" content=\"ASAJA VALLADOLID alerta de una nueva plaga de topillos en Tierra de Campos - ASAJA Valladolid\" \/>\n<meta property=\"og:description\" content=\"ASAJA VALLADOLID alerta de una nueva plaga de topillos en Tierra de Campos. Esta organizaci\u00f3n pide a la Junta de Castilla y Le\u00f3n que active todas las medidas necesarias para que el problema no vaya a m\u00e1s y sea demasiado tarde\" \/>\n<meta property=\"og:url\" content=\"https:\/\/www.asajacyl.com\/valladolid\/asaja-valladolid-informa\/asaja-valladolid-alerta-de-una-nueva-plaga-de-topillos-en-tierra-de-campos\" \/>\n<meta property=\"og:site_name\" content=\"ASAJA Valladolid\" \/>\n<meta property=\"article:published_time\" content=\"2021-12-10T10:27:41+00:00\" \/>\n<meta property=\"article:modified_time\" content=\"2023-05-02T17:06:13+00:00\" \/>\n<meta property=\"og:image\" content=\"https:\/\/www.asajacyl.com\/valladolid\/wp-content\/uploads\/sites\/2\/2021\/12\/1Las-parcelas-en-Tierra-de-Campos-estan-llenas-de-huras-de-los-topillos.jpg\" \/>\n\t<meta property=\"og:image:width\" content=\"1200\" \/>\n\t<meta property=\"og:image:height\" content=\"1600\" \/>\n\t<meta property=\"og:image:type\" content=\"image\/jpeg\" \/>\n<meta name=\"author\" content=\"Mar\u00eda Natividad\" \/>\n<meta name=\"twitter:card\" content=\"summary_large_image\" \/>\n<meta name=\"twitter:label1\" content=\"Escrito por\" \/>\n\t<meta name=\"twitter:data1\" content=\"Mar\u00eda Natividad\" \/>\n\t<meta name=\"twitter:label2\" content=\"Tiempo de lectura\" \/>\n\t<meta name=\"twitter:data2\" content=\"2 minutos\" \/>\n<script type=\"application\/ld+json\" class=\"yoast-schema-graph\">{\"@context\":\"https:\/\/schema.org\",\"@graph\":[{\"@type\":\"WebPage\",\"@id\":\"https:\/\/www.asajacyl.com\/valladolid\/asaja-valladolid-informa\/asaja-valladolid-alerta-de-una-nueva-plaga-de-topillos-en-tierra-de-campos\",\"url\":\"https:\/\/www.asajacyl.com\/valladolid\/asaja-valladolid-informa\/asaja-valladolid-alerta-de-una-nueva-plaga-de-topillos-en-tierra-de-campos\",\"name\":\"ASAJA VALLADOLID alerta de una nueva plaga de topillos en Tierra de Campos - ASAJA Valladolid\",\"isPartOf\":{\"@id\":\"https:\/\/www.asajacyl.com\/valladolid\/#website\"},\"primaryImageOfPage\":{\"@id\":\"https:\/\/www.asajacyl.com\/valladolid\/asaja-valladolid-informa\/asaja-valladolid-alerta-de-una-nueva-plaga-de-topillos-en-tierra-de-campos#primaryimage\"},\"image\":{\"@id\":\"https:\/\/www.asajacyl.com\/valladolid\/asaja-valladolid-informa\/asaja-valladolid-alerta-de-una-nueva-plaga-de-topillos-en-tierra-de-campos#primaryimage\"},\"thumbnailUrl\":\"https:\/\/www.asajacyl.com\/valladolid\/wp-content\/uploads\/sites\/2\/2021\/12\/1Las-parcelas-en-Tierra-de-Campos-estan-llenas-de-huras-de-los-topillos.jpg\",\"datePublished\":\"2021-12-10T10:27:41+00:00\",\"dateModified\":\"2023-05-02T17:06:13+00:00\",\"author\":{\"@id\":\"https:\/\/www.asajacyl.com\/valladolid\/#\/schema\/person\/cf213adc3e576168b6850f7db054141e\"},\"description\":\"ASAJA VALLADOLID alerta de una nueva plaga de topillos en Tierra de Campos. Esta organizaci\u00f3n pide a la Junta de Castilla y Le\u00f3n que active todas las medidas necesarias para que el problema no vaya a m\u00e1s y sea demasiado tarde\",\"breadcrumb\":{\"@id\":\"https:\/\/www.asajacyl.com\/valladolid\/asaja-valladolid-informa\/asaja-valladolid-alerta-de-una-nueva-plaga-de-topillos-en-tierra-de-campos#breadcrumb\"},\"inLanguage\":\"es\",\"potentialAction\":[{\"@type\":\"ReadAction\",\"target\":[\"https:\/\/www.asajacyl.com\/valladolid\/asaja-valladolid-informa\/asaja-valladolid-alerta-de-una-nueva-plaga-de-topillos-en-tierra-de-campos\"]}]},{\"@type\":\"ImageObject\",\"inLanguage\":\"es\",\"@id\":\"https:\/\/www.asajacyl.com\/valladolid\/asaja-valladolid-informa\/asaja-valladolid-alerta-de-una-nueva-plaga-de-topillos-en-tierra-de-campos#primaryimage\",\"url\":\"https:\/\/www.asajacyl.com\/valladolid\/wp-content\/uploads\/sites\/2\/2021\/12\/1Las-parcelas-en-Tierra-de-Campos-estan-llenas-de-huras-de-los-topillos.jpg\",\"contentUrl\":\"https:\/\/www.asajacyl.com\/valladolid\/wp-content\/uploads\/sites\/2\/2021\/12\/1Las-parcelas-en-Tierra-de-Campos-estan-llenas-de-huras-de-los-topillos.jpg\",\"width\":1200,\"height\":1600,\"caption\":\"Las parcelas en Tierra de Campos est\u00e1n llenas de huras de los topillos\"},{\"@type\":\"BreadcrumbList\",\"@id\":\"https:\/\/www.asajacyl.com\/valladolid\/asaja-valladolid-informa\/asaja-valladolid-alerta-de-una-nueva-plaga-de-topillos-en-tierra-de-campos#breadcrumb\",\"itemListElement\":[{\"@type\":\"ListItem\",\"position\":1,\"name\":\"Portada\",\"item\":\"https:\/\/www.asajacyl.com\/valladolid\/\"},{\"@type\":\"ListItem\",\"position\":2,\"name\":\"ASAJA VALLADOLID alerta de una nueva plaga de topillos en Tierra de Campos\"}]},{\"@type\":\"WebSite\",\"@id\":\"https:\/\/www.asajacyl.com\/valladolid\/#website\",\"url\":\"https:\/\/www.asajacyl.com\/valladolid\/\",\"name\":\"ASAJA Valladolid\",\"description\":\"Otro sitio m\u00e1s de Provincias ASAJA Castilla y Le\u00f3n\",\"potentialAction\":[{\"@type\":\"SearchAction\",\"target\":{\"@type\":\"EntryPoint\",\"urlTemplate\":\"https:\/\/www.asajacyl.com\/valladolid\/?s={search_term_string}\"},\"query-input\":{\"@type\":\"PropertyValueSpecification\",\"valueRequired\":true,\"valueName\":\"search_term_string\"}}],\"inLanguage\":\"es\"},{\"@type\":\"Person\",\"@id\":\"https:\/\/www.asajacyl.com\/valladolid\/#\/schema\/person\/cf213adc3e576168b6850f7db054141e\",\"name\":\"Mar\u00eda Natividad\",\"image\":{\"@type\":\"ImageObject\",\"inLanguage\":\"es\",\"@id\":\"https:\/\/www.asajacyl.com\/valladolid\/#\/schema\/person\/image\/\",\"url\":\"https:\/\/secure.gravatar.com\/avatar\/7f7b3c840c2af79feac78f5eeffefc45?s=96&d=mm&r=g\",\"contentUrl\":\"https:\/\/secure.gravatar.com\/avatar\/7f7b3c840c2af79feac78f5eeffefc45?s=96&d=mm&r=g\",\"caption\":\"Mar\u00eda Natividad\"},\"url\":\"https:\/\/www.asajacyl.com\/valladolid\/author\/natividadhh\"}]}<\/script>\n<!-- \/ Yoast SEO plugin. -->","yoast_head_json":{"title":"ASAJA VALLADOLID alerta de una nueva plaga de topillos en Tierra de Campos - ASAJA Valladolid","description":"ASAJA VALLADOLID alerta de una nueva plaga de topillos en Tierra de Campos. Esta organizaci\u00f3n pide a la Junta de Castilla y Le\u00f3n que active todas las medidas necesarias para que el problema no vaya a m\u00e1s y sea demasiado tarde","robots":{"index":"index","follow":"follow","max-snippet":"max-snippet:-1","max-image-preview":"max-image-preview:large","max-video-preview":"max-video-preview:-1"},"canonical":"https:\/\/www.asajacyl.com\/valladolid\/asaja-valladolid-informa\/asaja-valladolid-alerta-de-una-nueva-plaga-de-topillos-en-tierra-de-campos","og_locale":"es_ES","og_type":"article","og_title":"ASAJA VALLADOLID alerta de una nueva plaga de topillos en Tierra de Campos - ASAJA Valladolid","og_description":"ASAJA VALLADOLID alerta de una nueva plaga de topillos en Tierra de Campos. Esta organizaci\u00f3n pide a la Junta de Castilla y Le\u00f3n que active todas las medidas necesarias para que el problema no vaya a m\u00e1s y sea demasiado tarde","og_url":"https:\/\/www.asajacyl.com\/valladolid\/asaja-valladolid-informa\/asaja-valladolid-alerta-de-una-nueva-plaga-de-topillos-en-tierra-de-campos","og_site_name":"ASAJA Valladolid","article_published_time":"2021-12-10T10:27:41+00:00","article_modified_time":"2023-05-02T17:06:13+00:00","og_image":[{"width":1200,"height":1600,"url":"https:\/\/www.asajacyl.com\/valladolid\/wp-content\/uploads\/sites\/2\/2021\/12\/1Las-parcelas-en-Tierra-de-Campos-estan-llenas-de-huras-de-los-topillos.jpg","type":"image\/jpeg"}],"author":"Mar\u00eda Natividad","twitter_card":"summary_large_image","twitter_misc":{"Escrito por":"Mar\u00eda Natividad","Tiempo de lectura":"2 minutos"},"schema":{"@context":"https:\/\/schema.org","@graph":[{"@type":"WebPage","@id":"https:\/\/www.asajacyl.com\/valladolid\/asaja-valladolid-informa\/asaja-valladolid-alerta-de-una-nueva-plaga-de-topillos-en-tierra-de-campos","url":"https:\/\/www.asajacyl.com\/valladolid\/asaja-valladolid-informa\/asaja-valladolid-alerta-de-una-nueva-plaga-de-topillos-en-tierra-de-campos","name":"ASAJA VALLADOLID alerta de una nueva plaga de topillos en Tierra de Campos - ASAJA Valladolid","isPartOf":{"@id":"https:\/\/www.asajacyl.com\/valladolid\/#website"},"primaryImageOfPage":{"@id":"https:\/\/www.asajacyl.com\/valladolid\/asaja-valladolid-informa\/asaja-valladolid-alerta-de-una-nueva-plaga-de-topillos-en-tierra-de-campos#primaryimage"},"image":{"@id":"https:\/\/www.asajacyl.com\/valladolid\/asaja-valladolid-informa\/asaja-valladolid-alerta-de-una-nueva-plaga-de-topillos-en-tierra-de-campos#primaryimage"},"thumbnailUrl":"https:\/\/www.asajacyl.com\/valladolid\/wp-content\/uploads\/sites\/2\/2021\/12\/1Las-parcelas-en-Tierra-de-Campos-estan-llenas-de-huras-de-los-topillos.jpg","datePublished":"2021-12-10T10:27:41+00:00","dateModified":"2023-05-02T17:06:13+00:00","author":{"@id":"https:\/\/www.asajacyl.com\/valladolid\/#\/schema\/person\/cf213adc3e576168b6850f7db054141e"},"description":"ASAJA VALLADOLID alerta de una nueva plaga de topillos en Tierra de Campos. Esta organizaci\u00f3n pide a la Junta de Castilla y Le\u00f3n que active todas las medidas necesarias para que el problema no vaya a m\u00e1s y sea demasiado tarde","breadcrumb":{"@id":"https:\/\/www.asajacyl.com\/valladolid\/asaja-valladolid-informa\/asaja-valladolid-alerta-de-una-nueva-plaga-de-topillos-en-tierra-de-campos#breadcrumb"},"inLanguage":"es","potentialAction":[{"@type":"ReadAction","target":["https:\/\/www.asajacyl.com\/valladolid\/asaja-valladolid-informa\/asaja-valladolid-alerta-de-una-nueva-plaga-de-topillos-en-tierra-de-campos"]}]},{"@type":"ImageObject","inLanguage":"es","@id":"https:\/\/www.asajacyl.com\/valladolid\/asaja-valladolid-informa\/asaja-valladolid-alerta-de-una-nueva-plaga-de-topillos-en-tierra-de-campos#primaryimage","url":"https:\/\/www.asajacyl.com\/valladolid\/wp-content\/uploads\/sites\/2\/2021\/12\/1Las-parcelas-en-Tierra-de-Campos-estan-llenas-de-huras-de-los-topillos.jpg","contentUrl":"https:\/\/www.asajacyl.com\/valladolid\/wp-content\/uploads\/sites\/2\/2021\/12\/1Las-parcelas-en-Tierra-de-Campos-estan-llenas-de-huras-de-los-topillos.jpg","width":1200,"height":1600,"caption":"Las parcelas en Tierra de Campos est\u00e1n llenas de huras de los topillos"},{"@type":"BreadcrumbList","@id":"https:\/\/www.asajacyl.com\/valladolid\/asaja-valladolid-informa\/asaja-valladolid-alerta-de-una-nueva-plaga-de-topillos-en-tierra-de-campos#breadcrumb","itemListElement":[{"@type":"ListItem","position":1,"name":"Portada","item":"https:\/\/www.asajacyl.com\/valladolid\/"},{"@type":"ListItem","position":2,"name":"ASAJA VALLADOLID alerta de una nueva plaga de topillos en Tierra de Campos"}]},{"@type":"WebSite","@id":"https:\/\/www.asajacyl.com\/valladolid\/#website","url":"https:\/\/www.asajacyl.com\/valladolid\/","name":"ASAJA Valladolid","description":"Otro sitio m\u00e1s de Provincias ASAJA Castilla y Le\u00f3n","potentialAction":[{"@type":"SearchAction","target":{"@type":"EntryPoint","urlTemplate":"https:\/\/www.asajacyl.com\/valladolid\/?s={search_term_string}"},"query-input":{"@type":"PropertyValueSpecification","valueRequired":true,"valueName":"search_term_string"}}],"inLanguage":"es"},{"@type":"Person","@id":"https:\/\/www.asajacyl.com\/valladolid\/#\/schema\/person\/cf213adc3e576168b6850f7db054141e","name":"Mar\u00eda Natividad","image":{"@type":"ImageObject","inLanguage":"es","@id":"https:\/\/www.asajacyl.com\/valladolid\/#\/schema\/person\/image\/","url":"https:\/\/secure.gravatar.com\/avatar\/7f7b3c840c2af79feac78f5eeffefc45?s=96&d=mm&r=g","contentUrl":"https:\/\/secure.gravatar.com\/avatar\/7f7b3c840c2af79feac78f5eeffefc45?s=96&d=mm&r=g","caption":"Mar\u00eda Natividad"},"url":"https:\/\/www.asajacyl.com\/valladolid\/author\/natividadhh"}]}},"_links":{"self":[{"href":"https:\/\/www.asajacyl.com\/valladolid\/wp-json\/wp\/v2\/posts\/2620"}],"collection":[{"href":"https:\/\/www.asajacyl.com\/valladolid\/wp-json\/wp\/v2\/posts"}],"about":[{"href":"https:\/\/www.asajacyl.com\/valladolid\/wp-json\/wp\/v2\/types\/post"}],"author":[{"embeddable":true,"href":"https:\/\/www.asajacyl.com\/valladolid\/wp-json\/wp\/v2\/users\/13"}],"replies":[{"embeddable":true,"href":"https:\/\/www.asajacyl.com\/valladolid\/wp-json\/wp\/v2\/comments?post=2620"}],"version-history":[{"count":1,"href":"https:\/\/www.asajacyl.com\/valladolid\/wp-json\/wp\/v2\/posts\/2620\/revisions"}],"predecessor-version":[{"id":2623,"href":"https:\/\/www.asajacyl.com\/valladolid\/wp-json\/wp\/v2\/posts\/2620\/revisions\/2623"}],"wp:featuredmedia":[{"embeddable":true,"href":"https:\/\/www.asajacyl.com\/valladolid\/wp-json\/wp\/v2\/media\/2621"}],"wp:attachment":[{"href":"https:\/\/www.asajacyl.com\/valladolid\/wp-json\/wp\/v2\/media?parent=2620"}],"wp:term":[{"taxonomy":"category","embeddable":true,"href":"https:\/\/www.asajacyl.com\/valladolid\/wp-json\/wp\/v2\/categories?post=2620"},{"taxonomy":"post_tag","embeddable":true,"href":"https:\/\/www.asajacyl.com\/valladolid\/wp-json\/wp\/v2\/tags?post=2620"}],"curies":[{"name":"wp","href":"https:\/\/api.w.org\/{rel}","templated":true}]}}