{"id":2671,"date":"2022-02-16T17:03:01","date_gmt":"2022-02-16T16:03:01","guid":{"rendered":"https:\/\/www.asajacyl.com\/valladolid\/?p=2671"},"modified":"2022-02-25T12:41:36","modified_gmt":"2022-02-25T11:41:36","slug":"jornada-informativa-sobre-la-pac-2023-07-en-medina-del-campo","status":"publish","type":"post","link":"https:\/\/www.asajacyl.com\/valladolid\/asaja-valladolid-informa\/jornada-informativa-sobre-la-pac-2023-07-en-medina-del-campo","title":{"rendered":"Medina del Campo acoge una Jornada Informativa sobre la PAC 2023-07"},"content":{"rendered":"\n<p class=\"has-text-color\" style=\"color:#00a306\"><strong>Esta conferencia tendr\u00e1 lugar el domingo 20 de febrero a las 12.00 horas en Centro Cultural Integrado Isabel la Cat\u00f3lica<\/strong><\/p>\n\n\n\n<p>ASAJA VALLADOLID organiza, este <strong>este domingo 20 de febrero<\/strong>, a <strong>las 12.00 horas<\/strong> en Centro Cultural Integrado Isabel la Cat\u00f3lica (C\/Juan de \u00c1lamos, 5- 7) de <strong>Medina del Campo<\/strong> una jornada informativa sobre la pr\u00f3xima <strong>Reforma de la PAC <\/strong>2023-07 que entrar\u00e1 en vigor a partir del pr\u00f3ximo a\u00f1o.<\/p>\n\n\n\n<p>Nuestro compa\u00f1ero, <strong>David Gonz\u00e1lez Huerta<\/strong>, T\u00e9cnico de ASAJA \u00c1VILA y uno de los expertos en PAC m\u00e1s reconocidos de Castilla y Le\u00f3n, explicar\u00e1 los aspectos fundamentales que marcar\u00e1n el futuro de nuestras explotaciones. Gonz\u00e1lez se\u00f1alar\u00e1, entre otros asuntos, c\u00f3mo nos afectar\u00e1n los <strong>Ecoesquemas<\/strong>, por qu\u00e9 ya es importante ir planificando nuestros cultivos y rotaciones o si es el momento de comprar nuevos derechos.<\/p>\n\n\n\n<p>No en vano, el a\u00f1o 2022 va a ser determinante para los pr\u00f3ximos a\u00f1os, por eso m\u00e1s que nuca es importante estar lo mejor informado a la hora de presentar nuestra solicitud este a\u00f1o.<\/p>\n\n\n\n<p>En esta charla, tambi\u00e9n se abordar\u00e1 los requisitos e informaci\u00f3n sobre <strong>las Ayudas de Incorporaci\u00f3n y Modernizaci\u00f3n de Explotaciones<\/strong> cuyo plazo de solicitud esta abierto.<\/p>\n\n\n\n<p>Tambi\u00e9n comentaremos las caracter\u00edsticas de la <strong>nueva ayuda<\/strong> a las <strong>\u201cInversiones para suministro y uso de fuentes renovables de energ\u00eda en las explotaciones agrarias\u201d.<\/strong> Una l\u00ednea que persigue apoyar inversiones que mejoren la eficiencia energ\u00e9tica y los efectos sobre el medio ambiente de las explotaciones agrarias.<\/p>\n\n\n\n<p>Adem\u00e1s, explicaremos a los asistentes, la <strong>nueva ayuda<\/strong> a <strong>\u201clas inversiones para la digitalizaci\u00f3n de las explotaciones agrarias. Agricultura 4.0\u201d.<\/strong> Una l\u00ednea que apoyar\u00e1 las inversiones en las explotaciones agr\u00edcolas o ganaderas que empleen: tecnolog\u00eda de posicionamiento, sistemas de autoguiado automatizado, la geocartograf\u00eda, sistemas de almacenamiento y an\u00e1lisis de datos, sensores y la teledetecci\u00f3n, maquinaria avanzada, como equipos dirigidos, drones, sembradoras de precisi\u00f3n, robots agropecuarios, programas inform\u00e1ticos para el tratamiento de toda la informaci\u00f3n.<\/p>\n\n\n\n<p>La jornada la clausurar\u00e1 el presidente de ASAJA Castilla y Le\u00f3n, <strong>Donaciano Dujo.<\/strong><\/p>\n\n\n\n<figure class=\"wp-block-image size-large\"><img loading=\"lazy\" decoding=\"async\" width=\"1024\" height=\"576\" src=\"https:\/\/www.asajacyl.com\/valladolid\/wp-content\/uploads\/sites\/2\/2022\/02\/Charla-Medina-del-Campo-1-1024x576.jpg\" alt=\"\" class=\"wp-image-2683\" srcset=\"https:\/\/www.asajacyl.com\/valladolid\/wp-content\/uploads\/sites\/2\/2022\/02\/Charla-Medina-del-Campo-1-1024x576.jpg 1024w, https:\/\/www.asajacyl.com\/valladolid\/wp-content\/uploads\/sites\/2\/2022\/02\/Charla-Medina-del-Campo-1-300x169.jpg 300w, https:\/\/www.asajacyl.com\/valladolid\/wp-content\/uploads\/sites\/2\/2022\/02\/Charla-Medina-del-Campo-1-768x432.jpg 768w, https:\/\/www.asajacyl.com\/valladolid\/wp-content\/uploads\/sites\/2\/2022\/02\/Charla-Medina-del-Campo-1-696x392.jpg 696w, https:\/\/www.asajacyl.com\/valladolid\/wp-content\/uploads\/sites\/2\/2022\/02\/Charla-Medina-del-Campo-1-1068x601.jpg 1068w, https:\/\/www.asajacyl.com\/valladolid\/wp-content\/uploads\/sites\/2\/2022\/02\/Charla-Medina-del-Campo-1-747x420.jpg 747w, https:\/\/www.asajacyl.com\/valladolid\/wp-content\/uploads\/sites\/2\/2022\/02\/Charla-Medina-del-Campo-1.jpg 1280w\" sizes=\"(max-width: 1024px) 100vw, 1024px\" \/><\/figure>\n","protected":false},"excerpt":{"rendered":"<p>Esta conferencia tendr\u00e1 lugar el domingo 20 de febrero a las 12.00 horas en Centro Cultural Integrado Isabel la Cat\u00f3lica ASAJA VALLADOLID organiza, este este domingo 20 de febrero, a las 12.00 horas en Centro Cultural Integrado Isabel la Cat\u00f3lica (C\/Juan de \u00c1lamos, 5- 7) de Medina del Campo una jornada informativa sobre la pr\u00f3xima [&hellip;]<\/p>\n","protected":false},"author":13,"featured_media":2323,"comment_status":"open","ping_status":"open","sticky":false,"template":"","format":"standard","meta":{"footnotes":""},"categories":[8,21,28,9],"tags":[70,58,176,74,642,156,76,643,133],"yoast_head":"<!-- This site is optimized with the Yoast SEO plugin v24.5 - https:\/\/yoast.com\/wordpress\/plugins\/seo\/ -->\n<title>Medina del Campo acoge una Jornada Informativa sobre la PAC 2023-07 - ASAJA Valladolid<\/title>\n<meta name=\"description\" content=\"Jornada Informativa sobre la PAC 2023-07 en Medina del Campo. Esta conferencia tendr\u00e1 lugar este domingo 20 de febrero a las 12.00 horas en Centro Cultural Integrado Isabel la Cat\u00f3lica\" \/>\n<meta name=\"robots\" content=\"index, follow, max-snippet:-1, max-image-preview:large, max-video-preview:-1\" \/>\n<link rel=\"canonical\" href=\"https:\/\/www.asajacyl.com\/valladolid\/asaja-valladolid-informa\/jornada-informativa-sobre-la-pac-2023-07-en-medina-del-campo\" \/>\n<meta property=\"og:locale\" content=\"es_ES\" \/>\n<meta property=\"og:type\" content=\"article\" \/>\n<meta property=\"og:title\" content=\"Medina del Campo acoge una Jornada Informativa sobre la PAC 2023-07 - ASAJA Valladolid\" \/>\n<meta property=\"og:description\" content=\"Jornada Informativa sobre la PAC 2023-07 en Medina del Campo. Esta conferencia tendr\u00e1 lugar este domingo 20 de febrero a las 12.00 horas en Centro Cultural Integrado Isabel la Cat\u00f3lica\" \/>\n<meta property=\"og:url\" content=\"https:\/\/www.asajacyl.com\/valladolid\/asaja-valladolid-informa\/jornada-informativa-sobre-la-pac-2023-07-en-medina-del-campo\" \/>\n<meta property=\"og:site_name\" content=\"ASAJA Valladolid\" \/>\n<meta property=\"article:published_time\" content=\"2022-02-16T16:03:01+00:00\" \/>\n<meta property=\"article:modified_time\" content=\"2022-02-25T11:41:36+00:00\" \/>\n<meta property=\"og:image\" content=\"https:\/\/www.asajacyl.com\/valladolid\/wp-content\/uploads\/sites\/2\/2020\/06\/cosechando-cereales.jpeg\" \/>\n\t<meta property=\"og:image:width\" content=\"2500\" \/>\n\t<meta property=\"og:image:height\" content=\"1671\" \/>\n\t<meta property=\"og:image:type\" content=\"image\/jpeg\" \/>\n<meta name=\"author\" content=\"Mar\u00eda Natividad\" \/>\n<meta name=\"twitter:card\" content=\"summary_large_image\" \/>\n<meta name=\"twitter:label1\" content=\"Escrito por\" \/>\n\t<meta name=\"twitter:data1\" content=\"Mar\u00eda Natividad\" \/>\n\t<meta name=\"twitter:label2\" content=\"Tiempo de lectura\" \/>\n\t<meta name=\"twitter:data2\" content=\"2 minutos\" \/>\n<script type=\"application\/ld+json\" class=\"yoast-schema-graph\">{\"@context\":\"https:\/\/schema.org\",\"@graph\":[{\"@type\":\"WebPage\",\"@id\":\"https:\/\/www.asajacyl.com\/valladolid\/asaja-valladolid-informa\/jornada-informativa-sobre-la-pac-2023-07-en-medina-del-campo\",\"url\":\"https:\/\/www.asajacyl.com\/valladolid\/asaja-valladolid-informa\/jornada-informativa-sobre-la-pac-2023-07-en-medina-del-campo\",\"name\":\"Medina del Campo acoge una Jornada Informativa sobre la PAC 2023-07 - ASAJA Valladolid\",\"isPartOf\":{\"@id\":\"https:\/\/www.asajacyl.com\/valladolid\/#website\"},\"primaryImageOfPage\":{\"@id\":\"https:\/\/www.asajacyl.com\/valladolid\/asaja-valladolid-informa\/jornada-informativa-sobre-la-pac-2023-07-en-medina-del-campo#primaryimage\"},\"image\":{\"@id\":\"https:\/\/www.asajacyl.com\/valladolid\/asaja-valladolid-informa\/jornada-informativa-sobre-la-pac-2023-07-en-medina-del-campo#primaryimage\"},\"thumbnailUrl\":\"https:\/\/www.asajacyl.com\/valladolid\/wp-content\/uploads\/sites\/2\/2020\/06\/cosechando-cereales.jpeg\",\"datePublished\":\"2022-02-16T16:03:01+00:00\",\"dateModified\":\"2022-02-25T11:41:36+00:00\",\"author\":{\"@id\":\"https:\/\/www.asajacyl.com\/valladolid\/#\/schema\/person\/cf213adc3e576168b6850f7db054141e\"},\"description\":\"Jornada Informativa sobre la PAC 2023-07 en Medina del Campo. Esta conferencia tendr\u00e1 lugar este domingo 20 de febrero a las 12.00 horas en Centro Cultural Integrado Isabel la Cat\u00f3lica\",\"breadcrumb\":{\"@id\":\"https:\/\/www.asajacyl.com\/valladolid\/asaja-valladolid-informa\/jornada-informativa-sobre-la-pac-2023-07-en-medina-del-campo#breadcrumb\"},\"inLanguage\":\"es\",\"potentialAction\":[{\"@type\":\"ReadAction\",\"target\":[\"https:\/\/www.asajacyl.com\/valladolid\/asaja-valladolid-informa\/jornada-informativa-sobre-la-pac-2023-07-en-medina-del-campo\"]}]},{\"@type\":\"ImageObject\",\"inLanguage\":\"es\",\"@id\":\"https:\/\/www.asajacyl.com\/valladolid\/asaja-valladolid-informa\/jornada-informativa-sobre-la-pac-2023-07-en-medina-del-campo#primaryimage\",\"url\":\"https:\/\/www.asajacyl.com\/valladolid\/wp-content\/uploads\/sites\/2\/2020\/06\/cosechando-cereales.jpeg\",\"contentUrl\":\"https:\/\/www.asajacyl.com\/valladolid\/wp-content\/uploads\/sites\/2\/2020\/06\/cosechando-cereales.jpeg\",\"width\":2500,\"height\":1671,\"caption\":\"ASAJA VALLADOLID clama por un precio justo para el cereal y que se ponga coto a la especulaci\u00f3n cumpliendo la Ley de la Cadena Alimentaria\"},{\"@type\":\"BreadcrumbList\",\"@id\":\"https:\/\/www.asajacyl.com\/valladolid\/asaja-valladolid-informa\/jornada-informativa-sobre-la-pac-2023-07-en-medina-del-campo#breadcrumb\",\"itemListElement\":[{\"@type\":\"ListItem\",\"position\":1,\"name\":\"Portada\",\"item\":\"https:\/\/www.asajacyl.com\/valladolid\/\"},{\"@type\":\"ListItem\",\"position\":2,\"name\":\"Medina del Campo acoge una Jornada Informativa sobre la PAC 2023-07\"}]},{\"@type\":\"WebSite\",\"@id\":\"https:\/\/www.asajacyl.com\/valladolid\/#website\",\"url\":\"https:\/\/www.asajacyl.com\/valladolid\/\",\"name\":\"ASAJA Valladolid\",\"description\":\"Otro sitio m\u00e1s de Provincias ASAJA Castilla y Le\u00f3n\",\"potentialAction\":[{\"@type\":\"SearchAction\",\"target\":{\"@type\":\"EntryPoint\",\"urlTemplate\":\"https:\/\/www.asajacyl.com\/valladolid\/?s={search_term_string}\"},\"query-input\":{\"@type\":\"PropertyValueSpecification\",\"valueRequired\":true,\"valueName\":\"search_term_string\"}}],\"inLanguage\":\"es\"},{\"@type\":\"Person\",\"@id\":\"https:\/\/www.asajacyl.com\/valladolid\/#\/schema\/person\/cf213adc3e576168b6850f7db054141e\",\"name\":\"Mar\u00eda Natividad\",\"image\":{\"@type\":\"ImageObject\",\"inLanguage\":\"es\",\"@id\":\"https:\/\/www.asajacyl.com\/valladolid\/#\/schema\/person\/image\/\",\"url\":\"https:\/\/secure.gravatar.com\/avatar\/7f7b3c840c2af79feac78f5eeffefc45?s=96&d=mm&r=g\",\"contentUrl\":\"https:\/\/secure.gravatar.com\/avatar\/7f7b3c840c2af79feac78f5eeffefc45?s=96&d=mm&r=g\",\"caption\":\"Mar\u00eda Natividad\"},\"url\":\"https:\/\/www.asajacyl.com\/valladolid\/author\/natividadhh\"}]}<\/script>\n<!-- \/ Yoast SEO plugin. -->","yoast_head_json":{"title":"Medina del Campo acoge una Jornada Informativa sobre la PAC 2023-07 - ASAJA Valladolid","description":"Jornada Informativa sobre la PAC 2023-07 en Medina del Campo. Esta conferencia tendr\u00e1 lugar este domingo 20 de febrero a las 12.00 horas en Centro Cultural Integrado Isabel la Cat\u00f3lica","robots":{"index":"index","follow":"follow","max-snippet":"max-snippet:-1","max-image-preview":"max-image-preview:large","max-video-preview":"max-video-preview:-1"},"canonical":"https:\/\/www.asajacyl.com\/valladolid\/asaja-valladolid-informa\/jornada-informativa-sobre-la-pac-2023-07-en-medina-del-campo","og_locale":"es_ES","og_type":"article","og_title":"Medina del Campo acoge una Jornada Informativa sobre la PAC 2023-07 - ASAJA Valladolid","og_description":"Jornada Informativa sobre la PAC 2023-07 en Medina del Campo. Esta conferencia tendr\u00e1 lugar este domingo 20 de febrero a las 12.00 horas en Centro Cultural Integrado Isabel la Cat\u00f3lica","og_url":"https:\/\/www.asajacyl.com\/valladolid\/asaja-valladolid-informa\/jornada-informativa-sobre-la-pac-2023-07-en-medina-del-campo","og_site_name":"ASAJA Valladolid","article_published_time":"2022-02-16T16:03:01+00:00","article_modified_time":"2022-02-25T11:41:36+00:00","og_image":[{"width":2500,"height":1671,"url":"https:\/\/www.asajacyl.com\/valladolid\/wp-content\/uploads\/sites\/2\/2020\/06\/cosechando-cereales.jpeg","type":"image\/jpeg"}],"author":"Mar\u00eda Natividad","twitter_card":"summary_large_image","twitter_misc":{"Escrito por":"Mar\u00eda Natividad","Tiempo de lectura":"2 minutos"},"schema":{"@context":"https:\/\/schema.org","@graph":[{"@type":"WebPage","@id":"https:\/\/www.asajacyl.com\/valladolid\/asaja-valladolid-informa\/jornada-informativa-sobre-la-pac-2023-07-en-medina-del-campo","url":"https:\/\/www.asajacyl.com\/valladolid\/asaja-valladolid-informa\/jornada-informativa-sobre-la-pac-2023-07-en-medina-del-campo","name":"Medina del Campo acoge una Jornada Informativa sobre la PAC 2023-07 - ASAJA Valladolid","isPartOf":{"@id":"https:\/\/www.asajacyl.com\/valladolid\/#website"},"primaryImageOfPage":{"@id":"https:\/\/www.asajacyl.com\/valladolid\/asaja-valladolid-informa\/jornada-informativa-sobre-la-pac-2023-07-en-medina-del-campo#primaryimage"},"image":{"@id":"https:\/\/www.asajacyl.com\/valladolid\/asaja-valladolid-informa\/jornada-informativa-sobre-la-pac-2023-07-en-medina-del-campo#primaryimage"},"thumbnailUrl":"https:\/\/www.asajacyl.com\/valladolid\/wp-content\/uploads\/sites\/2\/2020\/06\/cosechando-cereales.jpeg","datePublished":"2022-02-16T16:03:01+00:00","dateModified":"2022-02-25T11:41:36+00:00","author":{"@id":"https:\/\/www.asajacyl.com\/valladolid\/#\/schema\/person\/cf213adc3e576168b6850f7db054141e"},"description":"Jornada Informativa sobre la PAC 2023-07 en Medina del Campo. Esta conferencia tendr\u00e1 lugar este domingo 20 de febrero a las 12.00 horas en Centro Cultural Integrado Isabel la Cat\u00f3lica","breadcrumb":{"@id":"https:\/\/www.asajacyl.com\/valladolid\/asaja-valladolid-informa\/jornada-informativa-sobre-la-pac-2023-07-en-medina-del-campo#breadcrumb"},"inLanguage":"es","potentialAction":[{"@type":"ReadAction","target":["https:\/\/www.asajacyl.com\/valladolid\/asaja-valladolid-informa\/jornada-informativa-sobre-la-pac-2023-07-en-medina-del-campo"]}]},{"@type":"ImageObject","inLanguage":"es","@id":"https:\/\/www.asajacyl.com\/valladolid\/asaja-valladolid-informa\/jornada-informativa-sobre-la-pac-2023-07-en-medina-del-campo#primaryimage","url":"https:\/\/www.asajacyl.com\/valladolid\/wp-content\/uploads\/sites\/2\/2020\/06\/cosechando-cereales.jpeg","contentUrl":"https:\/\/www.asajacyl.com\/valladolid\/wp-content\/uploads\/sites\/2\/2020\/06\/cosechando-cereales.jpeg","width":2500,"height":1671,"caption":"ASAJA VALLADOLID clama por un precio justo para el cereal y que se ponga coto a la especulaci\u00f3n cumpliendo la Ley de la Cadena Alimentaria"},{"@type":"BreadcrumbList","@id":"https:\/\/www.asajacyl.com\/valladolid\/asaja-valladolid-informa\/jornada-informativa-sobre-la-pac-2023-07-en-medina-del-campo#breadcrumb","itemListElement":[{"@type":"ListItem","position":1,"name":"Portada","item":"https:\/\/www.asajacyl.com\/valladolid\/"},{"@type":"ListItem","position":2,"name":"Medina del Campo acoge una Jornada Informativa sobre la PAC 2023-07"}]},{"@type":"WebSite","@id":"https:\/\/www.asajacyl.com\/valladolid\/#website","url":"https:\/\/www.asajacyl.com\/valladolid\/","name":"ASAJA Valladolid","description":"Otro sitio m\u00e1s de Provincias ASAJA Castilla y Le\u00f3n","potentialAction":[{"@type":"SearchAction","target":{"@type":"EntryPoint","urlTemplate":"https:\/\/www.asajacyl.com\/valladolid\/?s={search_term_string}"},"query-input":{"@type":"PropertyValueSpecification","valueRequired":true,"valueName":"search_term_string"}}],"inLanguage":"es"},{"@type":"Person","@id":"https:\/\/www.asajacyl.com\/valladolid\/#\/schema\/person\/cf213adc3e576168b6850f7db054141e","name":"Mar\u00eda Natividad","image":{"@type":"ImageObject","inLanguage":"es","@id":"https:\/\/www.asajacyl.com\/valladolid\/#\/schema\/person\/image\/","url":"https:\/\/secure.gravatar.com\/avatar\/7f7b3c840c2af79feac78f5eeffefc45?s=96&d=mm&r=g","contentUrl":"https:\/\/secure.gravatar.com\/avatar\/7f7b3c840c2af79feac78f5eeffefc45?s=96&d=mm&r=g","caption":"Mar\u00eda Natividad"},"url":"https:\/\/www.asajacyl.com\/valladolid\/author\/natividadhh"}]}},"_links":{"self":[{"href":"https:\/\/www.asajacyl.com\/valladolid\/wp-json\/wp\/v2\/posts\/2671"}],"collection":[{"href":"https:\/\/www.asajacyl.com\/valladolid\/wp-json\/wp\/v2\/posts"}],"about":[{"href":"https:\/\/www.asajacyl.com\/valladolid\/wp-json\/wp\/v2\/types\/post"}],"author":[{"embeddable":true,"href":"https:\/\/www.asajacyl.com\/valladolid\/wp-json\/wp\/v2\/users\/13"}],"replies":[{"embeddable":true,"href":"https:\/\/www.asajacyl.com\/valladolid\/wp-json\/wp\/v2\/comments?post=2671"}],"version-history":[{"count":10,"href":"https:\/\/www.asajacyl.com\/valladolid\/wp-json\/wp\/v2\/posts\/2671\/revisions"}],"predecessor-version":[{"id":2696,"href":"https:\/\/www.asajacyl.com\/valladolid\/wp-json\/wp\/v2\/posts\/2671\/revisions\/2696"}],"wp:featuredmedia":[{"embeddable":true,"href":"https:\/\/www.asajacyl.com\/valladolid\/wp-json\/wp\/v2\/media\/2323"}],"wp:attachment":[{"href":"https:\/\/www.asajacyl.com\/valladolid\/wp-json\/wp\/v2\/media?parent=2671"}],"wp:term":[{"taxonomy":"category","embeddable":true,"href":"https:\/\/www.asajacyl.com\/valladolid\/wp-json\/wp\/v2\/categories?post=2671"},{"taxonomy":"post_tag","embeddable":true,"href":"https:\/\/www.asajacyl.com\/valladolid\/wp-json\/wp\/v2\/tags?post=2671"}],"curies":[{"name":"wp","href":"https:\/\/api.w.org\/{rel}","templated":true}]}}