{"id":2772,"date":"2022-05-27T12:26:14","date_gmt":"2022-05-27T10:26:14","guid":{"rendered":"https:\/\/www.asajacyl.com\/valladolid\/?p=2772"},"modified":"2023-05-02T19:03:49","modified_gmt":"2023-05-02T17:03:49","slug":"juan-ramon-alonso-reelegido-presidente-de-asaja-valladolid-por-aclamacion-para-los-proximos-5-anos","status":"publish","type":"post","link":"https:\/\/www.asajacyl.com\/valladolid\/asaja-valladolid-informa\/juan-ramon-alonso-reelegido-presidente-de-asaja-valladolid-por-aclamacion-para-los-proximos-5-anos","title":{"rendered":"Juan Ram\u00f3n Alonso, reelegido presidente de ASAJA Valladolid por aclamaci\u00f3n para los pr\u00f3ximos 5 a\u00f1os"},"content":{"rendered":"\n<p class=\"has-text-color\" style=\"color:#2ba300\"><strong>El agricultor riosecano afronta su segundo mandato al frente de esta organizaci\u00f3n con ilusi\u00f3n y el respaldo de los socios para dar un nuevo impulso a ASAJA Valladolid<\/strong><\/p>\n\n\n\n<p class=\"has-text-color\" style=\"color:#2ba300\"><strong>En esta primera etapa ha conseguido en un tiempo r\u00e9cord recuperar el prestigio y el patrimonio de la organizaci\u00f3n. Adem\u00e1s de una labor reivindicativa activa y pegada a las necesidades de los profesionales del campo<\/strong><\/p>\n\n\n\n<p>\u00a0 \u00a0<\/p>\n\n\n\n<p>\u201cCon ilusi\u00f3n, fuerza y el objetivo de dar un nuevo impulso a ASAJA Valladolid\u201d afronta Juan Ram\u00f3n Alonso su segundo mandato al frente de ASAJA Valladolid. Tras una primera etapa centrada en la recuperaci\u00f3n del prestigio y el patrimonio perdido de ASAJA Valladolid y una labor muy reivindicativa y cr\u00edtica con el poder, los socios de ASAJA han elegido de nuevo a este agricultor de Medina de Rioseco. Un mandato que tambi\u00e9n se ha caracterizado por el impulso de iniciativas solidarias como la realizadas por las mujeres de Asaja Valladolid durante la pandemia, elaborando material de protecci\u00f3n para el personal sanitario denominada \u201cBatas Solidarias\u201d. Adem\u00e1s de la realizaci\u00f3n de cursos y jornadas de formaci\u00f3n t\u00e9cnica para mejorar la preparaci\u00f3n de los profesionales del sector de Valladolid.<\/p>\n\n\n\n<p>La candidatura encabezada por Juan Ram\u00f3n Alonso Garc\u00eda fue elegida por aclamaci\u00f3n en la Asamblea General Extraordinaria Electoral celebrada esta ma\u00f1ana en Valladolid al ser la \u00fanica lista que se ha presentado a este proceso electoral. La nueva Junta Directiva de ASAJA Valladolid est\u00e1 formada por 16 miembros que representan a todas las zonas de la provincia de Valladolid. \u201cHay una mezcla tanto de j\u00f3venes como de personas con m\u00e1s experiencia y en la junta est\u00e1n personificados pr\u00e1cticamente todos sectores y cultivos de la provincia. Son hombres y mujeres preparados, comprometidos, que han dado un paso adelante para defender de manera decidida las reivindicaciones del campo y la ganader\u00eda\u201d, recalc\u00f3.&nbsp; &nbsp;<\/p>\n\n\n\n<p>Ram\u00f3n Alonso Garc\u00eda, conocido en el sector como \u201cMoncho\u201d quiere en este segundo mandato consolidar el trabajo realizado estos a\u00f1os y centrarse en el crecimiento de la organizaci\u00f3n. \u201cAfortunadamente hemos dejado atr\u00e1s pr\u00e1cticamente todos los procesos judiciales con el anterior presidente y despu\u00e9s de una \u00e9poca complicada queremos centrarnos en mejorar la situaci\u00f3n de los agricultores y ganaderos de Valladolid que es cr\u00edtica\u201d. Adem\u00e1s, prosigui\u00f3, \u201cqueremos crecer en n\u00famero de socios, servicios y ofrecer nuevas \u201cherramientas digitales\u201d para que los profesionales est\u00e9n m\u00e1s preparados para los desaf\u00edos de una agricultura y ganader\u00eda que tiene que ser sostenible, pero sobre todo rentable\u201d.<\/p>\n\n\n\n<figure class=\"wp-block-image size-large\"><img loading=\"lazy\" decoding=\"async\" width=\"1024\" height=\"684\" src=\"https:\/\/www.asajacyl.com\/valladolid\/wp-content\/uploads\/sites\/2\/2022\/05\/Pedro-Barato-y-Donaciano-Dujo-felicitan-a-Juan-Ramon-Alonso-1024x684.jpg\" alt=\"\" class=\"wp-image-2774\" srcset=\"https:\/\/www.asajacyl.com\/valladolid\/wp-content\/uploads\/sites\/2\/2022\/05\/Pedro-Barato-y-Donaciano-Dujo-felicitan-a-Juan-Ramon-Alonso-1024x684.jpg 1024w, https:\/\/www.asajacyl.com\/valladolid\/wp-content\/uploads\/sites\/2\/2022\/05\/Pedro-Barato-y-Donaciano-Dujo-felicitan-a-Juan-Ramon-Alonso-300x201.jpg 300w, https:\/\/www.asajacyl.com\/valladolid\/wp-content\/uploads\/sites\/2\/2022\/05\/Pedro-Barato-y-Donaciano-Dujo-felicitan-a-Juan-Ramon-Alonso-768x513.jpg 768w, https:\/\/www.asajacyl.com\/valladolid\/wp-content\/uploads\/sites\/2\/2022\/05\/Pedro-Barato-y-Donaciano-Dujo-felicitan-a-Juan-Ramon-Alonso-1536x1027.jpg 1536w, https:\/\/www.asajacyl.com\/valladolid\/wp-content\/uploads\/sites\/2\/2022\/05\/Pedro-Barato-y-Donaciano-Dujo-felicitan-a-Juan-Ramon-Alonso-2048x1369.jpg 2048w, https:\/\/www.asajacyl.com\/valladolid\/wp-content\/uploads\/sites\/2\/2022\/05\/Pedro-Barato-y-Donaciano-Dujo-felicitan-a-Juan-Ramon-Alonso-696x465.jpg 696w, https:\/\/www.asajacyl.com\/valladolid\/wp-content\/uploads\/sites\/2\/2022\/05\/Pedro-Barato-y-Donaciano-Dujo-felicitan-a-Juan-Ramon-Alonso-1068x714.jpg 1068w, https:\/\/www.asajacyl.com\/valladolid\/wp-content\/uploads\/sites\/2\/2022\/05\/Pedro-Barato-y-Donaciano-Dujo-felicitan-a-Juan-Ramon-Alonso-1920x1283.jpg 1920w, https:\/\/www.asajacyl.com\/valladolid\/wp-content\/uploads\/sites\/2\/2022\/05\/Pedro-Barato-y-Donaciano-Dujo-felicitan-a-Juan-Ramon-Alonso-628x420.jpg 628w\" sizes=\"(max-width: 1024px) 100vw, 1024px\" \/><\/figure>\n\n\n\n<p><strong>Se ha dado la vuelta a la situaci\u00f3n de ASAJA Valladolid<\/strong><\/p>\n\n\n\n<p>En s\u00f3lo 6 a\u00f1os, ASAJA Valladolid, de la mano de Juan Ram\u00f3n Alonso y todo el equipo t\u00e9cnico de trabajadores, junta directiva y socios, ha dado vuelta a una situaci\u00f3n muy dif\u00edcil con varios \u00e9xitos tanto a nivel reivindicativo, como econ\u00f3mico y electorales. ASAJA Valladolid, junto con la regional y el resto de las provincias han liderado las reivindicaciones del sector ganadero, la lucha contra conta los da\u00f1os de la fauna silvestre, los ataques en contra del sector, los atropellos promovidos por la CHD o la defensa de los derechos de los viticultores en los Consejos Reguladores. \u201cHemos estado con los ganaderos aqu\u00ed en Valladolid y otras provincias defendiendo un precio digno; organizamos conjuntamente con la Alianza la tractorada m\u00e1s multitudinaria tras la pandemia en Valladolid y movilizamos junto con cazadores y Juntas Agropecuarias Locales m\u00e1s de 12 autocares a la manifestaci\u00f3n de Madrid. Tambi\u00e9n logramos un \u00e9xito sin precedentes en las \u00faltimas elecciones a los Consejos Reguladores y defendimos los derechos de los regantes para que se permitiera la inscripci\u00f3n de los conocidos como \u201cPozos de Minas\u201d. Toda una l\u00ednea de trabajo que ha sido premiada por el sector y los socios de ASAJA Valladolid\u201d, explic\u00f3 Juan Ram\u00f3n Alonso.<\/p>\n\n\n\n<p>Entre los retos para estos pr\u00f3ximos a\u00f1os est\u00e1 conseguir unos precios razonables para los productos de nuestros agricultores y ganaderos, vigilar el cumplimiento de la Ley de la Cadena Alimentaria, defender las alegaciones presentadas al Plan Hidrol\u00f3gico del Duero 2022-2027 de la CHD y apostar por aplicaci\u00f3n de un IVA reducido para los carburantes y la luz que ahogan la rentabilidad de las explotaciones\u201d, recalc\u00f3.<\/p>\n\n\n\n<p><strong>El presidente de ASAJA, Pedro Barato<\/strong>, que acompa\u00f1\u00f3 a Moncho en su reelecci\u00f3n, coment\u00f3 que este segundo proyecto de la junta directiva de Juan Ram\u00f3n Alonso, que he tenido la oportunidad de conocer, es \u201cilusionante\u201d y nace con \u201cobjetivos ambiciosos\u201d y la idea muy clara de apoyar y defender a los agricultores y ganaderos de Valladolid. \u201cDando un impulso a la formaci\u00f3n y a unos servicios t\u00e9cnicos, m\u00e1s importantes que nunca, ante los desaf\u00edos de una agricultura y ganader\u00eda que debe ser estrat\u00e9gica para la Uni\u00f3n Europea\u201d.<\/p>\n\n\n\n<p>\u201cComo todos sab\u00e9is, atravesamos tiempos dif\u00edciles para el sector y necesitamos organizaciones profesionales fuertes para defendernos de tantos ataques como recibimos, muchos por parte de nuestro propio Gobierno. Tenemos que exigir, primero, respeto para este sector y despu\u00e9s soluciones a nuestros problemas, a los precios que soportamos, a la pol\u00edtica impositiva que tenemos, a las normas laborales que nos impiden desarrollar nuestra actividad; al dise\u00f1o de una PAC que penaliza a los profesionales\u2026 pese a todo, seguiremos ah\u00ed porque somos imprescindibles para la sociedad\u201d, recalc\u00f3 el presidente de ASAJA Nacional.<\/p>\n\n\n\n<p><strong>El presidente de ASAJA Castilla y Le\u00f3n, Donaciano Dujo,<\/strong> agradeci\u00f3 a Moncho y a toda la junta directiva su labor en estos a\u00f1os para lograr que ASAJA recuperara su prestigio y fortaleza en la provincia de Valladolid. Era una tarea muy dif\u00edcil que Moncho y su equipo han llevado con dignidad, lealtad y profesionalidad, defendiendo al sector tanto en la reivindicaci\u00f3n como en la prestaci\u00f3n de servicios, formaci\u00f3n e informaci\u00f3n. Ha sido una etapa muy dura, pero han logrado devolver la vitalidad y el respeto a las siglas de ASAJA, como demuestra el gran respaldo logrado en las recientes elecciones a consejos reguladores del vino\u201d.<\/p>\n\n\n\n<p>El presidente regional destac\u00f3 la profesionalidad de los agricultores y ganaderos de Valladolid, \u201cque necesitan una organizaci\u00f3n profesional fuerte e independiente, que respete la tradici\u00f3n y a la vez est\u00e9 abierta a la innovaci\u00f3n, abierta al futuro. Y hoy la tienen en ASAJA-Valladolid, que ha sabido estar en la protesta, en las tractoradas, y tambi\u00e9n en los servicios, con un n\u00famero creciente de afiliaciones, expedientes PAC, incorporaciones y seguros\u201d.<\/p>\n\n\n\n<p>\u201cEl modelo de la agricultura y ganader\u00eda de Valladolid, cien por cien profesional, es el modelo de ASAJA. Apostamos sin fisuras por una PAC profesional y productiva, con unos costes asumibles y no disparatados como los que estamos padeciendo. Una agricultura en la que el agua es un elemento fundamental, y ah\u00ed vamos a seguir luchando contra las limitaciones que se quieren imponer al regad\u00edo\u201d.<\/p>\n\n\n\n<p class=\"has-text-color\" style=\"color:#03a300\"><strong>Nueva Directiva de ASAJA Valladolid:<\/strong><\/p>\n\n\n\n<p><strong>PRESIDENTE<\/strong>: Juan Ram\u00f3n Alonso Garc\u00eda. (Medina de Rioseco).<\/p>\n\n\n\n<p><strong>VICEPRESIDENTE 1\u00ba:<\/strong> Francisco Jes\u00fas Lozano Cantalapiedra. (La Seca).<\/p>\n\n\n\n<p><strong>VICEPRESIDENTE 2\u00ba:<\/strong> Cesar Yuste Bomb\u00edn. (Castrillo de Duero).<\/p>\n\n\n\n<p><strong>VICEPRESIDENTE 3\u00ba:<\/strong> Jer\u00f3nimo Mart\u00edn Alonso. (Finca Monte Roc\u00edo \u2013 Villanubla).<\/p>\n\n\n\n<p><strong>TESORERO:<\/strong> Carlos Garrach\u00f3n Arias. (Sieteiglesias de Trabancos).<\/p>\n\n\n\n<p><strong>SECRETARIO:<\/strong> Jes\u00fas Fernando Garcia Mart\u00edn. (Campaspero).<\/p>\n\n\n\n<p><strong>VOCALES:<\/strong><\/p>\n\n\n\n<p>SAT Martipur. (Teresa Mart\u00ednez Puras). (Valdestillas).<\/p>\n\n\n\n<p>David Manso Rodriguez. (Villanueva de los Infantes).<\/p>\n\n\n\n<p>Julio Antonio L\u00f3pez de los Santos. (Valoria la Buena).<\/p>\n\n\n\n<p>\u00d3scar Carre\u00f1o Duran. (Matapozuelos).<\/p>\n\n\n\n<p>Iv\u00e1n Alonso Caballero (Alaejos).<\/p>\n\n\n\n<p>S.C.A La Estrella de San Juan. (Javier Medrano Rodr\u00edguez). (Tordesillas).<\/p>\n\n\n\n<p>Jos\u00e9 Mar\u00eda Rey Mambrilla. (Villafuerte de Esgueva).<\/p>\n\n\n\n<p>Antonio Torres Blanco. Villarmentero<\/p>\n\n\n\n<p>Raimundo Negro Hern\u00e1ndez. (Urue\u00f1a).<\/p>\n\n\n\n<p>Beatriz\u00a0 Rodr\u00edguez Gallego. (San Pedro de Latarce).<\/p>\n\n\n\n<figure class=\"wp-block-image size-large\"><img loading=\"lazy\" decoding=\"async\" width=\"1024\" height=\"684\" src=\"https:\/\/www.asajacyl.com\/valladolid\/wp-content\/uploads\/sites\/2\/2022\/05\/junta-y-trabajadores-1024x684.jpg\" alt=\"\" class=\"wp-image-2775\" srcset=\"https:\/\/www.asajacyl.com\/valladolid\/wp-content\/uploads\/sites\/2\/2022\/05\/junta-y-trabajadores-1024x684.jpg 1024w, https:\/\/www.asajacyl.com\/valladolid\/wp-content\/uploads\/sites\/2\/2022\/05\/junta-y-trabajadores-300x201.jpg 300w, https:\/\/www.asajacyl.com\/valladolid\/wp-content\/uploads\/sites\/2\/2022\/05\/junta-y-trabajadores-768x513.jpg 768w, https:\/\/www.asajacyl.com\/valladolid\/wp-content\/uploads\/sites\/2\/2022\/05\/junta-y-trabajadores-1536x1027.jpg 1536w, https:\/\/www.asajacyl.com\/valladolid\/wp-content\/uploads\/sites\/2\/2022\/05\/junta-y-trabajadores-2048x1369.jpg 2048w, https:\/\/www.asajacyl.com\/valladolid\/wp-content\/uploads\/sites\/2\/2022\/05\/junta-y-trabajadores-696x465.jpg 696w, https:\/\/www.asajacyl.com\/valladolid\/wp-content\/uploads\/sites\/2\/2022\/05\/junta-y-trabajadores-1068x714.jpg 1068w, https:\/\/www.asajacyl.com\/valladolid\/wp-content\/uploads\/sites\/2\/2022\/05\/junta-y-trabajadores-1920x1283.jpg 1920w, https:\/\/www.asajacyl.com\/valladolid\/wp-content\/uploads\/sites\/2\/2022\/05\/junta-y-trabajadores-628x420.jpg 628w\" sizes=\"(max-width: 1024px) 100vw, 1024px\" \/><\/figure>\n","protected":false},"excerpt":{"rendered":"<p>El agricultor riosecano afronta su segundo mandato al frente de esta organizaci\u00f3n con ilusi\u00f3n y el respaldo de los socios para dar un nuevo impulso a ASAJA Valladolid En esta primera etapa ha conseguido en un tiempo r\u00e9cord recuperar el prestigio y el patrimonio de la organizaci\u00f3n. Adem\u00e1s de una labor reivindicativa activa y pegada [&hellip;]<\/p>\n","protected":false},"author":13,"featured_media":2773,"comment_status":"open","ping_status":"open","sticky":false,"template":"","format":"standard","meta":{"footnotes":""},"categories":[8,9],"tags":[165,693,70,58,74,577,79,493,691,692,142,272,133],"yoast_head":"<!-- This site is optimized with the Yoast SEO plugin v24.5 - https:\/\/yoast.com\/wordpress\/plugins\/seo\/ -->\n<title>Juan Ram\u00f3n Alonso, reelegido presidente de ASAJA Valladolid por aclamaci\u00f3n para los pr\u00f3ximos 5 a\u00f1os - ASAJA Valladolid<\/title>\n<meta name=\"description\" content=\"Juan Ram\u00f3n Alonso, reelegido presidente de ASAJA Valladolid por aclamaci\u00f3n para los pr\u00f3ximos 5 a\u00f1os. El agricultor riosecano afronta su segundo mandato al frente de esta organizaci\u00f3n con ilusi\u00f3n y el respaldo de los socios para dar un nuevo impulso a ASAJA Valladolid\" \/>\n<meta name=\"robots\" content=\"index, follow, max-snippet:-1, max-image-preview:large, max-video-preview:-1\" \/>\n<link rel=\"canonical\" href=\"https:\/\/www.asajacyl.com\/valladolid\/asaja-valladolid-informa\/juan-ramon-alonso-reelegido-presidente-de-asaja-valladolid-por-aclamacion-para-los-proximos-5-anos\" \/>\n<meta property=\"og:locale\" content=\"es_ES\" \/>\n<meta property=\"og:type\" content=\"article\" \/>\n<meta property=\"og:title\" content=\"Juan Ram\u00f3n Alonso, reelegido presidente de ASAJA Valladolid por aclamaci\u00f3n para los pr\u00f3ximos 5 a\u00f1os - ASAJA Valladolid\" \/>\n<meta property=\"og:description\" content=\"Juan Ram\u00f3n Alonso, reelegido presidente de ASAJA Valladolid por aclamaci\u00f3n para los pr\u00f3ximos 5 a\u00f1os. El agricultor riosecano afronta su segundo mandato al frente de esta organizaci\u00f3n con ilusi\u00f3n y el respaldo de los socios para dar un nuevo impulso a ASAJA Valladolid\" \/>\n<meta property=\"og:url\" content=\"https:\/\/www.asajacyl.com\/valladolid\/asaja-valladolid-informa\/juan-ramon-alonso-reelegido-presidente-de-asaja-valladolid-por-aclamacion-para-los-proximos-5-anos\" \/>\n<meta property=\"og:site_name\" content=\"ASAJA Valladolid\" \/>\n<meta property=\"article:published_time\" content=\"2022-05-27T10:26:14+00:00\" \/>\n<meta property=\"article:modified_time\" content=\"2023-05-02T17:03:49+00:00\" \/>\n<meta property=\"og:image\" content=\"https:\/\/www.asajacyl.com\/valladolid\/wp-content\/uploads\/sites\/2\/2022\/05\/Nueva-Junta-Directiva-de-ASAJA-Valladolid.jpg\" \/>\n\t<meta property=\"og:image:width\" content=\"2500\" \/>\n\t<meta property=\"og:image:height\" content=\"1671\" \/>\n\t<meta property=\"og:image:type\" content=\"image\/jpeg\" \/>\n<meta name=\"author\" content=\"Mar\u00eda Natividad\" \/>\n<meta name=\"twitter:card\" content=\"summary_large_image\" \/>\n<meta name=\"twitter:label1\" content=\"Escrito por\" \/>\n\t<meta name=\"twitter:data1\" content=\"Mar\u00eda Natividad\" \/>\n\t<meta name=\"twitter:label2\" content=\"Tiempo de lectura\" \/>\n\t<meta name=\"twitter:data2\" content=\"6 minutos\" \/>\n<script type=\"application\/ld+json\" class=\"yoast-schema-graph\">{\"@context\":\"https:\/\/schema.org\",\"@graph\":[{\"@type\":\"WebPage\",\"@id\":\"https:\/\/www.asajacyl.com\/valladolid\/asaja-valladolid-informa\/juan-ramon-alonso-reelegido-presidente-de-asaja-valladolid-por-aclamacion-para-los-proximos-5-anos\",\"url\":\"https:\/\/www.asajacyl.com\/valladolid\/asaja-valladolid-informa\/juan-ramon-alonso-reelegido-presidente-de-asaja-valladolid-por-aclamacion-para-los-proximos-5-anos\",\"name\":\"Juan Ram\u00f3n Alonso, reelegido presidente de ASAJA Valladolid por aclamaci\u00f3n para los pr\u00f3ximos 5 a\u00f1os - ASAJA Valladolid\",\"isPartOf\":{\"@id\":\"https:\/\/www.asajacyl.com\/valladolid\/#website\"},\"primaryImageOfPage\":{\"@id\":\"https:\/\/www.asajacyl.com\/valladolid\/asaja-valladolid-informa\/juan-ramon-alonso-reelegido-presidente-de-asaja-valladolid-por-aclamacion-para-los-proximos-5-anos#primaryimage\"},\"image\":{\"@id\":\"https:\/\/www.asajacyl.com\/valladolid\/asaja-valladolid-informa\/juan-ramon-alonso-reelegido-presidente-de-asaja-valladolid-por-aclamacion-para-los-proximos-5-anos#primaryimage\"},\"thumbnailUrl\":\"https:\/\/www.asajacyl.com\/valladolid\/wp-content\/uploads\/sites\/2\/2022\/05\/Nueva-Junta-Directiva-de-ASAJA-Valladolid.jpg\",\"datePublished\":\"2022-05-27T10:26:14+00:00\",\"dateModified\":\"2023-05-02T17:03:49+00:00\",\"author\":{\"@id\":\"https:\/\/www.asajacyl.com\/valladolid\/#\/schema\/person\/cf213adc3e576168b6850f7db054141e\"},\"description\":\"Juan Ram\u00f3n Alonso, reelegido presidente de ASAJA Valladolid por aclamaci\u00f3n para los pr\u00f3ximos 5 a\u00f1os. El agricultor riosecano afronta su segundo mandato al frente de esta organizaci\u00f3n con ilusi\u00f3n y el respaldo de los socios para dar un nuevo impulso a ASAJA Valladolid\",\"breadcrumb\":{\"@id\":\"https:\/\/www.asajacyl.com\/valladolid\/asaja-valladolid-informa\/juan-ramon-alonso-reelegido-presidente-de-asaja-valladolid-por-aclamacion-para-los-proximos-5-anos#breadcrumb\"},\"inLanguage\":\"es\",\"potentialAction\":[{\"@type\":\"ReadAction\",\"target\":[\"https:\/\/www.asajacyl.com\/valladolid\/asaja-valladolid-informa\/juan-ramon-alonso-reelegido-presidente-de-asaja-valladolid-por-aclamacion-para-los-proximos-5-anos\"]}]},{\"@type\":\"ImageObject\",\"inLanguage\":\"es\",\"@id\":\"https:\/\/www.asajacyl.com\/valladolid\/asaja-valladolid-informa\/juan-ramon-alonso-reelegido-presidente-de-asaja-valladolid-por-aclamacion-para-los-proximos-5-anos#primaryimage\",\"url\":\"https:\/\/www.asajacyl.com\/valladolid\/wp-content\/uploads\/sites\/2\/2022\/05\/Nueva-Junta-Directiva-de-ASAJA-Valladolid.jpg\",\"contentUrl\":\"https:\/\/www.asajacyl.com\/valladolid\/wp-content\/uploads\/sites\/2\/2022\/05\/Nueva-Junta-Directiva-de-ASAJA-Valladolid.jpg\",\"width\":2500,\"height\":1671,\"caption\":\"Nueva Junta Directiva de ASAJA Valladolid\"},{\"@type\":\"BreadcrumbList\",\"@id\":\"https:\/\/www.asajacyl.com\/valladolid\/asaja-valladolid-informa\/juan-ramon-alonso-reelegido-presidente-de-asaja-valladolid-por-aclamacion-para-los-proximos-5-anos#breadcrumb\",\"itemListElement\":[{\"@type\":\"ListItem\",\"position\":1,\"name\":\"Portada\",\"item\":\"https:\/\/www.asajacyl.com\/valladolid\/\"},{\"@type\":\"ListItem\",\"position\":2,\"name\":\"Juan Ram\u00f3n Alonso, reelegido presidente de ASAJA Valladolid por aclamaci\u00f3n para los pr\u00f3ximos 5 a\u00f1os\"}]},{\"@type\":\"WebSite\",\"@id\":\"https:\/\/www.asajacyl.com\/valladolid\/#website\",\"url\":\"https:\/\/www.asajacyl.com\/valladolid\/\",\"name\":\"ASAJA Valladolid\",\"description\":\"Otro sitio m\u00e1s de Provincias ASAJA Castilla y Le\u00f3n\",\"potentialAction\":[{\"@type\":\"SearchAction\",\"target\":{\"@type\":\"EntryPoint\",\"urlTemplate\":\"https:\/\/www.asajacyl.com\/valladolid\/?s={search_term_string}\"},\"query-input\":{\"@type\":\"PropertyValueSpecification\",\"valueRequired\":true,\"valueName\":\"search_term_string\"}}],\"inLanguage\":\"es\"},{\"@type\":\"Person\",\"@id\":\"https:\/\/www.asajacyl.com\/valladolid\/#\/schema\/person\/cf213adc3e576168b6850f7db054141e\",\"name\":\"Mar\u00eda Natividad\",\"image\":{\"@type\":\"ImageObject\",\"inLanguage\":\"es\",\"@id\":\"https:\/\/www.asajacyl.com\/valladolid\/#\/schema\/person\/image\/\",\"url\":\"https:\/\/secure.gravatar.com\/avatar\/7f7b3c840c2af79feac78f5eeffefc45?s=96&d=mm&r=g\",\"contentUrl\":\"https:\/\/secure.gravatar.com\/avatar\/7f7b3c840c2af79feac78f5eeffefc45?s=96&d=mm&r=g\",\"caption\":\"Mar\u00eda Natividad\"},\"url\":\"https:\/\/www.asajacyl.com\/valladolid\/author\/natividadhh\"}]}<\/script>\n<!-- \/ Yoast SEO plugin. -->","yoast_head_json":{"title":"Juan Ram\u00f3n Alonso, reelegido presidente de ASAJA Valladolid por aclamaci\u00f3n para los pr\u00f3ximos 5 a\u00f1os - ASAJA Valladolid","description":"Juan Ram\u00f3n Alonso, reelegido presidente de ASAJA Valladolid por aclamaci\u00f3n para los pr\u00f3ximos 5 a\u00f1os. El agricultor riosecano afronta su segundo mandato al frente de esta organizaci\u00f3n con ilusi\u00f3n y el respaldo de los socios para dar un nuevo impulso a ASAJA Valladolid","robots":{"index":"index","follow":"follow","max-snippet":"max-snippet:-1","max-image-preview":"max-image-preview:large","max-video-preview":"max-video-preview:-1"},"canonical":"https:\/\/www.asajacyl.com\/valladolid\/asaja-valladolid-informa\/juan-ramon-alonso-reelegido-presidente-de-asaja-valladolid-por-aclamacion-para-los-proximos-5-anos","og_locale":"es_ES","og_type":"article","og_title":"Juan Ram\u00f3n Alonso, reelegido presidente de ASAJA Valladolid por aclamaci\u00f3n para los pr\u00f3ximos 5 a\u00f1os - ASAJA Valladolid","og_description":"Juan Ram\u00f3n Alonso, reelegido presidente de ASAJA Valladolid por aclamaci\u00f3n para los pr\u00f3ximos 5 a\u00f1os. El agricultor riosecano afronta su segundo mandato al frente de esta organizaci\u00f3n con ilusi\u00f3n y el respaldo de los socios para dar un nuevo impulso a ASAJA Valladolid","og_url":"https:\/\/www.asajacyl.com\/valladolid\/asaja-valladolid-informa\/juan-ramon-alonso-reelegido-presidente-de-asaja-valladolid-por-aclamacion-para-los-proximos-5-anos","og_site_name":"ASAJA Valladolid","article_published_time":"2022-05-27T10:26:14+00:00","article_modified_time":"2023-05-02T17:03:49+00:00","og_image":[{"width":2500,"height":1671,"url":"https:\/\/www.asajacyl.com\/valladolid\/wp-content\/uploads\/sites\/2\/2022\/05\/Nueva-Junta-Directiva-de-ASAJA-Valladolid.jpg","type":"image\/jpeg"}],"author":"Mar\u00eda Natividad","twitter_card":"summary_large_image","twitter_misc":{"Escrito por":"Mar\u00eda Natividad","Tiempo de lectura":"6 minutos"},"schema":{"@context":"https:\/\/schema.org","@graph":[{"@type":"WebPage","@id":"https:\/\/www.asajacyl.com\/valladolid\/asaja-valladolid-informa\/juan-ramon-alonso-reelegido-presidente-de-asaja-valladolid-por-aclamacion-para-los-proximos-5-anos","url":"https:\/\/www.asajacyl.com\/valladolid\/asaja-valladolid-informa\/juan-ramon-alonso-reelegido-presidente-de-asaja-valladolid-por-aclamacion-para-los-proximos-5-anos","name":"Juan Ram\u00f3n Alonso, reelegido presidente de ASAJA Valladolid por aclamaci\u00f3n para los pr\u00f3ximos 5 a\u00f1os - ASAJA Valladolid","isPartOf":{"@id":"https:\/\/www.asajacyl.com\/valladolid\/#website"},"primaryImageOfPage":{"@id":"https:\/\/www.asajacyl.com\/valladolid\/asaja-valladolid-informa\/juan-ramon-alonso-reelegido-presidente-de-asaja-valladolid-por-aclamacion-para-los-proximos-5-anos#primaryimage"},"image":{"@id":"https:\/\/www.asajacyl.com\/valladolid\/asaja-valladolid-informa\/juan-ramon-alonso-reelegido-presidente-de-asaja-valladolid-por-aclamacion-para-los-proximos-5-anos#primaryimage"},"thumbnailUrl":"https:\/\/www.asajacyl.com\/valladolid\/wp-content\/uploads\/sites\/2\/2022\/05\/Nueva-Junta-Directiva-de-ASAJA-Valladolid.jpg","datePublished":"2022-05-27T10:26:14+00:00","dateModified":"2023-05-02T17:03:49+00:00","author":{"@id":"https:\/\/www.asajacyl.com\/valladolid\/#\/schema\/person\/cf213adc3e576168b6850f7db054141e"},"description":"Juan Ram\u00f3n Alonso, reelegido presidente de ASAJA Valladolid por aclamaci\u00f3n para los pr\u00f3ximos 5 a\u00f1os. El agricultor riosecano afronta su segundo mandato al frente de esta organizaci\u00f3n con ilusi\u00f3n y el respaldo de los socios para dar un nuevo impulso a ASAJA Valladolid","breadcrumb":{"@id":"https:\/\/www.asajacyl.com\/valladolid\/asaja-valladolid-informa\/juan-ramon-alonso-reelegido-presidente-de-asaja-valladolid-por-aclamacion-para-los-proximos-5-anos#breadcrumb"},"inLanguage":"es","potentialAction":[{"@type":"ReadAction","target":["https:\/\/www.asajacyl.com\/valladolid\/asaja-valladolid-informa\/juan-ramon-alonso-reelegido-presidente-de-asaja-valladolid-por-aclamacion-para-los-proximos-5-anos"]}]},{"@type":"ImageObject","inLanguage":"es","@id":"https:\/\/www.asajacyl.com\/valladolid\/asaja-valladolid-informa\/juan-ramon-alonso-reelegido-presidente-de-asaja-valladolid-por-aclamacion-para-los-proximos-5-anos#primaryimage","url":"https:\/\/www.asajacyl.com\/valladolid\/wp-content\/uploads\/sites\/2\/2022\/05\/Nueva-Junta-Directiva-de-ASAJA-Valladolid.jpg","contentUrl":"https:\/\/www.asajacyl.com\/valladolid\/wp-content\/uploads\/sites\/2\/2022\/05\/Nueva-Junta-Directiva-de-ASAJA-Valladolid.jpg","width":2500,"height":1671,"caption":"Nueva Junta Directiva de ASAJA Valladolid"},{"@type":"BreadcrumbList","@id":"https:\/\/www.asajacyl.com\/valladolid\/asaja-valladolid-informa\/juan-ramon-alonso-reelegido-presidente-de-asaja-valladolid-por-aclamacion-para-los-proximos-5-anos#breadcrumb","itemListElement":[{"@type":"ListItem","position":1,"name":"Portada","item":"https:\/\/www.asajacyl.com\/valladolid\/"},{"@type":"ListItem","position":2,"name":"Juan Ram\u00f3n Alonso, reelegido presidente de ASAJA Valladolid por aclamaci\u00f3n para los pr\u00f3ximos 5 a\u00f1os"}]},{"@type":"WebSite","@id":"https:\/\/www.asajacyl.com\/valladolid\/#website","url":"https:\/\/www.asajacyl.com\/valladolid\/","name":"ASAJA Valladolid","description":"Otro sitio m\u00e1s de Provincias ASAJA Castilla y Le\u00f3n","potentialAction":[{"@type":"SearchAction","target":{"@type":"EntryPoint","urlTemplate":"https:\/\/www.asajacyl.com\/valladolid\/?s={search_term_string}"},"query-input":{"@type":"PropertyValueSpecification","valueRequired":true,"valueName":"search_term_string"}}],"inLanguage":"es"},{"@type":"Person","@id":"https:\/\/www.asajacyl.com\/valladolid\/#\/schema\/person\/cf213adc3e576168b6850f7db054141e","name":"Mar\u00eda Natividad","image":{"@type":"ImageObject","inLanguage":"es","@id":"https:\/\/www.asajacyl.com\/valladolid\/#\/schema\/person\/image\/","url":"https:\/\/secure.gravatar.com\/avatar\/7f7b3c840c2af79feac78f5eeffefc45?s=96&d=mm&r=g","contentUrl":"https:\/\/secure.gravatar.com\/avatar\/7f7b3c840c2af79feac78f5eeffefc45?s=96&d=mm&r=g","caption":"Mar\u00eda Natividad"},"url":"https:\/\/www.asajacyl.com\/valladolid\/author\/natividadhh"}]}},"_links":{"self":[{"href":"https:\/\/www.asajacyl.com\/valladolid\/wp-json\/wp\/v2\/posts\/2772"}],"collection":[{"href":"https:\/\/www.asajacyl.com\/valladolid\/wp-json\/wp\/v2\/posts"}],"about":[{"href":"https:\/\/www.asajacyl.com\/valladolid\/wp-json\/wp\/v2\/types\/post"}],"author":[{"embeddable":true,"href":"https:\/\/www.asajacyl.com\/valladolid\/wp-json\/wp\/v2\/users\/13"}],"replies":[{"embeddable":true,"href":"https:\/\/www.asajacyl.com\/valladolid\/wp-json\/wp\/v2\/comments?post=2772"}],"version-history":[{"count":1,"href":"https:\/\/www.asajacyl.com\/valladolid\/wp-json\/wp\/v2\/posts\/2772\/revisions"}],"predecessor-version":[{"id":2776,"href":"https:\/\/www.asajacyl.com\/valladolid\/wp-json\/wp\/v2\/posts\/2772\/revisions\/2776"}],"wp:featuredmedia":[{"embeddable":true,"href":"https:\/\/www.asajacyl.com\/valladolid\/wp-json\/wp\/v2\/media\/2773"}],"wp:attachment":[{"href":"https:\/\/www.asajacyl.com\/valladolid\/wp-json\/wp\/v2\/media?parent=2772"}],"wp:term":[{"taxonomy":"category","embeddable":true,"href":"https:\/\/www.asajacyl.com\/valladolid\/wp-json\/wp\/v2\/categories?post=2772"},{"taxonomy":"post_tag","embeddable":true,"href":"https:\/\/www.asajacyl.com\/valladolid\/wp-json\/wp\/v2\/tags?post=2772"}],"curies":[{"name":"wp","href":"https:\/\/api.w.org\/{rel}","templated":true}]}}