{"id":2781,"date":"2022-06-10T11:02:48","date_gmt":"2022-06-10T09:02:48","guid":{"rendered":"https:\/\/www.asajacyl.com\/valladolid\/?p=2781"},"modified":"2022-06-10T11:02:49","modified_gmt":"2022-06-10T09:02:49","slug":"el-15-de-junio-termina-el-plazo-para-asegurar-la-cosecha-de-cereales-de-invierno-frente-al-pedrisco-2","status":"publish","type":"post","link":"https:\/\/www.asajacyl.com\/valladolid\/asaja-valladolid-informa\/el-15-de-junio-termina-el-plazo-para-asegurar-la-cosecha-de-cereales-de-invierno-frente-al-pedrisco-2","title":{"rendered":"El 15 de junio termina el plazo para asegurar la cosecha de cereales de invierno frente al pedrisco"},"content":{"rendered":"\n<p class=\"has-text-color\" style=\"color:#00a30a\"><strong>Las tormentas de pedrisco son cada vez m\u00e1s habituales, tempranas y da\u00f1inas. Los fuertes granizos registrados entre 2017 y 2021 han provocado indemnizaciones  por valor de 165 millones de euros<\/strong><\/p>\n\n\n\n<h3 class=\"wp-block-heading\"><strong>&nbsp;<\/strong><strong>16,2 millones de toneladas de la actual cosecha de cereales, legumbres, oleaginosas o arroz ya cuentan con protecci\u00f3n del seguro agrario. Suponen 3.140 millones de euros de capital asegurado.<\/strong><\/h3>\n\n\n\n<p><strong>ASAJA VALLADOLID recuerda<\/strong> a los agricultores de cultivos herb\u00e1ceos que el plazo para proteger su cosecha de cereal de invierno, leguminosas y oleaginosas frente al pedrisco (m\u00f3dulo P del seguro agrario) <strong>termina el pr\u00f3ximo 15 de junio<\/strong>. Adem\u00e1s, hasta esa fecha tambi\u00e9n se pueden suscribir los m\u00f3dulos 1 y 2 de esos mismos cultivos en regad\u00edo, as\u00ed como los m\u00f3dulos complementarios de los seguros suscritos en oto\u00f1o de 2021.<\/p>\n\n\n\n<p>Actualmente, 16,2 millones de toneladas (3.140 millones de euros de capital asegurado) de la actual cosecha de cultivos herb\u00e1ceos ya cuentan con cobertura del seguro agrario, a trav\u00e9s de una p\u00f3liza en vigor. En los \u00faltimos a\u00f1os, la implantaci\u00f3n de este seguro ha superado el 75% de la producci\u00f3n nacional.<\/p>\n\n\n\n<p><strong>Graves da\u00f1os por pedrisco en los \u00faltimos a\u00f1os<\/strong><\/p>\n\n\n\n<p>Las tormentas de pedrisco son cada vez m\u00e1s habituales, tempranas y da\u00f1inas. De hecho, los fuertes granizos registrados entre 2017 y 2021 han provocado indemnizaciones para productores de cultivos herb\u00e1ceos por valor de 165 millones de euros. Por \u00e1mbito, la mayor parte de las indemnizaciones corresponden a productores asegurados en Castilla y Le\u00f3n (especialmente Burgos \u2013con m\u00e1s de 19 millones abonados\u2013, Le\u00f3n, Palencia, Soria y Valladolid), Arag\u00f3n y Castilla-La Mancha (principalmente Cuenca y Guadalajara).<\/p>\n\n\n\n<p>Adem\u00e1s, es importante recordar que el mes de junio de 2021 result\u00f3 complicado en toda la pen\u00ednsula, debido a las severas tormentas de pedrisco registradas, que dejaron indemnizaciones de m\u00e1s de 87 millones de euros. Del total, m\u00e1s de 32 millones se abonaron a productores asegurados de cereales. Especialmente agresivos resultaron los sucesivos pedriscos producidos entre el 14 y 18 de junio de 2021, con m\u00e1s de 140.000 parcelas da\u00f1adas en hasta 39 provincias. De todas ellas, La Rioja se llev\u00f3 la peor parte \u2013siniestros en vi\u00f1edo, cereal, pera y hortalizas, principalmente\u2013, con m\u00e1s de 11 millones de euros en indemnizaciones por los da\u00f1os registrados en 14.500 hect\u00e1reas y en apenas cinco d\u00edas.<\/p>\n\n\n\n<p><strong>Primeras tormentas de 2022: da\u00f1os importantes en Arag\u00f3n<\/strong><\/p>\n\n\n\n<p>Aunque el pedrisco ha aparecido de manera puntual durante los primeros meses de 2022, la pasada semana \u2013entre el jueves y el domingo\u2013 se han registrado las primeras tormentas graves, principalmente en explotaciones cerealistas de Arag\u00f3n, aunque los partes de siniestro recibidos tambi\u00e9n se extienden por Le\u00f3n, \u00c1vila o \u00c1lava, as\u00ed como de manera puntual por vi\u00f1edos asegurados en La Rioja. En total, la superficie siniestrada desde el pasado jueves supera las 34.000 hect\u00e1reas.<\/p>\n\n\n\n<p>En el caso de Arag\u00f3n, Agroseguro ha recibido partes de siniestro correspondientes a m\u00e1s de 29.000 hect\u00e1reas, principalmente parcelas aseguradas de cultivos herb\u00e1ceos, aunque los da\u00f1os se extienden, en menor medida, a otras producciones. La provincia de Huesca, con m\u00e1s de 20.000 hect\u00e1reas siniestradas, ha sido la m\u00e1s afectada.<\/p>\n\n\n\n<p class=\"has-text-color has-large-font-size\" style=\"color:#03a300\"><strong>Si todav\u00eda no has asegurado tu cosecha, acude nuestras oficinas, y suscribe tu p\u00f3liza con las mejores condiciones del mercado.<\/strong> <\/p>\n","protected":false},"excerpt":{"rendered":"<p>Las tormentas de pedrisco son cada vez m\u00e1s habituales, tempranas y da\u00f1inas. Los fuertes granizos registrados entre 2017 y 2021 han provocado indemnizaciones por valor de 165 millones de euros &nbsp;16,2 millones de toneladas de la actual cosecha de cereales, legumbres, oleaginosas o arroz ya cuentan con protecci\u00f3n del seguro agrario. Suponen 3.140 millones de [&hellip;]<\/p>\n","protected":false},"author":13,"featured_media":2782,"comment_status":"open","ping_status":"open","sticky":false,"template":"","format":"standard","meta":{"footnotes":""},"categories":[8,21,9,14,15,13],"tags":[70,58,270,310,66,485,63,700],"yoast_head":"<!-- This site is optimized with the Yoast SEO plugin v24.5 - https:\/\/yoast.com\/wordpress\/plugins\/seo\/ -->\n<title>El 15 de junio termina el plazo para asegurar la cosecha de cereales de invierno frente al pedrisco - ASAJA Valladolid<\/title>\n<meta name=\"description\" content=\"El 15 de junio termina el plazo para asegurar la cosecha de cereales de invierno frente al pedrisco, asegura ya tu cosecha con ASAJA VALLADOLID\" \/>\n<meta name=\"robots\" content=\"index, follow, max-snippet:-1, max-image-preview:large, max-video-preview:-1\" \/>\n<link rel=\"canonical\" href=\"https:\/\/www.asajacyl.com\/valladolid\/asaja-valladolid-informa\/el-15-de-junio-termina-el-plazo-para-asegurar-la-cosecha-de-cereales-de-invierno-frente-al-pedrisco-2\" \/>\n<meta property=\"og:locale\" content=\"es_ES\" \/>\n<meta property=\"og:type\" content=\"article\" \/>\n<meta property=\"og:title\" content=\"El 15 de junio termina el plazo para asegurar la cosecha de cereales de invierno frente al pedrisco - ASAJA Valladolid\" \/>\n<meta property=\"og:description\" content=\"El 15 de junio termina el plazo para asegurar la cosecha de cereales de invierno frente al pedrisco, asegura ya tu cosecha con ASAJA VALLADOLID\" \/>\n<meta property=\"og:url\" content=\"https:\/\/www.asajacyl.com\/valladolid\/asaja-valladolid-informa\/el-15-de-junio-termina-el-plazo-para-asegurar-la-cosecha-de-cereales-de-invierno-frente-al-pedrisco-2\" \/>\n<meta property=\"og:site_name\" content=\"ASAJA Valladolid\" \/>\n<meta property=\"article:published_time\" content=\"2022-06-10T09:02:48+00:00\" \/>\n<meta property=\"article:modified_time\" content=\"2022-06-10T09:02:49+00:00\" \/>\n<meta property=\"og:image\" content=\"https:\/\/www.asajacyl.com\/valladolid\/wp-content\/uploads\/sites\/2\/2022\/06\/hail-gd39a3bb64_1920.jpg\" \/>\n\t<meta property=\"og:image:width\" content=\"1920\" \/>\n\t<meta property=\"og:image:height\" content=\"1440\" \/>\n\t<meta property=\"og:image:type\" content=\"image\/jpeg\" \/>\n<meta name=\"author\" content=\"Mar\u00eda Natividad\" \/>\n<meta name=\"twitter:card\" content=\"summary_large_image\" \/>\n<meta name=\"twitter:label1\" content=\"Escrito por\" \/>\n\t<meta name=\"twitter:data1\" content=\"Mar\u00eda Natividad\" \/>\n\t<meta name=\"twitter:label2\" content=\"Tiempo de lectura\" \/>\n\t<meta name=\"twitter:data2\" content=\"3 minutos\" \/>\n<script type=\"application\/ld+json\" class=\"yoast-schema-graph\">{\"@context\":\"https:\/\/schema.org\",\"@graph\":[{\"@type\":\"WebPage\",\"@id\":\"https:\/\/www.asajacyl.com\/valladolid\/asaja-valladolid-informa\/el-15-de-junio-termina-el-plazo-para-asegurar-la-cosecha-de-cereales-de-invierno-frente-al-pedrisco-2\",\"url\":\"https:\/\/www.asajacyl.com\/valladolid\/asaja-valladolid-informa\/el-15-de-junio-termina-el-plazo-para-asegurar-la-cosecha-de-cereales-de-invierno-frente-al-pedrisco-2\",\"name\":\"El 15 de junio termina el plazo para asegurar la cosecha de cereales de invierno frente al pedrisco - ASAJA Valladolid\",\"isPartOf\":{\"@id\":\"https:\/\/www.asajacyl.com\/valladolid\/#website\"},\"primaryImageOfPage\":{\"@id\":\"https:\/\/www.asajacyl.com\/valladolid\/asaja-valladolid-informa\/el-15-de-junio-termina-el-plazo-para-asegurar-la-cosecha-de-cereales-de-invierno-frente-al-pedrisco-2#primaryimage\"},\"image\":{\"@id\":\"https:\/\/www.asajacyl.com\/valladolid\/asaja-valladolid-informa\/el-15-de-junio-termina-el-plazo-para-asegurar-la-cosecha-de-cereales-de-invierno-frente-al-pedrisco-2#primaryimage\"},\"thumbnailUrl\":\"https:\/\/www.asajacyl.com\/valladolid\/wp-content\/uploads\/sites\/2\/2022\/06\/hail-gd39a3bb64_1920.jpg\",\"datePublished\":\"2022-06-10T09:02:48+00:00\",\"dateModified\":\"2022-06-10T09:02:49+00:00\",\"author\":{\"@id\":\"https:\/\/www.asajacyl.com\/valladolid\/#\/schema\/person\/cf213adc3e576168b6850f7db054141e\"},\"description\":\"El 15 de junio termina el plazo para asegurar la cosecha de cereales de invierno frente al pedrisco, asegura ya tu cosecha con ASAJA VALLADOLID\",\"breadcrumb\":{\"@id\":\"https:\/\/www.asajacyl.com\/valladolid\/asaja-valladolid-informa\/el-15-de-junio-termina-el-plazo-para-asegurar-la-cosecha-de-cereales-de-invierno-frente-al-pedrisco-2#breadcrumb\"},\"inLanguage\":\"es\",\"potentialAction\":[{\"@type\":\"ReadAction\",\"target\":[\"https:\/\/www.asajacyl.com\/valladolid\/asaja-valladolid-informa\/el-15-de-junio-termina-el-plazo-para-asegurar-la-cosecha-de-cereales-de-invierno-frente-al-pedrisco-2\"]}]},{\"@type\":\"ImageObject\",\"inLanguage\":\"es\",\"@id\":\"https:\/\/www.asajacyl.com\/valladolid\/asaja-valladolid-informa\/el-15-de-junio-termina-el-plazo-para-asegurar-la-cosecha-de-cereales-de-invierno-frente-al-pedrisco-2#primaryimage\",\"url\":\"https:\/\/www.asajacyl.com\/valladolid\/wp-content\/uploads\/sites\/2\/2022\/06\/hail-gd39a3bb64_1920.jpg\",\"contentUrl\":\"https:\/\/www.asajacyl.com\/valladolid\/wp-content\/uploads\/sites\/2\/2022\/06\/hail-gd39a3bb64_1920.jpg\",\"width\":1920,\"height\":1440,\"caption\":\"El 15 de junio termina el plazo para asegurar la cosecha de cereales de invierno frente al pedrisco\"},{\"@type\":\"BreadcrumbList\",\"@id\":\"https:\/\/www.asajacyl.com\/valladolid\/asaja-valladolid-informa\/el-15-de-junio-termina-el-plazo-para-asegurar-la-cosecha-de-cereales-de-invierno-frente-al-pedrisco-2#breadcrumb\",\"itemListElement\":[{\"@type\":\"ListItem\",\"position\":1,\"name\":\"Portada\",\"item\":\"https:\/\/www.asajacyl.com\/valladolid\/\"},{\"@type\":\"ListItem\",\"position\":2,\"name\":\"El 15 de junio termina el plazo para asegurar la cosecha de cereales de invierno frente al pedrisco\"}]},{\"@type\":\"WebSite\",\"@id\":\"https:\/\/www.asajacyl.com\/valladolid\/#website\",\"url\":\"https:\/\/www.asajacyl.com\/valladolid\/\",\"name\":\"ASAJA Valladolid\",\"description\":\"Otro sitio m\u00e1s de Provincias ASAJA Castilla y Le\u00f3n\",\"potentialAction\":[{\"@type\":\"SearchAction\",\"target\":{\"@type\":\"EntryPoint\",\"urlTemplate\":\"https:\/\/www.asajacyl.com\/valladolid\/?s={search_term_string}\"},\"query-input\":{\"@type\":\"PropertyValueSpecification\",\"valueRequired\":true,\"valueName\":\"search_term_string\"}}],\"inLanguage\":\"es\"},{\"@type\":\"Person\",\"@id\":\"https:\/\/www.asajacyl.com\/valladolid\/#\/schema\/person\/cf213adc3e576168b6850f7db054141e\",\"name\":\"Mar\u00eda Natividad\",\"image\":{\"@type\":\"ImageObject\",\"inLanguage\":\"es\",\"@id\":\"https:\/\/www.asajacyl.com\/valladolid\/#\/schema\/person\/image\/\",\"url\":\"https:\/\/secure.gravatar.com\/avatar\/7f7b3c840c2af79feac78f5eeffefc45?s=96&d=mm&r=g\",\"contentUrl\":\"https:\/\/secure.gravatar.com\/avatar\/7f7b3c840c2af79feac78f5eeffefc45?s=96&d=mm&r=g\",\"caption\":\"Mar\u00eda Natividad\"},\"url\":\"https:\/\/www.asajacyl.com\/valladolid\/author\/natividadhh\"}]}<\/script>\n<!-- \/ Yoast SEO plugin. -->","yoast_head_json":{"title":"El 15 de junio termina el plazo para asegurar la cosecha de cereales de invierno frente al pedrisco - ASAJA Valladolid","description":"El 15 de junio termina el plazo para asegurar la cosecha de cereales de invierno frente al pedrisco, asegura ya tu cosecha con ASAJA VALLADOLID","robots":{"index":"index","follow":"follow","max-snippet":"max-snippet:-1","max-image-preview":"max-image-preview:large","max-video-preview":"max-video-preview:-1"},"canonical":"https:\/\/www.asajacyl.com\/valladolid\/asaja-valladolid-informa\/el-15-de-junio-termina-el-plazo-para-asegurar-la-cosecha-de-cereales-de-invierno-frente-al-pedrisco-2","og_locale":"es_ES","og_type":"article","og_title":"El 15 de junio termina el plazo para asegurar la cosecha de cereales de invierno frente al pedrisco - ASAJA Valladolid","og_description":"El 15 de junio termina el plazo para asegurar la cosecha de cereales de invierno frente al pedrisco, asegura ya tu cosecha con ASAJA VALLADOLID","og_url":"https:\/\/www.asajacyl.com\/valladolid\/asaja-valladolid-informa\/el-15-de-junio-termina-el-plazo-para-asegurar-la-cosecha-de-cereales-de-invierno-frente-al-pedrisco-2","og_site_name":"ASAJA Valladolid","article_published_time":"2022-06-10T09:02:48+00:00","article_modified_time":"2022-06-10T09:02:49+00:00","og_image":[{"width":1920,"height":1440,"url":"https:\/\/www.asajacyl.com\/valladolid\/wp-content\/uploads\/sites\/2\/2022\/06\/hail-gd39a3bb64_1920.jpg","type":"image\/jpeg"}],"author":"Mar\u00eda Natividad","twitter_card":"summary_large_image","twitter_misc":{"Escrito por":"Mar\u00eda Natividad","Tiempo de lectura":"3 minutos"},"schema":{"@context":"https:\/\/schema.org","@graph":[{"@type":"WebPage","@id":"https:\/\/www.asajacyl.com\/valladolid\/asaja-valladolid-informa\/el-15-de-junio-termina-el-plazo-para-asegurar-la-cosecha-de-cereales-de-invierno-frente-al-pedrisco-2","url":"https:\/\/www.asajacyl.com\/valladolid\/asaja-valladolid-informa\/el-15-de-junio-termina-el-plazo-para-asegurar-la-cosecha-de-cereales-de-invierno-frente-al-pedrisco-2","name":"El 15 de junio termina el plazo para asegurar la cosecha de cereales de invierno frente al pedrisco - ASAJA Valladolid","isPartOf":{"@id":"https:\/\/www.asajacyl.com\/valladolid\/#website"},"primaryImageOfPage":{"@id":"https:\/\/www.asajacyl.com\/valladolid\/asaja-valladolid-informa\/el-15-de-junio-termina-el-plazo-para-asegurar-la-cosecha-de-cereales-de-invierno-frente-al-pedrisco-2#primaryimage"},"image":{"@id":"https:\/\/www.asajacyl.com\/valladolid\/asaja-valladolid-informa\/el-15-de-junio-termina-el-plazo-para-asegurar-la-cosecha-de-cereales-de-invierno-frente-al-pedrisco-2#primaryimage"},"thumbnailUrl":"https:\/\/www.asajacyl.com\/valladolid\/wp-content\/uploads\/sites\/2\/2022\/06\/hail-gd39a3bb64_1920.jpg","datePublished":"2022-06-10T09:02:48+00:00","dateModified":"2022-06-10T09:02:49+00:00","author":{"@id":"https:\/\/www.asajacyl.com\/valladolid\/#\/schema\/person\/cf213adc3e576168b6850f7db054141e"},"description":"El 15 de junio termina el plazo para asegurar la cosecha de cereales de invierno frente al pedrisco, asegura ya tu cosecha con ASAJA VALLADOLID","breadcrumb":{"@id":"https:\/\/www.asajacyl.com\/valladolid\/asaja-valladolid-informa\/el-15-de-junio-termina-el-plazo-para-asegurar-la-cosecha-de-cereales-de-invierno-frente-al-pedrisco-2#breadcrumb"},"inLanguage":"es","potentialAction":[{"@type":"ReadAction","target":["https:\/\/www.asajacyl.com\/valladolid\/asaja-valladolid-informa\/el-15-de-junio-termina-el-plazo-para-asegurar-la-cosecha-de-cereales-de-invierno-frente-al-pedrisco-2"]}]},{"@type":"ImageObject","inLanguage":"es","@id":"https:\/\/www.asajacyl.com\/valladolid\/asaja-valladolid-informa\/el-15-de-junio-termina-el-plazo-para-asegurar-la-cosecha-de-cereales-de-invierno-frente-al-pedrisco-2#primaryimage","url":"https:\/\/www.asajacyl.com\/valladolid\/wp-content\/uploads\/sites\/2\/2022\/06\/hail-gd39a3bb64_1920.jpg","contentUrl":"https:\/\/www.asajacyl.com\/valladolid\/wp-content\/uploads\/sites\/2\/2022\/06\/hail-gd39a3bb64_1920.jpg","width":1920,"height":1440,"caption":"El 15 de junio termina el plazo para asegurar la cosecha de cereales de invierno frente al pedrisco"},{"@type":"BreadcrumbList","@id":"https:\/\/www.asajacyl.com\/valladolid\/asaja-valladolid-informa\/el-15-de-junio-termina-el-plazo-para-asegurar-la-cosecha-de-cereales-de-invierno-frente-al-pedrisco-2#breadcrumb","itemListElement":[{"@type":"ListItem","position":1,"name":"Portada","item":"https:\/\/www.asajacyl.com\/valladolid\/"},{"@type":"ListItem","position":2,"name":"El 15 de junio termina el plazo para asegurar la cosecha de cereales de invierno frente al pedrisco"}]},{"@type":"WebSite","@id":"https:\/\/www.asajacyl.com\/valladolid\/#website","url":"https:\/\/www.asajacyl.com\/valladolid\/","name":"ASAJA Valladolid","description":"Otro sitio m\u00e1s de Provincias ASAJA Castilla y Le\u00f3n","potentialAction":[{"@type":"SearchAction","target":{"@type":"EntryPoint","urlTemplate":"https:\/\/www.asajacyl.com\/valladolid\/?s={search_term_string}"},"query-input":{"@type":"PropertyValueSpecification","valueRequired":true,"valueName":"search_term_string"}}],"inLanguage":"es"},{"@type":"Person","@id":"https:\/\/www.asajacyl.com\/valladolid\/#\/schema\/person\/cf213adc3e576168b6850f7db054141e","name":"Mar\u00eda Natividad","image":{"@type":"ImageObject","inLanguage":"es","@id":"https:\/\/www.asajacyl.com\/valladolid\/#\/schema\/person\/image\/","url":"https:\/\/secure.gravatar.com\/avatar\/7f7b3c840c2af79feac78f5eeffefc45?s=96&d=mm&r=g","contentUrl":"https:\/\/secure.gravatar.com\/avatar\/7f7b3c840c2af79feac78f5eeffefc45?s=96&d=mm&r=g","caption":"Mar\u00eda Natividad"},"url":"https:\/\/www.asajacyl.com\/valladolid\/author\/natividadhh"}]}},"_links":{"self":[{"href":"https:\/\/www.asajacyl.com\/valladolid\/wp-json\/wp\/v2\/posts\/2781"}],"collection":[{"href":"https:\/\/www.asajacyl.com\/valladolid\/wp-json\/wp\/v2\/posts"}],"about":[{"href":"https:\/\/www.asajacyl.com\/valladolid\/wp-json\/wp\/v2\/types\/post"}],"author":[{"embeddable":true,"href":"https:\/\/www.asajacyl.com\/valladolid\/wp-json\/wp\/v2\/users\/13"}],"replies":[{"embeddable":true,"href":"https:\/\/www.asajacyl.com\/valladolid\/wp-json\/wp\/v2\/comments?post=2781"}],"version-history":[{"count":1,"href":"https:\/\/www.asajacyl.com\/valladolid\/wp-json\/wp\/v2\/posts\/2781\/revisions"}],"predecessor-version":[{"id":2783,"href":"https:\/\/www.asajacyl.com\/valladolid\/wp-json\/wp\/v2\/posts\/2781\/revisions\/2783"}],"wp:featuredmedia":[{"embeddable":true,"href":"https:\/\/www.asajacyl.com\/valladolid\/wp-json\/wp\/v2\/media\/2782"}],"wp:attachment":[{"href":"https:\/\/www.asajacyl.com\/valladolid\/wp-json\/wp\/v2\/media?parent=2781"}],"wp:term":[{"taxonomy":"category","embeddable":true,"href":"https:\/\/www.asajacyl.com\/valladolid\/wp-json\/wp\/v2\/categories?post=2781"},{"taxonomy":"post_tag","embeddable":true,"href":"https:\/\/www.asajacyl.com\/valladolid\/wp-json\/wp\/v2\/tags?post=2781"}],"curies":[{"name":"wp","href":"https:\/\/api.w.org\/{rel}","templated":true}]}}