{"id":2872,"date":"2022-10-17T17:12:58","date_gmt":"2022-10-17T15:12:58","guid":{"rendered":"https:\/\/www.asajacyl.com\/valladolid\/?p=2872"},"modified":"2022-10-17T17:12:59","modified_gmt":"2022-10-17T15:12:59","slug":"las-jornadas-de-la-pac-de-asaja-valladolid-llegan-a-cigales-este-martes-18","status":"publish","type":"post","link":"https:\/\/www.asajacyl.com\/valladolid\/asaja-valladolid-informa\/las-jornadas-de-la-pac-de-asaja-valladolid-llegan-a-cigales-este-martes-18","title":{"rendered":"Las jornadas de la PAC de ASAJA Valladolid llegan a Cigales este martes 18"},"content":{"rendered":"\n<p><span style=\"color:#15a300\" class=\"has-inline-color\"><strong>Este evento tendr\u00e1 lugar en el Teatro Las Pe\u00f1uelas de la localidad a partir de las 19.30 horas<\/strong>\u00a0<strong>en colaboraci\u00f3n con<\/strong> <strong>Fertinagro Biotech y CEAVALL<\/strong><\/span><\/p>\n\n\n\n<p>Las jornadas que ASAJA Valladolid est\u00e1 celebrando por toda la provincia sobre PAC, fertilizaci\u00f3n y fitosanitarios  llegan hoy este martes 18 de octubre a Cigales.<\/p>\n\n\n\n<p>La nueva PAC est\u00e1 generando muchas dudas y desde esta organizaci\u00f3n tanto nuestros t\u00e9cnicos, los mejores expertos en tramitaci\u00f3n de PAC, como los m\u00e1ximos responsables de la Administraci\u00f3n en Pol\u00edtica Agraria Comunitaria estamos haciendo un \u00abTour\u00bb por varios pueblos para resolveros algunas de las dudas que ten\u00e9is en estos momentos.<\/p>\n\n\n\n<p>Tras la charla celebrada en Ataquines, Villal\u00f3n de Campos y San Pedro de Latarce nuestras jornadas de PAC y fitosanitarios llegan al Teatro Las Pe\u00f1uelas de Cigales que nos acoger\u00e1 a partir de las 19.30 horas.<\/p>\n\n\n\n<p>La jornada arrancar\u00e1 con la inauguraci\u00f3n de\u00a0<strong>Luis Centeno<\/strong>, Responsable de ASAJA Valladolid en la D.O. Cigales.<\/p>\n\n\n\n<p>Tras la inauguraci\u00f3n, tomar\u00e1 la palabra en primer lugar<strong> Luis Felipe Fores, Adjunto al Director Regional de Fertinagro, que hablar\u00e1 sobre \u00abLa situaci\u00f3n y perspectivas de fertilizaci\u00f3n en Valladolid. La Tecnolog\u00eda AZON. Fijaci\u00f3n biol\u00f3gica del nitr\u00f3geno. <\/strong><\/p>\n\n\n\n<p>A continuaci\u00f3n, contaremos con la presencia de&nbsp;<strong>Natividad Hern\u00e1ndez<\/strong>, gerente de ASAJA Valladolid y Directora t\u00e9cnica de tramitaci\u00f3n de PAC de ASAJA Valladolid. Con m\u00e1s de 10 a\u00f1os de experiencia en la tramitaci\u00f3n de expedientes PAC es una de las personas m\u00e1s respetadas de su sector. En constante comunicaci\u00f3n con los responsables de la Administracion tanto regional como nacional, os comentar\u00e1 los aspectos m\u00e1s importantes de la Reforma de la PAC2023-2027 bajo el t\u00edtulo \u00abC\u00f3mo afectar\u00e1 la Reforma de la PAC a mi explotaci\u00f3n\u00bb.<\/p>\n\n\n\n<p>Hern\u00e1ndez, responder\u00e1 adem\u00e1s, a las dudas y preguntas que esta generando la pr\u00f3xima implantaci\u00f3n de esta pol\u00edtica agraria europea.<\/p>\n\n\n\n<p>El acto lo cerrar\u00e1, el presidente,&nbsp;<strong>Juan Ram\u00f3n Alonso<\/strong>, que comentar\u00e1 las \u00faltimas noticias surgidas del \u00faltimo Consejo Agrario celebrado en Valladolid.<\/p>\n\n\n\n<p>La jornada se cerrar\u00e1 con un\u00a0<strong>Vino Espa\u00f1ol\u00a0<\/strong>con productos t\u00edpicos de nuestra tierra.<\/p>\n\n\n\n<figure class=\"wp-block-image size-large\"><img loading=\"lazy\" decoding=\"async\" width=\"724\" height=\"1024\" src=\"https:\/\/www.asajacyl.com\/valladolid\/wp-content\/uploads\/sites\/2\/2022\/10\/jornada-cigales-imagen-724x1024.jpg\" alt=\"\" class=\"wp-image-2875\" srcset=\"https:\/\/www.asajacyl.com\/valladolid\/wp-content\/uploads\/sites\/2\/2022\/10\/jornada-cigales-imagen-724x1024.jpg 724w, https:\/\/www.asajacyl.com\/valladolid\/wp-content\/uploads\/sites\/2\/2022\/10\/jornada-cigales-imagen-212x300.jpg 212w, https:\/\/www.asajacyl.com\/valladolid\/wp-content\/uploads\/sites\/2\/2022\/10\/jornada-cigales-imagen-768x1086.jpg 768w, https:\/\/www.asajacyl.com\/valladolid\/wp-content\/uploads\/sites\/2\/2022\/10\/jornada-cigales-imagen-1086x1536.jpg 1086w, https:\/\/www.asajacyl.com\/valladolid\/wp-content\/uploads\/sites\/2\/2022\/10\/jornada-cigales-imagen-696x985.jpg 696w, https:\/\/www.asajacyl.com\/valladolid\/wp-content\/uploads\/sites\/2\/2022\/10\/jornada-cigales-imagen-1068x1511.jpg 1068w, https:\/\/www.asajacyl.com\/valladolid\/wp-content\/uploads\/sites\/2\/2022\/10\/jornada-cigales-imagen-297x420.jpg 297w, https:\/\/www.asajacyl.com\/valladolid\/wp-content\/uploads\/sites\/2\/2022\/10\/jornada-cigales-imagen.jpg 1240w\" sizes=\"(max-width: 724px) 100vw, 724px\" \/><\/figure>\n","protected":false},"excerpt":{"rendered":"<p>Este evento tendr\u00e1 lugar en el Teatro Las Pe\u00f1uelas de la localidad a partir de las 19.30 horas\u00a0en colaboraci\u00f3n con Fertinagro Biotech y CEAVALL Las jornadas que ASAJA Valladolid est\u00e1 celebrando por toda la provincia sobre PAC, fertilizaci\u00f3n y fitosanitarios llegan hoy este martes 18 de octubre a Cigales. La nueva PAC est\u00e1 generando muchas [&hellip;]<\/p>\n","protected":false},"author":13,"featured_media":2874,"comment_status":"open","ping_status":"open","sticky":false,"template":"","format":"standard","meta":{"footnotes":""},"categories":[8,21,28,9],"tags":[225,70,58,134,319,101,79,76,742,133],"yoast_head":"<!-- This site is optimized with the Yoast SEO plugin v24.5 - https:\/\/yoast.com\/wordpress\/plugins\/seo\/ -->\n<title>Las jornadas de la PAC de ASAJA Valladolid llegan a Cigales este martes 18 - ASAJA Valladolid<\/title>\n<meta name=\"description\" content=\"Las jornadas de la PAC de ASAJA Valladolid llegan a Cigales este martes 18. Este evento tendr\u00e1 lugar en el Teatro Las Pe\u00f1uelas de la localidad a partir de las 19.30 horas\u00a0en colaboraci\u00f3n con Fertinagro Biotech y CEAVALL\" \/>\n<meta name=\"robots\" content=\"index, follow, max-snippet:-1, max-image-preview:large, max-video-preview:-1\" \/>\n<link rel=\"canonical\" href=\"https:\/\/www.asajacyl.com\/valladolid\/asaja-valladolid-informa\/las-jornadas-de-la-pac-de-asaja-valladolid-llegan-a-cigales-este-martes-18\" \/>\n<meta property=\"og:locale\" content=\"es_ES\" \/>\n<meta property=\"og:type\" content=\"article\" \/>\n<meta property=\"og:title\" content=\"Las jornadas de la PAC de ASAJA Valladolid llegan a Cigales este martes 18 - ASAJA Valladolid\" \/>\n<meta property=\"og:description\" content=\"Las jornadas de la PAC de ASAJA Valladolid llegan a Cigales este martes 18. Este evento tendr\u00e1 lugar en el Teatro Las Pe\u00f1uelas de la localidad a partir de las 19.30 horas\u00a0en colaboraci\u00f3n con Fertinagro Biotech y CEAVALL\" \/>\n<meta property=\"og:url\" content=\"https:\/\/www.asajacyl.com\/valladolid\/asaja-valladolid-informa\/las-jornadas-de-la-pac-de-asaja-valladolid-llegan-a-cigales-este-martes-18\" \/>\n<meta property=\"og:site_name\" content=\"ASAJA Valladolid\" \/>\n<meta property=\"article:published_time\" content=\"2022-10-17T15:12:58+00:00\" \/>\n<meta property=\"article:modified_time\" content=\"2022-10-17T15:12:59+00:00\" \/>\n<meta property=\"og:image\" content=\"https:\/\/www.asajacyl.com\/valladolid\/wp-content\/uploads\/sites\/2\/2022\/10\/cigales.jpg\" \/>\n\t<meta property=\"og:image:width\" content=\"2500\" \/>\n\t<meta property=\"og:image:height\" content=\"1875\" \/>\n\t<meta property=\"og:image:type\" content=\"image\/jpeg\" \/>\n<meta name=\"author\" content=\"Mar\u00eda Natividad\" \/>\n<meta name=\"twitter:card\" content=\"summary_large_image\" \/>\n<meta name=\"twitter:label1\" content=\"Escrito por\" \/>\n\t<meta name=\"twitter:data1\" content=\"Mar\u00eda Natividad\" \/>\n\t<meta name=\"twitter:label2\" content=\"Tiempo de lectura\" \/>\n\t<meta name=\"twitter:data2\" content=\"2 minutos\" \/>\n<script type=\"application\/ld+json\" class=\"yoast-schema-graph\">{\"@context\":\"https:\/\/schema.org\",\"@graph\":[{\"@type\":\"WebPage\",\"@id\":\"https:\/\/www.asajacyl.com\/valladolid\/asaja-valladolid-informa\/las-jornadas-de-la-pac-de-asaja-valladolid-llegan-a-cigales-este-martes-18\",\"url\":\"https:\/\/www.asajacyl.com\/valladolid\/asaja-valladolid-informa\/las-jornadas-de-la-pac-de-asaja-valladolid-llegan-a-cigales-este-martes-18\",\"name\":\"Las jornadas de la PAC de ASAJA Valladolid llegan a Cigales este martes 18 - ASAJA Valladolid\",\"isPartOf\":{\"@id\":\"https:\/\/www.asajacyl.com\/valladolid\/#website\"},\"primaryImageOfPage\":{\"@id\":\"https:\/\/www.asajacyl.com\/valladolid\/asaja-valladolid-informa\/las-jornadas-de-la-pac-de-asaja-valladolid-llegan-a-cigales-este-martes-18#primaryimage\"},\"image\":{\"@id\":\"https:\/\/www.asajacyl.com\/valladolid\/asaja-valladolid-informa\/las-jornadas-de-la-pac-de-asaja-valladolid-llegan-a-cigales-este-martes-18#primaryimage\"},\"thumbnailUrl\":\"https:\/\/www.asajacyl.com\/valladolid\/wp-content\/uploads\/sites\/2\/2022\/10\/cigales.jpg\",\"datePublished\":\"2022-10-17T15:12:58+00:00\",\"dateModified\":\"2022-10-17T15:12:59+00:00\",\"author\":{\"@id\":\"https:\/\/www.asajacyl.com\/valladolid\/#\/schema\/person\/cf213adc3e576168b6850f7db054141e\"},\"description\":\"Las jornadas de la PAC de ASAJA Valladolid llegan a Cigales este martes 18. Este evento tendr\u00e1 lugar en el Teatro Las Pe\u00f1uelas de la localidad a partir de las 19.30 horas\u00a0en colaboraci\u00f3n con Fertinagro Biotech y CEAVALL\",\"breadcrumb\":{\"@id\":\"https:\/\/www.asajacyl.com\/valladolid\/asaja-valladolid-informa\/las-jornadas-de-la-pac-de-asaja-valladolid-llegan-a-cigales-este-martes-18#breadcrumb\"},\"inLanguage\":\"es\",\"potentialAction\":[{\"@type\":\"ReadAction\",\"target\":[\"https:\/\/www.asajacyl.com\/valladolid\/asaja-valladolid-informa\/las-jornadas-de-la-pac-de-asaja-valladolid-llegan-a-cigales-este-martes-18\"]}]},{\"@type\":\"ImageObject\",\"inLanguage\":\"es\",\"@id\":\"https:\/\/www.asajacyl.com\/valladolid\/asaja-valladolid-informa\/las-jornadas-de-la-pac-de-asaja-valladolid-llegan-a-cigales-este-martes-18#primaryimage\",\"url\":\"https:\/\/www.asajacyl.com\/valladolid\/wp-content\/uploads\/sites\/2\/2022\/10\/cigales.jpg\",\"contentUrl\":\"https:\/\/www.asajacyl.com\/valladolid\/wp-content\/uploads\/sites\/2\/2022\/10\/cigales.jpg\",\"width\":2500,\"height\":1875,\"caption\":\"OLYMPUS DIGITAL CAMERA\"},{\"@type\":\"BreadcrumbList\",\"@id\":\"https:\/\/www.asajacyl.com\/valladolid\/asaja-valladolid-informa\/las-jornadas-de-la-pac-de-asaja-valladolid-llegan-a-cigales-este-martes-18#breadcrumb\",\"itemListElement\":[{\"@type\":\"ListItem\",\"position\":1,\"name\":\"Portada\",\"item\":\"https:\/\/www.asajacyl.com\/valladolid\/\"},{\"@type\":\"ListItem\",\"position\":2,\"name\":\"Las jornadas de la PAC de ASAJA Valladolid llegan a Cigales este martes 18\"}]},{\"@type\":\"WebSite\",\"@id\":\"https:\/\/www.asajacyl.com\/valladolid\/#website\",\"url\":\"https:\/\/www.asajacyl.com\/valladolid\/\",\"name\":\"ASAJA Valladolid\",\"description\":\"Otro sitio m\u00e1s de Provincias ASAJA Castilla y Le\u00f3n\",\"potentialAction\":[{\"@type\":\"SearchAction\",\"target\":{\"@type\":\"EntryPoint\",\"urlTemplate\":\"https:\/\/www.asajacyl.com\/valladolid\/?s={search_term_string}\"},\"query-input\":{\"@type\":\"PropertyValueSpecification\",\"valueRequired\":true,\"valueName\":\"search_term_string\"}}],\"inLanguage\":\"es\"},{\"@type\":\"Person\",\"@id\":\"https:\/\/www.asajacyl.com\/valladolid\/#\/schema\/person\/cf213adc3e576168b6850f7db054141e\",\"name\":\"Mar\u00eda Natividad\",\"image\":{\"@type\":\"ImageObject\",\"inLanguage\":\"es\",\"@id\":\"https:\/\/www.asajacyl.com\/valladolid\/#\/schema\/person\/image\/\",\"url\":\"https:\/\/secure.gravatar.com\/avatar\/7f7b3c840c2af79feac78f5eeffefc45?s=96&d=mm&r=g\",\"contentUrl\":\"https:\/\/secure.gravatar.com\/avatar\/7f7b3c840c2af79feac78f5eeffefc45?s=96&d=mm&r=g\",\"caption\":\"Mar\u00eda Natividad\"},\"url\":\"https:\/\/www.asajacyl.com\/valladolid\/author\/natividadhh\"}]}<\/script>\n<!-- \/ Yoast SEO plugin. -->","yoast_head_json":{"title":"Las jornadas de la PAC de ASAJA Valladolid llegan a Cigales este martes 18 - ASAJA Valladolid","description":"Las jornadas de la PAC de ASAJA Valladolid llegan a Cigales este martes 18. Este evento tendr\u00e1 lugar en el Teatro Las Pe\u00f1uelas de la localidad a partir de las 19.30 horas\u00a0en colaboraci\u00f3n con Fertinagro Biotech y CEAVALL","robots":{"index":"index","follow":"follow","max-snippet":"max-snippet:-1","max-image-preview":"max-image-preview:large","max-video-preview":"max-video-preview:-1"},"canonical":"https:\/\/www.asajacyl.com\/valladolid\/asaja-valladolid-informa\/las-jornadas-de-la-pac-de-asaja-valladolid-llegan-a-cigales-este-martes-18","og_locale":"es_ES","og_type":"article","og_title":"Las jornadas de la PAC de ASAJA Valladolid llegan a Cigales este martes 18 - ASAJA Valladolid","og_description":"Las jornadas de la PAC de ASAJA Valladolid llegan a Cigales este martes 18. Este evento tendr\u00e1 lugar en el Teatro Las Pe\u00f1uelas de la localidad a partir de las 19.30 horas\u00a0en colaboraci\u00f3n con Fertinagro Biotech y CEAVALL","og_url":"https:\/\/www.asajacyl.com\/valladolid\/asaja-valladolid-informa\/las-jornadas-de-la-pac-de-asaja-valladolid-llegan-a-cigales-este-martes-18","og_site_name":"ASAJA Valladolid","article_published_time":"2022-10-17T15:12:58+00:00","article_modified_time":"2022-10-17T15:12:59+00:00","og_image":[{"width":2500,"height":1875,"url":"https:\/\/www.asajacyl.com\/valladolid\/wp-content\/uploads\/sites\/2\/2022\/10\/cigales.jpg","type":"image\/jpeg"}],"author":"Mar\u00eda Natividad","twitter_card":"summary_large_image","twitter_misc":{"Escrito por":"Mar\u00eda Natividad","Tiempo de lectura":"2 minutos"},"schema":{"@context":"https:\/\/schema.org","@graph":[{"@type":"WebPage","@id":"https:\/\/www.asajacyl.com\/valladolid\/asaja-valladolid-informa\/las-jornadas-de-la-pac-de-asaja-valladolid-llegan-a-cigales-este-martes-18","url":"https:\/\/www.asajacyl.com\/valladolid\/asaja-valladolid-informa\/las-jornadas-de-la-pac-de-asaja-valladolid-llegan-a-cigales-este-martes-18","name":"Las jornadas de la PAC de ASAJA Valladolid llegan a Cigales este martes 18 - ASAJA Valladolid","isPartOf":{"@id":"https:\/\/www.asajacyl.com\/valladolid\/#website"},"primaryImageOfPage":{"@id":"https:\/\/www.asajacyl.com\/valladolid\/asaja-valladolid-informa\/las-jornadas-de-la-pac-de-asaja-valladolid-llegan-a-cigales-este-martes-18#primaryimage"},"image":{"@id":"https:\/\/www.asajacyl.com\/valladolid\/asaja-valladolid-informa\/las-jornadas-de-la-pac-de-asaja-valladolid-llegan-a-cigales-este-martes-18#primaryimage"},"thumbnailUrl":"https:\/\/www.asajacyl.com\/valladolid\/wp-content\/uploads\/sites\/2\/2022\/10\/cigales.jpg","datePublished":"2022-10-17T15:12:58+00:00","dateModified":"2022-10-17T15:12:59+00:00","author":{"@id":"https:\/\/www.asajacyl.com\/valladolid\/#\/schema\/person\/cf213adc3e576168b6850f7db054141e"},"description":"Las jornadas de la PAC de ASAJA Valladolid llegan a Cigales este martes 18. Este evento tendr\u00e1 lugar en el Teatro Las Pe\u00f1uelas de la localidad a partir de las 19.30 horas\u00a0en colaboraci\u00f3n con Fertinagro Biotech y CEAVALL","breadcrumb":{"@id":"https:\/\/www.asajacyl.com\/valladolid\/asaja-valladolid-informa\/las-jornadas-de-la-pac-de-asaja-valladolid-llegan-a-cigales-este-martes-18#breadcrumb"},"inLanguage":"es","potentialAction":[{"@type":"ReadAction","target":["https:\/\/www.asajacyl.com\/valladolid\/asaja-valladolid-informa\/las-jornadas-de-la-pac-de-asaja-valladolid-llegan-a-cigales-este-martes-18"]}]},{"@type":"ImageObject","inLanguage":"es","@id":"https:\/\/www.asajacyl.com\/valladolid\/asaja-valladolid-informa\/las-jornadas-de-la-pac-de-asaja-valladolid-llegan-a-cigales-este-martes-18#primaryimage","url":"https:\/\/www.asajacyl.com\/valladolid\/wp-content\/uploads\/sites\/2\/2022\/10\/cigales.jpg","contentUrl":"https:\/\/www.asajacyl.com\/valladolid\/wp-content\/uploads\/sites\/2\/2022\/10\/cigales.jpg","width":2500,"height":1875,"caption":"OLYMPUS DIGITAL CAMERA"},{"@type":"BreadcrumbList","@id":"https:\/\/www.asajacyl.com\/valladolid\/asaja-valladolid-informa\/las-jornadas-de-la-pac-de-asaja-valladolid-llegan-a-cigales-este-martes-18#breadcrumb","itemListElement":[{"@type":"ListItem","position":1,"name":"Portada","item":"https:\/\/www.asajacyl.com\/valladolid\/"},{"@type":"ListItem","position":2,"name":"Las jornadas de la PAC de ASAJA Valladolid llegan a Cigales este martes 18"}]},{"@type":"WebSite","@id":"https:\/\/www.asajacyl.com\/valladolid\/#website","url":"https:\/\/www.asajacyl.com\/valladolid\/","name":"ASAJA Valladolid","description":"Otro sitio m\u00e1s de Provincias ASAJA Castilla y Le\u00f3n","potentialAction":[{"@type":"SearchAction","target":{"@type":"EntryPoint","urlTemplate":"https:\/\/www.asajacyl.com\/valladolid\/?s={search_term_string}"},"query-input":{"@type":"PropertyValueSpecification","valueRequired":true,"valueName":"search_term_string"}}],"inLanguage":"es"},{"@type":"Person","@id":"https:\/\/www.asajacyl.com\/valladolid\/#\/schema\/person\/cf213adc3e576168b6850f7db054141e","name":"Mar\u00eda Natividad","image":{"@type":"ImageObject","inLanguage":"es","@id":"https:\/\/www.asajacyl.com\/valladolid\/#\/schema\/person\/image\/","url":"https:\/\/secure.gravatar.com\/avatar\/7f7b3c840c2af79feac78f5eeffefc45?s=96&d=mm&r=g","contentUrl":"https:\/\/secure.gravatar.com\/avatar\/7f7b3c840c2af79feac78f5eeffefc45?s=96&d=mm&r=g","caption":"Mar\u00eda Natividad"},"url":"https:\/\/www.asajacyl.com\/valladolid\/author\/natividadhh"}]}},"_links":{"self":[{"href":"https:\/\/www.asajacyl.com\/valladolid\/wp-json\/wp\/v2\/posts\/2872"}],"collection":[{"href":"https:\/\/www.asajacyl.com\/valladolid\/wp-json\/wp\/v2\/posts"}],"about":[{"href":"https:\/\/www.asajacyl.com\/valladolid\/wp-json\/wp\/v2\/types\/post"}],"author":[{"embeddable":true,"href":"https:\/\/www.asajacyl.com\/valladolid\/wp-json\/wp\/v2\/users\/13"}],"replies":[{"embeddable":true,"href":"https:\/\/www.asajacyl.com\/valladolid\/wp-json\/wp\/v2\/comments?post=2872"}],"version-history":[{"count":2,"href":"https:\/\/www.asajacyl.com\/valladolid\/wp-json\/wp\/v2\/posts\/2872\/revisions"}],"predecessor-version":[{"id":2876,"href":"https:\/\/www.asajacyl.com\/valladolid\/wp-json\/wp\/v2\/posts\/2872\/revisions\/2876"}],"wp:featuredmedia":[{"embeddable":true,"href":"https:\/\/www.asajacyl.com\/valladolid\/wp-json\/wp\/v2\/media\/2874"}],"wp:attachment":[{"href":"https:\/\/www.asajacyl.com\/valladolid\/wp-json\/wp\/v2\/media?parent=2872"}],"wp:term":[{"taxonomy":"category","embeddable":true,"href":"https:\/\/www.asajacyl.com\/valladolid\/wp-json\/wp\/v2\/categories?post=2872"},{"taxonomy":"post_tag","embeddable":true,"href":"https:\/\/www.asajacyl.com\/valladolid\/wp-json\/wp\/v2\/tags?post=2872"}],"curies":[{"name":"wp","href":"https:\/\/api.w.org\/{rel}","templated":true}]}}