{"id":3233,"date":"2023-11-02T13:36:56","date_gmt":"2023-11-02T12:36:56","guid":{"rendered":"https:\/\/www.asajacyl.com\/valladolid\/?p=3233"},"modified":"2023-11-02T13:39:09","modified_gmt":"2023-11-02T12:39:09","slug":"comienza-el-plazo-de-suscripcion-del-seguro-de-uva-de-vino","status":"publish","type":"post","link":"https:\/\/www.asajacyl.com\/valladolid\/asaja-valladolid-informa\/comienza-el-plazo-de-suscripcion-del-seguro-de-uva-de-vino","title":{"rendered":"Comienza el plazo de suscripci\u00f3n del seguro de uva de vino"},"content":{"rendered":"\n<p><em>Los m\u00f3dulos de oto\u00f1o incluyen la cobertura de los riesgos que m\u00e1s frecuentemente sufre el vi\u00f1edo, entre ellos la helada y el pedrisco.<\/em><\/p>\n\n\n\n<p>El 1 de noviembre comenz\u00f3 el plazo de suscripci\u00f3n de los m\u00f3dulos de oto\u00f1o del seguro de uva de vino para la campa\u00f1a 2024, las opciones de aseguramiento que incluyen la cobertura de riesgos m\u00e1s completa, entre ellos la helada, el pedrisco o la falta de precipitaciones en el vi\u00f1edo de secano, responsables de los principales siniestros de la \u00faltima campa\u00f1a.<\/p>\n\n\n\n<p>Para atender la solicitud realizada por el sector, el Plan 2023 del seguro de uva de vino (cosecha 2024) ha retrasado el inicio del periodo de suscripci\u00f3n al 1 de noviembre, una novedad que permite tramitar las p\u00f3lizas ya con la vendimia de la campa\u00f1a anterior terminada. La suscripci\u00f3n de los m\u00f3dulos de oto\u00f1o se podr\u00e1 realizar hasta el pr\u00f3ximo 20 de diciembre.&nbsp;<\/p>\n\n\n\n<p>Las cifras de aseguramiento de la campa\u00f1a 2023 se han cerrado con casi 30.000 p\u00f3lizas contratadas, que ofrecieron cobertura a casi 3,3 millones de toneladas de uva de vino, la misma producci\u00f3n asegurada que en la cosecha anterior. El capital asegurado por el seguro agrario creci\u00f3 un 2% en 2023 hasta alcanzar los 1.156 millones de euros.<\/p>\n\n\n\n<blockquote class=\"wp-block-quote is-layout-flow wp-block-quote-is-layout-flow\">\n<blockquote class=\"wp-block-quote is-layout-flow wp-block-quote-is-layout-flow\">\n<p>\u00abacude a t\u00fa oficina de ASAJA VALLADOLID y p\u00eddenos presupuesto\u00bb<\/p>\n<\/blockquote>\n<\/blockquote>\n\n\n\n<p>El cultivo de uva de vino se reparte por toda Espa\u00f1a y alcanza importantes cifras de aseguramiento en numerosas comunidades aut\u00f3nomas, con especial relevancia del vi\u00f1edo asegurado en Castilla-La Mancha (448 millones de capital asegurado en 2023), La Rioja (144 millones), Castilla y Le\u00f3n (143 millones), Catalu\u00f1a (91 millones), Extremadura (75 millones), Comunidad Valenciana (61 millones), Pa\u00eds Vasco (53 millones), Arag\u00f3n (46 millones), Navarra (38 millones) y Galicia (28 millones). La superficie asegurada total sum\u00f3 393.000 hect\u00e1reas.<\/p>\n\n\n\n<p><strong>Campa\u00f1a 2023 de uva de vino: elevada siniestralidad<\/strong><\/p>\n\n\n\n<p>La siniestralidad ha estado marcada por las constantes tormentas de pedrisco ocurridas entre los meses de mayo y junio y las reiteradas DANA del mes de septiembre. Adem\u00e1s, tambi\u00e9n se han registrado da\u00f1os por helada y sequ\u00eda (especialmente en el vi\u00f1edo de secano de Catalu\u00f1a), as\u00ed como por marchitez fisiol\u00f3gica, un riesgo poco habitual que se ha manifestado en vi\u00f1edos de la variedad <em>bobal<\/em> de Castilla-La Mancha y la Comunidad Valenciana debido a la inestabilidad atmosf\u00e9rica del mes de junio: temperaturas suaves, nubosidad y abundante humedad.<\/p>\n\n\n\n<p>Los numerosos siniestros registrados han elevado las indemnizaciones para los viticultores asegurados hasta los 108 millones de euros, con m\u00e1s del 80% ya abonado a esta fecha. Las mayores cuant\u00edas corresponden a siniestros registrados en Castilla-La Mancha (30,3 millones), Castilla y Le\u00f3n (19,8 millones), Catalu\u00f1a (18,5 millones), La Rioja (15,4 millones), Comunidad Valenciana (7,5 millones) y Extremadura (6,5 millones). El resto, hasta completar el total, corresponden a productores asegurados en el resto de zonas productoras.<\/p>\n\n\n\n<p>Con la vendimia terminada, la superficie siniestrada total ha superado las 260.000 hect\u00e1reas, lo que se traduce en siniestros registrados en dos de cada tres hect\u00e1reas aseguradas.<\/p>\n","protected":false},"excerpt":{"rendered":"<p>Los m\u00f3dulos de oto\u00f1o incluyen la cobertura de los riesgos que m\u00e1s frecuentemente sufre el vi\u00f1edo, entre ellos la helada y el pedrisco. El 1 de noviembre comenz\u00f3 el plazo de suscripci\u00f3n de los m\u00f3dulos de oto\u00f1o del seguro de uva de vino para la campa\u00f1a 2024, las opciones de aseguramiento que incluyen la cobertura [&hellip;]<\/p>\n","protected":false},"author":13,"featured_media":1313,"comment_status":"open","ping_status":"open","sticky":false,"template":"","format":"standard","meta":{"footnotes":""},"categories":[8,21,9,15],"tags":[70,58,874,63,875,343],"yoast_head":"<!-- This site is optimized with the Yoast SEO plugin v24.5 - https:\/\/yoast.com\/wordpress\/plugins\/seo\/ -->\n<title>Comienza el plazo de suscripci\u00f3n del seguro de uva de vino - ASAJA Valladolid<\/title>\n<meta name=\"description\" content=\"Comienza el plazo de suscripci\u00f3n del seguro de uva de vino. Los m\u00f3dulos de oto\u00f1o incluyen la cobertura de los riesgos que m\u00e1s frecuentemente sufre el vi\u00f1edo, entre ellos la helada y el pedrisco.\" \/>\n<meta name=\"robots\" content=\"index, follow, max-snippet:-1, max-image-preview:large, max-video-preview:-1\" \/>\n<link rel=\"canonical\" href=\"https:\/\/www.asajacyl.com\/valladolid\/asaja-valladolid-informa\/comienza-el-plazo-de-suscripcion-del-seguro-de-uva-de-vino\" \/>\n<meta property=\"og:locale\" content=\"es_ES\" \/>\n<meta property=\"og:type\" content=\"article\" \/>\n<meta property=\"og:title\" content=\"Comienza el plazo de suscripci\u00f3n del seguro de uva de vino - ASAJA Valladolid\" \/>\n<meta property=\"og:description\" content=\"Comienza el plazo de suscripci\u00f3n del seguro de uva de vino. Los m\u00f3dulos de oto\u00f1o incluyen la cobertura de los riesgos que m\u00e1s frecuentemente sufre el vi\u00f1edo, entre ellos la helada y el pedrisco.\" \/>\n<meta property=\"og:url\" content=\"https:\/\/www.asajacyl.com\/valladolid\/asaja-valladolid-informa\/comienza-el-plazo-de-suscripcion-del-seguro-de-uva-de-vino\" \/>\n<meta property=\"og:site_name\" content=\"ASAJA Valladolid\" \/>\n<meta property=\"article:published_time\" content=\"2023-11-02T12:36:56+00:00\" \/>\n<meta property=\"article:modified_time\" content=\"2023-11-02T12:39:09+00:00\" \/>\n<meta property=\"og:image\" content=\"https:\/\/www.asajacyl.com\/valladolid\/wp-content\/uploads\/sites\/2\/2017\/12\/El-20-de-diciembre-finalizan-los-periodos-de-suscripci\u00f3n-de-uva-de-vino-y-cultivos-herb\u00e1ceos.JPEG.jpg\" \/>\n\t<meta property=\"og:image:width\" content=\"1920\" \/>\n\t<meta property=\"og:image:height\" content=\"1280\" \/>\n\t<meta property=\"og:image:type\" content=\"image\/jpeg\" \/>\n<meta name=\"author\" content=\"Mar\u00eda Natividad\" \/>\n<meta name=\"twitter:card\" content=\"summary_large_image\" \/>\n<meta name=\"twitter:label1\" content=\"Escrito por\" \/>\n\t<meta name=\"twitter:data1\" content=\"Mar\u00eda Natividad\" \/>\n\t<meta name=\"twitter:label2\" content=\"Tiempo de lectura\" \/>\n\t<meta name=\"twitter:data2\" content=\"3 minutos\" \/>\n<script type=\"application\/ld+json\" class=\"yoast-schema-graph\">{\"@context\":\"https:\/\/schema.org\",\"@graph\":[{\"@type\":\"WebPage\",\"@id\":\"https:\/\/www.asajacyl.com\/valladolid\/asaja-valladolid-informa\/comienza-el-plazo-de-suscripcion-del-seguro-de-uva-de-vino\",\"url\":\"https:\/\/www.asajacyl.com\/valladolid\/asaja-valladolid-informa\/comienza-el-plazo-de-suscripcion-del-seguro-de-uva-de-vino\",\"name\":\"Comienza el plazo de suscripci\u00f3n del seguro de uva de vino - ASAJA Valladolid\",\"isPartOf\":{\"@id\":\"https:\/\/www.asajacyl.com\/valladolid\/#website\"},\"primaryImageOfPage\":{\"@id\":\"https:\/\/www.asajacyl.com\/valladolid\/asaja-valladolid-informa\/comienza-el-plazo-de-suscripcion-del-seguro-de-uva-de-vino#primaryimage\"},\"image\":{\"@id\":\"https:\/\/www.asajacyl.com\/valladolid\/asaja-valladolid-informa\/comienza-el-plazo-de-suscripcion-del-seguro-de-uva-de-vino#primaryimage\"},\"thumbnailUrl\":\"https:\/\/www.asajacyl.com\/valladolid\/wp-content\/uploads\/sites\/2\/2017\/12\/El-20-de-diciembre-finalizan-los-periodos-de-suscripci\u00f3n-de-uva-de-vino-y-cultivos-herb\u00e1ceos.JPEG.jpg\",\"datePublished\":\"2023-11-02T12:36:56+00:00\",\"dateModified\":\"2023-11-02T12:39:09+00:00\",\"author\":{\"@id\":\"https:\/\/www.asajacyl.com\/valladolid\/#\/schema\/person\/cf213adc3e576168b6850f7db054141e\"},\"description\":\"Comienza el plazo de suscripci\u00f3n del seguro de uva de vino. Los m\u00f3dulos de oto\u00f1o incluyen la cobertura de los riesgos que m\u00e1s frecuentemente sufre el vi\u00f1edo, entre ellos la helada y el pedrisco.\",\"breadcrumb\":{\"@id\":\"https:\/\/www.asajacyl.com\/valladolid\/asaja-valladolid-informa\/comienza-el-plazo-de-suscripcion-del-seguro-de-uva-de-vino#breadcrumb\"},\"inLanguage\":\"es\",\"potentialAction\":[{\"@type\":\"ReadAction\",\"target\":[\"https:\/\/www.asajacyl.com\/valladolid\/asaja-valladolid-informa\/comienza-el-plazo-de-suscripcion-del-seguro-de-uva-de-vino\"]}]},{\"@type\":\"ImageObject\",\"inLanguage\":\"es\",\"@id\":\"https:\/\/www.asajacyl.com\/valladolid\/asaja-valladolid-informa\/comienza-el-plazo-de-suscripcion-del-seguro-de-uva-de-vino#primaryimage\",\"url\":\"https:\/\/www.asajacyl.com\/valladolid\/wp-content\/uploads\/sites\/2\/2017\/12\/El-20-de-diciembre-finalizan-los-periodos-de-suscripci\u00f3n-de-uva-de-vino-y-cultivos-herb\u00e1ceos.JPEG.jpg\",\"contentUrl\":\"https:\/\/www.asajacyl.com\/valladolid\/wp-content\/uploads\/sites\/2\/2017\/12\/El-20-de-diciembre-finalizan-los-periodos-de-suscripci\u00f3n-de-uva-de-vino-y-cultivos-herb\u00e1ceos.JPEG.jpg\",\"width\":1920,\"height\":1280,\"caption\":\"El 20 de diciembre finalizan los periodos de suscripci\u00f3n de uva de vino y cultivos herb\u00e1ceos.JPEG\"},{\"@type\":\"BreadcrumbList\",\"@id\":\"https:\/\/www.asajacyl.com\/valladolid\/asaja-valladolid-informa\/comienza-el-plazo-de-suscripcion-del-seguro-de-uva-de-vino#breadcrumb\",\"itemListElement\":[{\"@type\":\"ListItem\",\"position\":1,\"name\":\"Portada\",\"item\":\"https:\/\/www.asajacyl.com\/valladolid\/\"},{\"@type\":\"ListItem\",\"position\":2,\"name\":\"Comienza el plazo de suscripci\u00f3n del seguro de uva de vino\"}]},{\"@type\":\"WebSite\",\"@id\":\"https:\/\/www.asajacyl.com\/valladolid\/#website\",\"url\":\"https:\/\/www.asajacyl.com\/valladolid\/\",\"name\":\"ASAJA Valladolid\",\"description\":\"Otro sitio m\u00e1s de Provincias ASAJA Castilla y Le\u00f3n\",\"potentialAction\":[{\"@type\":\"SearchAction\",\"target\":{\"@type\":\"EntryPoint\",\"urlTemplate\":\"https:\/\/www.asajacyl.com\/valladolid\/?s={search_term_string}\"},\"query-input\":{\"@type\":\"PropertyValueSpecification\",\"valueRequired\":true,\"valueName\":\"search_term_string\"}}],\"inLanguage\":\"es\"},{\"@type\":\"Person\",\"@id\":\"https:\/\/www.asajacyl.com\/valladolid\/#\/schema\/person\/cf213adc3e576168b6850f7db054141e\",\"name\":\"Mar\u00eda Natividad\",\"image\":{\"@type\":\"ImageObject\",\"inLanguage\":\"es\",\"@id\":\"https:\/\/www.asajacyl.com\/valladolid\/#\/schema\/person\/image\/\",\"url\":\"https:\/\/secure.gravatar.com\/avatar\/7f7b3c840c2af79feac78f5eeffefc45?s=96&d=mm&r=g\",\"contentUrl\":\"https:\/\/secure.gravatar.com\/avatar\/7f7b3c840c2af79feac78f5eeffefc45?s=96&d=mm&r=g\",\"caption\":\"Mar\u00eda Natividad\"},\"url\":\"https:\/\/www.asajacyl.com\/valladolid\/author\/natividadhh\"}]}<\/script>\n<!-- \/ Yoast SEO plugin. -->","yoast_head_json":{"title":"Comienza el plazo de suscripci\u00f3n del seguro de uva de vino - ASAJA Valladolid","description":"Comienza el plazo de suscripci\u00f3n del seguro de uva de vino. Los m\u00f3dulos de oto\u00f1o incluyen la cobertura de los riesgos que m\u00e1s frecuentemente sufre el vi\u00f1edo, entre ellos la helada y el pedrisco.","robots":{"index":"index","follow":"follow","max-snippet":"max-snippet:-1","max-image-preview":"max-image-preview:large","max-video-preview":"max-video-preview:-1"},"canonical":"https:\/\/www.asajacyl.com\/valladolid\/asaja-valladolid-informa\/comienza-el-plazo-de-suscripcion-del-seguro-de-uva-de-vino","og_locale":"es_ES","og_type":"article","og_title":"Comienza el plazo de suscripci\u00f3n del seguro de uva de vino - ASAJA Valladolid","og_description":"Comienza el plazo de suscripci\u00f3n del seguro de uva de vino. Los m\u00f3dulos de oto\u00f1o incluyen la cobertura de los riesgos que m\u00e1s frecuentemente sufre el vi\u00f1edo, entre ellos la helada y el pedrisco.","og_url":"https:\/\/www.asajacyl.com\/valladolid\/asaja-valladolid-informa\/comienza-el-plazo-de-suscripcion-del-seguro-de-uva-de-vino","og_site_name":"ASAJA Valladolid","article_published_time":"2023-11-02T12:36:56+00:00","article_modified_time":"2023-11-02T12:39:09+00:00","og_image":[{"width":1920,"height":1280,"url":"https:\/\/www.asajacyl.com\/valladolid\/wp-content\/uploads\/sites\/2\/2017\/12\/El-20-de-diciembre-finalizan-los-periodos-de-suscripci\u00f3n-de-uva-de-vino-y-cultivos-herb\u00e1ceos.JPEG.jpg","type":"image\/jpeg"}],"author":"Mar\u00eda Natividad","twitter_card":"summary_large_image","twitter_misc":{"Escrito por":"Mar\u00eda Natividad","Tiempo de lectura":"3 minutos"},"schema":{"@context":"https:\/\/schema.org","@graph":[{"@type":"WebPage","@id":"https:\/\/www.asajacyl.com\/valladolid\/asaja-valladolid-informa\/comienza-el-plazo-de-suscripcion-del-seguro-de-uva-de-vino","url":"https:\/\/www.asajacyl.com\/valladolid\/asaja-valladolid-informa\/comienza-el-plazo-de-suscripcion-del-seguro-de-uva-de-vino","name":"Comienza el plazo de suscripci\u00f3n del seguro de uva de vino - ASAJA Valladolid","isPartOf":{"@id":"https:\/\/www.asajacyl.com\/valladolid\/#website"},"primaryImageOfPage":{"@id":"https:\/\/www.asajacyl.com\/valladolid\/asaja-valladolid-informa\/comienza-el-plazo-de-suscripcion-del-seguro-de-uva-de-vino#primaryimage"},"image":{"@id":"https:\/\/www.asajacyl.com\/valladolid\/asaja-valladolid-informa\/comienza-el-plazo-de-suscripcion-del-seguro-de-uva-de-vino#primaryimage"},"thumbnailUrl":"https:\/\/www.asajacyl.com\/valladolid\/wp-content\/uploads\/sites\/2\/2017\/12\/El-20-de-diciembre-finalizan-los-periodos-de-suscripci\u00f3n-de-uva-de-vino-y-cultivos-herb\u00e1ceos.JPEG.jpg","datePublished":"2023-11-02T12:36:56+00:00","dateModified":"2023-11-02T12:39:09+00:00","author":{"@id":"https:\/\/www.asajacyl.com\/valladolid\/#\/schema\/person\/cf213adc3e576168b6850f7db054141e"},"description":"Comienza el plazo de suscripci\u00f3n del seguro de uva de vino. Los m\u00f3dulos de oto\u00f1o incluyen la cobertura de los riesgos que m\u00e1s frecuentemente sufre el vi\u00f1edo, entre ellos la helada y el pedrisco.","breadcrumb":{"@id":"https:\/\/www.asajacyl.com\/valladolid\/asaja-valladolid-informa\/comienza-el-plazo-de-suscripcion-del-seguro-de-uva-de-vino#breadcrumb"},"inLanguage":"es","potentialAction":[{"@type":"ReadAction","target":["https:\/\/www.asajacyl.com\/valladolid\/asaja-valladolid-informa\/comienza-el-plazo-de-suscripcion-del-seguro-de-uva-de-vino"]}]},{"@type":"ImageObject","inLanguage":"es","@id":"https:\/\/www.asajacyl.com\/valladolid\/asaja-valladolid-informa\/comienza-el-plazo-de-suscripcion-del-seguro-de-uva-de-vino#primaryimage","url":"https:\/\/www.asajacyl.com\/valladolid\/wp-content\/uploads\/sites\/2\/2017\/12\/El-20-de-diciembre-finalizan-los-periodos-de-suscripci\u00f3n-de-uva-de-vino-y-cultivos-herb\u00e1ceos.JPEG.jpg","contentUrl":"https:\/\/www.asajacyl.com\/valladolid\/wp-content\/uploads\/sites\/2\/2017\/12\/El-20-de-diciembre-finalizan-los-periodos-de-suscripci\u00f3n-de-uva-de-vino-y-cultivos-herb\u00e1ceos.JPEG.jpg","width":1920,"height":1280,"caption":"El 20 de diciembre finalizan los periodos de suscripci\u00f3n de uva de vino y cultivos herb\u00e1ceos.JPEG"},{"@type":"BreadcrumbList","@id":"https:\/\/www.asajacyl.com\/valladolid\/asaja-valladolid-informa\/comienza-el-plazo-de-suscripcion-del-seguro-de-uva-de-vino#breadcrumb","itemListElement":[{"@type":"ListItem","position":1,"name":"Portada","item":"https:\/\/www.asajacyl.com\/valladolid\/"},{"@type":"ListItem","position":2,"name":"Comienza el plazo de suscripci\u00f3n del seguro de uva de vino"}]},{"@type":"WebSite","@id":"https:\/\/www.asajacyl.com\/valladolid\/#website","url":"https:\/\/www.asajacyl.com\/valladolid\/","name":"ASAJA Valladolid","description":"Otro sitio m\u00e1s de Provincias ASAJA Castilla y Le\u00f3n","potentialAction":[{"@type":"SearchAction","target":{"@type":"EntryPoint","urlTemplate":"https:\/\/www.asajacyl.com\/valladolid\/?s={search_term_string}"},"query-input":{"@type":"PropertyValueSpecification","valueRequired":true,"valueName":"search_term_string"}}],"inLanguage":"es"},{"@type":"Person","@id":"https:\/\/www.asajacyl.com\/valladolid\/#\/schema\/person\/cf213adc3e576168b6850f7db054141e","name":"Mar\u00eda Natividad","image":{"@type":"ImageObject","inLanguage":"es","@id":"https:\/\/www.asajacyl.com\/valladolid\/#\/schema\/person\/image\/","url":"https:\/\/secure.gravatar.com\/avatar\/7f7b3c840c2af79feac78f5eeffefc45?s=96&d=mm&r=g","contentUrl":"https:\/\/secure.gravatar.com\/avatar\/7f7b3c840c2af79feac78f5eeffefc45?s=96&d=mm&r=g","caption":"Mar\u00eda Natividad"},"url":"https:\/\/www.asajacyl.com\/valladolid\/author\/natividadhh"}]}},"_links":{"self":[{"href":"https:\/\/www.asajacyl.com\/valladolid\/wp-json\/wp\/v2\/posts\/3233"}],"collection":[{"href":"https:\/\/www.asajacyl.com\/valladolid\/wp-json\/wp\/v2\/posts"}],"about":[{"href":"https:\/\/www.asajacyl.com\/valladolid\/wp-json\/wp\/v2\/types\/post"}],"author":[{"embeddable":true,"href":"https:\/\/www.asajacyl.com\/valladolid\/wp-json\/wp\/v2\/users\/13"}],"replies":[{"embeddable":true,"href":"https:\/\/www.asajacyl.com\/valladolid\/wp-json\/wp\/v2\/comments?post=3233"}],"version-history":[{"count":2,"href":"https:\/\/www.asajacyl.com\/valladolid\/wp-json\/wp\/v2\/posts\/3233\/revisions"}],"predecessor-version":[{"id":3236,"href":"https:\/\/www.asajacyl.com\/valladolid\/wp-json\/wp\/v2\/posts\/3233\/revisions\/3236"}],"wp:featuredmedia":[{"embeddable":true,"href":"https:\/\/www.asajacyl.com\/valladolid\/wp-json\/wp\/v2\/media\/1313"}],"wp:attachment":[{"href":"https:\/\/www.asajacyl.com\/valladolid\/wp-json\/wp\/v2\/media?parent=3233"}],"wp:term":[{"taxonomy":"category","embeddable":true,"href":"https:\/\/www.asajacyl.com\/valladolid\/wp-json\/wp\/v2\/categories?post=3233"},{"taxonomy":"post_tag","embeddable":true,"href":"https:\/\/www.asajacyl.com\/valladolid\/wp-json\/wp\/v2\/tags?post=3233"}],"curies":[{"name":"wp","href":"https:\/\/api.w.org\/{rel}","templated":true}]}}