{"id":3279,"date":"2024-01-30T10:25:50","date_gmt":"2024-01-30T09:25:50","guid":{"rendered":"https:\/\/www.asajacyl.com\/valladolid\/?p=3279"},"modified":"2024-01-30T10:25:52","modified_gmt":"2024-01-30T09:25:52","slug":"asaja-valladolid-respalda-la-decision-de-la-junta-de-permitir-a-veterinarios-privados-efectuar-saneamientos-ganaderos","status":"publish","type":"post","link":"https:\/\/www.asajacyl.com\/valladolid\/asaja-valladolid-informa\/asaja-valladolid-respalda-la-decision-de-la-junta-de-permitir-a-veterinarios-privados-efectuar-saneamientos-ganaderos","title":{"rendered":"ASAJA Valladolid respalda la decisi\u00f3n de la Junta de permitir a veterinarios privados efectuar saneamientos ganaderos"},"content":{"rendered":"\n<p><em><strong>Esta organizaci\u00f3n ve positiva la decisi\u00f3n de la Consejer\u00eda de Agricultura porque agilizar\u00e1 las actuaciones en sanidad animal lo que redundar\u00e1 una mayor seguridad<\/strong><\/em><\/p>\n\n\n\n<p>Las sectoriales ganaderas de vacuno, ovino, y caprino de ASAJA Valladolid respaldan la decisi\u00f3n de la Junta de Castilla y Le\u00f3n de abrir la posibilidad a que veterinarios privados efect\u00faen saneamientos ganaderos. Una opci\u00f3n, que contempla la Consejer\u00eda de Agricultura, Ganader\u00eda y Desarrollo Rural en la nueva orden que establece los planes para salvaguardar la sanidad animal.<\/p>\n\n\n\n<p>Para ASAJA Valladolid es una medida acertada que se lleva realizando con normalidad en otras comunidades como Castilla La Mancha o Madrid,entre otras y a la que se suma acertadamente ahora Castilla y Le\u00f3n. Esta medida, seg\u00fan esta organizaci\u00f3n, mejorar\u00e1 y agilizar\u00e1 el control de enfermedades para conseguir una mayor seguridad animal.<\/p>\n\n\n\n<p>Para Asaja Valladolid, esta nueva posibilidad, tiene todas las garant\u00edas, ya que esta nueva orden \u201c<em>mantiene la competencia general otorgada a los servicios veterinarios oficiales, pero, en determinados casos, y siempre bajo una resoluci\u00f3n de la Direcci\u00f3n General de Producci\u00f3n Agr\u00edcola y Ganadera de la Consejer\u00eda de Agricultura, Ganader\u00eda y Desarrollo Rural, se podr\u00e1 habilitar a otros profesionales con el fin de garantizar una mayor celeridad en el ejercicio de las actuaciones de sanidad animal\u201d. As\u00ed, <\/em>los veterinarios oficiales seguir\u00e1n ejecutando estas actuaciones, aunque se abre la posibilidad de que la Junta habilite a otros profesionales, siempre que lo permitan las normas de rango superior.<\/p>\n\n\n\n<p>Esta organizaci\u00f3n agraria agradece que esta nueva orden recoja peticiones hist\u00f3ricas del sector y establezca mejoras para los ganaderos en cuanto al control de la tuberculosis evitando falsos positivos o que se eternicen las pruebas en paralelo, entre otras medidas.<\/p>\n","protected":false},"excerpt":{"rendered":"<p>Esta organizaci\u00f3n ve positiva la decisi\u00f3n de la Consejer\u00eda de Agricultura porque agilizar\u00e1 las actuaciones en sanidad animal lo que redundar\u00e1 una mayor seguridad Las sectoriales ganaderas de vacuno, ovino, y caprino de ASAJA Valladolid respaldan la decisi\u00f3n de la Junta de Castilla y Le\u00f3n de abrir la posibilidad a que veterinarios privados efect\u00faen saneamientos [&hellip;]<\/p>\n","protected":false},"author":13,"featured_media":3280,"comment_status":"open","ping_status":"open","sticky":false,"template":"","format":"standard","meta":{"footnotes":""},"categories":[8,21,20,9],"tags":[70,108,129,101,899,333],"yoast_head":"<!-- This site is optimized with the Yoast SEO plugin v24.5 - https:\/\/yoast.com\/wordpress\/plugins\/seo\/ -->\n<title>ASAJA Valladolid respalda la decisi\u00f3n de la Junta de permitir a veterinarios privados efectuar saneamientos ganaderos - ASAJA Valladolid<\/title>\n<meta name=\"description\" content=\"ASAJA Valladolid respalda la decisi\u00f3n de la Junta de permitir a veterinarios privados efectuar saneamientos ganaderos\" \/>\n<meta name=\"robots\" content=\"index, follow, max-snippet:-1, max-image-preview:large, max-video-preview:-1\" \/>\n<link rel=\"canonical\" href=\"https:\/\/www.asajacyl.com\/valladolid\/asaja-valladolid-informa\/asaja-valladolid-respalda-la-decision-de-la-junta-de-permitir-a-veterinarios-privados-efectuar-saneamientos-ganaderos\" \/>\n<meta property=\"og:locale\" content=\"es_ES\" \/>\n<meta property=\"og:type\" content=\"article\" \/>\n<meta property=\"og:title\" content=\"ASAJA Valladolid respalda la decisi\u00f3n de la Junta de permitir a veterinarios privados efectuar saneamientos ganaderos - ASAJA Valladolid\" \/>\n<meta property=\"og:description\" content=\"ASAJA Valladolid respalda la decisi\u00f3n de la Junta de permitir a veterinarios privados efectuar saneamientos ganaderos\" \/>\n<meta property=\"og:url\" content=\"https:\/\/www.asajacyl.com\/valladolid\/asaja-valladolid-informa\/asaja-valladolid-respalda-la-decision-de-la-junta-de-permitir-a-veterinarios-privados-efectuar-saneamientos-ganaderos\" \/>\n<meta property=\"og:site_name\" content=\"ASAJA Valladolid\" \/>\n<meta property=\"article:published_time\" content=\"2024-01-30T09:25:50+00:00\" \/>\n<meta property=\"article:modified_time\" content=\"2024-01-30T09:25:52+00:00\" \/>\n<meta property=\"og:image\" content=\"https:\/\/www.asajacyl.com\/valladolid\/wp-content\/uploads\/sites\/2\/2024\/01\/Explotacion-ganadera.jpg\" \/>\n\t<meta property=\"og:image:width\" content=\"1600\" \/>\n\t<meta property=\"og:image:height\" content=\"1200\" \/>\n\t<meta property=\"og:image:type\" content=\"image\/jpeg\" \/>\n<meta name=\"author\" content=\"Mar\u00eda Natividad\" \/>\n<meta name=\"twitter:card\" content=\"summary_large_image\" \/>\n<meta name=\"twitter:label1\" content=\"Escrito por\" \/>\n\t<meta name=\"twitter:data1\" content=\"Mar\u00eda Natividad\" \/>\n\t<meta name=\"twitter:label2\" content=\"Tiempo de lectura\" \/>\n\t<meta name=\"twitter:data2\" content=\"2 minutos\" \/>\n<script type=\"application\/ld+json\" class=\"yoast-schema-graph\">{\"@context\":\"https:\/\/schema.org\",\"@graph\":[{\"@type\":\"WebPage\",\"@id\":\"https:\/\/www.asajacyl.com\/valladolid\/asaja-valladolid-informa\/asaja-valladolid-respalda-la-decision-de-la-junta-de-permitir-a-veterinarios-privados-efectuar-saneamientos-ganaderos\",\"url\":\"https:\/\/www.asajacyl.com\/valladolid\/asaja-valladolid-informa\/asaja-valladolid-respalda-la-decision-de-la-junta-de-permitir-a-veterinarios-privados-efectuar-saneamientos-ganaderos\",\"name\":\"ASAJA Valladolid respalda la decisi\u00f3n de la Junta de permitir a veterinarios privados efectuar saneamientos ganaderos - ASAJA Valladolid\",\"isPartOf\":{\"@id\":\"https:\/\/www.asajacyl.com\/valladolid\/#website\"},\"primaryImageOfPage\":{\"@id\":\"https:\/\/www.asajacyl.com\/valladolid\/asaja-valladolid-informa\/asaja-valladolid-respalda-la-decision-de-la-junta-de-permitir-a-veterinarios-privados-efectuar-saneamientos-ganaderos#primaryimage\"},\"image\":{\"@id\":\"https:\/\/www.asajacyl.com\/valladolid\/asaja-valladolid-informa\/asaja-valladolid-respalda-la-decision-de-la-junta-de-permitir-a-veterinarios-privados-efectuar-saneamientos-ganaderos#primaryimage\"},\"thumbnailUrl\":\"https:\/\/www.asajacyl.com\/valladolid\/wp-content\/uploads\/sites\/2\/2024\/01\/Explotacion-ganadera.jpg\",\"datePublished\":\"2024-01-30T09:25:50+00:00\",\"dateModified\":\"2024-01-30T09:25:52+00:00\",\"author\":{\"@id\":\"https:\/\/www.asajacyl.com\/valladolid\/#\/schema\/person\/cf213adc3e576168b6850f7db054141e\"},\"description\":\"ASAJA Valladolid respalda la decisi\u00f3n de la Junta de permitir a veterinarios privados efectuar saneamientos ganaderos\",\"breadcrumb\":{\"@id\":\"https:\/\/www.asajacyl.com\/valladolid\/asaja-valladolid-informa\/asaja-valladolid-respalda-la-decision-de-la-junta-de-permitir-a-veterinarios-privados-efectuar-saneamientos-ganaderos#breadcrumb\"},\"inLanguage\":\"es\",\"potentialAction\":[{\"@type\":\"ReadAction\",\"target\":[\"https:\/\/www.asajacyl.com\/valladolid\/asaja-valladolid-informa\/asaja-valladolid-respalda-la-decision-de-la-junta-de-permitir-a-veterinarios-privados-efectuar-saneamientos-ganaderos\"]}]},{\"@type\":\"ImageObject\",\"inLanguage\":\"es\",\"@id\":\"https:\/\/www.asajacyl.com\/valladolid\/asaja-valladolid-informa\/asaja-valladolid-respalda-la-decision-de-la-junta-de-permitir-a-veterinarios-privados-efectuar-saneamientos-ganaderos#primaryimage\",\"url\":\"https:\/\/www.asajacyl.com\/valladolid\/wp-content\/uploads\/sites\/2\/2024\/01\/Explotacion-ganadera.jpg\",\"contentUrl\":\"https:\/\/www.asajacyl.com\/valladolid\/wp-content\/uploads\/sites\/2\/2024\/01\/Explotacion-ganadera.jpg\",\"width\":1600,\"height\":1200,\"caption\":\"ASAJA Valladolid respalda la decisi\u00f3n de la Junta de permitir a veterinarios privados efectuar saneamientos ganaderos\"},{\"@type\":\"BreadcrumbList\",\"@id\":\"https:\/\/www.asajacyl.com\/valladolid\/asaja-valladolid-informa\/asaja-valladolid-respalda-la-decision-de-la-junta-de-permitir-a-veterinarios-privados-efectuar-saneamientos-ganaderos#breadcrumb\",\"itemListElement\":[{\"@type\":\"ListItem\",\"position\":1,\"name\":\"Portada\",\"item\":\"https:\/\/www.asajacyl.com\/valladolid\/\"},{\"@type\":\"ListItem\",\"position\":2,\"name\":\"ASAJA Valladolid respalda la decisi\u00f3n de la Junta de permitir a veterinarios privados efectuar saneamientos ganaderos\"}]},{\"@type\":\"WebSite\",\"@id\":\"https:\/\/www.asajacyl.com\/valladolid\/#website\",\"url\":\"https:\/\/www.asajacyl.com\/valladolid\/\",\"name\":\"ASAJA Valladolid\",\"description\":\"Otro sitio m\u00e1s de Provincias ASAJA Castilla y Le\u00f3n\",\"potentialAction\":[{\"@type\":\"SearchAction\",\"target\":{\"@type\":\"EntryPoint\",\"urlTemplate\":\"https:\/\/www.asajacyl.com\/valladolid\/?s={search_term_string}\"},\"query-input\":{\"@type\":\"PropertyValueSpecification\",\"valueRequired\":true,\"valueName\":\"search_term_string\"}}],\"inLanguage\":\"es\"},{\"@type\":\"Person\",\"@id\":\"https:\/\/www.asajacyl.com\/valladolid\/#\/schema\/person\/cf213adc3e576168b6850f7db054141e\",\"name\":\"Mar\u00eda Natividad\",\"image\":{\"@type\":\"ImageObject\",\"inLanguage\":\"es\",\"@id\":\"https:\/\/www.asajacyl.com\/valladolid\/#\/schema\/person\/image\/\",\"url\":\"https:\/\/secure.gravatar.com\/avatar\/7f7b3c840c2af79feac78f5eeffefc45?s=96&d=mm&r=g\",\"contentUrl\":\"https:\/\/secure.gravatar.com\/avatar\/7f7b3c840c2af79feac78f5eeffefc45?s=96&d=mm&r=g\",\"caption\":\"Mar\u00eda Natividad\"},\"url\":\"https:\/\/www.asajacyl.com\/valladolid\/author\/natividadhh\"}]}<\/script>\n<!-- \/ Yoast SEO plugin. -->","yoast_head_json":{"title":"ASAJA Valladolid respalda la decisi\u00f3n de la Junta de permitir a veterinarios privados efectuar saneamientos ganaderos - ASAJA Valladolid","description":"ASAJA Valladolid respalda la decisi\u00f3n de la Junta de permitir a veterinarios privados efectuar saneamientos ganaderos","robots":{"index":"index","follow":"follow","max-snippet":"max-snippet:-1","max-image-preview":"max-image-preview:large","max-video-preview":"max-video-preview:-1"},"canonical":"https:\/\/www.asajacyl.com\/valladolid\/asaja-valladolid-informa\/asaja-valladolid-respalda-la-decision-de-la-junta-de-permitir-a-veterinarios-privados-efectuar-saneamientos-ganaderos","og_locale":"es_ES","og_type":"article","og_title":"ASAJA Valladolid respalda la decisi\u00f3n de la Junta de permitir a veterinarios privados efectuar saneamientos ganaderos - ASAJA Valladolid","og_description":"ASAJA Valladolid respalda la decisi\u00f3n de la Junta de permitir a veterinarios privados efectuar saneamientos ganaderos","og_url":"https:\/\/www.asajacyl.com\/valladolid\/asaja-valladolid-informa\/asaja-valladolid-respalda-la-decision-de-la-junta-de-permitir-a-veterinarios-privados-efectuar-saneamientos-ganaderos","og_site_name":"ASAJA Valladolid","article_published_time":"2024-01-30T09:25:50+00:00","article_modified_time":"2024-01-30T09:25:52+00:00","og_image":[{"width":1600,"height":1200,"url":"https:\/\/www.asajacyl.com\/valladolid\/wp-content\/uploads\/sites\/2\/2024\/01\/Explotacion-ganadera.jpg","type":"image\/jpeg"}],"author":"Mar\u00eda Natividad","twitter_card":"summary_large_image","twitter_misc":{"Escrito por":"Mar\u00eda Natividad","Tiempo de lectura":"2 minutos"},"schema":{"@context":"https:\/\/schema.org","@graph":[{"@type":"WebPage","@id":"https:\/\/www.asajacyl.com\/valladolid\/asaja-valladolid-informa\/asaja-valladolid-respalda-la-decision-de-la-junta-de-permitir-a-veterinarios-privados-efectuar-saneamientos-ganaderos","url":"https:\/\/www.asajacyl.com\/valladolid\/asaja-valladolid-informa\/asaja-valladolid-respalda-la-decision-de-la-junta-de-permitir-a-veterinarios-privados-efectuar-saneamientos-ganaderos","name":"ASAJA Valladolid respalda la decisi\u00f3n de la Junta de permitir a veterinarios privados efectuar saneamientos ganaderos - ASAJA Valladolid","isPartOf":{"@id":"https:\/\/www.asajacyl.com\/valladolid\/#website"},"primaryImageOfPage":{"@id":"https:\/\/www.asajacyl.com\/valladolid\/asaja-valladolid-informa\/asaja-valladolid-respalda-la-decision-de-la-junta-de-permitir-a-veterinarios-privados-efectuar-saneamientos-ganaderos#primaryimage"},"image":{"@id":"https:\/\/www.asajacyl.com\/valladolid\/asaja-valladolid-informa\/asaja-valladolid-respalda-la-decision-de-la-junta-de-permitir-a-veterinarios-privados-efectuar-saneamientos-ganaderos#primaryimage"},"thumbnailUrl":"https:\/\/www.asajacyl.com\/valladolid\/wp-content\/uploads\/sites\/2\/2024\/01\/Explotacion-ganadera.jpg","datePublished":"2024-01-30T09:25:50+00:00","dateModified":"2024-01-30T09:25:52+00:00","author":{"@id":"https:\/\/www.asajacyl.com\/valladolid\/#\/schema\/person\/cf213adc3e576168b6850f7db054141e"},"description":"ASAJA Valladolid respalda la decisi\u00f3n de la Junta de permitir a veterinarios privados efectuar saneamientos ganaderos","breadcrumb":{"@id":"https:\/\/www.asajacyl.com\/valladolid\/asaja-valladolid-informa\/asaja-valladolid-respalda-la-decision-de-la-junta-de-permitir-a-veterinarios-privados-efectuar-saneamientos-ganaderos#breadcrumb"},"inLanguage":"es","potentialAction":[{"@type":"ReadAction","target":["https:\/\/www.asajacyl.com\/valladolid\/asaja-valladolid-informa\/asaja-valladolid-respalda-la-decision-de-la-junta-de-permitir-a-veterinarios-privados-efectuar-saneamientos-ganaderos"]}]},{"@type":"ImageObject","inLanguage":"es","@id":"https:\/\/www.asajacyl.com\/valladolid\/asaja-valladolid-informa\/asaja-valladolid-respalda-la-decision-de-la-junta-de-permitir-a-veterinarios-privados-efectuar-saneamientos-ganaderos#primaryimage","url":"https:\/\/www.asajacyl.com\/valladolid\/wp-content\/uploads\/sites\/2\/2024\/01\/Explotacion-ganadera.jpg","contentUrl":"https:\/\/www.asajacyl.com\/valladolid\/wp-content\/uploads\/sites\/2\/2024\/01\/Explotacion-ganadera.jpg","width":1600,"height":1200,"caption":"ASAJA Valladolid respalda la decisi\u00f3n de la Junta de permitir a veterinarios privados efectuar saneamientos ganaderos"},{"@type":"BreadcrumbList","@id":"https:\/\/www.asajacyl.com\/valladolid\/asaja-valladolid-informa\/asaja-valladolid-respalda-la-decision-de-la-junta-de-permitir-a-veterinarios-privados-efectuar-saneamientos-ganaderos#breadcrumb","itemListElement":[{"@type":"ListItem","position":1,"name":"Portada","item":"https:\/\/www.asajacyl.com\/valladolid\/"},{"@type":"ListItem","position":2,"name":"ASAJA Valladolid respalda la decisi\u00f3n de la Junta de permitir a veterinarios privados efectuar saneamientos ganaderos"}]},{"@type":"WebSite","@id":"https:\/\/www.asajacyl.com\/valladolid\/#website","url":"https:\/\/www.asajacyl.com\/valladolid\/","name":"ASAJA Valladolid","description":"Otro sitio m\u00e1s de Provincias ASAJA Castilla y Le\u00f3n","potentialAction":[{"@type":"SearchAction","target":{"@type":"EntryPoint","urlTemplate":"https:\/\/www.asajacyl.com\/valladolid\/?s={search_term_string}"},"query-input":{"@type":"PropertyValueSpecification","valueRequired":true,"valueName":"search_term_string"}}],"inLanguage":"es"},{"@type":"Person","@id":"https:\/\/www.asajacyl.com\/valladolid\/#\/schema\/person\/cf213adc3e576168b6850f7db054141e","name":"Mar\u00eda Natividad","image":{"@type":"ImageObject","inLanguage":"es","@id":"https:\/\/www.asajacyl.com\/valladolid\/#\/schema\/person\/image\/","url":"https:\/\/secure.gravatar.com\/avatar\/7f7b3c840c2af79feac78f5eeffefc45?s=96&d=mm&r=g","contentUrl":"https:\/\/secure.gravatar.com\/avatar\/7f7b3c840c2af79feac78f5eeffefc45?s=96&d=mm&r=g","caption":"Mar\u00eda Natividad"},"url":"https:\/\/www.asajacyl.com\/valladolid\/author\/natividadhh"}]}},"_links":{"self":[{"href":"https:\/\/www.asajacyl.com\/valladolid\/wp-json\/wp\/v2\/posts\/3279"}],"collection":[{"href":"https:\/\/www.asajacyl.com\/valladolid\/wp-json\/wp\/v2\/posts"}],"about":[{"href":"https:\/\/www.asajacyl.com\/valladolid\/wp-json\/wp\/v2\/types\/post"}],"author":[{"embeddable":true,"href":"https:\/\/www.asajacyl.com\/valladolid\/wp-json\/wp\/v2\/users\/13"}],"replies":[{"embeddable":true,"href":"https:\/\/www.asajacyl.com\/valladolid\/wp-json\/wp\/v2\/comments?post=3279"}],"version-history":[{"count":1,"href":"https:\/\/www.asajacyl.com\/valladolid\/wp-json\/wp\/v2\/posts\/3279\/revisions"}],"predecessor-version":[{"id":3281,"href":"https:\/\/www.asajacyl.com\/valladolid\/wp-json\/wp\/v2\/posts\/3279\/revisions\/3281"}],"wp:featuredmedia":[{"embeddable":true,"href":"https:\/\/www.asajacyl.com\/valladolid\/wp-json\/wp\/v2\/media\/3280"}],"wp:attachment":[{"href":"https:\/\/www.asajacyl.com\/valladolid\/wp-json\/wp\/v2\/media?parent=3279"}],"wp:term":[{"taxonomy":"category","embeddable":true,"href":"https:\/\/www.asajacyl.com\/valladolid\/wp-json\/wp\/v2\/categories?post=3279"},{"taxonomy":"post_tag","embeddable":true,"href":"https:\/\/www.asajacyl.com\/valladolid\/wp-json\/wp\/v2\/tags?post=3279"}],"curies":[{"name":"wp","href":"https:\/\/api.w.org\/{rel}","templated":true}]}}