{"id":3370,"date":"2024-02-19T09:50:00","date_gmt":"2024-02-19T08:50:00","guid":{"rendered":"https:\/\/www.asajacyl.com\/valladolid\/?p=3370"},"modified":"2024-03-04T09:54:02","modified_gmt":"2024-03-04T08:54:02","slug":"compro-9-derechos-de-la-region-1","status":"publish","type":"post","link":"https:\/\/www.asajacyl.com\/valladolid\/servicios-socio\/avisos\/compro-9-derechos-de-la-region-1","title":{"rendered":"Compro 9 derechos de la Regi\u00f3n 1"},"content":{"rendered":"\n<p>Compro 9 derechos de la Regi\u00f3n 1.<\/p>\n\n\n\n<p>Los interesados pueden contactar con el siguiente n\u00famero de tel\u00e9fono: <strong>696 460 045<\/strong><\/p>\n","protected":false},"excerpt":{"rendered":"<p>Compro 9 derechos de la Regi\u00f3n 1. Los interesados pueden contactar con el siguiente n\u00famero de tel\u00e9fono: 696 460 045<\/p>\n","protected":false},"author":13,"featured_media":3038,"comment_status":"open","ping_status":"open","sticky":false,"template":"","format":"standard","meta":{"footnotes":""},"categories":[48,21,27],"tags":[70,58,762,807,806],"yoast_head":"<!-- This site is optimized with the Yoast SEO plugin v24.5 - https:\/\/yoast.com\/wordpress\/plugins\/seo\/ -->\n<title>Compro 9 derechos de la Regi\u00f3n 1 - ASAJA Valladolid<\/title>\n<meta name=\"description\" content=\"Compro 9 derechos de la Regi\u00f3n 1. Los interesados pueden contactar con el siguiente n\u00famero de tel\u00e9fono:696 460 045\" \/>\n<meta name=\"robots\" content=\"index, follow, max-snippet:-1, max-image-preview:large, max-video-preview:-1\" \/>\n<link rel=\"canonical\" href=\"https:\/\/www.asajacyl.com\/valladolid\/servicios-socio\/avisos\/compro-9-derechos-de-la-region-1\" \/>\n<meta property=\"og:locale\" content=\"es_ES\" \/>\n<meta property=\"og:type\" content=\"article\" \/>\n<meta property=\"og:title\" content=\"Compro 9 derechos de la Regi\u00f3n 1 - ASAJA Valladolid\" \/>\n<meta property=\"og:description\" content=\"Compro 9 derechos de la Regi\u00f3n 1. Los interesados pueden contactar con el siguiente n\u00famero de tel\u00e9fono:696 460 045\" \/>\n<meta property=\"og:url\" content=\"https:\/\/www.asajacyl.com\/valladolid\/servicios-socio\/avisos\/compro-9-derechos-de-la-region-1\" \/>\n<meta property=\"og:site_name\" content=\"ASAJA Valladolid\" \/>\n<meta property=\"article:published_time\" content=\"2024-02-19T08:50:00+00:00\" \/>\n<meta property=\"article:modified_time\" content=\"2024-03-04T08:54:02+00:00\" \/>\n<meta property=\"og:image\" content=\"https:\/\/www.asajacyl.com\/valladolid\/wp-content\/uploads\/sites\/2\/2023\/05\/combine-harvester-g60775ea0c_1280.jpg\" \/>\n\t<meta property=\"og:image:width\" content=\"1280\" \/>\n\t<meta property=\"og:image:height\" content=\"908\" \/>\n\t<meta property=\"og:image:type\" content=\"image\/jpeg\" \/>\n<meta name=\"author\" content=\"Mar\u00eda Natividad\" \/>\n<meta name=\"twitter:card\" content=\"summary_large_image\" \/>\n<meta name=\"twitter:label1\" content=\"Escrito por\" \/>\n\t<meta name=\"twitter:data1\" content=\"Mar\u00eda Natividad\" \/>\n\t<meta name=\"twitter:label2\" content=\"Tiempo de lectura\" \/>\n\t<meta name=\"twitter:data2\" content=\"1 minuto\" \/>\n<script type=\"application\/ld+json\" class=\"yoast-schema-graph\">{\"@context\":\"https:\/\/schema.org\",\"@graph\":[{\"@type\":\"WebPage\",\"@id\":\"https:\/\/www.asajacyl.com\/valladolid\/servicios-socio\/avisos\/compro-9-derechos-de-la-region-1\",\"url\":\"https:\/\/www.asajacyl.com\/valladolid\/servicios-socio\/avisos\/compro-9-derechos-de-la-region-1\",\"name\":\"Compro 9 derechos de la Regi\u00f3n 1 - ASAJA Valladolid\",\"isPartOf\":{\"@id\":\"https:\/\/www.asajacyl.com\/valladolid\/#website\"},\"primaryImageOfPage\":{\"@id\":\"https:\/\/www.asajacyl.com\/valladolid\/servicios-socio\/avisos\/compro-9-derechos-de-la-region-1#primaryimage\"},\"image\":{\"@id\":\"https:\/\/www.asajacyl.com\/valladolid\/servicios-socio\/avisos\/compro-9-derechos-de-la-region-1#primaryimage\"},\"thumbnailUrl\":\"https:\/\/www.asajacyl.com\/valladolid\/wp-content\/uploads\/sites\/2\/2023\/05\/combine-harvester-g60775ea0c_1280.jpg\",\"datePublished\":\"2024-02-19T08:50:00+00:00\",\"dateModified\":\"2024-03-04T08:54:02+00:00\",\"author\":{\"@id\":\"https:\/\/www.asajacyl.com\/valladolid\/#\/schema\/person\/cf213adc3e576168b6850f7db054141e\"},\"description\":\"Compro 9 derechos de la Regi\u00f3n 1. Los interesados pueden contactar con el siguiente n\u00famero de tel\u00e9fono:696 460 045\",\"breadcrumb\":{\"@id\":\"https:\/\/www.asajacyl.com\/valladolid\/servicios-socio\/avisos\/compro-9-derechos-de-la-region-1#breadcrumb\"},\"inLanguage\":\"es\",\"potentialAction\":[{\"@type\":\"ReadAction\",\"target\":[\"https:\/\/www.asajacyl.com\/valladolid\/servicios-socio\/avisos\/compro-9-derechos-de-la-region-1\"]}]},{\"@type\":\"ImageObject\",\"inLanguage\":\"es\",\"@id\":\"https:\/\/www.asajacyl.com\/valladolid\/servicios-socio\/avisos\/compro-9-derechos-de-la-region-1#primaryimage\",\"url\":\"https:\/\/www.asajacyl.com\/valladolid\/wp-content\/uploads\/sites\/2\/2023\/05\/combine-harvester-g60775ea0c_1280.jpg\",\"contentUrl\":\"https:\/\/www.asajacyl.com\/valladolid\/wp-content\/uploads\/sites\/2\/2023\/05\/combine-harvester-g60775ea0c_1280.jpg\",\"width\":1280,\"height\":908,\"caption\":\"Se venden 5 derechos de la Regi\u00f3n 1. Para m\u00e1s informaci\u00f3n contactar con\u00a0Santiago, el tel\u00e9fono de contacto es:\u00a0615 35 21 82.\"},{\"@type\":\"BreadcrumbList\",\"@id\":\"https:\/\/www.asajacyl.com\/valladolid\/servicios-socio\/avisos\/compro-9-derechos-de-la-region-1#breadcrumb\",\"itemListElement\":[{\"@type\":\"ListItem\",\"position\":1,\"name\":\"Portada\",\"item\":\"https:\/\/www.asajacyl.com\/valladolid\/\"},{\"@type\":\"ListItem\",\"position\":2,\"name\":\"Compro 9 derechos de la Regi\u00f3n 1\"}]},{\"@type\":\"WebSite\",\"@id\":\"https:\/\/www.asajacyl.com\/valladolid\/#website\",\"url\":\"https:\/\/www.asajacyl.com\/valladolid\/\",\"name\":\"ASAJA Valladolid\",\"description\":\"Otro sitio m\u00e1s de Provincias ASAJA Castilla y Le\u00f3n\",\"potentialAction\":[{\"@type\":\"SearchAction\",\"target\":{\"@type\":\"EntryPoint\",\"urlTemplate\":\"https:\/\/www.asajacyl.com\/valladolid\/?s={search_term_string}\"},\"query-input\":{\"@type\":\"PropertyValueSpecification\",\"valueRequired\":true,\"valueName\":\"search_term_string\"}}],\"inLanguage\":\"es\"},{\"@type\":\"Person\",\"@id\":\"https:\/\/www.asajacyl.com\/valladolid\/#\/schema\/person\/cf213adc3e576168b6850f7db054141e\",\"name\":\"Mar\u00eda Natividad\",\"image\":{\"@type\":\"ImageObject\",\"inLanguage\":\"es\",\"@id\":\"https:\/\/www.asajacyl.com\/valladolid\/#\/schema\/person\/image\/\",\"url\":\"https:\/\/secure.gravatar.com\/avatar\/7f7b3c840c2af79feac78f5eeffefc45?s=96&d=mm&r=g\",\"contentUrl\":\"https:\/\/secure.gravatar.com\/avatar\/7f7b3c840c2af79feac78f5eeffefc45?s=96&d=mm&r=g\",\"caption\":\"Mar\u00eda Natividad\"},\"url\":\"https:\/\/www.asajacyl.com\/valladolid\/author\/natividadhh\"}]}<\/script>\n<!-- \/ Yoast SEO plugin. -->","yoast_head_json":{"title":"Compro 9 derechos de la Regi\u00f3n 1 - ASAJA Valladolid","description":"Compro 9 derechos de la Regi\u00f3n 1. Los interesados pueden contactar con el siguiente n\u00famero de tel\u00e9fono:696 460 045","robots":{"index":"index","follow":"follow","max-snippet":"max-snippet:-1","max-image-preview":"max-image-preview:large","max-video-preview":"max-video-preview:-1"},"canonical":"https:\/\/www.asajacyl.com\/valladolid\/servicios-socio\/avisos\/compro-9-derechos-de-la-region-1","og_locale":"es_ES","og_type":"article","og_title":"Compro 9 derechos de la Regi\u00f3n 1 - ASAJA Valladolid","og_description":"Compro 9 derechos de la Regi\u00f3n 1. Los interesados pueden contactar con el siguiente n\u00famero de tel\u00e9fono:696 460 045","og_url":"https:\/\/www.asajacyl.com\/valladolid\/servicios-socio\/avisos\/compro-9-derechos-de-la-region-1","og_site_name":"ASAJA Valladolid","article_published_time":"2024-02-19T08:50:00+00:00","article_modified_time":"2024-03-04T08:54:02+00:00","og_image":[{"width":1280,"height":908,"url":"https:\/\/www.asajacyl.com\/valladolid\/wp-content\/uploads\/sites\/2\/2023\/05\/combine-harvester-g60775ea0c_1280.jpg","type":"image\/jpeg"}],"author":"Mar\u00eda Natividad","twitter_card":"summary_large_image","twitter_misc":{"Escrito por":"Mar\u00eda Natividad","Tiempo de lectura":"1 minuto"},"schema":{"@context":"https:\/\/schema.org","@graph":[{"@type":"WebPage","@id":"https:\/\/www.asajacyl.com\/valladolid\/servicios-socio\/avisos\/compro-9-derechos-de-la-region-1","url":"https:\/\/www.asajacyl.com\/valladolid\/servicios-socio\/avisos\/compro-9-derechos-de-la-region-1","name":"Compro 9 derechos de la Regi\u00f3n 1 - ASAJA Valladolid","isPartOf":{"@id":"https:\/\/www.asajacyl.com\/valladolid\/#website"},"primaryImageOfPage":{"@id":"https:\/\/www.asajacyl.com\/valladolid\/servicios-socio\/avisos\/compro-9-derechos-de-la-region-1#primaryimage"},"image":{"@id":"https:\/\/www.asajacyl.com\/valladolid\/servicios-socio\/avisos\/compro-9-derechos-de-la-region-1#primaryimage"},"thumbnailUrl":"https:\/\/www.asajacyl.com\/valladolid\/wp-content\/uploads\/sites\/2\/2023\/05\/combine-harvester-g60775ea0c_1280.jpg","datePublished":"2024-02-19T08:50:00+00:00","dateModified":"2024-03-04T08:54:02+00:00","author":{"@id":"https:\/\/www.asajacyl.com\/valladolid\/#\/schema\/person\/cf213adc3e576168b6850f7db054141e"},"description":"Compro 9 derechos de la Regi\u00f3n 1. Los interesados pueden contactar con el siguiente n\u00famero de tel\u00e9fono:696 460 045","breadcrumb":{"@id":"https:\/\/www.asajacyl.com\/valladolid\/servicios-socio\/avisos\/compro-9-derechos-de-la-region-1#breadcrumb"},"inLanguage":"es","potentialAction":[{"@type":"ReadAction","target":["https:\/\/www.asajacyl.com\/valladolid\/servicios-socio\/avisos\/compro-9-derechos-de-la-region-1"]}]},{"@type":"ImageObject","inLanguage":"es","@id":"https:\/\/www.asajacyl.com\/valladolid\/servicios-socio\/avisos\/compro-9-derechos-de-la-region-1#primaryimage","url":"https:\/\/www.asajacyl.com\/valladolid\/wp-content\/uploads\/sites\/2\/2023\/05\/combine-harvester-g60775ea0c_1280.jpg","contentUrl":"https:\/\/www.asajacyl.com\/valladolid\/wp-content\/uploads\/sites\/2\/2023\/05\/combine-harvester-g60775ea0c_1280.jpg","width":1280,"height":908,"caption":"Se venden 5 derechos de la Regi\u00f3n 1. Para m\u00e1s informaci\u00f3n contactar con\u00a0Santiago, el tel\u00e9fono de contacto es:\u00a0615 35 21 82."},{"@type":"BreadcrumbList","@id":"https:\/\/www.asajacyl.com\/valladolid\/servicios-socio\/avisos\/compro-9-derechos-de-la-region-1#breadcrumb","itemListElement":[{"@type":"ListItem","position":1,"name":"Portada","item":"https:\/\/www.asajacyl.com\/valladolid\/"},{"@type":"ListItem","position":2,"name":"Compro 9 derechos de la Regi\u00f3n 1"}]},{"@type":"WebSite","@id":"https:\/\/www.asajacyl.com\/valladolid\/#website","url":"https:\/\/www.asajacyl.com\/valladolid\/","name":"ASAJA Valladolid","description":"Otro sitio m\u00e1s de Provincias ASAJA Castilla y Le\u00f3n","potentialAction":[{"@type":"SearchAction","target":{"@type":"EntryPoint","urlTemplate":"https:\/\/www.asajacyl.com\/valladolid\/?s={search_term_string}"},"query-input":{"@type":"PropertyValueSpecification","valueRequired":true,"valueName":"search_term_string"}}],"inLanguage":"es"},{"@type":"Person","@id":"https:\/\/www.asajacyl.com\/valladolid\/#\/schema\/person\/cf213adc3e576168b6850f7db054141e","name":"Mar\u00eda Natividad","image":{"@type":"ImageObject","inLanguage":"es","@id":"https:\/\/www.asajacyl.com\/valladolid\/#\/schema\/person\/image\/","url":"https:\/\/secure.gravatar.com\/avatar\/7f7b3c840c2af79feac78f5eeffefc45?s=96&d=mm&r=g","contentUrl":"https:\/\/secure.gravatar.com\/avatar\/7f7b3c840c2af79feac78f5eeffefc45?s=96&d=mm&r=g","caption":"Mar\u00eda Natividad"},"url":"https:\/\/www.asajacyl.com\/valladolid\/author\/natividadhh"}]}},"_links":{"self":[{"href":"https:\/\/www.asajacyl.com\/valladolid\/wp-json\/wp\/v2\/posts\/3370"}],"collection":[{"href":"https:\/\/www.asajacyl.com\/valladolid\/wp-json\/wp\/v2\/posts"}],"about":[{"href":"https:\/\/www.asajacyl.com\/valladolid\/wp-json\/wp\/v2\/types\/post"}],"author":[{"embeddable":true,"href":"https:\/\/www.asajacyl.com\/valladolid\/wp-json\/wp\/v2\/users\/13"}],"replies":[{"embeddable":true,"href":"https:\/\/www.asajacyl.com\/valladolid\/wp-json\/wp\/v2\/comments?post=3370"}],"version-history":[{"count":2,"href":"https:\/\/www.asajacyl.com\/valladolid\/wp-json\/wp\/v2\/posts\/3370\/revisions"}],"predecessor-version":[{"id":3372,"href":"https:\/\/www.asajacyl.com\/valladolid\/wp-json\/wp\/v2\/posts\/3370\/revisions\/3372"}],"wp:featuredmedia":[{"embeddable":true,"href":"https:\/\/www.asajacyl.com\/valladolid\/wp-json\/wp\/v2\/media\/3038"}],"wp:attachment":[{"href":"https:\/\/www.asajacyl.com\/valladolid\/wp-json\/wp\/v2\/media?parent=3370"}],"wp:term":[{"taxonomy":"category","embeddable":true,"href":"https:\/\/www.asajacyl.com\/valladolid\/wp-json\/wp\/v2\/categories?post=3370"},{"taxonomy":"post_tag","embeddable":true,"href":"https:\/\/www.asajacyl.com\/valladolid\/wp-json\/wp\/v2\/tags?post=3370"}],"curies":[{"name":"wp","href":"https:\/\/api.w.org\/{rel}","templated":true}]}}