{"id":3388,"date":"2024-03-15T08:34:54","date_gmt":"2024-03-15T07:34:54","guid":{"rendered":"https:\/\/www.asajacyl.com\/valladolid\/?p=3388"},"modified":"2024-03-20T12:33:25","modified_gmt":"2024-03-20T11:33:25","slug":"asaja-valladolid-convoca-una-tractorada-el-proximo-viernes-22-de-marzo-en-valladolid-contra-la-confederacion-hidrografica-del-duero","status":"publish","type":"post","link":"https:\/\/www.asajacyl.com\/valladolid\/asaja-valladolid-informa\/asaja-valladolid-convoca-una-tractorada-el-proximo-viernes-22-de-marzo-en-valladolid-contra-la-confederacion-hidrografica-del-duero","title":{"rendered":"ASAJA Valladolid convoca una tractorada, el pr\u00f3ximo viernes 22 de marzo en Valladolid, contra la Confederaci\u00f3n Hidrogr\u00e1fica del Duero"},"content":{"rendered":"\n<p><em><strong>Esta organizaci\u00f3n pretende denunciar el hostigamiento e inquina de esta entidad hacia los agricultores y la p\u00e9sima gesti\u00f3n del agua que est\u00e1 realizando<\/strong><\/em><\/p>\n\n\n\n<p><em><strong>La Manifestaci\u00f3n tractorada partir\u00e1 de la Plaza Col\u00f3n de Valladolid y realizar\u00e1 paradas en la Confederaci\u00f3n Hidrogr\u00e1fica del Duero, Delegaci\u00f3n del Gobierno y Consejer\u00eda de Medio Ambiente<\/strong><\/em><\/p>\n\n\n\n<p>ASAJA Valladolid realizar\u00e1, <strong>el pr\u00f3ximo viernes 22 de marzo en Valladolid<\/strong>, una manifestaci\u00f3n tractorada contra la Confederaci\u00f3n Hidrogr\u00e1fica del Duero. Esta organizaci\u00f3n pretende <strong>denunciar el hostigamiento e inquina de esta entidad hacia los agricultores y la p\u00e9sima gesti\u00f3n del agua <\/strong>que est\u00e1 realizando esta entidad.<\/p>\n\n\n\n<p>Los tractores se concentrar\u00e1n en la Plaza de col\u00f3n <strong>a partir de las 11.00 horas de la ma\u00f1ana<\/strong> y realizar\u00e1n el siguiente recorrido: Plaza Col\u00f3n- C\/Muro con <strong>parada en la Confederaci\u00f3n Hidrogr\u00e1fica del Duero<\/strong>&#8211; C\/General Ruiz- C\/Dos de Mayo- C\/Plaza Madrid- C\/ Miguel \u00cdscar- C\/Mar\u00eda de Molina- C\/Doctrinos- Avda. Miguel \u00c1ngel Blanco con Parada en la <strong>Delegaci\u00f3n del Gobierno<\/strong>&#8211; C\/ del P\u00edo Ortega y Avda. Gloria Fuertes con parada en la Consejer\u00eda de Medio Ambiente de la Junta de Castilla y Le\u00f3n <strong>sobre las 15 horas aproximadamente.<\/strong><\/p>\n\n\n\n<p>A lo largo de estos \u00faltimos a\u00f1os hemos sido testigos de <strong>la puesta en marcha de normativas y planes hidrol\u00f3gicos, que lejos de dar cumplimiento a sus objetivos generales, han puesto en el punto de mira al agricultor de aguas subterr\u00e1neas<\/strong>, como el causante de todos los problemas de la calidad y cantidad de las aguas subterr\u00e1neas. La aplicaci\u00f3n de la Ley de Aguas con 30 a\u00f1os de retraso, los nuevos planes hidrol\u00f3gicos, su ampliaci\u00f3n e interpretaci\u00f3n por parte de la CHD, <strong>han tra\u00eddo de la mano sanciones y restricciones dirigidas al acoso y derribo de los profesionales del campo.<\/strong><\/p>\n\n\n\n<p>Cuando parec\u00eda que la puesta en marcha de las CUAS era la soluci\u00f3n a los problemas generados y pon\u00eda fin a esta etapa de incertidumbre y desconcierto de las aguas subterr\u00e1neas, <strong>nos encontramos con otra ofensiva de la CHD en forma, otra vez m\u00e1s, de sanciones millonarias, y restricciones definitivas que limitan muy seriamente, la rentabilidad y por tanto la viabilidad de las explotaciones agr\u00edcolas en la Cuenca del Duero.<\/strong><\/p>\n\n\n\n<p>Nos encontramos ante una situaci\u00f3n extraordinaria, en un momento de m\u00e1ximo <strong>inter\u00e9s para el regad\u00edo subterr\u00e1neo de Castilla y Le\u00f3n que supone casi el 30% de la superficie regable de la Comunidad<\/strong>, con unas 160.000 hect\u00e1reas, puesto que estamos en el primer a\u00f1o de la puesta en marcha de la mayor\u00eda de las CUAS, dentro de un proceso complejo y lleno de dificultades.<\/p>\n\n\n\n<p>Ha sido mucho el esfuerzo realizado por todas las partes, las CUAS son una herramienta de gran utilidad en unos tiempos dif\u00edciles, pero ha merecido la pena; los regantes son los m\u00e1ximos interesados en la gesti\u00f3n y el cuidado del agua, de la que dependen absolutamente para su medio de vida. <strong>Se ha demostrado con datos concretos que la mayor parte de Comunidades no consumen el total de la concesi\u00f3n autorizada.<\/strong><\/p>\n\n\n\n<p><strong>Ante esta nueva situaci\u00f3n de incertidumbre respecto a la gesti\u00f3n del agua<\/strong> en nuestras explotaciones, debido entre otras causas a la aplicaci\u00f3n del nuevo Plan Hidrol\u00f3gico de Cuenca vigente aprobado en Real Decreto 35\/2023, de 24 de enero, para el periodo comprendido entre 2022 y 2027 que no ha recogido la mayor parte de reclamaciones realizadas por el sector. Su aplicaci\u00f3n est\u00e1 incapacitando cada vez m\u00e1s el acceso y uso del agua subterr\u00e1nea y debido al enorme aluvi\u00f3n de expedientes sancionadores con cuant\u00edas desproporcionadas que suponen la inviabilidad de nuestras explotaciones, el sector ha decidido movilizarse contra esta situaci\u00f3n y otros atropellos.<\/p>\n\n\n\n<p>ASAJA Valladolid tiene previsto invitar al resto de organizaciones agrarias y plataformas a participar en esta movilizaci\u00f3n.<\/p>\n","protected":false},"excerpt":{"rendered":"<p>Esta organizaci\u00f3n pretende denunciar el hostigamiento e inquina de esta entidad hacia los agricultores y la p\u00e9sima gesti\u00f3n del agua que est\u00e1 realizando La Manifestaci\u00f3n tractorada partir\u00e1 de la Plaza Col\u00f3n de Valladolid y realizar\u00e1 paradas en la Confederaci\u00f3n Hidrogr\u00e1fica del Duero, Delegaci\u00f3n del Gobierno y Consejer\u00eda de Medio Ambiente ASAJA Valladolid realizar\u00e1, el pr\u00f3ximo [&hellip;]<\/p>\n","protected":false},"author":13,"featured_media":3389,"comment_status":"open","ping_status":"open","sticky":false,"template":"","format":"standard","meta":{"footnotes":""},"categories":[8,21,20,9],"tags":[62,58,153,260,79,259],"yoast_head":"<!-- This site is optimized with the Yoast SEO plugin v24.5 - https:\/\/yoast.com\/wordpress\/plugins\/seo\/ -->\n<title>ASAJA Valladolid convoca una tractorada, el pr\u00f3ximo viernes 22 de marzo en Valladolid, contra la Confederaci\u00f3n Hidrogr\u00e1fica del Duero - ASAJA Valladolid<\/title>\n<meta name=\"description\" content=\"ASAJA Valladolid convoca una tractorada, el pr\u00f3ximo viernes 22 de marzo en Valladolid, contra la Confederaci\u00f3n Hidrogr\u00e1fica del Duero\" \/>\n<meta name=\"robots\" content=\"index, follow, max-snippet:-1, max-image-preview:large, max-video-preview:-1\" \/>\n<link rel=\"canonical\" href=\"https:\/\/www.asajacyl.com\/valladolid\/asaja-valladolid-informa\/asaja-valladolid-convoca-una-tractorada-el-proximo-viernes-22-de-marzo-en-valladolid-contra-la-confederacion-hidrografica-del-duero\" \/>\n<meta property=\"og:locale\" content=\"es_ES\" \/>\n<meta property=\"og:type\" content=\"article\" \/>\n<meta property=\"og:title\" content=\"ASAJA Valladolid convoca una tractorada, el pr\u00f3ximo viernes 22 de marzo en Valladolid, contra la Confederaci\u00f3n Hidrogr\u00e1fica del Duero - ASAJA Valladolid\" \/>\n<meta property=\"og:description\" content=\"ASAJA Valladolid convoca una tractorada, el pr\u00f3ximo viernes 22 de marzo en Valladolid, contra la Confederaci\u00f3n Hidrogr\u00e1fica del Duero\" \/>\n<meta property=\"og:url\" content=\"https:\/\/www.asajacyl.com\/valladolid\/asaja-valladolid-informa\/asaja-valladolid-convoca-una-tractorada-el-proximo-viernes-22-de-marzo-en-valladolid-contra-la-confederacion-hidrografica-del-duero\" \/>\n<meta property=\"og:site_name\" content=\"ASAJA Valladolid\" \/>\n<meta property=\"article:published_time\" content=\"2024-03-15T07:34:54+00:00\" \/>\n<meta property=\"article:modified_time\" content=\"2024-03-20T11:33:25+00:00\" \/>\n<meta property=\"og:image\" content=\"https:\/\/www.asajacyl.com\/valladolid\/wp-content\/uploads\/sites\/2\/2024\/03\/NP-ASAJA-Valladolid-convoca-una-tractorada-el-proximo-viernes-22-de-marzo-en-Valladolid-contra-la-CHD.jpg\" \/>\n\t<meta property=\"og:image:width\" content=\"1280\" \/>\n\t<meta property=\"og:image:height\" content=\"853\" \/>\n\t<meta property=\"og:image:type\" content=\"image\/jpeg\" \/>\n<meta name=\"author\" content=\"Mar\u00eda Natividad\" \/>\n<meta name=\"twitter:card\" content=\"summary_large_image\" \/>\n<meta name=\"twitter:label1\" content=\"Escrito por\" \/>\n\t<meta name=\"twitter:data1\" content=\"Mar\u00eda Natividad\" \/>\n\t<meta name=\"twitter:label2\" content=\"Tiempo de lectura\" \/>\n\t<meta name=\"twitter:data2\" content=\"3 minutos\" \/>\n<script type=\"application\/ld+json\" class=\"yoast-schema-graph\">{\"@context\":\"https:\/\/schema.org\",\"@graph\":[{\"@type\":\"WebPage\",\"@id\":\"https:\/\/www.asajacyl.com\/valladolid\/asaja-valladolid-informa\/asaja-valladolid-convoca-una-tractorada-el-proximo-viernes-22-de-marzo-en-valladolid-contra-la-confederacion-hidrografica-del-duero\",\"url\":\"https:\/\/www.asajacyl.com\/valladolid\/asaja-valladolid-informa\/asaja-valladolid-convoca-una-tractorada-el-proximo-viernes-22-de-marzo-en-valladolid-contra-la-confederacion-hidrografica-del-duero\",\"name\":\"ASAJA Valladolid convoca una tractorada, el pr\u00f3ximo viernes 22 de marzo en Valladolid, contra la Confederaci\u00f3n Hidrogr\u00e1fica del Duero - ASAJA Valladolid\",\"isPartOf\":{\"@id\":\"https:\/\/www.asajacyl.com\/valladolid\/#website\"},\"primaryImageOfPage\":{\"@id\":\"https:\/\/www.asajacyl.com\/valladolid\/asaja-valladolid-informa\/asaja-valladolid-convoca-una-tractorada-el-proximo-viernes-22-de-marzo-en-valladolid-contra-la-confederacion-hidrografica-del-duero#primaryimage\"},\"image\":{\"@id\":\"https:\/\/www.asajacyl.com\/valladolid\/asaja-valladolid-informa\/asaja-valladolid-convoca-una-tractorada-el-proximo-viernes-22-de-marzo-en-valladolid-contra-la-confederacion-hidrografica-del-duero#primaryimage\"},\"thumbnailUrl\":\"https:\/\/www.asajacyl.com\/valladolid\/wp-content\/uploads\/sites\/2\/2024\/03\/NP-ASAJA-Valladolid-convoca-una-tractorada-el-proximo-viernes-22-de-marzo-en-Valladolid-contra-la-CHD.jpg\",\"datePublished\":\"2024-03-15T07:34:54+00:00\",\"dateModified\":\"2024-03-20T11:33:25+00:00\",\"author\":{\"@id\":\"https:\/\/www.asajacyl.com\/valladolid\/#\/schema\/person\/cf213adc3e576168b6850f7db054141e\"},\"description\":\"ASAJA Valladolid convoca una tractorada, el pr\u00f3ximo viernes 22 de marzo en Valladolid, contra la Confederaci\u00f3n Hidrogr\u00e1fica del Duero\",\"breadcrumb\":{\"@id\":\"https:\/\/www.asajacyl.com\/valladolid\/asaja-valladolid-informa\/asaja-valladolid-convoca-una-tractorada-el-proximo-viernes-22-de-marzo-en-valladolid-contra-la-confederacion-hidrografica-del-duero#breadcrumb\"},\"inLanguage\":\"es\",\"potentialAction\":[{\"@type\":\"ReadAction\",\"target\":[\"https:\/\/www.asajacyl.com\/valladolid\/asaja-valladolid-informa\/asaja-valladolid-convoca-una-tractorada-el-proximo-viernes-22-de-marzo-en-valladolid-contra-la-confederacion-hidrografica-del-duero\"]}]},{\"@type\":\"ImageObject\",\"inLanguage\":\"es\",\"@id\":\"https:\/\/www.asajacyl.com\/valladolid\/asaja-valladolid-informa\/asaja-valladolid-convoca-una-tractorada-el-proximo-viernes-22-de-marzo-en-valladolid-contra-la-confederacion-hidrografica-del-duero#primaryimage\",\"url\":\"https:\/\/www.asajacyl.com\/valladolid\/wp-content\/uploads\/sites\/2\/2024\/03\/NP-ASAJA-Valladolid-convoca-una-tractorada-el-proximo-viernes-22-de-marzo-en-Valladolid-contra-la-CHD.jpg\",\"contentUrl\":\"https:\/\/www.asajacyl.com\/valladolid\/wp-content\/uploads\/sites\/2\/2024\/03\/NP-ASAJA-Valladolid-convoca-una-tractorada-el-proximo-viernes-22-de-marzo-en-Valladolid-contra-la-CHD.jpg\",\"width\":1280,\"height\":853},{\"@type\":\"BreadcrumbList\",\"@id\":\"https:\/\/www.asajacyl.com\/valladolid\/asaja-valladolid-informa\/asaja-valladolid-convoca-una-tractorada-el-proximo-viernes-22-de-marzo-en-valladolid-contra-la-confederacion-hidrografica-del-duero#breadcrumb\",\"itemListElement\":[{\"@type\":\"ListItem\",\"position\":1,\"name\":\"Portada\",\"item\":\"https:\/\/www.asajacyl.com\/valladolid\/\"},{\"@type\":\"ListItem\",\"position\":2,\"name\":\"ASAJA Valladolid convoca una tractorada, el pr\u00f3ximo viernes 22 de marzo en Valladolid, contra la Confederaci\u00f3n Hidrogr\u00e1fica del Duero\"}]},{\"@type\":\"WebSite\",\"@id\":\"https:\/\/www.asajacyl.com\/valladolid\/#website\",\"url\":\"https:\/\/www.asajacyl.com\/valladolid\/\",\"name\":\"ASAJA Valladolid\",\"description\":\"Otro sitio m\u00e1s de Provincias ASAJA Castilla y Le\u00f3n\",\"potentialAction\":[{\"@type\":\"SearchAction\",\"target\":{\"@type\":\"EntryPoint\",\"urlTemplate\":\"https:\/\/www.asajacyl.com\/valladolid\/?s={search_term_string}\"},\"query-input\":{\"@type\":\"PropertyValueSpecification\",\"valueRequired\":true,\"valueName\":\"search_term_string\"}}],\"inLanguage\":\"es\"},{\"@type\":\"Person\",\"@id\":\"https:\/\/www.asajacyl.com\/valladolid\/#\/schema\/person\/cf213adc3e576168b6850f7db054141e\",\"name\":\"Mar\u00eda Natividad\",\"image\":{\"@type\":\"ImageObject\",\"inLanguage\":\"es\",\"@id\":\"https:\/\/www.asajacyl.com\/valladolid\/#\/schema\/person\/image\/\",\"url\":\"https:\/\/secure.gravatar.com\/avatar\/7f7b3c840c2af79feac78f5eeffefc45?s=96&d=mm&r=g\",\"contentUrl\":\"https:\/\/secure.gravatar.com\/avatar\/7f7b3c840c2af79feac78f5eeffefc45?s=96&d=mm&r=g\",\"caption\":\"Mar\u00eda Natividad\"},\"url\":\"https:\/\/www.asajacyl.com\/valladolid\/author\/natividadhh\"}]}<\/script>\n<!-- \/ Yoast SEO plugin. -->","yoast_head_json":{"title":"ASAJA Valladolid convoca una tractorada, el pr\u00f3ximo viernes 22 de marzo en Valladolid, contra la Confederaci\u00f3n Hidrogr\u00e1fica del Duero - ASAJA Valladolid","description":"ASAJA Valladolid convoca una tractorada, el pr\u00f3ximo viernes 22 de marzo en Valladolid, contra la Confederaci\u00f3n Hidrogr\u00e1fica del Duero","robots":{"index":"index","follow":"follow","max-snippet":"max-snippet:-1","max-image-preview":"max-image-preview:large","max-video-preview":"max-video-preview:-1"},"canonical":"https:\/\/www.asajacyl.com\/valladolid\/asaja-valladolid-informa\/asaja-valladolid-convoca-una-tractorada-el-proximo-viernes-22-de-marzo-en-valladolid-contra-la-confederacion-hidrografica-del-duero","og_locale":"es_ES","og_type":"article","og_title":"ASAJA Valladolid convoca una tractorada, el pr\u00f3ximo viernes 22 de marzo en Valladolid, contra la Confederaci\u00f3n Hidrogr\u00e1fica del Duero - ASAJA Valladolid","og_description":"ASAJA Valladolid convoca una tractorada, el pr\u00f3ximo viernes 22 de marzo en Valladolid, contra la Confederaci\u00f3n Hidrogr\u00e1fica del Duero","og_url":"https:\/\/www.asajacyl.com\/valladolid\/asaja-valladolid-informa\/asaja-valladolid-convoca-una-tractorada-el-proximo-viernes-22-de-marzo-en-valladolid-contra-la-confederacion-hidrografica-del-duero","og_site_name":"ASAJA Valladolid","article_published_time":"2024-03-15T07:34:54+00:00","article_modified_time":"2024-03-20T11:33:25+00:00","og_image":[{"width":1280,"height":853,"url":"https:\/\/www.asajacyl.com\/valladolid\/wp-content\/uploads\/sites\/2\/2024\/03\/NP-ASAJA-Valladolid-convoca-una-tractorada-el-proximo-viernes-22-de-marzo-en-Valladolid-contra-la-CHD.jpg","type":"image\/jpeg"}],"author":"Mar\u00eda Natividad","twitter_card":"summary_large_image","twitter_misc":{"Escrito por":"Mar\u00eda Natividad","Tiempo de lectura":"3 minutos"},"schema":{"@context":"https:\/\/schema.org","@graph":[{"@type":"WebPage","@id":"https:\/\/www.asajacyl.com\/valladolid\/asaja-valladolid-informa\/asaja-valladolid-convoca-una-tractorada-el-proximo-viernes-22-de-marzo-en-valladolid-contra-la-confederacion-hidrografica-del-duero","url":"https:\/\/www.asajacyl.com\/valladolid\/asaja-valladolid-informa\/asaja-valladolid-convoca-una-tractorada-el-proximo-viernes-22-de-marzo-en-valladolid-contra-la-confederacion-hidrografica-del-duero","name":"ASAJA Valladolid convoca una tractorada, el pr\u00f3ximo viernes 22 de marzo en Valladolid, contra la Confederaci\u00f3n Hidrogr\u00e1fica del Duero - ASAJA Valladolid","isPartOf":{"@id":"https:\/\/www.asajacyl.com\/valladolid\/#website"},"primaryImageOfPage":{"@id":"https:\/\/www.asajacyl.com\/valladolid\/asaja-valladolid-informa\/asaja-valladolid-convoca-una-tractorada-el-proximo-viernes-22-de-marzo-en-valladolid-contra-la-confederacion-hidrografica-del-duero#primaryimage"},"image":{"@id":"https:\/\/www.asajacyl.com\/valladolid\/asaja-valladolid-informa\/asaja-valladolid-convoca-una-tractorada-el-proximo-viernes-22-de-marzo-en-valladolid-contra-la-confederacion-hidrografica-del-duero#primaryimage"},"thumbnailUrl":"https:\/\/www.asajacyl.com\/valladolid\/wp-content\/uploads\/sites\/2\/2024\/03\/NP-ASAJA-Valladolid-convoca-una-tractorada-el-proximo-viernes-22-de-marzo-en-Valladolid-contra-la-CHD.jpg","datePublished":"2024-03-15T07:34:54+00:00","dateModified":"2024-03-20T11:33:25+00:00","author":{"@id":"https:\/\/www.asajacyl.com\/valladolid\/#\/schema\/person\/cf213adc3e576168b6850f7db054141e"},"description":"ASAJA Valladolid convoca una tractorada, el pr\u00f3ximo viernes 22 de marzo en Valladolid, contra la Confederaci\u00f3n Hidrogr\u00e1fica del Duero","breadcrumb":{"@id":"https:\/\/www.asajacyl.com\/valladolid\/asaja-valladolid-informa\/asaja-valladolid-convoca-una-tractorada-el-proximo-viernes-22-de-marzo-en-valladolid-contra-la-confederacion-hidrografica-del-duero#breadcrumb"},"inLanguage":"es","potentialAction":[{"@type":"ReadAction","target":["https:\/\/www.asajacyl.com\/valladolid\/asaja-valladolid-informa\/asaja-valladolid-convoca-una-tractorada-el-proximo-viernes-22-de-marzo-en-valladolid-contra-la-confederacion-hidrografica-del-duero"]}]},{"@type":"ImageObject","inLanguage":"es","@id":"https:\/\/www.asajacyl.com\/valladolid\/asaja-valladolid-informa\/asaja-valladolid-convoca-una-tractorada-el-proximo-viernes-22-de-marzo-en-valladolid-contra-la-confederacion-hidrografica-del-duero#primaryimage","url":"https:\/\/www.asajacyl.com\/valladolid\/wp-content\/uploads\/sites\/2\/2024\/03\/NP-ASAJA-Valladolid-convoca-una-tractorada-el-proximo-viernes-22-de-marzo-en-Valladolid-contra-la-CHD.jpg","contentUrl":"https:\/\/www.asajacyl.com\/valladolid\/wp-content\/uploads\/sites\/2\/2024\/03\/NP-ASAJA-Valladolid-convoca-una-tractorada-el-proximo-viernes-22-de-marzo-en-Valladolid-contra-la-CHD.jpg","width":1280,"height":853},{"@type":"BreadcrumbList","@id":"https:\/\/www.asajacyl.com\/valladolid\/asaja-valladolid-informa\/asaja-valladolid-convoca-una-tractorada-el-proximo-viernes-22-de-marzo-en-valladolid-contra-la-confederacion-hidrografica-del-duero#breadcrumb","itemListElement":[{"@type":"ListItem","position":1,"name":"Portada","item":"https:\/\/www.asajacyl.com\/valladolid\/"},{"@type":"ListItem","position":2,"name":"ASAJA Valladolid convoca una tractorada, el pr\u00f3ximo viernes 22 de marzo en Valladolid, contra la Confederaci\u00f3n Hidrogr\u00e1fica del Duero"}]},{"@type":"WebSite","@id":"https:\/\/www.asajacyl.com\/valladolid\/#website","url":"https:\/\/www.asajacyl.com\/valladolid\/","name":"ASAJA Valladolid","description":"Otro sitio m\u00e1s de Provincias ASAJA Castilla y Le\u00f3n","potentialAction":[{"@type":"SearchAction","target":{"@type":"EntryPoint","urlTemplate":"https:\/\/www.asajacyl.com\/valladolid\/?s={search_term_string}"},"query-input":{"@type":"PropertyValueSpecification","valueRequired":true,"valueName":"search_term_string"}}],"inLanguage":"es"},{"@type":"Person","@id":"https:\/\/www.asajacyl.com\/valladolid\/#\/schema\/person\/cf213adc3e576168b6850f7db054141e","name":"Mar\u00eda Natividad","image":{"@type":"ImageObject","inLanguage":"es","@id":"https:\/\/www.asajacyl.com\/valladolid\/#\/schema\/person\/image\/","url":"https:\/\/secure.gravatar.com\/avatar\/7f7b3c840c2af79feac78f5eeffefc45?s=96&d=mm&r=g","contentUrl":"https:\/\/secure.gravatar.com\/avatar\/7f7b3c840c2af79feac78f5eeffefc45?s=96&d=mm&r=g","caption":"Mar\u00eda Natividad"},"url":"https:\/\/www.asajacyl.com\/valladolid\/author\/natividadhh"}]}},"_links":{"self":[{"href":"https:\/\/www.asajacyl.com\/valladolid\/wp-json\/wp\/v2\/posts\/3388"}],"collection":[{"href":"https:\/\/www.asajacyl.com\/valladolid\/wp-json\/wp\/v2\/posts"}],"about":[{"href":"https:\/\/www.asajacyl.com\/valladolid\/wp-json\/wp\/v2\/types\/post"}],"author":[{"embeddable":true,"href":"https:\/\/www.asajacyl.com\/valladolid\/wp-json\/wp\/v2\/users\/13"}],"replies":[{"embeddable":true,"href":"https:\/\/www.asajacyl.com\/valladolid\/wp-json\/wp\/v2\/comments?post=3388"}],"version-history":[{"count":1,"href":"https:\/\/www.asajacyl.com\/valladolid\/wp-json\/wp\/v2\/posts\/3388\/revisions"}],"predecessor-version":[{"id":3390,"href":"https:\/\/www.asajacyl.com\/valladolid\/wp-json\/wp\/v2\/posts\/3388\/revisions\/3390"}],"wp:featuredmedia":[{"embeddable":true,"href":"https:\/\/www.asajacyl.com\/valladolid\/wp-json\/wp\/v2\/media\/3389"}],"wp:attachment":[{"href":"https:\/\/www.asajacyl.com\/valladolid\/wp-json\/wp\/v2\/media?parent=3388"}],"wp:term":[{"taxonomy":"category","embeddable":true,"href":"https:\/\/www.asajacyl.com\/valladolid\/wp-json\/wp\/v2\/categories?post=3388"},{"taxonomy":"post_tag","embeddable":true,"href":"https:\/\/www.asajacyl.com\/valladolid\/wp-json\/wp\/v2\/tags?post=3388"}],"curies":[{"name":"wp","href":"https:\/\/api.w.org\/{rel}","templated":true}]}}