{"id":3415,"date":"2024-04-08T16:23:44","date_gmt":"2024-04-08T14:23:44","guid":{"rendered":"https:\/\/www.asajacyl.com\/valladolid\/?p=3415"},"modified":"2024-04-08T16:23:46","modified_gmt":"2024-04-08T14:23:46","slug":"se-compran-18-derechos-de-la-region-16","status":"publish","type":"post","link":"https:\/\/www.asajacyl.com\/valladolid\/servicios-socio\/avisos\/se-compran-18-derechos-de-la-region-16","title":{"rendered":"Se compran 18 derechos de la Regi\u00f3n 16"},"content":{"rendered":"\n<p>Se compran 18 derechos de la Regi\u00f3n 16.<\/p>\n\n\n\n<p>Interesados contactar con el siguiente n\u00famero de tel\u00e9fono: \u00a0<strong>665 908 449<\/strong>.<\/p>\n","protected":false},"excerpt":{"rendered":"<p>Se compran 18 derechos de la Regi\u00f3n 16. Interesados contactar con el siguiente n\u00famero de tel\u00e9fono: \u00a0665 908 449.<\/p>\n","protected":false},"author":13,"featured_media":3393,"comment_status":"open","ping_status":"open","sticky":false,"template":"","format":"standard","meta":{"footnotes":""},"categories":[43,21,27],"tags":[70,58,762,805,806],"yoast_head":"<!-- This site is optimized with the Yoast SEO plugin v24.5 - https:\/\/yoast.com\/wordpress\/plugins\/seo\/ -->\n<title>Se compran 18 derechos de la Regi\u00f3n 16 - ASAJA Valladolid<\/title>\n<meta name=\"description\" content=\"Se compran 18 derechos de la Regi\u00f3n 16.Interesados contactar con el siguiente n\u00famero de tel\u00e9fono: \u00a0665 908 449.\" \/>\n<meta name=\"robots\" content=\"index, follow, max-snippet:-1, max-image-preview:large, max-video-preview:-1\" \/>\n<link rel=\"canonical\" href=\"https:\/\/www.asajacyl.com\/valladolid\/servicios-socio\/avisos\/se-compran-18-derechos-de-la-region-16\" \/>\n<meta property=\"og:locale\" content=\"es_ES\" \/>\n<meta property=\"og:type\" content=\"article\" \/>\n<meta property=\"og:title\" content=\"Se compran 18 derechos de la Regi\u00f3n 16 - ASAJA Valladolid\" \/>\n<meta property=\"og:description\" content=\"Se compran 18 derechos de la Regi\u00f3n 16.Interesados contactar con el siguiente n\u00famero de tel\u00e9fono: \u00a0665 908 449.\" \/>\n<meta property=\"og:url\" content=\"https:\/\/www.asajacyl.com\/valladolid\/servicios-socio\/avisos\/se-compran-18-derechos-de-la-region-16\" \/>\n<meta property=\"og:site_name\" content=\"ASAJA Valladolid\" \/>\n<meta property=\"article:published_time\" content=\"2024-04-08T14:23:44+00:00\" \/>\n<meta property=\"article:modified_time\" content=\"2024-04-08T14:23:46+00:00\" \/>\n<meta property=\"og:image\" content=\"https:\/\/www.asajacyl.com\/valladolid\/wp-content\/uploads\/sites\/2\/2024\/03\/imagen-riego.jpg\" \/>\n\t<meta property=\"og:image:width\" content=\"1280\" \/>\n\t<meta property=\"og:image:height\" content=\"720\" \/>\n\t<meta property=\"og:image:type\" content=\"image\/jpeg\" \/>\n<meta name=\"author\" content=\"Mar\u00eda Natividad\" \/>\n<meta name=\"twitter:card\" content=\"summary_large_image\" \/>\n<meta name=\"twitter:label1\" content=\"Escrito por\" \/>\n\t<meta name=\"twitter:data1\" content=\"Mar\u00eda Natividad\" \/>\n\t<meta name=\"twitter:label2\" content=\"Tiempo de lectura\" \/>\n\t<meta name=\"twitter:data2\" content=\"1 minuto\" \/>\n<script type=\"application\/ld+json\" class=\"yoast-schema-graph\">{\"@context\":\"https:\/\/schema.org\",\"@graph\":[{\"@type\":\"WebPage\",\"@id\":\"https:\/\/www.asajacyl.com\/valladolid\/servicios-socio\/avisos\/se-compran-18-derechos-de-la-region-16\",\"url\":\"https:\/\/www.asajacyl.com\/valladolid\/servicios-socio\/avisos\/se-compran-18-derechos-de-la-region-16\",\"name\":\"Se compran 18 derechos de la Regi\u00f3n 16 - ASAJA Valladolid\",\"isPartOf\":{\"@id\":\"https:\/\/www.asajacyl.com\/valladolid\/#website\"},\"primaryImageOfPage\":{\"@id\":\"https:\/\/www.asajacyl.com\/valladolid\/servicios-socio\/avisos\/se-compran-18-derechos-de-la-region-16#primaryimage\"},\"image\":{\"@id\":\"https:\/\/www.asajacyl.com\/valladolid\/servicios-socio\/avisos\/se-compran-18-derechos-de-la-region-16#primaryimage\"},\"thumbnailUrl\":\"https:\/\/www.asajacyl.com\/valladolid\/wp-content\/uploads\/sites\/2\/2024\/03\/imagen-riego.jpg\",\"datePublished\":\"2024-04-08T14:23:44+00:00\",\"dateModified\":\"2024-04-08T14:23:46+00:00\",\"author\":{\"@id\":\"https:\/\/www.asajacyl.com\/valladolid\/#\/schema\/person\/cf213adc3e576168b6850f7db054141e\"},\"description\":\"Se compran 18 derechos de la Regi\u00f3n 16.Interesados contactar con el siguiente n\u00famero de tel\u00e9fono: \u00a0665 908 449.\",\"breadcrumb\":{\"@id\":\"https:\/\/www.asajacyl.com\/valladolid\/servicios-socio\/avisos\/se-compran-18-derechos-de-la-region-16#breadcrumb\"},\"inLanguage\":\"es\",\"potentialAction\":[{\"@type\":\"ReadAction\",\"target\":[\"https:\/\/www.asajacyl.com\/valladolid\/servicios-socio\/avisos\/se-compran-18-derechos-de-la-region-16\"]}]},{\"@type\":\"ImageObject\",\"inLanguage\":\"es\",\"@id\":\"https:\/\/www.asajacyl.com\/valladolid\/servicios-socio\/avisos\/se-compran-18-derechos-de-la-region-16#primaryimage\",\"url\":\"https:\/\/www.asajacyl.com\/valladolid\/wp-content\/uploads\/sites\/2\/2024\/03\/imagen-riego.jpg\",\"contentUrl\":\"https:\/\/www.asajacyl.com\/valladolid\/wp-content\/uploads\/sites\/2\/2024\/03\/imagen-riego.jpg\",\"width\":1280,\"height\":720,\"caption\":\"tractorada contra la CHD en valladolid\"},{\"@type\":\"BreadcrumbList\",\"@id\":\"https:\/\/www.asajacyl.com\/valladolid\/servicios-socio\/avisos\/se-compran-18-derechos-de-la-region-16#breadcrumb\",\"itemListElement\":[{\"@type\":\"ListItem\",\"position\":1,\"name\":\"Portada\",\"item\":\"https:\/\/www.asajacyl.com\/valladolid\/\"},{\"@type\":\"ListItem\",\"position\":2,\"name\":\"Se compran 18 derechos de la Regi\u00f3n 16\"}]},{\"@type\":\"WebSite\",\"@id\":\"https:\/\/www.asajacyl.com\/valladolid\/#website\",\"url\":\"https:\/\/www.asajacyl.com\/valladolid\/\",\"name\":\"ASAJA Valladolid\",\"description\":\"Otro sitio m\u00e1s de Provincias ASAJA Castilla y Le\u00f3n\",\"potentialAction\":[{\"@type\":\"SearchAction\",\"target\":{\"@type\":\"EntryPoint\",\"urlTemplate\":\"https:\/\/www.asajacyl.com\/valladolid\/?s={search_term_string}\"},\"query-input\":{\"@type\":\"PropertyValueSpecification\",\"valueRequired\":true,\"valueName\":\"search_term_string\"}}],\"inLanguage\":\"es\"},{\"@type\":\"Person\",\"@id\":\"https:\/\/www.asajacyl.com\/valladolid\/#\/schema\/person\/cf213adc3e576168b6850f7db054141e\",\"name\":\"Mar\u00eda Natividad\",\"image\":{\"@type\":\"ImageObject\",\"inLanguage\":\"es\",\"@id\":\"https:\/\/www.asajacyl.com\/valladolid\/#\/schema\/person\/image\/\",\"url\":\"https:\/\/secure.gravatar.com\/avatar\/7f7b3c840c2af79feac78f5eeffefc45?s=96&d=mm&r=g\",\"contentUrl\":\"https:\/\/secure.gravatar.com\/avatar\/7f7b3c840c2af79feac78f5eeffefc45?s=96&d=mm&r=g\",\"caption\":\"Mar\u00eda Natividad\"},\"url\":\"https:\/\/www.asajacyl.com\/valladolid\/author\/natividadhh\"}]}<\/script>\n<!-- \/ Yoast SEO plugin. -->","yoast_head_json":{"title":"Se compran 18 derechos de la Regi\u00f3n 16 - ASAJA Valladolid","description":"Se compran 18 derechos de la Regi\u00f3n 16.Interesados contactar con el siguiente n\u00famero de tel\u00e9fono: \u00a0665 908 449.","robots":{"index":"index","follow":"follow","max-snippet":"max-snippet:-1","max-image-preview":"max-image-preview:large","max-video-preview":"max-video-preview:-1"},"canonical":"https:\/\/www.asajacyl.com\/valladolid\/servicios-socio\/avisos\/se-compran-18-derechos-de-la-region-16","og_locale":"es_ES","og_type":"article","og_title":"Se compran 18 derechos de la Regi\u00f3n 16 - ASAJA Valladolid","og_description":"Se compran 18 derechos de la Regi\u00f3n 16.Interesados contactar con el siguiente n\u00famero de tel\u00e9fono: \u00a0665 908 449.","og_url":"https:\/\/www.asajacyl.com\/valladolid\/servicios-socio\/avisos\/se-compran-18-derechos-de-la-region-16","og_site_name":"ASAJA Valladolid","article_published_time":"2024-04-08T14:23:44+00:00","article_modified_time":"2024-04-08T14:23:46+00:00","og_image":[{"width":1280,"height":720,"url":"https:\/\/www.asajacyl.com\/valladolid\/wp-content\/uploads\/sites\/2\/2024\/03\/imagen-riego.jpg","type":"image\/jpeg"}],"author":"Mar\u00eda Natividad","twitter_card":"summary_large_image","twitter_misc":{"Escrito por":"Mar\u00eda Natividad","Tiempo de lectura":"1 minuto"},"schema":{"@context":"https:\/\/schema.org","@graph":[{"@type":"WebPage","@id":"https:\/\/www.asajacyl.com\/valladolid\/servicios-socio\/avisos\/se-compran-18-derechos-de-la-region-16","url":"https:\/\/www.asajacyl.com\/valladolid\/servicios-socio\/avisos\/se-compran-18-derechos-de-la-region-16","name":"Se compran 18 derechos de la Regi\u00f3n 16 - ASAJA Valladolid","isPartOf":{"@id":"https:\/\/www.asajacyl.com\/valladolid\/#website"},"primaryImageOfPage":{"@id":"https:\/\/www.asajacyl.com\/valladolid\/servicios-socio\/avisos\/se-compran-18-derechos-de-la-region-16#primaryimage"},"image":{"@id":"https:\/\/www.asajacyl.com\/valladolid\/servicios-socio\/avisos\/se-compran-18-derechos-de-la-region-16#primaryimage"},"thumbnailUrl":"https:\/\/www.asajacyl.com\/valladolid\/wp-content\/uploads\/sites\/2\/2024\/03\/imagen-riego.jpg","datePublished":"2024-04-08T14:23:44+00:00","dateModified":"2024-04-08T14:23:46+00:00","author":{"@id":"https:\/\/www.asajacyl.com\/valladolid\/#\/schema\/person\/cf213adc3e576168b6850f7db054141e"},"description":"Se compran 18 derechos de la Regi\u00f3n 16.Interesados contactar con el siguiente n\u00famero de tel\u00e9fono: \u00a0665 908 449.","breadcrumb":{"@id":"https:\/\/www.asajacyl.com\/valladolid\/servicios-socio\/avisos\/se-compran-18-derechos-de-la-region-16#breadcrumb"},"inLanguage":"es","potentialAction":[{"@type":"ReadAction","target":["https:\/\/www.asajacyl.com\/valladolid\/servicios-socio\/avisos\/se-compran-18-derechos-de-la-region-16"]}]},{"@type":"ImageObject","inLanguage":"es","@id":"https:\/\/www.asajacyl.com\/valladolid\/servicios-socio\/avisos\/se-compran-18-derechos-de-la-region-16#primaryimage","url":"https:\/\/www.asajacyl.com\/valladolid\/wp-content\/uploads\/sites\/2\/2024\/03\/imagen-riego.jpg","contentUrl":"https:\/\/www.asajacyl.com\/valladolid\/wp-content\/uploads\/sites\/2\/2024\/03\/imagen-riego.jpg","width":1280,"height":720,"caption":"tractorada contra la CHD en valladolid"},{"@type":"BreadcrumbList","@id":"https:\/\/www.asajacyl.com\/valladolid\/servicios-socio\/avisos\/se-compran-18-derechos-de-la-region-16#breadcrumb","itemListElement":[{"@type":"ListItem","position":1,"name":"Portada","item":"https:\/\/www.asajacyl.com\/valladolid\/"},{"@type":"ListItem","position":2,"name":"Se compran 18 derechos de la Regi\u00f3n 16"}]},{"@type":"WebSite","@id":"https:\/\/www.asajacyl.com\/valladolid\/#website","url":"https:\/\/www.asajacyl.com\/valladolid\/","name":"ASAJA Valladolid","description":"Otro sitio m\u00e1s de Provincias ASAJA Castilla y Le\u00f3n","potentialAction":[{"@type":"SearchAction","target":{"@type":"EntryPoint","urlTemplate":"https:\/\/www.asajacyl.com\/valladolid\/?s={search_term_string}"},"query-input":{"@type":"PropertyValueSpecification","valueRequired":true,"valueName":"search_term_string"}}],"inLanguage":"es"},{"@type":"Person","@id":"https:\/\/www.asajacyl.com\/valladolid\/#\/schema\/person\/cf213adc3e576168b6850f7db054141e","name":"Mar\u00eda Natividad","image":{"@type":"ImageObject","inLanguage":"es","@id":"https:\/\/www.asajacyl.com\/valladolid\/#\/schema\/person\/image\/","url":"https:\/\/secure.gravatar.com\/avatar\/7f7b3c840c2af79feac78f5eeffefc45?s=96&d=mm&r=g","contentUrl":"https:\/\/secure.gravatar.com\/avatar\/7f7b3c840c2af79feac78f5eeffefc45?s=96&d=mm&r=g","caption":"Mar\u00eda Natividad"},"url":"https:\/\/www.asajacyl.com\/valladolid\/author\/natividadhh"}]}},"_links":{"self":[{"href":"https:\/\/www.asajacyl.com\/valladolid\/wp-json\/wp\/v2\/posts\/3415"}],"collection":[{"href":"https:\/\/www.asajacyl.com\/valladolid\/wp-json\/wp\/v2\/posts"}],"about":[{"href":"https:\/\/www.asajacyl.com\/valladolid\/wp-json\/wp\/v2\/types\/post"}],"author":[{"embeddable":true,"href":"https:\/\/www.asajacyl.com\/valladolid\/wp-json\/wp\/v2\/users\/13"}],"replies":[{"embeddable":true,"href":"https:\/\/www.asajacyl.com\/valladolid\/wp-json\/wp\/v2\/comments?post=3415"}],"version-history":[{"count":1,"href":"https:\/\/www.asajacyl.com\/valladolid\/wp-json\/wp\/v2\/posts\/3415\/revisions"}],"predecessor-version":[{"id":3416,"href":"https:\/\/www.asajacyl.com\/valladolid\/wp-json\/wp\/v2\/posts\/3415\/revisions\/3416"}],"wp:featuredmedia":[{"embeddable":true,"href":"https:\/\/www.asajacyl.com\/valladolid\/wp-json\/wp\/v2\/media\/3393"}],"wp:attachment":[{"href":"https:\/\/www.asajacyl.com\/valladolid\/wp-json\/wp\/v2\/media?parent=3415"}],"wp:term":[{"taxonomy":"category","embeddable":true,"href":"https:\/\/www.asajacyl.com\/valladolid\/wp-json\/wp\/v2\/categories?post=3415"},{"taxonomy":"post_tag","embeddable":true,"href":"https:\/\/www.asajacyl.com\/valladolid\/wp-json\/wp\/v2\/tags?post=3415"}],"curies":[{"name":"wp","href":"https:\/\/api.w.org\/{rel}","templated":true}]}}