{"id":3479,"date":"2024-05-20T14:23:12","date_gmt":"2024-05-20T12:23:12","guid":{"rendered":"https:\/\/www.asajacyl.com\/valladolid\/?p=3479"},"modified":"2024-05-28T16:41:58","modified_gmt":"2024-05-28T14:41:58","slug":"asaja-valladolid-apoyara-la-manifestacion-del-3-de-junio-en-los-puntos-fronterizos-de-espana-y-francia","status":"publish","type":"post","link":"https:\/\/www.asajacyl.com\/valladolid\/asaja-valladolid-informa\/asaja-valladolid-apoyara-la-manifestacion-del-3-de-junio-en-los-puntos-fronterizos-de-espana-y-francia","title":{"rendered":"ASAJA Valladolid apoyar\u00e1 la manifestaci\u00f3n del 3 de junio en los puntos fronterizos de Espa\u00f1a y Francia"},"content":{"rendered":"\n<p><em><strong>ASAJA Valladolid fletar\u00e1 un autob\u00fas para los socios que quieran participar en esta protesta. El plazo para apuntarse finaliza este viernes 24 de mayo a las 13.00 horas.<\/strong><\/em><\/p>\n\n\n\n<figure class=\"wp-block-image size-large\"><img loading=\"lazy\" decoding=\"async\" width=\"1024\" height=\"576\" src=\"https:\/\/www.asajacyl.com\/valladolid\/wp-content\/uploads\/sites\/2\/2024\/05\/Anuncio-manifestacion-frontera-imagen-1024x576.jpg\" alt=\"\" class=\"wp-image-3495\" srcset=\"https:\/\/www.asajacyl.com\/valladolid\/wp-content\/uploads\/sites\/2\/2024\/05\/Anuncio-manifestacion-frontera-imagen-1024x576.jpg 1024w, https:\/\/www.asajacyl.com\/valladolid\/wp-content\/uploads\/sites\/2\/2024\/05\/Anuncio-manifestacion-frontera-imagen-300x169.jpg 300w, https:\/\/www.asajacyl.com\/valladolid\/wp-content\/uploads\/sites\/2\/2024\/05\/Anuncio-manifestacion-frontera-imagen-768x432.jpg 768w, https:\/\/www.asajacyl.com\/valladolid\/wp-content\/uploads\/sites\/2\/2024\/05\/Anuncio-manifestacion-frontera-imagen-747x420.jpg 747w, https:\/\/www.asajacyl.com\/valladolid\/wp-content\/uploads\/sites\/2\/2024\/05\/Anuncio-manifestacion-frontera-imagen-696x392.jpg 696w, https:\/\/www.asajacyl.com\/valladolid\/wp-content\/uploads\/sites\/2\/2024\/05\/Anuncio-manifestacion-frontera-imagen-1068x601.jpg 1068w, https:\/\/www.asajacyl.com\/valladolid\/wp-content\/uploads\/sites\/2\/2024\/05\/Anuncio-manifestacion-frontera-imagen.jpg 1280w\" sizes=\"(max-width: 1024px) 100vw, 1024px\" \/><\/figure>\n\n\n\n<p>ASAJA Valladolid, organizaci\u00f3n que desde un principio busc\u00f3 la unidad de acci\u00f3n de todas las OPAs aunque al inicio no la encontrar\u00e1, <strong>apoyar\u00e1 como en el resto ocasiones, <\/strong>la manifestaci\u00f3n convocada para el pr\u00f3ximo <strong>3 de junio<\/strong> en los puestos fronterizos de Espa\u00f1a y Francia organizada por varias plataformas independientes.<a><\/a><\/p>\n\n\n\n<p>ASAJA Valladolid, reafirma as\u00ed, una vez m\u00e1s, la l\u00ednea marcada desde el inicio de las protestas en Febrero, de acudir a todos los actos, convoque quien los convoque.<\/p>\n\n\n\n<p>Esta organizaci\u00f3n, vuelve a incidir en <strong>\u201cque lo importante no es quien convoque las manifestaciones, sino la participaci\u00f3n y que llegue el mensaje\u201d.<\/strong> Por ello ASAJA Valladolid va a fletar para esta protesta un autob\u00fas para sus socios para desplazarse hasta la frontera y unirse a esta protesta que se va a celebrar el pr\u00f3ximo 3 de junio. <strong>Todos aquellos socios de ASAJA Valladolid interesados pueden llamar al n\u00famero de tel\u00e9fono de la Oficina de Valladolid para Inscribirse: 983 203 371<\/strong>. El plazo para apuntarse <strong>finaliza este viernes 24 de mayo a las 13.00 horas<\/strong>. Es imprescindible cubrir un n\u00famero de plazas m\u00ednimo para que el autob\u00fas salga.<\/p>\n\n\n\n<p>ASAJA comparte las reivindicaciones de esta protesta como la eliminaci\u00f3n de los impuestos a la energ\u00eda para el sector agrario, mayor seguridad alimentaria para los alimentos que entran de fuera de la UE, imponer cl\u00e1usulas espejo y dar preferencia e incentivar el consumo de producto local.<\/p>\n\n\n\n<p>Desde el inicio de las movilizaciones ASAJA Valladolid, ha animado a todos sus socios y simpatizantes a acudir a las tractoradas y manifestaciones sin importar quien las convocara. En esta ocasi\u00f3n, de nuevo, esta organizaci\u00f3n agraria pide a sus socios que se unan a esta protesta para seguir defendiendo un futuro y una rentabilidad para el sector.<\/p>\n\n\n\n<p>Asaja Valladolid, la organizaci\u00f3n m\u00e1s reivindicativa de la provincia, ha estado junto con sus socios y Junta Directiva en todas las protestas que han surgido estos meses y seguir\u00e1 estando.<\/p>\n","protected":false},"excerpt":{"rendered":"<p>ASAJA Valladolid fletar\u00e1 un autob\u00fas para los socios que quieran participar en esta protesta. El plazo para apuntarse finaliza este viernes 24 de mayo a las 13.00 horas. ASAJA Valladolid, organizaci\u00f3n que desde un principio busc\u00f3 la unidad de acci\u00f3n de todas las OPAs aunque al inicio no la encontrar\u00e1, apoyar\u00e1 como en el resto [&hellip;]<\/p>\n","protected":false},"author":13,"featured_media":3481,"comment_status":"open","ping_status":"open","sticky":false,"template":"","format":"standard","meta":{"footnotes":""},"categories":[8,9],"tags":[937,58,936,934],"yoast_head":"<!-- This site is optimized with the Yoast SEO plugin v24.5 - https:\/\/yoast.com\/wordpress\/plugins\/seo\/ -->\n<title>ASAJA Valladolid apoyar\u00e1 la manifestaci\u00f3n del 3 de junio en los puntos fronterizos de Espa\u00f1a y Francia - ASAJA Valladolid<\/title>\n<meta name=\"description\" content=\"ASAJA Valladolid apoyar\u00e1 la manifestaci\u00f3n del 3 de junio en los puntos fronterizos de Espa\u00f1a y Francia\" \/>\n<meta name=\"robots\" content=\"index, follow, max-snippet:-1, max-image-preview:large, max-video-preview:-1\" \/>\n<link rel=\"canonical\" href=\"https:\/\/www.asajacyl.com\/valladolid\/asaja-valladolid-informa\/asaja-valladolid-apoyara-la-manifestacion-del-3-de-junio-en-los-puntos-fronterizos-de-espana-y-francia\" \/>\n<meta property=\"og:locale\" content=\"es_ES\" \/>\n<meta property=\"og:type\" content=\"article\" \/>\n<meta property=\"og:title\" content=\"ASAJA Valladolid apoyar\u00e1 la manifestaci\u00f3n del 3 de junio en los puntos fronterizos de Espa\u00f1a y Francia - ASAJA Valladolid\" \/>\n<meta property=\"og:description\" content=\"ASAJA Valladolid apoyar\u00e1 la manifestaci\u00f3n del 3 de junio en los puntos fronterizos de Espa\u00f1a y Francia\" \/>\n<meta property=\"og:url\" content=\"https:\/\/www.asajacyl.com\/valladolid\/asaja-valladolid-informa\/asaja-valladolid-apoyara-la-manifestacion-del-3-de-junio-en-los-puntos-fronterizos-de-espana-y-francia\" \/>\n<meta property=\"og:site_name\" content=\"ASAJA Valladolid\" \/>\n<meta property=\"article:published_time\" content=\"2024-05-20T12:23:12+00:00\" \/>\n<meta property=\"article:modified_time\" content=\"2024-05-28T14:41:58+00:00\" \/>\n<meta property=\"og:image\" content=\"https:\/\/www.asajacyl.com\/valladolid\/wp-content\/uploads\/sites\/2\/2024\/05\/autubus.jpg\" \/>\n\t<meta property=\"og:image:width\" content=\"1800\" \/>\n\t<meta property=\"og:image:height\" content=\"1849\" \/>\n\t<meta property=\"og:image:type\" content=\"image\/jpeg\" \/>\n<meta name=\"author\" content=\"Mar\u00eda Natividad\" \/>\n<meta name=\"twitter:card\" content=\"summary_large_image\" \/>\n<meta name=\"twitter:label1\" content=\"Escrito por\" \/>\n\t<meta name=\"twitter:data1\" content=\"Mar\u00eda Natividad\" \/>\n\t<meta name=\"twitter:label2\" content=\"Tiempo de lectura\" \/>\n\t<meta name=\"twitter:data2\" content=\"2 minutos\" \/>\n<script type=\"application\/ld+json\" class=\"yoast-schema-graph\">{\"@context\":\"https:\/\/schema.org\",\"@graph\":[{\"@type\":\"WebPage\",\"@id\":\"https:\/\/www.asajacyl.com\/valladolid\/asaja-valladolid-informa\/asaja-valladolid-apoyara-la-manifestacion-del-3-de-junio-en-los-puntos-fronterizos-de-espana-y-francia\",\"url\":\"https:\/\/www.asajacyl.com\/valladolid\/asaja-valladolid-informa\/asaja-valladolid-apoyara-la-manifestacion-del-3-de-junio-en-los-puntos-fronterizos-de-espana-y-francia\",\"name\":\"ASAJA Valladolid apoyar\u00e1 la manifestaci\u00f3n del 3 de junio en los puntos fronterizos de Espa\u00f1a y Francia - ASAJA Valladolid\",\"isPartOf\":{\"@id\":\"https:\/\/www.asajacyl.com\/valladolid\/#website\"},\"primaryImageOfPage\":{\"@id\":\"https:\/\/www.asajacyl.com\/valladolid\/asaja-valladolid-informa\/asaja-valladolid-apoyara-la-manifestacion-del-3-de-junio-en-los-puntos-fronterizos-de-espana-y-francia#primaryimage\"},\"image\":{\"@id\":\"https:\/\/www.asajacyl.com\/valladolid\/asaja-valladolid-informa\/asaja-valladolid-apoyara-la-manifestacion-del-3-de-junio-en-los-puntos-fronterizos-de-espana-y-francia#primaryimage\"},\"thumbnailUrl\":\"https:\/\/www.asajacyl.com\/valladolid\/wp-content\/uploads\/sites\/2\/2024\/05\/autubus.jpg\",\"datePublished\":\"2024-05-20T12:23:12+00:00\",\"dateModified\":\"2024-05-28T14:41:58+00:00\",\"author\":{\"@id\":\"https:\/\/www.asajacyl.com\/valladolid\/#\/schema\/person\/cf213adc3e576168b6850f7db054141e\"},\"description\":\"ASAJA Valladolid apoyar\u00e1 la manifestaci\u00f3n del 3 de junio en los puntos fronterizos de Espa\u00f1a y Francia\",\"breadcrumb\":{\"@id\":\"https:\/\/www.asajacyl.com\/valladolid\/asaja-valladolid-informa\/asaja-valladolid-apoyara-la-manifestacion-del-3-de-junio-en-los-puntos-fronterizos-de-espana-y-francia#breadcrumb\"},\"inLanguage\":\"es\",\"potentialAction\":[{\"@type\":\"ReadAction\",\"target\":[\"https:\/\/www.asajacyl.com\/valladolid\/asaja-valladolid-informa\/asaja-valladolid-apoyara-la-manifestacion-del-3-de-junio-en-los-puntos-fronterizos-de-espana-y-francia\"]}]},{\"@type\":\"ImageObject\",\"inLanguage\":\"es\",\"@id\":\"https:\/\/www.asajacyl.com\/valladolid\/asaja-valladolid-informa\/asaja-valladolid-apoyara-la-manifestacion-del-3-de-junio-en-los-puntos-fronterizos-de-espana-y-francia#primaryimage\",\"url\":\"https:\/\/www.asajacyl.com\/valladolid\/wp-content\/uploads\/sites\/2\/2024\/05\/autubus.jpg\",\"contentUrl\":\"https:\/\/www.asajacyl.com\/valladolid\/wp-content\/uploads\/sites\/2\/2024\/05\/autubus.jpg\",\"width\":1800,\"height\":1849},{\"@type\":\"BreadcrumbList\",\"@id\":\"https:\/\/www.asajacyl.com\/valladolid\/asaja-valladolid-informa\/asaja-valladolid-apoyara-la-manifestacion-del-3-de-junio-en-los-puntos-fronterizos-de-espana-y-francia#breadcrumb\",\"itemListElement\":[{\"@type\":\"ListItem\",\"position\":1,\"name\":\"Portada\",\"item\":\"https:\/\/www.asajacyl.com\/valladolid\/\"},{\"@type\":\"ListItem\",\"position\":2,\"name\":\"ASAJA Valladolid apoyar\u00e1 la manifestaci\u00f3n del 3 de junio en los puntos fronterizos de Espa\u00f1a y Francia\"}]},{\"@type\":\"WebSite\",\"@id\":\"https:\/\/www.asajacyl.com\/valladolid\/#website\",\"url\":\"https:\/\/www.asajacyl.com\/valladolid\/\",\"name\":\"ASAJA Valladolid\",\"description\":\"Otro sitio m\u00e1s de Provincias ASAJA Castilla y Le\u00f3n\",\"potentialAction\":[{\"@type\":\"SearchAction\",\"target\":{\"@type\":\"EntryPoint\",\"urlTemplate\":\"https:\/\/www.asajacyl.com\/valladolid\/?s={search_term_string}\"},\"query-input\":{\"@type\":\"PropertyValueSpecification\",\"valueRequired\":true,\"valueName\":\"search_term_string\"}}],\"inLanguage\":\"es\"},{\"@type\":\"Person\",\"@id\":\"https:\/\/www.asajacyl.com\/valladolid\/#\/schema\/person\/cf213adc3e576168b6850f7db054141e\",\"name\":\"Mar\u00eda Natividad\",\"image\":{\"@type\":\"ImageObject\",\"inLanguage\":\"es\",\"@id\":\"https:\/\/www.asajacyl.com\/valladolid\/#\/schema\/person\/image\/\",\"url\":\"https:\/\/secure.gravatar.com\/avatar\/7f7b3c840c2af79feac78f5eeffefc45?s=96&d=mm&r=g\",\"contentUrl\":\"https:\/\/secure.gravatar.com\/avatar\/7f7b3c840c2af79feac78f5eeffefc45?s=96&d=mm&r=g\",\"caption\":\"Mar\u00eda Natividad\"},\"url\":\"https:\/\/www.asajacyl.com\/valladolid\/author\/natividadhh\"}]}<\/script>\n<!-- \/ Yoast SEO plugin. -->","yoast_head_json":{"title":"ASAJA Valladolid apoyar\u00e1 la manifestaci\u00f3n del 3 de junio en los puntos fronterizos de Espa\u00f1a y Francia - ASAJA Valladolid","description":"ASAJA Valladolid apoyar\u00e1 la manifestaci\u00f3n del 3 de junio en los puntos fronterizos de Espa\u00f1a y Francia","robots":{"index":"index","follow":"follow","max-snippet":"max-snippet:-1","max-image-preview":"max-image-preview:large","max-video-preview":"max-video-preview:-1"},"canonical":"https:\/\/www.asajacyl.com\/valladolid\/asaja-valladolid-informa\/asaja-valladolid-apoyara-la-manifestacion-del-3-de-junio-en-los-puntos-fronterizos-de-espana-y-francia","og_locale":"es_ES","og_type":"article","og_title":"ASAJA Valladolid apoyar\u00e1 la manifestaci\u00f3n del 3 de junio en los puntos fronterizos de Espa\u00f1a y Francia - ASAJA Valladolid","og_description":"ASAJA Valladolid apoyar\u00e1 la manifestaci\u00f3n del 3 de junio en los puntos fronterizos de Espa\u00f1a y Francia","og_url":"https:\/\/www.asajacyl.com\/valladolid\/asaja-valladolid-informa\/asaja-valladolid-apoyara-la-manifestacion-del-3-de-junio-en-los-puntos-fronterizos-de-espana-y-francia","og_site_name":"ASAJA Valladolid","article_published_time":"2024-05-20T12:23:12+00:00","article_modified_time":"2024-05-28T14:41:58+00:00","og_image":[{"width":1800,"height":1849,"url":"https:\/\/www.asajacyl.com\/valladolid\/wp-content\/uploads\/sites\/2\/2024\/05\/autubus.jpg","type":"image\/jpeg"}],"author":"Mar\u00eda Natividad","twitter_card":"summary_large_image","twitter_misc":{"Escrito por":"Mar\u00eda Natividad","Tiempo de lectura":"2 minutos"},"schema":{"@context":"https:\/\/schema.org","@graph":[{"@type":"WebPage","@id":"https:\/\/www.asajacyl.com\/valladolid\/asaja-valladolid-informa\/asaja-valladolid-apoyara-la-manifestacion-del-3-de-junio-en-los-puntos-fronterizos-de-espana-y-francia","url":"https:\/\/www.asajacyl.com\/valladolid\/asaja-valladolid-informa\/asaja-valladolid-apoyara-la-manifestacion-del-3-de-junio-en-los-puntos-fronterizos-de-espana-y-francia","name":"ASAJA Valladolid apoyar\u00e1 la manifestaci\u00f3n del 3 de junio en los puntos fronterizos de Espa\u00f1a y Francia - ASAJA Valladolid","isPartOf":{"@id":"https:\/\/www.asajacyl.com\/valladolid\/#website"},"primaryImageOfPage":{"@id":"https:\/\/www.asajacyl.com\/valladolid\/asaja-valladolid-informa\/asaja-valladolid-apoyara-la-manifestacion-del-3-de-junio-en-los-puntos-fronterizos-de-espana-y-francia#primaryimage"},"image":{"@id":"https:\/\/www.asajacyl.com\/valladolid\/asaja-valladolid-informa\/asaja-valladolid-apoyara-la-manifestacion-del-3-de-junio-en-los-puntos-fronterizos-de-espana-y-francia#primaryimage"},"thumbnailUrl":"https:\/\/www.asajacyl.com\/valladolid\/wp-content\/uploads\/sites\/2\/2024\/05\/autubus.jpg","datePublished":"2024-05-20T12:23:12+00:00","dateModified":"2024-05-28T14:41:58+00:00","author":{"@id":"https:\/\/www.asajacyl.com\/valladolid\/#\/schema\/person\/cf213adc3e576168b6850f7db054141e"},"description":"ASAJA Valladolid apoyar\u00e1 la manifestaci\u00f3n del 3 de junio en los puntos fronterizos de Espa\u00f1a y Francia","breadcrumb":{"@id":"https:\/\/www.asajacyl.com\/valladolid\/asaja-valladolid-informa\/asaja-valladolid-apoyara-la-manifestacion-del-3-de-junio-en-los-puntos-fronterizos-de-espana-y-francia#breadcrumb"},"inLanguage":"es","potentialAction":[{"@type":"ReadAction","target":["https:\/\/www.asajacyl.com\/valladolid\/asaja-valladolid-informa\/asaja-valladolid-apoyara-la-manifestacion-del-3-de-junio-en-los-puntos-fronterizos-de-espana-y-francia"]}]},{"@type":"ImageObject","inLanguage":"es","@id":"https:\/\/www.asajacyl.com\/valladolid\/asaja-valladolid-informa\/asaja-valladolid-apoyara-la-manifestacion-del-3-de-junio-en-los-puntos-fronterizos-de-espana-y-francia#primaryimage","url":"https:\/\/www.asajacyl.com\/valladolid\/wp-content\/uploads\/sites\/2\/2024\/05\/autubus.jpg","contentUrl":"https:\/\/www.asajacyl.com\/valladolid\/wp-content\/uploads\/sites\/2\/2024\/05\/autubus.jpg","width":1800,"height":1849},{"@type":"BreadcrumbList","@id":"https:\/\/www.asajacyl.com\/valladolid\/asaja-valladolid-informa\/asaja-valladolid-apoyara-la-manifestacion-del-3-de-junio-en-los-puntos-fronterizos-de-espana-y-francia#breadcrumb","itemListElement":[{"@type":"ListItem","position":1,"name":"Portada","item":"https:\/\/www.asajacyl.com\/valladolid\/"},{"@type":"ListItem","position":2,"name":"ASAJA Valladolid apoyar\u00e1 la manifestaci\u00f3n del 3 de junio en los puntos fronterizos de Espa\u00f1a y Francia"}]},{"@type":"WebSite","@id":"https:\/\/www.asajacyl.com\/valladolid\/#website","url":"https:\/\/www.asajacyl.com\/valladolid\/","name":"ASAJA Valladolid","description":"Otro sitio m\u00e1s de Provincias ASAJA Castilla y Le\u00f3n","potentialAction":[{"@type":"SearchAction","target":{"@type":"EntryPoint","urlTemplate":"https:\/\/www.asajacyl.com\/valladolid\/?s={search_term_string}"},"query-input":{"@type":"PropertyValueSpecification","valueRequired":true,"valueName":"search_term_string"}}],"inLanguage":"es"},{"@type":"Person","@id":"https:\/\/www.asajacyl.com\/valladolid\/#\/schema\/person\/cf213adc3e576168b6850f7db054141e","name":"Mar\u00eda Natividad","image":{"@type":"ImageObject","inLanguage":"es","@id":"https:\/\/www.asajacyl.com\/valladolid\/#\/schema\/person\/image\/","url":"https:\/\/secure.gravatar.com\/avatar\/7f7b3c840c2af79feac78f5eeffefc45?s=96&d=mm&r=g","contentUrl":"https:\/\/secure.gravatar.com\/avatar\/7f7b3c840c2af79feac78f5eeffefc45?s=96&d=mm&r=g","caption":"Mar\u00eda Natividad"},"url":"https:\/\/www.asajacyl.com\/valladolid\/author\/natividadhh"}]}},"_links":{"self":[{"href":"https:\/\/www.asajacyl.com\/valladolid\/wp-json\/wp\/v2\/posts\/3479"}],"collection":[{"href":"https:\/\/www.asajacyl.com\/valladolid\/wp-json\/wp\/v2\/posts"}],"about":[{"href":"https:\/\/www.asajacyl.com\/valladolid\/wp-json\/wp\/v2\/types\/post"}],"author":[{"embeddable":true,"href":"https:\/\/www.asajacyl.com\/valladolid\/wp-json\/wp\/v2\/users\/13"}],"replies":[{"embeddable":true,"href":"https:\/\/www.asajacyl.com\/valladolid\/wp-json\/wp\/v2\/comments?post=3479"}],"version-history":[{"count":3,"href":"https:\/\/www.asajacyl.com\/valladolid\/wp-json\/wp\/v2\/posts\/3479\/revisions"}],"predecessor-version":[{"id":3496,"href":"https:\/\/www.asajacyl.com\/valladolid\/wp-json\/wp\/v2\/posts\/3479\/revisions\/3496"}],"wp:featuredmedia":[{"embeddable":true,"href":"https:\/\/www.asajacyl.com\/valladolid\/wp-json\/wp\/v2\/media\/3481"}],"wp:attachment":[{"href":"https:\/\/www.asajacyl.com\/valladolid\/wp-json\/wp\/v2\/media?parent=3479"}],"wp:term":[{"taxonomy":"category","embeddable":true,"href":"https:\/\/www.asajacyl.com\/valladolid\/wp-json\/wp\/v2\/categories?post=3479"},{"taxonomy":"post_tag","embeddable":true,"href":"https:\/\/www.asajacyl.com\/valladolid\/wp-json\/wp\/v2\/tags?post=3479"}],"curies":[{"name":"wp","href":"https:\/\/api.w.org\/{rel}","templated":true}]}}