{"id":3519,"date":"2024-06-05T17:33:46","date_gmt":"2024-06-05T15:33:46","guid":{"rendered":"https:\/\/www.asajacyl.com\/valladolid\/?p=3519"},"modified":"2024-06-12T12:13:07","modified_gmt":"2024-06-12T10:13:07","slug":"contrata-con-asaja-valladolid-el-seguro-de-mas-valor","status":"publish","type":"post","link":"https:\/\/www.asajacyl.com\/valladolid\/asaja-valladolid-informa\/contrata-con-asaja-valladolid-el-seguro-de-mas-valor","title":{"rendered":"Contrata con ASAJA Valladolid el \u201cSeguro de M\u00e1s Valor\u201d"},"content":{"rendered":"\n<p>ASAJA Valladolid est\u00e1 ofreciendo a sus socios la contrataci\u00f3n del denominado \u201cSeguro de M\u00e1s Valor\u201d, como complemento al seguro de&nbsp; Explotaciones de Cultivos Herb\u00e1ceos Extensivos contratados con Agroseguro. Con este seguro se garantiza un precio por kilo de producci\u00f3n asegurada, como complemento del precio garantizado a trav\u00e9s de Agroseguro, por los da\u00f1os producidos por los riesgos de pedrisco e incendio.<\/p>\n\n\n\n<p>Los agricultores con cereal de invierno o ma\u00edz, que tiene asegurado en la L\u00ednea 309 de seguro de rendimientos que cubre da\u00f1os integrales, o que aseguran ahora en primavera en la L\u00ednea P, que cubre da\u00f1os de pedrisco e incendio, tiene la opci\u00f3n de hacer en ASAJA el conocido como&nbsp;<strong>SEGURO DE M\u00c1S VALOR<\/strong>.<\/p>\n\n\n\n<p>Se trata de un complemento a la p\u00f3liza del seguro con Agroseguro, que en este caso se hace con la compa\u00f1\u00eda CASER.<\/p>\n\n\n\n<figure class=\"wp-block-image size-large\"><img loading=\"lazy\" decoding=\"async\" width=\"1024\" height=\"576\" src=\"https:\/\/www.asajacyl.com\/valladolid\/wp-content\/uploads\/sites\/2\/2024\/06\/segunda-version-Caser-mas-Valor-1-def-imagen-1024x576.jpg\" alt=\"\" class=\"wp-image-3531\" srcset=\"https:\/\/www.asajacyl.com\/valladolid\/wp-content\/uploads\/sites\/2\/2024\/06\/segunda-version-Caser-mas-Valor-1-def-imagen-1024x576.jpg 1024w, https:\/\/www.asajacyl.com\/valladolid\/wp-content\/uploads\/sites\/2\/2024\/06\/segunda-version-Caser-mas-Valor-1-def-imagen-300x169.jpg 300w, https:\/\/www.asajacyl.com\/valladolid\/wp-content\/uploads\/sites\/2\/2024\/06\/segunda-version-Caser-mas-Valor-1-def-imagen-768x432.jpg 768w, https:\/\/www.asajacyl.com\/valladolid\/wp-content\/uploads\/sites\/2\/2024\/06\/segunda-version-Caser-mas-Valor-1-def-imagen-747x420.jpg 747w, https:\/\/www.asajacyl.com\/valladolid\/wp-content\/uploads\/sites\/2\/2024\/06\/segunda-version-Caser-mas-Valor-1-def-imagen-696x392.jpg 696w, https:\/\/www.asajacyl.com\/valladolid\/wp-content\/uploads\/sites\/2\/2024\/06\/segunda-version-Caser-mas-Valor-1-def-imagen-1068x601.jpg 1068w, https:\/\/www.asajacyl.com\/valladolid\/wp-content\/uploads\/sites\/2\/2024\/06\/segunda-version-Caser-mas-Valor-1-def-imagen.jpg 1280w\" sizes=\"(max-width: 1024px) 100vw, 1024px\" \/><\/figure>\n\n\n\n<p>Se ofrecen varias opciones de contrataci\u00f3n: incrementar el precio el 10%, el 20%, el 30% el 40% o el 50%. De esta forma, si ante un siniestro de una finca de trigo, Agroseguro indemniza los kilos a raz\u00f3n de 22 c\u00e9ntimos de euro por cada kilo, contratando este seguro de m\u00e1s valor la indemnizaci\u00f3n puede llegar hasta 11 c\u00e9ntimos de euro m\u00e1s por cada kilo, acerc\u00e1ndose o superando el precio real de mercado de este producto.<\/p>\n\n\n\n<p>Con esto se pretende acercar el valor de las indemnizaciones al valor de mercado, ya que este a\u00f1o, en el seguro agrario, el precio al que se valora el grano tanto para pagar la p\u00f3liza como para cobrar en caso de siniestro es muy inferior al precio que en la actualidad tiene en el mercado.<\/p>\n\n\n\n<p>En ASAJA, sin ning\u00fan compromiso, le calculamos a los socios el coste de este seguro de m\u00e1s valor para que, en funci\u00f3n de dicho coste y de las ventajas que ofrece, decidan el hacerlo o no.<\/p>\n\n\n\n<p>La compa\u00f1\u00eda CASER paga en funci\u00f3n de la peritaci\u00f3n de Agroseguro, por lo tanto no hace falta una segunda peritaci\u00f3n, lo que facilita todos los tr\u00e1mites en el caso de siniestro.<\/p>\n\n\n\n<p><strong><em><mark class=\"has-inline-color has-vivid-green-cyan-color\">Inf\u00f3rmate en cualquiera de nuestras oficinas antes del 15 de junio.<\/mark><\/em><\/strong><\/p>\n","protected":false},"excerpt":{"rendered":"<p>ASAJA Valladolid est\u00e1 ofreciendo a sus socios la contrataci\u00f3n del denominado \u201cSeguro de M\u00e1s Valor\u201d, como complemento al seguro de&nbsp; Explotaciones de Cultivos Herb\u00e1ceos Extensivos contratados con Agroseguro. Con este seguro se garantiza un precio por kilo de producci\u00f3n asegurada, como complemento del precio garantizado a trav\u00e9s de Agroseguro, por los da\u00f1os producidos por los [&hellip;]<\/p>\n","protected":false},"author":13,"featured_media":3520,"comment_status":"open","ping_status":"open","sticky":false,"template":"","format":"standard","meta":{"footnotes":""},"categories":[8,21,9,15],"tags":[70,58,947,946],"yoast_head":"<!-- This site is optimized with the Yoast SEO plugin v24.5 - https:\/\/yoast.com\/wordpress\/plugins\/seo\/ -->\n<title>Contrata con ASAJA Valladolid el \u201cSeguro de M\u00e1s Valor\u201d - ASAJA Valladolid<\/title>\n<meta name=\"description\" content=\"Contrata con ASAJA Valladolid el \u201cSeguro de M\u00e1s Valor\u201d. Con este seguro se garantiza un precio por kilo de producci\u00f3n asegurada, como complemento del precio garantizado a trav\u00e9s de Agroseguro, por los da\u00f1os producidos por los riesgos de pedrisco e incendio.\" \/>\n<meta name=\"robots\" content=\"index, follow, max-snippet:-1, max-image-preview:large, max-video-preview:-1\" \/>\n<link rel=\"canonical\" href=\"https:\/\/www.asajacyl.com\/valladolid\/asaja-valladolid-informa\/contrata-con-asaja-valladolid-el-seguro-de-mas-valor\" \/>\n<meta property=\"og:locale\" content=\"es_ES\" \/>\n<meta property=\"og:type\" content=\"article\" \/>\n<meta property=\"og:title\" content=\"Contrata con ASAJA Valladolid el \u201cSeguro de M\u00e1s Valor\u201d - ASAJA Valladolid\" \/>\n<meta property=\"og:description\" content=\"Contrata con ASAJA Valladolid el \u201cSeguro de M\u00e1s Valor\u201d. Con este seguro se garantiza un precio por kilo de producci\u00f3n asegurada, como complemento del precio garantizado a trav\u00e9s de Agroseguro, por los da\u00f1os producidos por los riesgos de pedrisco e incendio.\" \/>\n<meta property=\"og:url\" content=\"https:\/\/www.asajacyl.com\/valladolid\/asaja-valladolid-informa\/contrata-con-asaja-valladolid-el-seguro-de-mas-valor\" \/>\n<meta property=\"og:site_name\" content=\"ASAJA Valladolid\" \/>\n<meta property=\"article:published_time\" content=\"2024-06-05T15:33:46+00:00\" \/>\n<meta property=\"article:modified_time\" content=\"2024-06-12T10:13:07+00:00\" \/>\n<meta property=\"og:image\" content=\"https:\/\/www.asajacyl.com\/valladolid\/wp-content\/uploads\/sites\/2\/2024\/06\/DSC_0064.jpg\" \/>\n\t<meta property=\"og:image:width\" content=\"2500\" \/>\n\t<meta property=\"og:image:height\" content=\"1671\" \/>\n\t<meta property=\"og:image:type\" content=\"image\/jpeg\" \/>\n<meta name=\"author\" content=\"Mar\u00eda Natividad\" \/>\n<meta name=\"twitter:card\" content=\"summary_large_image\" \/>\n<meta name=\"twitter:label1\" content=\"Escrito por\" \/>\n\t<meta name=\"twitter:data1\" content=\"Mar\u00eda Natividad\" \/>\n\t<meta name=\"twitter:label2\" content=\"Tiempo de lectura\" \/>\n\t<meta name=\"twitter:data2\" content=\"2 minutos\" \/>\n<script type=\"application\/ld+json\" class=\"yoast-schema-graph\">{\"@context\":\"https:\/\/schema.org\",\"@graph\":[{\"@type\":\"WebPage\",\"@id\":\"https:\/\/www.asajacyl.com\/valladolid\/asaja-valladolid-informa\/contrata-con-asaja-valladolid-el-seguro-de-mas-valor\",\"url\":\"https:\/\/www.asajacyl.com\/valladolid\/asaja-valladolid-informa\/contrata-con-asaja-valladolid-el-seguro-de-mas-valor\",\"name\":\"Contrata con ASAJA Valladolid el \u201cSeguro de M\u00e1s Valor\u201d - ASAJA Valladolid\",\"isPartOf\":{\"@id\":\"https:\/\/www.asajacyl.com\/valladolid\/#website\"},\"primaryImageOfPage\":{\"@id\":\"https:\/\/www.asajacyl.com\/valladolid\/asaja-valladolid-informa\/contrata-con-asaja-valladolid-el-seguro-de-mas-valor#primaryimage\"},\"image\":{\"@id\":\"https:\/\/www.asajacyl.com\/valladolid\/asaja-valladolid-informa\/contrata-con-asaja-valladolid-el-seguro-de-mas-valor#primaryimage\"},\"thumbnailUrl\":\"https:\/\/www.asajacyl.com\/valladolid\/wp-content\/uploads\/sites\/2\/2024\/06\/DSC_0064.jpg\",\"datePublished\":\"2024-06-05T15:33:46+00:00\",\"dateModified\":\"2024-06-12T10:13:07+00:00\",\"author\":{\"@id\":\"https:\/\/www.asajacyl.com\/valladolid\/#\/schema\/person\/cf213adc3e576168b6850f7db054141e\"},\"description\":\"Contrata con ASAJA Valladolid el \u201cSeguro de M\u00e1s Valor\u201d. Con este seguro se garantiza un precio por kilo de producci\u00f3n asegurada, como complemento del precio garantizado a trav\u00e9s de Agroseguro, por los da\u00f1os producidos por los riesgos de pedrisco e incendio.\",\"breadcrumb\":{\"@id\":\"https:\/\/www.asajacyl.com\/valladolid\/asaja-valladolid-informa\/contrata-con-asaja-valladolid-el-seguro-de-mas-valor#breadcrumb\"},\"inLanguage\":\"es\",\"potentialAction\":[{\"@type\":\"ReadAction\",\"target\":[\"https:\/\/www.asajacyl.com\/valladolid\/asaja-valladolid-informa\/contrata-con-asaja-valladolid-el-seguro-de-mas-valor\"]}]},{\"@type\":\"ImageObject\",\"inLanguage\":\"es\",\"@id\":\"https:\/\/www.asajacyl.com\/valladolid\/asaja-valladolid-informa\/contrata-con-asaja-valladolid-el-seguro-de-mas-valor#primaryimage\",\"url\":\"https:\/\/www.asajacyl.com\/valladolid\/wp-content\/uploads\/sites\/2\/2024\/06\/DSC_0064.jpg\",\"contentUrl\":\"https:\/\/www.asajacyl.com\/valladolid\/wp-content\/uploads\/sites\/2\/2024\/06\/DSC_0064.jpg\",\"width\":2500,\"height\":1671,\"caption\":\"Contrata con ASAJA Valladolid el \u201cSeguro de M\u00e1s Valor\u201d\"},{\"@type\":\"BreadcrumbList\",\"@id\":\"https:\/\/www.asajacyl.com\/valladolid\/asaja-valladolid-informa\/contrata-con-asaja-valladolid-el-seguro-de-mas-valor#breadcrumb\",\"itemListElement\":[{\"@type\":\"ListItem\",\"position\":1,\"name\":\"Portada\",\"item\":\"https:\/\/www.asajacyl.com\/valladolid\/\"},{\"@type\":\"ListItem\",\"position\":2,\"name\":\"Contrata con ASAJA Valladolid el \u201cSeguro de M\u00e1s Valor\u201d\"}]},{\"@type\":\"WebSite\",\"@id\":\"https:\/\/www.asajacyl.com\/valladolid\/#website\",\"url\":\"https:\/\/www.asajacyl.com\/valladolid\/\",\"name\":\"ASAJA Valladolid\",\"description\":\"Otro sitio m\u00e1s de Provincias ASAJA Castilla y Le\u00f3n\",\"potentialAction\":[{\"@type\":\"SearchAction\",\"target\":{\"@type\":\"EntryPoint\",\"urlTemplate\":\"https:\/\/www.asajacyl.com\/valladolid\/?s={search_term_string}\"},\"query-input\":{\"@type\":\"PropertyValueSpecification\",\"valueRequired\":true,\"valueName\":\"search_term_string\"}}],\"inLanguage\":\"es\"},{\"@type\":\"Person\",\"@id\":\"https:\/\/www.asajacyl.com\/valladolid\/#\/schema\/person\/cf213adc3e576168b6850f7db054141e\",\"name\":\"Mar\u00eda Natividad\",\"image\":{\"@type\":\"ImageObject\",\"inLanguage\":\"es\",\"@id\":\"https:\/\/www.asajacyl.com\/valladolid\/#\/schema\/person\/image\/\",\"url\":\"https:\/\/secure.gravatar.com\/avatar\/7f7b3c840c2af79feac78f5eeffefc45?s=96&d=mm&r=g\",\"contentUrl\":\"https:\/\/secure.gravatar.com\/avatar\/7f7b3c840c2af79feac78f5eeffefc45?s=96&d=mm&r=g\",\"caption\":\"Mar\u00eda Natividad\"},\"url\":\"https:\/\/www.asajacyl.com\/valladolid\/author\/natividadhh\"}]}<\/script>\n<!-- \/ Yoast SEO plugin. -->","yoast_head_json":{"title":"Contrata con ASAJA Valladolid el \u201cSeguro de M\u00e1s Valor\u201d - ASAJA Valladolid","description":"Contrata con ASAJA Valladolid el \u201cSeguro de M\u00e1s Valor\u201d. Con este seguro se garantiza un precio por kilo de producci\u00f3n asegurada, como complemento del precio garantizado a trav\u00e9s de Agroseguro, por los da\u00f1os producidos por los riesgos de pedrisco e incendio.","robots":{"index":"index","follow":"follow","max-snippet":"max-snippet:-1","max-image-preview":"max-image-preview:large","max-video-preview":"max-video-preview:-1"},"canonical":"https:\/\/www.asajacyl.com\/valladolid\/asaja-valladolid-informa\/contrata-con-asaja-valladolid-el-seguro-de-mas-valor","og_locale":"es_ES","og_type":"article","og_title":"Contrata con ASAJA Valladolid el \u201cSeguro de M\u00e1s Valor\u201d - ASAJA Valladolid","og_description":"Contrata con ASAJA Valladolid el \u201cSeguro de M\u00e1s Valor\u201d. Con este seguro se garantiza un precio por kilo de producci\u00f3n asegurada, como complemento del precio garantizado a trav\u00e9s de Agroseguro, por los da\u00f1os producidos por los riesgos de pedrisco e incendio.","og_url":"https:\/\/www.asajacyl.com\/valladolid\/asaja-valladolid-informa\/contrata-con-asaja-valladolid-el-seguro-de-mas-valor","og_site_name":"ASAJA Valladolid","article_published_time":"2024-06-05T15:33:46+00:00","article_modified_time":"2024-06-12T10:13:07+00:00","og_image":[{"width":2500,"height":1671,"url":"https:\/\/www.asajacyl.com\/valladolid\/wp-content\/uploads\/sites\/2\/2024\/06\/DSC_0064.jpg","type":"image\/jpeg"}],"author":"Mar\u00eda Natividad","twitter_card":"summary_large_image","twitter_misc":{"Escrito por":"Mar\u00eda Natividad","Tiempo de lectura":"2 minutos"},"schema":{"@context":"https:\/\/schema.org","@graph":[{"@type":"WebPage","@id":"https:\/\/www.asajacyl.com\/valladolid\/asaja-valladolid-informa\/contrata-con-asaja-valladolid-el-seguro-de-mas-valor","url":"https:\/\/www.asajacyl.com\/valladolid\/asaja-valladolid-informa\/contrata-con-asaja-valladolid-el-seguro-de-mas-valor","name":"Contrata con ASAJA Valladolid el \u201cSeguro de M\u00e1s Valor\u201d - ASAJA Valladolid","isPartOf":{"@id":"https:\/\/www.asajacyl.com\/valladolid\/#website"},"primaryImageOfPage":{"@id":"https:\/\/www.asajacyl.com\/valladolid\/asaja-valladolid-informa\/contrata-con-asaja-valladolid-el-seguro-de-mas-valor#primaryimage"},"image":{"@id":"https:\/\/www.asajacyl.com\/valladolid\/asaja-valladolid-informa\/contrata-con-asaja-valladolid-el-seguro-de-mas-valor#primaryimage"},"thumbnailUrl":"https:\/\/www.asajacyl.com\/valladolid\/wp-content\/uploads\/sites\/2\/2024\/06\/DSC_0064.jpg","datePublished":"2024-06-05T15:33:46+00:00","dateModified":"2024-06-12T10:13:07+00:00","author":{"@id":"https:\/\/www.asajacyl.com\/valladolid\/#\/schema\/person\/cf213adc3e576168b6850f7db054141e"},"description":"Contrata con ASAJA Valladolid el \u201cSeguro de M\u00e1s Valor\u201d. Con este seguro se garantiza un precio por kilo de producci\u00f3n asegurada, como complemento del precio garantizado a trav\u00e9s de Agroseguro, por los da\u00f1os producidos por los riesgos de pedrisco e incendio.","breadcrumb":{"@id":"https:\/\/www.asajacyl.com\/valladolid\/asaja-valladolid-informa\/contrata-con-asaja-valladolid-el-seguro-de-mas-valor#breadcrumb"},"inLanguage":"es","potentialAction":[{"@type":"ReadAction","target":["https:\/\/www.asajacyl.com\/valladolid\/asaja-valladolid-informa\/contrata-con-asaja-valladolid-el-seguro-de-mas-valor"]}]},{"@type":"ImageObject","inLanguage":"es","@id":"https:\/\/www.asajacyl.com\/valladolid\/asaja-valladolid-informa\/contrata-con-asaja-valladolid-el-seguro-de-mas-valor#primaryimage","url":"https:\/\/www.asajacyl.com\/valladolid\/wp-content\/uploads\/sites\/2\/2024\/06\/DSC_0064.jpg","contentUrl":"https:\/\/www.asajacyl.com\/valladolid\/wp-content\/uploads\/sites\/2\/2024\/06\/DSC_0064.jpg","width":2500,"height":1671,"caption":"Contrata con ASAJA Valladolid el \u201cSeguro de M\u00e1s Valor\u201d"},{"@type":"BreadcrumbList","@id":"https:\/\/www.asajacyl.com\/valladolid\/asaja-valladolid-informa\/contrata-con-asaja-valladolid-el-seguro-de-mas-valor#breadcrumb","itemListElement":[{"@type":"ListItem","position":1,"name":"Portada","item":"https:\/\/www.asajacyl.com\/valladolid\/"},{"@type":"ListItem","position":2,"name":"Contrata con ASAJA Valladolid el \u201cSeguro de M\u00e1s Valor\u201d"}]},{"@type":"WebSite","@id":"https:\/\/www.asajacyl.com\/valladolid\/#website","url":"https:\/\/www.asajacyl.com\/valladolid\/","name":"ASAJA Valladolid","description":"Otro sitio m\u00e1s de Provincias ASAJA Castilla y Le\u00f3n","potentialAction":[{"@type":"SearchAction","target":{"@type":"EntryPoint","urlTemplate":"https:\/\/www.asajacyl.com\/valladolid\/?s={search_term_string}"},"query-input":{"@type":"PropertyValueSpecification","valueRequired":true,"valueName":"search_term_string"}}],"inLanguage":"es"},{"@type":"Person","@id":"https:\/\/www.asajacyl.com\/valladolid\/#\/schema\/person\/cf213adc3e576168b6850f7db054141e","name":"Mar\u00eda Natividad","image":{"@type":"ImageObject","inLanguage":"es","@id":"https:\/\/www.asajacyl.com\/valladolid\/#\/schema\/person\/image\/","url":"https:\/\/secure.gravatar.com\/avatar\/7f7b3c840c2af79feac78f5eeffefc45?s=96&d=mm&r=g","contentUrl":"https:\/\/secure.gravatar.com\/avatar\/7f7b3c840c2af79feac78f5eeffefc45?s=96&d=mm&r=g","caption":"Mar\u00eda Natividad"},"url":"https:\/\/www.asajacyl.com\/valladolid\/author\/natividadhh"}]}},"_links":{"self":[{"href":"https:\/\/www.asajacyl.com\/valladolid\/wp-json\/wp\/v2\/posts\/3519"}],"collection":[{"href":"https:\/\/www.asajacyl.com\/valladolid\/wp-json\/wp\/v2\/posts"}],"about":[{"href":"https:\/\/www.asajacyl.com\/valladolid\/wp-json\/wp\/v2\/types\/post"}],"author":[{"embeddable":true,"href":"https:\/\/www.asajacyl.com\/valladolid\/wp-json\/wp\/v2\/users\/13"}],"replies":[{"embeddable":true,"href":"https:\/\/www.asajacyl.com\/valladolid\/wp-json\/wp\/v2\/comments?post=3519"}],"version-history":[{"count":4,"href":"https:\/\/www.asajacyl.com\/valladolid\/wp-json\/wp\/v2\/posts\/3519\/revisions"}],"predecessor-version":[{"id":3532,"href":"https:\/\/www.asajacyl.com\/valladolid\/wp-json\/wp\/v2\/posts\/3519\/revisions\/3532"}],"wp:featuredmedia":[{"embeddable":true,"href":"https:\/\/www.asajacyl.com\/valladolid\/wp-json\/wp\/v2\/media\/3520"}],"wp:attachment":[{"href":"https:\/\/www.asajacyl.com\/valladolid\/wp-json\/wp\/v2\/media?parent=3519"}],"wp:term":[{"taxonomy":"category","embeddable":true,"href":"https:\/\/www.asajacyl.com\/valladolid\/wp-json\/wp\/v2\/categories?post=3519"},{"taxonomy":"post_tag","embeddable":true,"href":"https:\/\/www.asajacyl.com\/valladolid\/wp-json\/wp\/v2\/tags?post=3519"}],"curies":[{"name":"wp","href":"https:\/\/api.w.org\/{rel}","templated":true}]}}