{"id":3563,"date":"2024-08-09T14:55:34","date_gmt":"2024-08-09T12:55:34","guid":{"rendered":"https:\/\/www.asajacyl.com\/valladolid\/?p=3563"},"modified":"2024-08-09T14:55:37","modified_gmt":"2024-08-09T12:55:37","slug":"la-junta-aprueba-medidas-de-flexibilidad-de-aplicacion-inmediata-en-dos-practicas-de-los-ecorregimenes-de-la-pac-para-favorecer-el-control-de-topillos","status":"publish","type":"post","link":"https:\/\/www.asajacyl.com\/valladolid\/asaja-valladolid-informa\/la-junta-aprueba-medidas-de-flexibilidad-de-aplicacion-inmediata-en-dos-practicas-de-los-ecorregimenes-de-la-pac-para-favorecer-el-control-de-topillos","title":{"rendered":"La Junta aprueba medidas de flexibilidad de aplicaci\u00f3n inmediata en dos pr\u00e1cticas de los ecorreg\u00edmenes de la PAC para favorecer el control de topillos"},"content":{"rendered":"\n<ul>\n<li><em>Se permitir\u00e1n labores verticales sin volteo en siembra directa y la cosecha de los espacios de biodiversidad antes del 1 de septiembre<\/em><\/li>\n<\/ul>\n\n\n\n<p><\/p>\n\n\n\n<p>El viceconsejero de Pol\u00edtica Agraria Comunitaria y Desarrollo Rural, Jorge Llorente, ha informado hoy a las Organizaciones Agrarias Profesionales (OPAS) de la aprobaci\u00f3n de una resoluci\u00f3n que introduce medidas de flexibilidad de aplicaci\u00f3n inmediata en dos pr\u00e1cticas de los ecorreg\u00edmenes de la PAC para favorecer el control de las poblaciones de topillo campesino en los campos de cultivo.<\/p>\n\n\n\n<p>En concreto, la resoluci\u00f3n establece que en la pr\u00e1ctica de siembra directa, en cuyas parcelas se ha observado una mayor presencia del roedor, se autorizar\u00e1 el laboreo vertical sin invertir la tierra. De esta forma, el pase del cultivador, chisel o grada de discos peque\u00f1os contribuir\u00e1 a la destrucci\u00f3n mec\u00e1nica de huras y galer\u00edas a la vez que se mantiene el rastrojo sobre la superficie, de manera que el suelo est\u00e9 cubierto todo el a\u00f1o.<\/p>\n\n\n\n<p>Asimismo, en la pr\u00e1ctica de establecimiento de espacios de biodiversidad, se permitir\u00e1 ya la recolecci\u00f3n de las superficies de cereal no cosechado sin tener que esperar al 1 de septiembre. De forma inmediata, los agricultores deber\u00e1n retirar las pacas y cordones de paja para evitar que el topillo encuentre protecci\u00f3n y se resguarde bajo ellos.<\/p>\n\n\n\n<p><strong>Resoluci\u00f3n en la p\u00e1gina web<\/strong><\/p>\n\n\n\n<p>En el encuentro, que se ha desarrollado en un ambiente de colaboraci\u00f3n, se ha explicado que la resoluci\u00f3n aprobada estar\u00e1 disponible en el\u00a0<a href=\"https:\/\/pac.jcyl.es\/\" target=\"_blank\" rel=\"noreferrer noopener\"><strong><em>Portal PAC<\/em><\/strong><\/a>\u00a0\u00a0 de la Junta de Castilla y Le\u00f3n. Ya en la pasada primavera, como inform\u00f3 el Gobierno auton\u00f3mico, se detect\u00f3 un aumento poblacional de topillo, momento a partir del cual se intensific\u00f3 la vigilancia.<\/p>\n\n\n\n<p>Las evaluaciones extraordinarias en toda la Comunidad han confirmado el repunte de topillos en las comarcas de: Ar\u00e9valo-Madrigal y \u00c1vila (\u00c1vila); Arlanza, Bureba-Ebro y Pisuerga (Burgos); Esla-Campos y Sahag\u00fan (Le\u00f3n); Boedo-Ojeda, Campos, El Cerrato (Palencia); Alba de Tormes, Pe\u00f1aranda de Bracamonte y Salamanca (Salamanca); Cu\u00e9llar (Segovia); Campo de G\u00f3mara, Tierras Altas y Valle del Tera (Soria); Centro, Sur, Sureste y Tierra de Campos (Valladolid); y Campos-Pan (Zamora). En todas estas zonas ser\u00e1 de aplicaci\u00f3n la nueva resoluci\u00f3n.<\/p>\n\n\n\n<p><strong>Recomendaciones frente al topillo<\/strong><\/p>\n\n\n\n<p>Este nuevo paso que adopta la Junta de Castilla y Le\u00f3n se produce tras la reciente reuni\u00f3n el 31 de julio del grupo de coordinaci\u00f3n y cooperaci\u00f3n para la gesti\u00f3n del topillo campesino, donde ya se comunic\u00f3 a todos los actores implicados (administraciones y organizaciones) que deb\u00edan ejecutar las\u00a0<a href=\"https:\/\/plagas.itacyl.es\/recomendaciones-de-manejo-periodo-estival-2024\" target=\"_blank\" rel=\"noreferrer noopener\">medida<\/a><a href=\"https:\/\/plagas.itacyl.es\/recomendaciones-de-manejo-periodo-estival-2024\">s agron\u00f3micas y sanitarias recomendadas<\/a>\u00a0\u00a0por la Consejer\u00eda de Agricultura, Ganader\u00eda y Desarrollo Rural.<\/p>\n\n\n\n<p>Igualmente, en dicho encuentro\u00a0se record\u00f3 la importancia de actuar de forma integral tanto en las v\u00edas de dispersi\u00f3n mediante la destrucci\u00f3n mec\u00e1nica de huras y galer\u00edas como en los campos de cultivo, con medidas que ayuden a sus depredadores naturales como las aves rapaces, el incremento de la frecuencia del riego en las parcelas de regad\u00edo o con el uso controlado y localizado de fitosanitarios autorizados si las condiciones lo aconsejan.<\/p>\n\n\n\n<figure class=\"wp-block-image size-large\"><img loading=\"lazy\" decoding=\"async\" width=\"1024\" height=\"576\" src=\"https:\/\/www.asajacyl.com\/valladolid\/wp-content\/uploads\/sites\/2\/2024\/08\/Presentacion-topillos-IMAGEN-1024x576.jpg\" alt=\"\" class=\"wp-image-3564\" srcset=\"https:\/\/www.asajacyl.com\/valladolid\/wp-content\/uploads\/sites\/2\/2024\/08\/Presentacion-topillos-IMAGEN-1024x576.jpg 1024w, https:\/\/www.asajacyl.com\/valladolid\/wp-content\/uploads\/sites\/2\/2024\/08\/Presentacion-topillos-IMAGEN-300x169.jpg 300w, https:\/\/www.asajacyl.com\/valladolid\/wp-content\/uploads\/sites\/2\/2024\/08\/Presentacion-topillos-IMAGEN-768x432.jpg 768w, https:\/\/www.asajacyl.com\/valladolid\/wp-content\/uploads\/sites\/2\/2024\/08\/Presentacion-topillos-IMAGEN-747x420.jpg 747w, https:\/\/www.asajacyl.com\/valladolid\/wp-content\/uploads\/sites\/2\/2024\/08\/Presentacion-topillos-IMAGEN-696x392.jpg 696w, https:\/\/www.asajacyl.com\/valladolid\/wp-content\/uploads\/sites\/2\/2024\/08\/Presentacion-topillos-IMAGEN-1068x601.jpg 1068w, https:\/\/www.asajacyl.com\/valladolid\/wp-content\/uploads\/sites\/2\/2024\/08\/Presentacion-topillos-IMAGEN.jpg 1280w\" sizes=\"(max-width: 1024px) 100vw, 1024px\" \/><\/figure>\n","protected":false},"excerpt":{"rendered":"<p>El viceconsejero de Pol\u00edtica Agraria Comunitaria y Desarrollo Rural, Jorge Llorente, ha informado hoy a las Organizaciones Agrarias Profesionales (OPAS) de la aprobaci\u00f3n de una resoluci\u00f3n que introduce medidas de flexibilidad de aplicaci\u00f3n inmediata en dos pr\u00e1cticas de los ecorreg\u00edmenes de la PAC para favorecer el control de las poblaciones de topillo campesino en los [&hellip;]<\/p>\n","protected":false},"author":13,"featured_media":1904,"comment_status":"open","ping_status":"open","sticky":false,"template":"","format":"standard","meta":{"footnotes":""},"categories":[8,21,9],"tags":[70,75,58,74,76,611],"yoast_head":"<!-- This site is optimized with the Yoast SEO plugin v24.5 - https:\/\/yoast.com\/wordpress\/plugins\/seo\/ -->\n<title>La Junta aprueba medidas de flexibilidad de aplicaci\u00f3n inmediata en dos pr\u00e1cticas de los ecorreg\u00edmenes de la PAC para favorecer el control de topillos - ASAJA Valladolid<\/title>\n<meta name=\"description\" content=\"La Junta aprueba medidas de flexibilidad de aplicaci\u00f3n inmediata en dos pr\u00e1cticas de los ecorreg\u00edmenes de la PAC para favorecer el control de topillos\" \/>\n<meta name=\"robots\" content=\"index, follow, max-snippet:-1, max-image-preview:large, max-video-preview:-1\" \/>\n<link rel=\"canonical\" href=\"https:\/\/www.asajacyl.com\/valladolid\/asaja-valladolid-informa\/la-junta-aprueba-medidas-de-flexibilidad-de-aplicacion-inmediata-en-dos-practicas-de-los-ecorregimenes-de-la-pac-para-favorecer-el-control-de-topillos\" \/>\n<meta property=\"og:locale\" content=\"es_ES\" \/>\n<meta property=\"og:type\" content=\"article\" \/>\n<meta property=\"og:title\" content=\"La Junta aprueba medidas de flexibilidad de aplicaci\u00f3n inmediata en dos pr\u00e1cticas de los ecorreg\u00edmenes de la PAC para favorecer el control de topillos - ASAJA Valladolid\" \/>\n<meta property=\"og:description\" content=\"La Junta aprueba medidas de flexibilidad de aplicaci\u00f3n inmediata en dos pr\u00e1cticas de los ecorreg\u00edmenes de la PAC para favorecer el control de topillos\" \/>\n<meta property=\"og:url\" content=\"https:\/\/www.asajacyl.com\/valladolid\/asaja-valladolid-informa\/la-junta-aprueba-medidas-de-flexibilidad-de-aplicacion-inmediata-en-dos-practicas-de-los-ecorregimenes-de-la-pac-para-favorecer-el-control-de-topillos\" \/>\n<meta property=\"og:site_name\" content=\"ASAJA Valladolid\" \/>\n<meta property=\"article:published_time\" content=\"2024-08-09T12:55:34+00:00\" \/>\n<meta property=\"article:modified_time\" content=\"2024-08-09T12:55:37+00:00\" \/>\n<meta property=\"og:image\" content=\"https:\/\/www.asajacyl.com\/valladolid\/wp-content\/uploads\/sites\/2\/2019\/07\/topillo-en-cultivo.jpg\" \/>\n\t<meta property=\"og:image:width\" content=\"768\" \/>\n\t<meta property=\"og:image:height\" content=\"1024\" \/>\n\t<meta property=\"og:image:type\" content=\"image\/jpeg\" \/>\n<meta name=\"author\" content=\"Mar\u00eda Natividad\" \/>\n<meta name=\"twitter:card\" content=\"summary_large_image\" \/>\n<meta name=\"twitter:label1\" content=\"Escrito por\" \/>\n\t<meta name=\"twitter:data1\" content=\"Mar\u00eda Natividad\" \/>\n\t<meta name=\"twitter:label2\" content=\"Tiempo de lectura\" \/>\n\t<meta name=\"twitter:data2\" content=\"3 minutos\" \/>\n<script type=\"application\/ld+json\" class=\"yoast-schema-graph\">{\"@context\":\"https:\/\/schema.org\",\"@graph\":[{\"@type\":\"WebPage\",\"@id\":\"https:\/\/www.asajacyl.com\/valladolid\/asaja-valladolid-informa\/la-junta-aprueba-medidas-de-flexibilidad-de-aplicacion-inmediata-en-dos-practicas-de-los-ecorregimenes-de-la-pac-para-favorecer-el-control-de-topillos\",\"url\":\"https:\/\/www.asajacyl.com\/valladolid\/asaja-valladolid-informa\/la-junta-aprueba-medidas-de-flexibilidad-de-aplicacion-inmediata-en-dos-practicas-de-los-ecorregimenes-de-la-pac-para-favorecer-el-control-de-topillos\",\"name\":\"La Junta aprueba medidas de flexibilidad de aplicaci\u00f3n inmediata en dos pr\u00e1cticas de los ecorreg\u00edmenes de la PAC para favorecer el control de topillos - ASAJA Valladolid\",\"isPartOf\":{\"@id\":\"https:\/\/www.asajacyl.com\/valladolid\/#website\"},\"primaryImageOfPage\":{\"@id\":\"https:\/\/www.asajacyl.com\/valladolid\/asaja-valladolid-informa\/la-junta-aprueba-medidas-de-flexibilidad-de-aplicacion-inmediata-en-dos-practicas-de-los-ecorregimenes-de-la-pac-para-favorecer-el-control-de-topillos#primaryimage\"},\"image\":{\"@id\":\"https:\/\/www.asajacyl.com\/valladolid\/asaja-valladolid-informa\/la-junta-aprueba-medidas-de-flexibilidad-de-aplicacion-inmediata-en-dos-practicas-de-los-ecorregimenes-de-la-pac-para-favorecer-el-control-de-topillos#primaryimage\"},\"thumbnailUrl\":\"https:\/\/www.asajacyl.com\/valladolid\/wp-content\/uploads\/sites\/2\/2019\/07\/topillo-en-cultivo.jpg\",\"datePublished\":\"2024-08-09T12:55:34+00:00\",\"dateModified\":\"2024-08-09T12:55:37+00:00\",\"author\":{\"@id\":\"https:\/\/www.asajacyl.com\/valladolid\/#\/schema\/person\/cf213adc3e576168b6850f7db054141e\"},\"description\":\"La Junta aprueba medidas de flexibilidad de aplicaci\u00f3n inmediata en dos pr\u00e1cticas de los ecorreg\u00edmenes de la PAC para favorecer el control de topillos\",\"breadcrumb\":{\"@id\":\"https:\/\/www.asajacyl.com\/valladolid\/asaja-valladolid-informa\/la-junta-aprueba-medidas-de-flexibilidad-de-aplicacion-inmediata-en-dos-practicas-de-los-ecorregimenes-de-la-pac-para-favorecer-el-control-de-topillos#breadcrumb\"},\"inLanguage\":\"es\",\"potentialAction\":[{\"@type\":\"ReadAction\",\"target\":[\"https:\/\/www.asajacyl.com\/valladolid\/asaja-valladolid-informa\/la-junta-aprueba-medidas-de-flexibilidad-de-aplicacion-inmediata-en-dos-practicas-de-los-ecorregimenes-de-la-pac-para-favorecer-el-control-de-topillos\"]}]},{\"@type\":\"ImageObject\",\"inLanguage\":\"es\",\"@id\":\"https:\/\/www.asajacyl.com\/valladolid\/asaja-valladolid-informa\/la-junta-aprueba-medidas-de-flexibilidad-de-aplicacion-inmediata-en-dos-practicas-de-los-ecorregimenes-de-la-pac-para-favorecer-el-control-de-topillos#primaryimage\",\"url\":\"https:\/\/www.asajacyl.com\/valladolid\/wp-content\/uploads\/sites\/2\/2019\/07\/topillo-en-cultivo.jpg\",\"contentUrl\":\"https:\/\/www.asajacyl.com\/valladolid\/wp-content\/uploads\/sites\/2\/2019\/07\/topillo-en-cultivo.jpg\",\"width\":768,\"height\":1024,\"caption\":\"topillo en cultivo\"},{\"@type\":\"BreadcrumbList\",\"@id\":\"https:\/\/www.asajacyl.com\/valladolid\/asaja-valladolid-informa\/la-junta-aprueba-medidas-de-flexibilidad-de-aplicacion-inmediata-en-dos-practicas-de-los-ecorregimenes-de-la-pac-para-favorecer-el-control-de-topillos#breadcrumb\",\"itemListElement\":[{\"@type\":\"ListItem\",\"position\":1,\"name\":\"Portada\",\"item\":\"https:\/\/www.asajacyl.com\/valladolid\/\"},{\"@type\":\"ListItem\",\"position\":2,\"name\":\"La Junta aprueba medidas de flexibilidad de aplicaci\u00f3n inmediata en dos pr\u00e1cticas de los ecorreg\u00edmenes de la PAC para favorecer el control de topillos\"}]},{\"@type\":\"WebSite\",\"@id\":\"https:\/\/www.asajacyl.com\/valladolid\/#website\",\"url\":\"https:\/\/www.asajacyl.com\/valladolid\/\",\"name\":\"ASAJA Valladolid\",\"description\":\"Otro sitio m\u00e1s de Provincias ASAJA Castilla y Le\u00f3n\",\"potentialAction\":[{\"@type\":\"SearchAction\",\"target\":{\"@type\":\"EntryPoint\",\"urlTemplate\":\"https:\/\/www.asajacyl.com\/valladolid\/?s={search_term_string}\"},\"query-input\":{\"@type\":\"PropertyValueSpecification\",\"valueRequired\":true,\"valueName\":\"search_term_string\"}}],\"inLanguage\":\"es\"},{\"@type\":\"Person\",\"@id\":\"https:\/\/www.asajacyl.com\/valladolid\/#\/schema\/person\/cf213adc3e576168b6850f7db054141e\",\"name\":\"Mar\u00eda Natividad\",\"image\":{\"@type\":\"ImageObject\",\"inLanguage\":\"es\",\"@id\":\"https:\/\/www.asajacyl.com\/valladolid\/#\/schema\/person\/image\/\",\"url\":\"https:\/\/secure.gravatar.com\/avatar\/7f7b3c840c2af79feac78f5eeffefc45?s=96&d=mm&r=g\",\"contentUrl\":\"https:\/\/secure.gravatar.com\/avatar\/7f7b3c840c2af79feac78f5eeffefc45?s=96&d=mm&r=g\",\"caption\":\"Mar\u00eda Natividad\"},\"url\":\"https:\/\/www.asajacyl.com\/valladolid\/author\/natividadhh\"}]}<\/script>\n<!-- \/ Yoast SEO plugin. -->","yoast_head_json":{"title":"La Junta aprueba medidas de flexibilidad de aplicaci\u00f3n inmediata en dos pr\u00e1cticas de los ecorreg\u00edmenes de la PAC para favorecer el control de topillos - ASAJA Valladolid","description":"La Junta aprueba medidas de flexibilidad de aplicaci\u00f3n inmediata en dos pr\u00e1cticas de los ecorreg\u00edmenes de la PAC para favorecer el control de topillos","robots":{"index":"index","follow":"follow","max-snippet":"max-snippet:-1","max-image-preview":"max-image-preview:large","max-video-preview":"max-video-preview:-1"},"canonical":"https:\/\/www.asajacyl.com\/valladolid\/asaja-valladolid-informa\/la-junta-aprueba-medidas-de-flexibilidad-de-aplicacion-inmediata-en-dos-practicas-de-los-ecorregimenes-de-la-pac-para-favorecer-el-control-de-topillos","og_locale":"es_ES","og_type":"article","og_title":"La Junta aprueba medidas de flexibilidad de aplicaci\u00f3n inmediata en dos pr\u00e1cticas de los ecorreg\u00edmenes de la PAC para favorecer el control de topillos - ASAJA Valladolid","og_description":"La Junta aprueba medidas de flexibilidad de aplicaci\u00f3n inmediata en dos pr\u00e1cticas de los ecorreg\u00edmenes de la PAC para favorecer el control de topillos","og_url":"https:\/\/www.asajacyl.com\/valladolid\/asaja-valladolid-informa\/la-junta-aprueba-medidas-de-flexibilidad-de-aplicacion-inmediata-en-dos-practicas-de-los-ecorregimenes-de-la-pac-para-favorecer-el-control-de-topillos","og_site_name":"ASAJA Valladolid","article_published_time":"2024-08-09T12:55:34+00:00","article_modified_time":"2024-08-09T12:55:37+00:00","og_image":[{"width":768,"height":1024,"url":"https:\/\/www.asajacyl.com\/valladolid\/wp-content\/uploads\/sites\/2\/2019\/07\/topillo-en-cultivo.jpg","type":"image\/jpeg"}],"author":"Mar\u00eda Natividad","twitter_card":"summary_large_image","twitter_misc":{"Escrito por":"Mar\u00eda Natividad","Tiempo de lectura":"3 minutos"},"schema":{"@context":"https:\/\/schema.org","@graph":[{"@type":"WebPage","@id":"https:\/\/www.asajacyl.com\/valladolid\/asaja-valladolid-informa\/la-junta-aprueba-medidas-de-flexibilidad-de-aplicacion-inmediata-en-dos-practicas-de-los-ecorregimenes-de-la-pac-para-favorecer-el-control-de-topillos","url":"https:\/\/www.asajacyl.com\/valladolid\/asaja-valladolid-informa\/la-junta-aprueba-medidas-de-flexibilidad-de-aplicacion-inmediata-en-dos-practicas-de-los-ecorregimenes-de-la-pac-para-favorecer-el-control-de-topillos","name":"La Junta aprueba medidas de flexibilidad de aplicaci\u00f3n inmediata en dos pr\u00e1cticas de los ecorreg\u00edmenes de la PAC para favorecer el control de topillos - ASAJA Valladolid","isPartOf":{"@id":"https:\/\/www.asajacyl.com\/valladolid\/#website"},"primaryImageOfPage":{"@id":"https:\/\/www.asajacyl.com\/valladolid\/asaja-valladolid-informa\/la-junta-aprueba-medidas-de-flexibilidad-de-aplicacion-inmediata-en-dos-practicas-de-los-ecorregimenes-de-la-pac-para-favorecer-el-control-de-topillos#primaryimage"},"image":{"@id":"https:\/\/www.asajacyl.com\/valladolid\/asaja-valladolid-informa\/la-junta-aprueba-medidas-de-flexibilidad-de-aplicacion-inmediata-en-dos-practicas-de-los-ecorregimenes-de-la-pac-para-favorecer-el-control-de-topillos#primaryimage"},"thumbnailUrl":"https:\/\/www.asajacyl.com\/valladolid\/wp-content\/uploads\/sites\/2\/2019\/07\/topillo-en-cultivo.jpg","datePublished":"2024-08-09T12:55:34+00:00","dateModified":"2024-08-09T12:55:37+00:00","author":{"@id":"https:\/\/www.asajacyl.com\/valladolid\/#\/schema\/person\/cf213adc3e576168b6850f7db054141e"},"description":"La Junta aprueba medidas de flexibilidad de aplicaci\u00f3n inmediata en dos pr\u00e1cticas de los ecorreg\u00edmenes de la PAC para favorecer el control de topillos","breadcrumb":{"@id":"https:\/\/www.asajacyl.com\/valladolid\/asaja-valladolid-informa\/la-junta-aprueba-medidas-de-flexibilidad-de-aplicacion-inmediata-en-dos-practicas-de-los-ecorregimenes-de-la-pac-para-favorecer-el-control-de-topillos#breadcrumb"},"inLanguage":"es","potentialAction":[{"@type":"ReadAction","target":["https:\/\/www.asajacyl.com\/valladolid\/asaja-valladolid-informa\/la-junta-aprueba-medidas-de-flexibilidad-de-aplicacion-inmediata-en-dos-practicas-de-los-ecorregimenes-de-la-pac-para-favorecer-el-control-de-topillos"]}]},{"@type":"ImageObject","inLanguage":"es","@id":"https:\/\/www.asajacyl.com\/valladolid\/asaja-valladolid-informa\/la-junta-aprueba-medidas-de-flexibilidad-de-aplicacion-inmediata-en-dos-practicas-de-los-ecorregimenes-de-la-pac-para-favorecer-el-control-de-topillos#primaryimage","url":"https:\/\/www.asajacyl.com\/valladolid\/wp-content\/uploads\/sites\/2\/2019\/07\/topillo-en-cultivo.jpg","contentUrl":"https:\/\/www.asajacyl.com\/valladolid\/wp-content\/uploads\/sites\/2\/2019\/07\/topillo-en-cultivo.jpg","width":768,"height":1024,"caption":"topillo en cultivo"},{"@type":"BreadcrumbList","@id":"https:\/\/www.asajacyl.com\/valladolid\/asaja-valladolid-informa\/la-junta-aprueba-medidas-de-flexibilidad-de-aplicacion-inmediata-en-dos-practicas-de-los-ecorregimenes-de-la-pac-para-favorecer-el-control-de-topillos#breadcrumb","itemListElement":[{"@type":"ListItem","position":1,"name":"Portada","item":"https:\/\/www.asajacyl.com\/valladolid\/"},{"@type":"ListItem","position":2,"name":"La Junta aprueba medidas de flexibilidad de aplicaci\u00f3n inmediata en dos pr\u00e1cticas de los ecorreg\u00edmenes de la PAC para favorecer el control de topillos"}]},{"@type":"WebSite","@id":"https:\/\/www.asajacyl.com\/valladolid\/#website","url":"https:\/\/www.asajacyl.com\/valladolid\/","name":"ASAJA Valladolid","description":"Otro sitio m\u00e1s de Provincias ASAJA Castilla y Le\u00f3n","potentialAction":[{"@type":"SearchAction","target":{"@type":"EntryPoint","urlTemplate":"https:\/\/www.asajacyl.com\/valladolid\/?s={search_term_string}"},"query-input":{"@type":"PropertyValueSpecification","valueRequired":true,"valueName":"search_term_string"}}],"inLanguage":"es"},{"@type":"Person","@id":"https:\/\/www.asajacyl.com\/valladolid\/#\/schema\/person\/cf213adc3e576168b6850f7db054141e","name":"Mar\u00eda Natividad","image":{"@type":"ImageObject","inLanguage":"es","@id":"https:\/\/www.asajacyl.com\/valladolid\/#\/schema\/person\/image\/","url":"https:\/\/secure.gravatar.com\/avatar\/7f7b3c840c2af79feac78f5eeffefc45?s=96&d=mm&r=g","contentUrl":"https:\/\/secure.gravatar.com\/avatar\/7f7b3c840c2af79feac78f5eeffefc45?s=96&d=mm&r=g","caption":"Mar\u00eda Natividad"},"url":"https:\/\/www.asajacyl.com\/valladolid\/author\/natividadhh"}]}},"_links":{"self":[{"href":"https:\/\/www.asajacyl.com\/valladolid\/wp-json\/wp\/v2\/posts\/3563"}],"collection":[{"href":"https:\/\/www.asajacyl.com\/valladolid\/wp-json\/wp\/v2\/posts"}],"about":[{"href":"https:\/\/www.asajacyl.com\/valladolid\/wp-json\/wp\/v2\/types\/post"}],"author":[{"embeddable":true,"href":"https:\/\/www.asajacyl.com\/valladolid\/wp-json\/wp\/v2\/users\/13"}],"replies":[{"embeddable":true,"href":"https:\/\/www.asajacyl.com\/valladolid\/wp-json\/wp\/v2\/comments?post=3563"}],"version-history":[{"count":1,"href":"https:\/\/www.asajacyl.com\/valladolid\/wp-json\/wp\/v2\/posts\/3563\/revisions"}],"predecessor-version":[{"id":3565,"href":"https:\/\/www.asajacyl.com\/valladolid\/wp-json\/wp\/v2\/posts\/3563\/revisions\/3565"}],"wp:featuredmedia":[{"embeddable":true,"href":"https:\/\/www.asajacyl.com\/valladolid\/wp-json\/wp\/v2\/media\/1904"}],"wp:attachment":[{"href":"https:\/\/www.asajacyl.com\/valladolid\/wp-json\/wp\/v2\/media?parent=3563"}],"wp:term":[{"taxonomy":"category","embeddable":true,"href":"https:\/\/www.asajacyl.com\/valladolid\/wp-json\/wp\/v2\/categories?post=3563"},{"taxonomy":"post_tag","embeddable":true,"href":"https:\/\/www.asajacyl.com\/valladolid\/wp-json\/wp\/v2\/tags?post=3563"}],"curies":[{"name":"wp","href":"https:\/\/api.w.org\/{rel}","templated":true}]}}