{"id":3571,"date":"2024-08-27T07:58:41","date_gmt":"2024-08-27T05:58:41","guid":{"rendered":"https:\/\/www.asajacyl.com\/valladolid\/?p=3571"},"modified":"2024-08-27T07:59:33","modified_gmt":"2024-08-27T05:59:33","slug":"asaja-valladolid-pide-acabar-con-la-impunidad-de-los-ladrones-en-el-campo","status":"publish","type":"post","link":"https:\/\/www.asajacyl.com\/valladolid\/asaja-valladolid-informa\/asaja-valladolid-pide-acabar-con-la-impunidad-de-los-ladrones-en-el-campo","title":{"rendered":"ASAJA Valladolid pide acabar con la impunidad de los ladrones en el campo"},"content":{"rendered":"\n<p><em><strong><mark class=\"has-inline-color has-vivid-green-cyan-color\">Esta organizaci\u00f3n pide a los legisladores que \u201cno den la espalda al medio rural\u201d y reformen las leyes para que delincuentes acaben en la c\u00e1rcel y no salgan al d\u00eda siguiente a la calle<\/mark><\/strong><\/em><\/p>\n\n\n\n<p>Los agricultores y ganaderos de la provincia de Valladolid no pueden m\u00e1s. Este verano ha sido especialmente \u201ccaliente\u201d en cuesti\u00f3n de robos en el campo y los profesionales del campo urgen soluciones.<\/p>\n\n\n\n<p>Cientos de equipos de riegos, bater\u00edas, transformadores, etc. han sido saqueados ocasionado cuantiosas p\u00e9rdidas e imposibilitando el desarrollo del trabajo y las campa\u00f1as de los cultivos. El valor medio de los robos sobrepasa los 3.000 entre lo sustra\u00eddo y la reparaci\u00f3n.<\/p>\n\n\n\n<p>ASAJA Valladolid, ante el inicio del curso pol\u00edtico, pide a los legisladores que \u201cno miren para otro lado\u201d y endurezcan las leyes y penas para que estos delincuentes acaben en la c\u00e1rcel. Para los agricultores vallisoletanos estamos normalizando que un delincuente detenido por estos robos este al d\u00eda siguiente en la calle. Los robos deben tener sus consecuencias penales y hay que proteger la seguridad y el trabajo de las personas del medio rural. La despoblaci\u00f3n tambi\u00e9n se frena ofreciendo seguridad y garantizando que una persona pueda trabajar sin miedo.<\/p>\n\n\n\n<p>ASAJA Valladolid pide a sus representantes pol\u00edticos en el Parlamento y el Senado, y a los procuradores en las Cortes de Castilla y Le\u00f3n que tomen conciencia de este problema y hagan un frente com\u00fan para solucionarlo.<\/p>\n\n\n\n<p>Esta organizaci\u00f3n, quiere destacar el excelente trabajo que realiza la Guardia Civil y su profesionalidad. Sin su determinaci\u00f3n y trabajo, agricultores y ganaderos estar\u00edan todav\u00eda m\u00e1s indefensos. Pero es imprescindible dotarlos de m\u00e1s medios humanos y tecnol\u00f3gicos para perseguir estos delitos que asolan el campo. El medio rural necesita m\u00e1s guardias civiles, mejor equipados y con herramientas de \u00faltima generaci\u00f3n. Pero tambi\u00e9n, unas leyes que respalden su labor y la protecci\u00f3n de los habitantes y bienes fruto de su trabajo y esfuerzo.<\/p>\n\n\n\n<p>ASAJA Valladolid pide \u201cm\u00e1s empat\u00eda a nuestros legisladores y determinaci\u00f3n\u201d para solucionar problemas concretos, antes que batallas pol\u00edticas que no conciernen realmente a la vida de los ciudadanos.<\/p>\n","protected":false},"excerpt":{"rendered":"<p>Esta organizaci\u00f3n pide a los legisladores que \u201cno den la espalda al medio rural\u201d y reformen las leyes para que delincuentes acaben en la c\u00e1rcel y no salgan al d\u00eda siguiente a la calle Los agricultores y ganaderos de la provincia de Valladolid no pueden m\u00e1s. Este verano ha sido especialmente \u201ccaliente\u201d en cuesti\u00f3n de [&hellip;]<\/p>\n","protected":false},"author":13,"featured_media":3572,"comment_status":"open","ping_status":"open","sticky":false,"template":"","format":"standard","meta":{"footnotes":""},"categories":[8,21,20,9],"tags":[70,58,79,955,956,957,169,444],"yoast_head":"<!-- This site is optimized with the Yoast SEO plugin v24.5 - https:\/\/yoast.com\/wordpress\/plugins\/seo\/ -->\n<title>ASAJA Valladolid pide acabar con la impunidad de los ladrones en el campo - ASAJA Valladolid<\/title>\n<meta name=\"description\" content=\"ASAJA Valladolid pide acabar con la impunidad de los ladrones en el campo. Esta organizaci\u00f3n pide a los legisladores que \u201cno den la espalda al medio rural\u201d y reformen las leyes para que delincuentes acaben en la c\u00e1rcel y no salgan al d\u00eda siguiente a la calle\" \/>\n<meta name=\"robots\" content=\"index, follow, max-snippet:-1, max-image-preview:large, max-video-preview:-1\" \/>\n<link rel=\"canonical\" href=\"https:\/\/www.asajacyl.com\/valladolid\/asaja-valladolid-informa\/asaja-valladolid-pide-acabar-con-la-impunidad-de-los-ladrones-en-el-campo\" \/>\n<meta property=\"og:locale\" content=\"es_ES\" \/>\n<meta property=\"og:type\" content=\"article\" \/>\n<meta property=\"og:title\" content=\"ASAJA Valladolid pide acabar con la impunidad de los ladrones en el campo - ASAJA Valladolid\" \/>\n<meta property=\"og:description\" content=\"ASAJA Valladolid pide acabar con la impunidad de los ladrones en el campo. Esta organizaci\u00f3n pide a los legisladores que \u201cno den la espalda al medio rural\u201d y reformen las leyes para que delincuentes acaben en la c\u00e1rcel y no salgan al d\u00eda siguiente a la calle\" \/>\n<meta property=\"og:url\" content=\"https:\/\/www.asajacyl.com\/valladolid\/asaja-valladolid-informa\/asaja-valladolid-pide-acabar-con-la-impunidad-de-los-ladrones-en-el-campo\" \/>\n<meta property=\"og:site_name\" content=\"ASAJA Valladolid\" \/>\n<meta property=\"article:published_time\" content=\"2024-08-27T05:58:41+00:00\" \/>\n<meta property=\"article:modified_time\" content=\"2024-08-27T05:59:33+00:00\" \/>\n<meta property=\"og:image\" content=\"https:\/\/www.asajacyl.com\/valladolid\/wp-content\/uploads\/sites\/2\/2024\/08\/congreso.jpg\" \/>\n\t<meta property=\"og:image:width\" content=\"900\" \/>\n\t<meta property=\"og:image:height\" content=\"675\" \/>\n\t<meta property=\"og:image:type\" content=\"image\/jpeg\" \/>\n<meta name=\"author\" content=\"Mar\u00eda Natividad\" \/>\n<meta name=\"twitter:card\" content=\"summary_large_image\" \/>\n<meta name=\"twitter:label1\" content=\"Escrito por\" \/>\n\t<meta name=\"twitter:data1\" content=\"Mar\u00eda Natividad\" \/>\n\t<meta name=\"twitter:label2\" content=\"Tiempo de lectura\" \/>\n\t<meta name=\"twitter:data2\" content=\"2 minutos\" \/>\n<script type=\"application\/ld+json\" class=\"yoast-schema-graph\">{\"@context\":\"https:\/\/schema.org\",\"@graph\":[{\"@type\":\"WebPage\",\"@id\":\"https:\/\/www.asajacyl.com\/valladolid\/asaja-valladolid-informa\/asaja-valladolid-pide-acabar-con-la-impunidad-de-los-ladrones-en-el-campo\",\"url\":\"https:\/\/www.asajacyl.com\/valladolid\/asaja-valladolid-informa\/asaja-valladolid-pide-acabar-con-la-impunidad-de-los-ladrones-en-el-campo\",\"name\":\"ASAJA Valladolid pide acabar con la impunidad de los ladrones en el campo - ASAJA Valladolid\",\"isPartOf\":{\"@id\":\"https:\/\/www.asajacyl.com\/valladolid\/#website\"},\"primaryImageOfPage\":{\"@id\":\"https:\/\/www.asajacyl.com\/valladolid\/asaja-valladolid-informa\/asaja-valladolid-pide-acabar-con-la-impunidad-de-los-ladrones-en-el-campo#primaryimage\"},\"image\":{\"@id\":\"https:\/\/www.asajacyl.com\/valladolid\/asaja-valladolid-informa\/asaja-valladolid-pide-acabar-con-la-impunidad-de-los-ladrones-en-el-campo#primaryimage\"},\"thumbnailUrl\":\"https:\/\/www.asajacyl.com\/valladolid\/wp-content\/uploads\/sites\/2\/2024\/08\/congreso.jpg\",\"datePublished\":\"2024-08-27T05:58:41+00:00\",\"dateModified\":\"2024-08-27T05:59:33+00:00\",\"author\":{\"@id\":\"https:\/\/www.asajacyl.com\/valladolid\/#\/schema\/person\/cf213adc3e576168b6850f7db054141e\"},\"description\":\"ASAJA Valladolid pide acabar con la impunidad de los ladrones en el campo. Esta organizaci\u00f3n pide a los legisladores que \u201cno den la espalda al medio rural\u201d y reformen las leyes para que delincuentes acaben en la c\u00e1rcel y no salgan al d\u00eda siguiente a la calle\",\"breadcrumb\":{\"@id\":\"https:\/\/www.asajacyl.com\/valladolid\/asaja-valladolid-informa\/asaja-valladolid-pide-acabar-con-la-impunidad-de-los-ladrones-en-el-campo#breadcrumb\"},\"inLanguage\":\"es\",\"potentialAction\":[{\"@type\":\"ReadAction\",\"target\":[\"https:\/\/www.asajacyl.com\/valladolid\/asaja-valladolid-informa\/asaja-valladolid-pide-acabar-con-la-impunidad-de-los-ladrones-en-el-campo\"]}]},{\"@type\":\"ImageObject\",\"inLanguage\":\"es\",\"@id\":\"https:\/\/www.asajacyl.com\/valladolid\/asaja-valladolid-informa\/asaja-valladolid-pide-acabar-con-la-impunidad-de-los-ladrones-en-el-campo#primaryimage\",\"url\":\"https:\/\/www.asajacyl.com\/valladolid\/wp-content\/uploads\/sites\/2\/2024\/08\/congreso.jpg\",\"contentUrl\":\"https:\/\/www.asajacyl.com\/valladolid\/wp-content\/uploads\/sites\/2\/2024\/08\/congreso.jpg\",\"width\":900,\"height\":675},{\"@type\":\"BreadcrumbList\",\"@id\":\"https:\/\/www.asajacyl.com\/valladolid\/asaja-valladolid-informa\/asaja-valladolid-pide-acabar-con-la-impunidad-de-los-ladrones-en-el-campo#breadcrumb\",\"itemListElement\":[{\"@type\":\"ListItem\",\"position\":1,\"name\":\"Portada\",\"item\":\"https:\/\/www.asajacyl.com\/valladolid\/\"},{\"@type\":\"ListItem\",\"position\":2,\"name\":\"ASAJA Valladolid pide acabar con la impunidad de los ladrones en el campo\"}]},{\"@type\":\"WebSite\",\"@id\":\"https:\/\/www.asajacyl.com\/valladolid\/#website\",\"url\":\"https:\/\/www.asajacyl.com\/valladolid\/\",\"name\":\"ASAJA Valladolid\",\"description\":\"Otro sitio m\u00e1s de Provincias ASAJA Castilla y Le\u00f3n\",\"potentialAction\":[{\"@type\":\"SearchAction\",\"target\":{\"@type\":\"EntryPoint\",\"urlTemplate\":\"https:\/\/www.asajacyl.com\/valladolid\/?s={search_term_string}\"},\"query-input\":{\"@type\":\"PropertyValueSpecification\",\"valueRequired\":true,\"valueName\":\"search_term_string\"}}],\"inLanguage\":\"es\"},{\"@type\":\"Person\",\"@id\":\"https:\/\/www.asajacyl.com\/valladolid\/#\/schema\/person\/cf213adc3e576168b6850f7db054141e\",\"name\":\"Mar\u00eda Natividad\",\"image\":{\"@type\":\"ImageObject\",\"inLanguage\":\"es\",\"@id\":\"https:\/\/www.asajacyl.com\/valladolid\/#\/schema\/person\/image\/\",\"url\":\"https:\/\/secure.gravatar.com\/avatar\/7f7b3c840c2af79feac78f5eeffefc45?s=96&d=mm&r=g\",\"contentUrl\":\"https:\/\/secure.gravatar.com\/avatar\/7f7b3c840c2af79feac78f5eeffefc45?s=96&d=mm&r=g\",\"caption\":\"Mar\u00eda Natividad\"},\"url\":\"https:\/\/www.asajacyl.com\/valladolid\/author\/natividadhh\"}]}<\/script>\n<!-- \/ Yoast SEO plugin. -->","yoast_head_json":{"title":"ASAJA Valladolid pide acabar con la impunidad de los ladrones en el campo - ASAJA Valladolid","description":"ASAJA Valladolid pide acabar con la impunidad de los ladrones en el campo. Esta organizaci\u00f3n pide a los legisladores que \u201cno den la espalda al medio rural\u201d y reformen las leyes para que delincuentes acaben en la c\u00e1rcel y no salgan al d\u00eda siguiente a la calle","robots":{"index":"index","follow":"follow","max-snippet":"max-snippet:-1","max-image-preview":"max-image-preview:large","max-video-preview":"max-video-preview:-1"},"canonical":"https:\/\/www.asajacyl.com\/valladolid\/asaja-valladolid-informa\/asaja-valladolid-pide-acabar-con-la-impunidad-de-los-ladrones-en-el-campo","og_locale":"es_ES","og_type":"article","og_title":"ASAJA Valladolid pide acabar con la impunidad de los ladrones en el campo - ASAJA Valladolid","og_description":"ASAJA Valladolid pide acabar con la impunidad de los ladrones en el campo. Esta organizaci\u00f3n pide a los legisladores que \u201cno den la espalda al medio rural\u201d y reformen las leyes para que delincuentes acaben en la c\u00e1rcel y no salgan al d\u00eda siguiente a la calle","og_url":"https:\/\/www.asajacyl.com\/valladolid\/asaja-valladolid-informa\/asaja-valladolid-pide-acabar-con-la-impunidad-de-los-ladrones-en-el-campo","og_site_name":"ASAJA Valladolid","article_published_time":"2024-08-27T05:58:41+00:00","article_modified_time":"2024-08-27T05:59:33+00:00","og_image":[{"width":900,"height":675,"url":"https:\/\/www.asajacyl.com\/valladolid\/wp-content\/uploads\/sites\/2\/2024\/08\/congreso.jpg","type":"image\/jpeg"}],"author":"Mar\u00eda Natividad","twitter_card":"summary_large_image","twitter_misc":{"Escrito por":"Mar\u00eda Natividad","Tiempo de lectura":"2 minutos"},"schema":{"@context":"https:\/\/schema.org","@graph":[{"@type":"WebPage","@id":"https:\/\/www.asajacyl.com\/valladolid\/asaja-valladolid-informa\/asaja-valladolid-pide-acabar-con-la-impunidad-de-los-ladrones-en-el-campo","url":"https:\/\/www.asajacyl.com\/valladolid\/asaja-valladolid-informa\/asaja-valladolid-pide-acabar-con-la-impunidad-de-los-ladrones-en-el-campo","name":"ASAJA Valladolid pide acabar con la impunidad de los ladrones en el campo - ASAJA Valladolid","isPartOf":{"@id":"https:\/\/www.asajacyl.com\/valladolid\/#website"},"primaryImageOfPage":{"@id":"https:\/\/www.asajacyl.com\/valladolid\/asaja-valladolid-informa\/asaja-valladolid-pide-acabar-con-la-impunidad-de-los-ladrones-en-el-campo#primaryimage"},"image":{"@id":"https:\/\/www.asajacyl.com\/valladolid\/asaja-valladolid-informa\/asaja-valladolid-pide-acabar-con-la-impunidad-de-los-ladrones-en-el-campo#primaryimage"},"thumbnailUrl":"https:\/\/www.asajacyl.com\/valladolid\/wp-content\/uploads\/sites\/2\/2024\/08\/congreso.jpg","datePublished":"2024-08-27T05:58:41+00:00","dateModified":"2024-08-27T05:59:33+00:00","author":{"@id":"https:\/\/www.asajacyl.com\/valladolid\/#\/schema\/person\/cf213adc3e576168b6850f7db054141e"},"description":"ASAJA Valladolid pide acabar con la impunidad de los ladrones en el campo. Esta organizaci\u00f3n pide a los legisladores que \u201cno den la espalda al medio rural\u201d y reformen las leyes para que delincuentes acaben en la c\u00e1rcel y no salgan al d\u00eda siguiente a la calle","breadcrumb":{"@id":"https:\/\/www.asajacyl.com\/valladolid\/asaja-valladolid-informa\/asaja-valladolid-pide-acabar-con-la-impunidad-de-los-ladrones-en-el-campo#breadcrumb"},"inLanguage":"es","potentialAction":[{"@type":"ReadAction","target":["https:\/\/www.asajacyl.com\/valladolid\/asaja-valladolid-informa\/asaja-valladolid-pide-acabar-con-la-impunidad-de-los-ladrones-en-el-campo"]}]},{"@type":"ImageObject","inLanguage":"es","@id":"https:\/\/www.asajacyl.com\/valladolid\/asaja-valladolid-informa\/asaja-valladolid-pide-acabar-con-la-impunidad-de-los-ladrones-en-el-campo#primaryimage","url":"https:\/\/www.asajacyl.com\/valladolid\/wp-content\/uploads\/sites\/2\/2024\/08\/congreso.jpg","contentUrl":"https:\/\/www.asajacyl.com\/valladolid\/wp-content\/uploads\/sites\/2\/2024\/08\/congreso.jpg","width":900,"height":675},{"@type":"BreadcrumbList","@id":"https:\/\/www.asajacyl.com\/valladolid\/asaja-valladolid-informa\/asaja-valladolid-pide-acabar-con-la-impunidad-de-los-ladrones-en-el-campo#breadcrumb","itemListElement":[{"@type":"ListItem","position":1,"name":"Portada","item":"https:\/\/www.asajacyl.com\/valladolid\/"},{"@type":"ListItem","position":2,"name":"ASAJA Valladolid pide acabar con la impunidad de los ladrones en el campo"}]},{"@type":"WebSite","@id":"https:\/\/www.asajacyl.com\/valladolid\/#website","url":"https:\/\/www.asajacyl.com\/valladolid\/","name":"ASAJA Valladolid","description":"Otro sitio m\u00e1s de Provincias ASAJA Castilla y Le\u00f3n","potentialAction":[{"@type":"SearchAction","target":{"@type":"EntryPoint","urlTemplate":"https:\/\/www.asajacyl.com\/valladolid\/?s={search_term_string}"},"query-input":{"@type":"PropertyValueSpecification","valueRequired":true,"valueName":"search_term_string"}}],"inLanguage":"es"},{"@type":"Person","@id":"https:\/\/www.asajacyl.com\/valladolid\/#\/schema\/person\/cf213adc3e576168b6850f7db054141e","name":"Mar\u00eda Natividad","image":{"@type":"ImageObject","inLanguage":"es","@id":"https:\/\/www.asajacyl.com\/valladolid\/#\/schema\/person\/image\/","url":"https:\/\/secure.gravatar.com\/avatar\/7f7b3c840c2af79feac78f5eeffefc45?s=96&d=mm&r=g","contentUrl":"https:\/\/secure.gravatar.com\/avatar\/7f7b3c840c2af79feac78f5eeffefc45?s=96&d=mm&r=g","caption":"Mar\u00eda Natividad"},"url":"https:\/\/www.asajacyl.com\/valladolid\/author\/natividadhh"}]}},"_links":{"self":[{"href":"https:\/\/www.asajacyl.com\/valladolid\/wp-json\/wp\/v2\/posts\/3571"}],"collection":[{"href":"https:\/\/www.asajacyl.com\/valladolid\/wp-json\/wp\/v2\/posts"}],"about":[{"href":"https:\/\/www.asajacyl.com\/valladolid\/wp-json\/wp\/v2\/types\/post"}],"author":[{"embeddable":true,"href":"https:\/\/www.asajacyl.com\/valladolid\/wp-json\/wp\/v2\/users\/13"}],"replies":[{"embeddable":true,"href":"https:\/\/www.asajacyl.com\/valladolid\/wp-json\/wp\/v2\/comments?post=3571"}],"version-history":[{"count":2,"href":"https:\/\/www.asajacyl.com\/valladolid\/wp-json\/wp\/v2\/posts\/3571\/revisions"}],"predecessor-version":[{"id":3574,"href":"https:\/\/www.asajacyl.com\/valladolid\/wp-json\/wp\/v2\/posts\/3571\/revisions\/3574"}],"wp:featuredmedia":[{"embeddable":true,"href":"https:\/\/www.asajacyl.com\/valladolid\/wp-json\/wp\/v2\/media\/3572"}],"wp:attachment":[{"href":"https:\/\/www.asajacyl.com\/valladolid\/wp-json\/wp\/v2\/media?parent=3571"}],"wp:term":[{"taxonomy":"category","embeddable":true,"href":"https:\/\/www.asajacyl.com\/valladolid\/wp-json\/wp\/v2\/categories?post=3571"},{"taxonomy":"post_tag","embeddable":true,"href":"https:\/\/www.asajacyl.com\/valladolid\/wp-json\/wp\/v2\/tags?post=3571"}],"curies":[{"name":"wp","href":"https:\/\/api.w.org\/{rel}","templated":true}]}}