{"id":3613,"date":"2024-11-26T12:04:03","date_gmt":"2024-11-26T11:04:03","guid":{"rendered":"https:\/\/www.asajacyl.com\/valladolid\/?p=3613"},"modified":"2024-11-26T12:04:06","modified_gmt":"2024-11-26T11:04:06","slug":"tordesillas-acogera-una-jornada-sobre-la-pac-y-el-kit-digital-de-asaja-valladolid","status":"publish","type":"post","link":"https:\/\/www.asajacyl.com\/valladolid\/asaja-valladolid-informa\/tordesillas-acogera-una-jornada-sobre-la-pac-y-el-kit-digital-de-asaja-valladolid","title":{"rendered":"Tordesillas acoger\u00e1 una jornada sobre la PAC y el Kit Digital de Asaja Valladolid"},"content":{"rendered":"\n<p><em><strong>La presentaci\u00f3n tendr\u00e1 lugar, este mi\u00e9rcoles 27 a partir de las 19:30 horas, en el Ayuntamiento de Tordesillas<\/strong><\/em><\/p>\n\n\n\n<p>La localidad vallisoletana de Tordesillas acoger\u00e1 ma\u00f1ana mi\u00e9rcoles 27 de noviembre, una Jornada sobre la PAC y el Kit Digital organizada por ASAJA Valladolid.<\/p>\n\n\n\n<p>La presentaci\u00f3n tendr\u00e1 lugar, a partir de las 19.30 horas, en el Ayuntamiento de Tordesillas (Plaza mayor, 1).<\/p>\n\n\n\n<p>Bajo el t\u00edtulo \u00abNovedades de la PAC 2025 y qu\u00e9 es Kit Digital\u00bb, nuestra t\u00e9cnica, Carolina Navas explicar\u00e1 las principales novedades de PAC cara a la pr\u00f3xima campa\u00f1a.<\/p>\n\n\n\n<p>Navas realizar\u00e1 tambi\u00e9n, un acercamiento al Kit Digital y cu\u00e1les son los requisitos para acceder al \u201cbono digital\u201d, as\u00ed como el cat\u00e1logo de soluciones con las que impulsar la digitalizaci\u00f3n en nuestra explotaci\u00f3n. Entre ellas c\u00f3mo los agricultores y ganaderos pueden conseguir de manera gratuita un ordenador y una tablet para aprovechar las herramientas digitales de cara a optimizar sus producciones.<\/p>\n\n\n\n<p>ASAJA Valladolid se ha sumado como Oficina T\u00e9cnica Provincial del Kit Digital y puede informar y asesorar como conseguir estas ventajas para las diferentes explotaci\u00f3nes.<\/p>\n\n\n\n<p><strong>M\u00e1s de 2.000 agricultores y ganaderos socios de Asaja ya han solicitado el bono Kit Digital, sumando m\u00e1s de 6 millones de euros<\/strong><\/p>\n\n\n\n<p>M\u00e1s de 2.000 agricultores y ganaderos de toda Espa\u00f1a, socios de Asaja, fundamentalmente pertenecientes al Segmento 3 (menos de 3 trabajadores), ya se han sumado al programa Kit Digital, solicitando ayudas que, una vez se hagan efectivas, superar\u00e1n los 6 millones de euros. Estas ayudas, gestionadas por Red.es y financiadas a trav\u00e9s de los fondos Next Generation EU, est\u00e1n destinadas a impulsar la transformaci\u00f3n digital de explotaciones agrarias y ganaderas, promoviendo la adopci\u00f3n de nuevas tecnolog\u00edas para mejorar la eficiencia y sostenibilidad del sector.<\/p>\n\n\n\n<p><strong>Transformaci\u00f3n digital para el sector agrario: una oportunidad clave<\/strong><\/p>\n\n\n\n<p>El programa Kit Digital ofrece a los agricultores y ganaderos la posibilidad de acceder a servicios de asesoramiento en \u00e1reas como la inteligencia artificial, la automatizaci\u00f3n de procesos productivos y la ciberseguridad, todas ellas claves para mejorar la gesti\u00f3n y competitividad de las explotaciones. A trav\u00e9s de estas herramientas, los beneficiarios pueden optimizar el uso de recursos y gesti\u00f3n de la explotaci\u00f3n, aumentar la productividad y reducir costes productivos, factores determinantes para enfrentar los desaf\u00edos del sector en un entorno global cada vez m\u00e1s competitivo y exigente.<\/p>\n\n\n\n<p>El <strong>Kit Digital<\/strong> es clave para mejorar la competitividad de las explotaciones agr\u00edcolas y ganaderas al facilitar la adopci\u00f3n de herramientas como <strong>sensores y software de gesti\u00f3n<\/strong>, que ayudan a optimizar la toma de decisiones y reducir costes operativos. Adem\u00e1s, los agricultores y ganaderos pueden acceder a servicios de asesoramiento personalizado para definir una estrategia digital adaptada a las necesidades de sus explotaciones.<\/p>\n\n\n\n<p>Este programa tambi\u00e9n se enfoca en facilitar los tr\u00e1mites para acceder a las ayudas, utilizando la <strong>automatizaci\u00f3n y la inteligencia artificial<\/strong> para simplificar el proceso de solicitud y gesti\u00f3n de las subvenciones.<\/p>\n\n\n\n<p>Aquellos que ya se han sumado est\u00e1n obteniendo beneficios claros, como:<\/p>\n\n\n\n<ul>\n<li><strong>Optimizaci\u00f3n de recursos<\/strong>: A trav\u00e9s de servicios de an\u00e1lisis de datos e inteligencia artificial, los agricultores y ganaderos pueden gestionar de manera m\u00e1s eficiente sus cultivos y ganado.<\/li>\n\n\n\n<li><strong>Aumento de la competitividad<\/strong>: La digitalizaci\u00f3n permite a las explotaciones agrarias acceder a nuevos mercados y mejorar su visibilidad en el entorno digital.<\/li>\n\n\n\n<li><strong>Mejora en la ciberseguridad<\/strong>: Proteger los datos de las explotaciones es esencial en un mundo cada vez m\u00e1s conectado, y desde Asaja se ofrece asesoramiento en este \u00e1mbito.<\/li>\n\n\n\n<li><strong>Automatizaci\u00f3n de procesos<\/strong>: Gracias a la incorporaci\u00f3n de tecnolog\u00edas avanzadas, se pueden reducir los tiempos y costes de producci\u00f3n.<\/li>\n<\/ul>\n\n\n\n<p><strong>Simplificaci\u00f3n de tr\u00e1mites y facilidad de acceso<\/strong><\/p>\n\n\n\n<p>El proceso de solicitud de las ayudas se ha simplificado al m\u00e1ximo, eliminando la necesidad de aportar documentaci\u00f3n adicional y permitiendo a terceros (representantes voluntarios) gestionar las solicitudes en nombre de los agricultores y ganaderos. En Asaja tramitamos tu solicitud de manera totalmente gratuita. Esto facilita el acceso a las ayudas y reduce las cargas administrativas.<\/p>\n\n\n\n<p>El plazo para presentar las solicitudes est\u00e1 abierto hasta el 31 de diciembre de 2024 para los segmentos I y II. Para el Segmento III (aut\u00f3nomos y hasta 3 trabajadores) el plazo est\u00e1 abierto hasta el 31 de octubre del 2025.<\/p>\n\n\n\n<p><strong>M\u00e1s informaci\u00f3n y contacto<\/strong><\/p>\n\n\n\n<p>Las explotaciones agrarias interesadas pueden obtener m\u00e1s informaci\u00f3n sobre el programa Kit Digital en la p\u00e1gina web de <a href=\"http:\/\/www.asajakitdigital.es\">www.asajakitdigital.es<\/a>, en su oficina de Asaja &nbsp;y en <a href=\"http:\/\/www.acelerapyme.es\/kit-consulting\">www.acelerapyme.es<\/a>.<\/p>\n","protected":false},"excerpt":{"rendered":"<p>La presentaci\u00f3n tendr\u00e1 lugar, este mi\u00e9rcoles 27 a partir de las 19:30 horas, en el Ayuntamiento de Tordesillas La localidad vallisoletana de Tordesillas acoger\u00e1 ma\u00f1ana mi\u00e9rcoles 27 de noviembre, una Jornada sobre la PAC y el Kit Digital organizada por ASAJA Valladolid. La presentaci\u00f3n tendr\u00e1 lugar, a partir de las 19.30 horas, en el Ayuntamiento [&hellip;]<\/p>\n","protected":false},"author":13,"featured_media":3614,"comment_status":"open","ping_status":"open","sticky":false,"template":"","format":"standard","meta":{"footnotes":""},"categories":[8,21,28,9],"tags":[70,58,977,938,836,981,76,978,980,160],"yoast_head":"<!-- This site is optimized with the Yoast SEO plugin v24.5 - https:\/\/yoast.com\/wordpress\/plugins\/seo\/ -->\n<title>Tordesillas acoger\u00e1 una jornada sobre la PAC y el Kit Digital de Asaja Valladolid - ASAJA Valladolid<\/title>\n<meta name=\"description\" content=\"Tordesillas acoger\u00e1 una jornada sobre la PAC y el Kit Digital de Asaja Valladolid.La presentaci\u00f3n tendr\u00e1 lugar, este mi\u00e9rcoles 27 a partir de las 19:30 horas, en el Ayuntamiento de Tordesillas\" \/>\n<meta name=\"robots\" content=\"index, follow, max-snippet:-1, max-image-preview:large, max-video-preview:-1\" \/>\n<link rel=\"canonical\" href=\"https:\/\/www.asajacyl.com\/valladolid\/asaja-valladolid-informa\/tordesillas-acogera-una-jornada-sobre-la-pac-y-el-kit-digital-de-asaja-valladolid\" \/>\n<meta property=\"og:locale\" content=\"es_ES\" \/>\n<meta property=\"og:type\" content=\"article\" \/>\n<meta property=\"og:title\" content=\"Tordesillas acoger\u00e1 una jornada sobre la PAC y el Kit Digital de Asaja Valladolid - ASAJA Valladolid\" \/>\n<meta property=\"og:description\" content=\"Tordesillas acoger\u00e1 una jornada sobre la PAC y el Kit Digital de Asaja Valladolid.La presentaci\u00f3n tendr\u00e1 lugar, este mi\u00e9rcoles 27 a partir de las 19:30 horas, en el Ayuntamiento de Tordesillas\" \/>\n<meta property=\"og:url\" content=\"https:\/\/www.asajacyl.com\/valladolid\/asaja-valladolid-informa\/tordesillas-acogera-una-jornada-sobre-la-pac-y-el-kit-digital-de-asaja-valladolid\" \/>\n<meta property=\"og:site_name\" content=\"ASAJA Valladolid\" \/>\n<meta property=\"article:published_time\" content=\"2024-11-26T11:04:03+00:00\" \/>\n<meta property=\"article:modified_time\" content=\"2024-11-26T11:04:06+00:00\" \/>\n<meta property=\"og:image\" content=\"https:\/\/www.asajacyl.com\/valladolid\/wp-content\/uploads\/sites\/2\/2024\/11\/Jornada-Tordesillas.jpg\" \/>\n\t<meta property=\"og:image:width\" content=\"1200\" \/>\n\t<meta property=\"og:image:height\" content=\"1006\" \/>\n\t<meta property=\"og:image:type\" content=\"image\/jpeg\" \/>\n<meta name=\"author\" content=\"Mar\u00eda Natividad\" \/>\n<meta name=\"twitter:card\" content=\"summary_large_image\" \/>\n<meta name=\"twitter:label1\" content=\"Escrito por\" \/>\n\t<meta name=\"twitter:data1\" content=\"Mar\u00eda Natividad\" \/>\n\t<meta name=\"twitter:label2\" content=\"Tiempo de lectura\" \/>\n\t<meta name=\"twitter:data2\" content=\"4 minutos\" \/>\n<script type=\"application\/ld+json\" class=\"yoast-schema-graph\">{\"@context\":\"https:\/\/schema.org\",\"@graph\":[{\"@type\":\"WebPage\",\"@id\":\"https:\/\/www.asajacyl.com\/valladolid\/asaja-valladolid-informa\/tordesillas-acogera-una-jornada-sobre-la-pac-y-el-kit-digital-de-asaja-valladolid\",\"url\":\"https:\/\/www.asajacyl.com\/valladolid\/asaja-valladolid-informa\/tordesillas-acogera-una-jornada-sobre-la-pac-y-el-kit-digital-de-asaja-valladolid\",\"name\":\"Tordesillas acoger\u00e1 una jornada sobre la PAC y el Kit Digital de Asaja Valladolid - ASAJA Valladolid\",\"isPartOf\":{\"@id\":\"https:\/\/www.asajacyl.com\/valladolid\/#website\"},\"primaryImageOfPage\":{\"@id\":\"https:\/\/www.asajacyl.com\/valladolid\/asaja-valladolid-informa\/tordesillas-acogera-una-jornada-sobre-la-pac-y-el-kit-digital-de-asaja-valladolid#primaryimage\"},\"image\":{\"@id\":\"https:\/\/www.asajacyl.com\/valladolid\/asaja-valladolid-informa\/tordesillas-acogera-una-jornada-sobre-la-pac-y-el-kit-digital-de-asaja-valladolid#primaryimage\"},\"thumbnailUrl\":\"https:\/\/www.asajacyl.com\/valladolid\/wp-content\/uploads\/sites\/2\/2024\/11\/Jornada-Tordesillas.jpg\",\"datePublished\":\"2024-11-26T11:04:03+00:00\",\"dateModified\":\"2024-11-26T11:04:06+00:00\",\"author\":{\"@id\":\"https:\/\/www.asajacyl.com\/valladolid\/#\/schema\/person\/cf213adc3e576168b6850f7db054141e\"},\"description\":\"Tordesillas acoger\u00e1 una jornada sobre la PAC y el Kit Digital de Asaja Valladolid.La presentaci\u00f3n tendr\u00e1 lugar, este mi\u00e9rcoles 27 a partir de las 19:30 horas, en el Ayuntamiento de Tordesillas\",\"breadcrumb\":{\"@id\":\"https:\/\/www.asajacyl.com\/valladolid\/asaja-valladolid-informa\/tordesillas-acogera-una-jornada-sobre-la-pac-y-el-kit-digital-de-asaja-valladolid#breadcrumb\"},\"inLanguage\":\"es\",\"potentialAction\":[{\"@type\":\"ReadAction\",\"target\":[\"https:\/\/www.asajacyl.com\/valladolid\/asaja-valladolid-informa\/tordesillas-acogera-una-jornada-sobre-la-pac-y-el-kit-digital-de-asaja-valladolid\"]}]},{\"@type\":\"ImageObject\",\"inLanguage\":\"es\",\"@id\":\"https:\/\/www.asajacyl.com\/valladolid\/asaja-valladolid-informa\/tordesillas-acogera-una-jornada-sobre-la-pac-y-el-kit-digital-de-asaja-valladolid#primaryimage\",\"url\":\"https:\/\/www.asajacyl.com\/valladolid\/wp-content\/uploads\/sites\/2\/2024\/11\/Jornada-Tordesillas.jpg\",\"contentUrl\":\"https:\/\/www.asajacyl.com\/valladolid\/wp-content\/uploads\/sites\/2\/2024\/11\/Jornada-Tordesillas.jpg\",\"width\":1200,\"height\":1006,\"caption\":\"Tordesillas acoger\u00e1 una jornada sobre la PAC y el Kit Digital de Asaja Valladolid\"},{\"@type\":\"BreadcrumbList\",\"@id\":\"https:\/\/www.asajacyl.com\/valladolid\/asaja-valladolid-informa\/tordesillas-acogera-una-jornada-sobre-la-pac-y-el-kit-digital-de-asaja-valladolid#breadcrumb\",\"itemListElement\":[{\"@type\":\"ListItem\",\"position\":1,\"name\":\"Portada\",\"item\":\"https:\/\/www.asajacyl.com\/valladolid\/\"},{\"@type\":\"ListItem\",\"position\":2,\"name\":\"Tordesillas acoger\u00e1 una jornada sobre la PAC y el Kit Digital de Asaja Valladolid\"}]},{\"@type\":\"WebSite\",\"@id\":\"https:\/\/www.asajacyl.com\/valladolid\/#website\",\"url\":\"https:\/\/www.asajacyl.com\/valladolid\/\",\"name\":\"ASAJA Valladolid\",\"description\":\"Otro sitio m\u00e1s de Provincias ASAJA Castilla y Le\u00f3n\",\"potentialAction\":[{\"@type\":\"SearchAction\",\"target\":{\"@type\":\"EntryPoint\",\"urlTemplate\":\"https:\/\/www.asajacyl.com\/valladolid\/?s={search_term_string}\"},\"query-input\":{\"@type\":\"PropertyValueSpecification\",\"valueRequired\":true,\"valueName\":\"search_term_string\"}}],\"inLanguage\":\"es\"},{\"@type\":\"Person\",\"@id\":\"https:\/\/www.asajacyl.com\/valladolid\/#\/schema\/person\/cf213adc3e576168b6850f7db054141e\",\"name\":\"Mar\u00eda Natividad\",\"image\":{\"@type\":\"ImageObject\",\"inLanguage\":\"es\",\"@id\":\"https:\/\/www.asajacyl.com\/valladolid\/#\/schema\/person\/image\/\",\"url\":\"https:\/\/secure.gravatar.com\/avatar\/7f7b3c840c2af79feac78f5eeffefc45?s=96&d=mm&r=g\",\"contentUrl\":\"https:\/\/secure.gravatar.com\/avatar\/7f7b3c840c2af79feac78f5eeffefc45?s=96&d=mm&r=g\",\"caption\":\"Mar\u00eda Natividad\"},\"url\":\"https:\/\/www.asajacyl.com\/valladolid\/author\/natividadhh\"}]}<\/script>\n<!-- \/ Yoast SEO plugin. -->","yoast_head_json":{"title":"Tordesillas acoger\u00e1 una jornada sobre la PAC y el Kit Digital de Asaja Valladolid - ASAJA Valladolid","description":"Tordesillas acoger\u00e1 una jornada sobre la PAC y el Kit Digital de Asaja Valladolid.La presentaci\u00f3n tendr\u00e1 lugar, este mi\u00e9rcoles 27 a partir de las 19:30 horas, en el Ayuntamiento de Tordesillas","robots":{"index":"index","follow":"follow","max-snippet":"max-snippet:-1","max-image-preview":"max-image-preview:large","max-video-preview":"max-video-preview:-1"},"canonical":"https:\/\/www.asajacyl.com\/valladolid\/asaja-valladolid-informa\/tordesillas-acogera-una-jornada-sobre-la-pac-y-el-kit-digital-de-asaja-valladolid","og_locale":"es_ES","og_type":"article","og_title":"Tordesillas acoger\u00e1 una jornada sobre la PAC y el Kit Digital de Asaja Valladolid - ASAJA Valladolid","og_description":"Tordesillas acoger\u00e1 una jornada sobre la PAC y el Kit Digital de Asaja Valladolid.La presentaci\u00f3n tendr\u00e1 lugar, este mi\u00e9rcoles 27 a partir de las 19:30 horas, en el Ayuntamiento de Tordesillas","og_url":"https:\/\/www.asajacyl.com\/valladolid\/asaja-valladolid-informa\/tordesillas-acogera-una-jornada-sobre-la-pac-y-el-kit-digital-de-asaja-valladolid","og_site_name":"ASAJA Valladolid","article_published_time":"2024-11-26T11:04:03+00:00","article_modified_time":"2024-11-26T11:04:06+00:00","og_image":[{"width":1200,"height":1006,"url":"https:\/\/www.asajacyl.com\/valladolid\/wp-content\/uploads\/sites\/2\/2024\/11\/Jornada-Tordesillas.jpg","type":"image\/jpeg"}],"author":"Mar\u00eda Natividad","twitter_card":"summary_large_image","twitter_misc":{"Escrito por":"Mar\u00eda Natividad","Tiempo de lectura":"4 minutos"},"schema":{"@context":"https:\/\/schema.org","@graph":[{"@type":"WebPage","@id":"https:\/\/www.asajacyl.com\/valladolid\/asaja-valladolid-informa\/tordesillas-acogera-una-jornada-sobre-la-pac-y-el-kit-digital-de-asaja-valladolid","url":"https:\/\/www.asajacyl.com\/valladolid\/asaja-valladolid-informa\/tordesillas-acogera-una-jornada-sobre-la-pac-y-el-kit-digital-de-asaja-valladolid","name":"Tordesillas acoger\u00e1 una jornada sobre la PAC y el Kit Digital de Asaja Valladolid - ASAJA Valladolid","isPartOf":{"@id":"https:\/\/www.asajacyl.com\/valladolid\/#website"},"primaryImageOfPage":{"@id":"https:\/\/www.asajacyl.com\/valladolid\/asaja-valladolid-informa\/tordesillas-acogera-una-jornada-sobre-la-pac-y-el-kit-digital-de-asaja-valladolid#primaryimage"},"image":{"@id":"https:\/\/www.asajacyl.com\/valladolid\/asaja-valladolid-informa\/tordesillas-acogera-una-jornada-sobre-la-pac-y-el-kit-digital-de-asaja-valladolid#primaryimage"},"thumbnailUrl":"https:\/\/www.asajacyl.com\/valladolid\/wp-content\/uploads\/sites\/2\/2024\/11\/Jornada-Tordesillas.jpg","datePublished":"2024-11-26T11:04:03+00:00","dateModified":"2024-11-26T11:04:06+00:00","author":{"@id":"https:\/\/www.asajacyl.com\/valladolid\/#\/schema\/person\/cf213adc3e576168b6850f7db054141e"},"description":"Tordesillas acoger\u00e1 una jornada sobre la PAC y el Kit Digital de Asaja Valladolid.La presentaci\u00f3n tendr\u00e1 lugar, este mi\u00e9rcoles 27 a partir de las 19:30 horas, en el Ayuntamiento de Tordesillas","breadcrumb":{"@id":"https:\/\/www.asajacyl.com\/valladolid\/asaja-valladolid-informa\/tordesillas-acogera-una-jornada-sobre-la-pac-y-el-kit-digital-de-asaja-valladolid#breadcrumb"},"inLanguage":"es","potentialAction":[{"@type":"ReadAction","target":["https:\/\/www.asajacyl.com\/valladolid\/asaja-valladolid-informa\/tordesillas-acogera-una-jornada-sobre-la-pac-y-el-kit-digital-de-asaja-valladolid"]}]},{"@type":"ImageObject","inLanguage":"es","@id":"https:\/\/www.asajacyl.com\/valladolid\/asaja-valladolid-informa\/tordesillas-acogera-una-jornada-sobre-la-pac-y-el-kit-digital-de-asaja-valladolid#primaryimage","url":"https:\/\/www.asajacyl.com\/valladolid\/wp-content\/uploads\/sites\/2\/2024\/11\/Jornada-Tordesillas.jpg","contentUrl":"https:\/\/www.asajacyl.com\/valladolid\/wp-content\/uploads\/sites\/2\/2024\/11\/Jornada-Tordesillas.jpg","width":1200,"height":1006,"caption":"Tordesillas acoger\u00e1 una jornada sobre la PAC y el Kit Digital de Asaja Valladolid"},{"@type":"BreadcrumbList","@id":"https:\/\/www.asajacyl.com\/valladolid\/asaja-valladolid-informa\/tordesillas-acogera-una-jornada-sobre-la-pac-y-el-kit-digital-de-asaja-valladolid#breadcrumb","itemListElement":[{"@type":"ListItem","position":1,"name":"Portada","item":"https:\/\/www.asajacyl.com\/valladolid\/"},{"@type":"ListItem","position":2,"name":"Tordesillas acoger\u00e1 una jornada sobre la PAC y el Kit Digital de Asaja Valladolid"}]},{"@type":"WebSite","@id":"https:\/\/www.asajacyl.com\/valladolid\/#website","url":"https:\/\/www.asajacyl.com\/valladolid\/","name":"ASAJA Valladolid","description":"Otro sitio m\u00e1s de Provincias ASAJA Castilla y Le\u00f3n","potentialAction":[{"@type":"SearchAction","target":{"@type":"EntryPoint","urlTemplate":"https:\/\/www.asajacyl.com\/valladolid\/?s={search_term_string}"},"query-input":{"@type":"PropertyValueSpecification","valueRequired":true,"valueName":"search_term_string"}}],"inLanguage":"es"},{"@type":"Person","@id":"https:\/\/www.asajacyl.com\/valladolid\/#\/schema\/person\/cf213adc3e576168b6850f7db054141e","name":"Mar\u00eda Natividad","image":{"@type":"ImageObject","inLanguage":"es","@id":"https:\/\/www.asajacyl.com\/valladolid\/#\/schema\/person\/image\/","url":"https:\/\/secure.gravatar.com\/avatar\/7f7b3c840c2af79feac78f5eeffefc45?s=96&d=mm&r=g","contentUrl":"https:\/\/secure.gravatar.com\/avatar\/7f7b3c840c2af79feac78f5eeffefc45?s=96&d=mm&r=g","caption":"Mar\u00eda Natividad"},"url":"https:\/\/www.asajacyl.com\/valladolid\/author\/natividadhh"}]}},"_links":{"self":[{"href":"https:\/\/www.asajacyl.com\/valladolid\/wp-json\/wp\/v2\/posts\/3613"}],"collection":[{"href":"https:\/\/www.asajacyl.com\/valladolid\/wp-json\/wp\/v2\/posts"}],"about":[{"href":"https:\/\/www.asajacyl.com\/valladolid\/wp-json\/wp\/v2\/types\/post"}],"author":[{"embeddable":true,"href":"https:\/\/www.asajacyl.com\/valladolid\/wp-json\/wp\/v2\/users\/13"}],"replies":[{"embeddable":true,"href":"https:\/\/www.asajacyl.com\/valladolid\/wp-json\/wp\/v2\/comments?post=3613"}],"version-history":[{"count":1,"href":"https:\/\/www.asajacyl.com\/valladolid\/wp-json\/wp\/v2\/posts\/3613\/revisions"}],"predecessor-version":[{"id":3615,"href":"https:\/\/www.asajacyl.com\/valladolid\/wp-json\/wp\/v2\/posts\/3613\/revisions\/3615"}],"wp:featuredmedia":[{"embeddable":true,"href":"https:\/\/www.asajacyl.com\/valladolid\/wp-json\/wp\/v2\/media\/3614"}],"wp:attachment":[{"href":"https:\/\/www.asajacyl.com\/valladolid\/wp-json\/wp\/v2\/media?parent=3613"}],"wp:term":[{"taxonomy":"category","embeddable":true,"href":"https:\/\/www.asajacyl.com\/valladolid\/wp-json\/wp\/v2\/categories?post=3613"},{"taxonomy":"post_tag","embeddable":true,"href":"https:\/\/www.asajacyl.com\/valladolid\/wp-json\/wp\/v2\/tags?post=3613"}],"curies":[{"name":"wp","href":"https:\/\/api.w.org\/{rel}","templated":true}]}}