{"id":3663,"date":"2025-01-22T16:28:17","date_gmt":"2025-01-22T15:28:17","guid":{"rendered":"https:\/\/www.asajacyl.com\/valladolid\/?p=3663"},"modified":"2025-01-22T16:28:19","modified_gmt":"2025-01-22T15:28:19","slug":"el-gobierno-aprueba-la-norma-que-establece-la-voluntariedad-del-cuaderno-digital-de-explotacion","status":"publish","type":"post","link":"https:\/\/www.asajacyl.com\/valladolid\/asaja-valladolid-informa\/el-gobierno-aprueba-la-norma-que-establece-la-voluntariedad-del-cuaderno-digital-de-explotacion","title":{"rendered":"El Gobierno aprueba la norma que establece la voluntariedad del cuaderno digital de explotaci\u00f3n"},"content":{"rendered":"\n<p><strong><em><mark class=\"has-inline-color has-vivid-green-cyan-color\">La voluntariedad temporal se establece mediante la modificaci\u00f3n del real decreto sobre el Sistema de Informaci\u00f3n de Explotaciones Agrarias (SIEX)<\/mark><\/em><\/strong><\/p>\n\n\n\n<p>El Bolet\u00edn Oficial del Estado\u00a0ha publicado\u00a0hoy el real decreto aprobado ayer por el Consejo de Ministros que modifica diversa normativa sobre el sistema de informaci\u00f3n de las explotaciones agrarias para introducir el car\u00e1cter voluntario de la utilizaci\u00f3n del cuaderno digital de explotaci\u00f3n.<\/p>\n\n\n\n<p>El Real Decreto 1054\/2022, de 27 de septiembre que regula el Sistema de informaci\u00f3n de Explotaciones Agr\u00edcolas y Ganaderas y de la producci\u00f3n agraria,\u00a0\u00a0as\u00ed como el Registro auton\u00f3mico de explotaciones agr\u00edcolas y el cuaderno digital de explotaci\u00f3n agr\u00edcola,\u00a0que ahora se modifica, preve\u00eda que el empleo del cuaderno digital de explotaci\u00f3n agr\u00edcola comenzara a ser obligatorio a partir del 1 de septiembre de 2024, con una entrada en vigor escalonada, y dejaba exentas a determinadas explotaciones por su peque\u00f1o tama\u00f1o.<\/p>\n\n\n\n<p>Sin embargo, y en aplicaci\u00f3n el compromiso adquirido por el Gobierno, <strong>se ha modificado el mencionado real decreto para cambiar el enfoque en el uso del cuaderno digital de explotaci\u00f3n, que pasa a ser voluntario de manera temporal y hasta el pr\u00f3ximo periodo de programaci\u00f3n del Plan Estrat\u00e9gico de la Pol\u00edtica Agraria Com\u00fan (PAC), a partir de 2027.<\/strong><\/p>\n\n\n\n<p>As\u00ed, los agricultores que, conforme a la normativa de productos fitosanitarios, fertilizantes o intervenciones de la PAC deban cumplimentar un cuaderno de explotaci\u00f3n, podr\u00e1n elegir si prefieren que \u00e9ste sea mediante la utilizaci\u00f3n de medios electr\u00f3nicos o en soporte de papel.&nbsp;<\/p>\n\n\n\n<p>Esta modificaci\u00f3n tiene implicaci\u00f3n en otras normas conexas relativas al uso sostenible de productos fitosanitarios, y en concreto en el Real Decreto 1311\/2012, de 14 de septiembre y el Real Decreto 9\/2015, de 16 de enero.<\/p>\n\n\n\n<p>La entrada en vigor de la voluntariedad del uso del cuaderno digital se hace de manera retroactiva a 1 de julio de 2023, para evitar alg\u00fan tipo de perjuicio a los agricultores que pudiera derivarse del retraso de la publicaci\u00f3n de la norma.<\/p>\n","protected":false},"excerpt":{"rendered":"<p>La voluntariedad temporal se establece mediante la modificaci\u00f3n del real decreto sobre el Sistema de Informaci\u00f3n de Explotaciones Agrarias (SIEX) El Bolet\u00edn Oficial del Estado\u00a0ha publicado\u00a0hoy el real decreto aprobado ayer por el Consejo de Ministros que modifica diversa normativa sobre el sistema de informaci\u00f3n de las explotaciones agrarias para introducir el car\u00e1cter voluntario de [&hellip;]<\/p>\n","protected":false},"author":13,"featured_media":3664,"comment_status":"open","ping_status":"open","sticky":false,"template":"","format":"standard","meta":{"footnotes":""},"categories":[8,21,9],"tags":[165,70,58,996,384,76],"yoast_head":"<!-- This site is optimized with the Yoast SEO plugin v24.5 - https:\/\/yoast.com\/wordpress\/plugins\/seo\/ -->\n<title>El Gobierno aprueba la norma que establece la voluntariedad del cuaderno digital de explotaci\u00f3n - ASAJA Valladolid<\/title>\n<meta name=\"description\" content=\"El Gobierno aprueba la norma que establece la voluntariedad del cuaderno digital de explotaci\u00f3n\" \/>\n<meta name=\"robots\" content=\"index, follow, max-snippet:-1, max-image-preview:large, max-video-preview:-1\" \/>\n<link rel=\"canonical\" href=\"https:\/\/www.asajacyl.com\/valladolid\/asaja-valladolid-informa\/el-gobierno-aprueba-la-norma-que-establece-la-voluntariedad-del-cuaderno-digital-de-explotacion\" \/>\n<meta property=\"og:locale\" content=\"es_ES\" \/>\n<meta property=\"og:type\" content=\"article\" \/>\n<meta property=\"og:title\" content=\"El Gobierno aprueba la norma que establece la voluntariedad del cuaderno digital de explotaci\u00f3n - ASAJA Valladolid\" \/>\n<meta property=\"og:description\" content=\"El Gobierno aprueba la norma que establece la voluntariedad del cuaderno digital de explotaci\u00f3n\" \/>\n<meta property=\"og:url\" content=\"https:\/\/www.asajacyl.com\/valladolid\/asaja-valladolid-informa\/el-gobierno-aprueba-la-norma-que-establece-la-voluntariedad-del-cuaderno-digital-de-explotacion\" \/>\n<meta property=\"og:site_name\" content=\"ASAJA Valladolid\" \/>\n<meta property=\"article:published_time\" content=\"2025-01-22T15:28:17+00:00\" \/>\n<meta property=\"article:modified_time\" content=\"2025-01-22T15:28:19+00:00\" \/>\n<meta property=\"og:image\" content=\"https:\/\/www.asajacyl.com\/valladolid\/wp-content\/uploads\/sites\/2\/2025\/01\/DigitalAg.jpg\" \/>\n\t<meta property=\"og:image:width\" content=\"1455\" \/>\n\t<meta property=\"og:image:height\" content=\"1386\" \/>\n\t<meta property=\"og:image:type\" content=\"image\/jpeg\" \/>\n<meta name=\"author\" content=\"Mar\u00eda Natividad\" \/>\n<meta name=\"twitter:card\" content=\"summary_large_image\" \/>\n<meta name=\"twitter:label1\" content=\"Escrito por\" \/>\n\t<meta name=\"twitter:data1\" content=\"Mar\u00eda Natividad\" \/>\n\t<meta name=\"twitter:label2\" content=\"Tiempo de lectura\" \/>\n\t<meta name=\"twitter:data2\" content=\"2 minutos\" \/>\n<script type=\"application\/ld+json\" class=\"yoast-schema-graph\">{\"@context\":\"https:\/\/schema.org\",\"@graph\":[{\"@type\":\"WebPage\",\"@id\":\"https:\/\/www.asajacyl.com\/valladolid\/asaja-valladolid-informa\/el-gobierno-aprueba-la-norma-que-establece-la-voluntariedad-del-cuaderno-digital-de-explotacion\",\"url\":\"https:\/\/www.asajacyl.com\/valladolid\/asaja-valladolid-informa\/el-gobierno-aprueba-la-norma-que-establece-la-voluntariedad-del-cuaderno-digital-de-explotacion\",\"name\":\"El Gobierno aprueba la norma que establece la voluntariedad del cuaderno digital de explotaci\u00f3n - ASAJA Valladolid\",\"isPartOf\":{\"@id\":\"https:\/\/www.asajacyl.com\/valladolid\/#website\"},\"primaryImageOfPage\":{\"@id\":\"https:\/\/www.asajacyl.com\/valladolid\/asaja-valladolid-informa\/el-gobierno-aprueba-la-norma-que-establece-la-voluntariedad-del-cuaderno-digital-de-explotacion#primaryimage\"},\"image\":{\"@id\":\"https:\/\/www.asajacyl.com\/valladolid\/asaja-valladolid-informa\/el-gobierno-aprueba-la-norma-que-establece-la-voluntariedad-del-cuaderno-digital-de-explotacion#primaryimage\"},\"thumbnailUrl\":\"https:\/\/www.asajacyl.com\/valladolid\/wp-content\/uploads\/sites\/2\/2025\/01\/DigitalAg.jpg\",\"datePublished\":\"2025-01-22T15:28:17+00:00\",\"dateModified\":\"2025-01-22T15:28:19+00:00\",\"author\":{\"@id\":\"https:\/\/www.asajacyl.com\/valladolid\/#\/schema\/person\/cf213adc3e576168b6850f7db054141e\"},\"description\":\"El Gobierno aprueba la norma que establece la voluntariedad del cuaderno digital de explotaci\u00f3n\",\"breadcrumb\":{\"@id\":\"https:\/\/www.asajacyl.com\/valladolid\/asaja-valladolid-informa\/el-gobierno-aprueba-la-norma-que-establece-la-voluntariedad-del-cuaderno-digital-de-explotacion#breadcrumb\"},\"inLanguage\":\"es\",\"potentialAction\":[{\"@type\":\"ReadAction\",\"target\":[\"https:\/\/www.asajacyl.com\/valladolid\/asaja-valladolid-informa\/el-gobierno-aprueba-la-norma-que-establece-la-voluntariedad-del-cuaderno-digital-de-explotacion\"]}]},{\"@type\":\"ImageObject\",\"inLanguage\":\"es\",\"@id\":\"https:\/\/www.asajacyl.com\/valladolid\/asaja-valladolid-informa\/el-gobierno-aprueba-la-norma-que-establece-la-voluntariedad-del-cuaderno-digital-de-explotacion#primaryimage\",\"url\":\"https:\/\/www.asajacyl.com\/valladolid\/wp-content\/uploads\/sites\/2\/2025\/01\/DigitalAg.jpg\",\"contentUrl\":\"https:\/\/www.asajacyl.com\/valladolid\/wp-content\/uploads\/sites\/2\/2025\/01\/DigitalAg.jpg\",\"width\":1455,\"height\":1386},{\"@type\":\"BreadcrumbList\",\"@id\":\"https:\/\/www.asajacyl.com\/valladolid\/asaja-valladolid-informa\/el-gobierno-aprueba-la-norma-que-establece-la-voluntariedad-del-cuaderno-digital-de-explotacion#breadcrumb\",\"itemListElement\":[{\"@type\":\"ListItem\",\"position\":1,\"name\":\"Portada\",\"item\":\"https:\/\/www.asajacyl.com\/valladolid\/\"},{\"@type\":\"ListItem\",\"position\":2,\"name\":\"El Gobierno aprueba la norma que establece la voluntariedad del cuaderno digital de explotaci\u00f3n\"}]},{\"@type\":\"WebSite\",\"@id\":\"https:\/\/www.asajacyl.com\/valladolid\/#website\",\"url\":\"https:\/\/www.asajacyl.com\/valladolid\/\",\"name\":\"ASAJA Valladolid\",\"description\":\"Otro sitio m\u00e1s de Provincias ASAJA Castilla y Le\u00f3n\",\"potentialAction\":[{\"@type\":\"SearchAction\",\"target\":{\"@type\":\"EntryPoint\",\"urlTemplate\":\"https:\/\/www.asajacyl.com\/valladolid\/?s={search_term_string}\"},\"query-input\":{\"@type\":\"PropertyValueSpecification\",\"valueRequired\":true,\"valueName\":\"search_term_string\"}}],\"inLanguage\":\"es\"},{\"@type\":\"Person\",\"@id\":\"https:\/\/www.asajacyl.com\/valladolid\/#\/schema\/person\/cf213adc3e576168b6850f7db054141e\",\"name\":\"Mar\u00eda Natividad\",\"image\":{\"@type\":\"ImageObject\",\"inLanguage\":\"es\",\"@id\":\"https:\/\/www.asajacyl.com\/valladolid\/#\/schema\/person\/image\/\",\"url\":\"https:\/\/secure.gravatar.com\/avatar\/7f7b3c840c2af79feac78f5eeffefc45?s=96&d=mm&r=g\",\"contentUrl\":\"https:\/\/secure.gravatar.com\/avatar\/7f7b3c840c2af79feac78f5eeffefc45?s=96&d=mm&r=g\",\"caption\":\"Mar\u00eda Natividad\"},\"url\":\"https:\/\/www.asajacyl.com\/valladolid\/author\/natividadhh\"}]}<\/script>\n<!-- \/ Yoast SEO plugin. -->","yoast_head_json":{"title":"El Gobierno aprueba la norma que establece la voluntariedad del cuaderno digital de explotaci\u00f3n - ASAJA Valladolid","description":"El Gobierno aprueba la norma que establece la voluntariedad del cuaderno digital de explotaci\u00f3n","robots":{"index":"index","follow":"follow","max-snippet":"max-snippet:-1","max-image-preview":"max-image-preview:large","max-video-preview":"max-video-preview:-1"},"canonical":"https:\/\/www.asajacyl.com\/valladolid\/asaja-valladolid-informa\/el-gobierno-aprueba-la-norma-que-establece-la-voluntariedad-del-cuaderno-digital-de-explotacion","og_locale":"es_ES","og_type":"article","og_title":"El Gobierno aprueba la norma que establece la voluntariedad del cuaderno digital de explotaci\u00f3n - ASAJA Valladolid","og_description":"El Gobierno aprueba la norma que establece la voluntariedad del cuaderno digital de explotaci\u00f3n","og_url":"https:\/\/www.asajacyl.com\/valladolid\/asaja-valladolid-informa\/el-gobierno-aprueba-la-norma-que-establece-la-voluntariedad-del-cuaderno-digital-de-explotacion","og_site_name":"ASAJA Valladolid","article_published_time":"2025-01-22T15:28:17+00:00","article_modified_time":"2025-01-22T15:28:19+00:00","og_image":[{"width":1455,"height":1386,"url":"https:\/\/www.asajacyl.com\/valladolid\/wp-content\/uploads\/sites\/2\/2025\/01\/DigitalAg.jpg","type":"image\/jpeg"}],"author":"Mar\u00eda Natividad","twitter_card":"summary_large_image","twitter_misc":{"Escrito por":"Mar\u00eda Natividad","Tiempo de lectura":"2 minutos"},"schema":{"@context":"https:\/\/schema.org","@graph":[{"@type":"WebPage","@id":"https:\/\/www.asajacyl.com\/valladolid\/asaja-valladolid-informa\/el-gobierno-aprueba-la-norma-que-establece-la-voluntariedad-del-cuaderno-digital-de-explotacion","url":"https:\/\/www.asajacyl.com\/valladolid\/asaja-valladolid-informa\/el-gobierno-aprueba-la-norma-que-establece-la-voluntariedad-del-cuaderno-digital-de-explotacion","name":"El Gobierno aprueba la norma que establece la voluntariedad del cuaderno digital de explotaci\u00f3n - ASAJA Valladolid","isPartOf":{"@id":"https:\/\/www.asajacyl.com\/valladolid\/#website"},"primaryImageOfPage":{"@id":"https:\/\/www.asajacyl.com\/valladolid\/asaja-valladolid-informa\/el-gobierno-aprueba-la-norma-que-establece-la-voluntariedad-del-cuaderno-digital-de-explotacion#primaryimage"},"image":{"@id":"https:\/\/www.asajacyl.com\/valladolid\/asaja-valladolid-informa\/el-gobierno-aprueba-la-norma-que-establece-la-voluntariedad-del-cuaderno-digital-de-explotacion#primaryimage"},"thumbnailUrl":"https:\/\/www.asajacyl.com\/valladolid\/wp-content\/uploads\/sites\/2\/2025\/01\/DigitalAg.jpg","datePublished":"2025-01-22T15:28:17+00:00","dateModified":"2025-01-22T15:28:19+00:00","author":{"@id":"https:\/\/www.asajacyl.com\/valladolid\/#\/schema\/person\/cf213adc3e576168b6850f7db054141e"},"description":"El Gobierno aprueba la norma que establece la voluntariedad del cuaderno digital de explotaci\u00f3n","breadcrumb":{"@id":"https:\/\/www.asajacyl.com\/valladolid\/asaja-valladolid-informa\/el-gobierno-aprueba-la-norma-que-establece-la-voluntariedad-del-cuaderno-digital-de-explotacion#breadcrumb"},"inLanguage":"es","potentialAction":[{"@type":"ReadAction","target":["https:\/\/www.asajacyl.com\/valladolid\/asaja-valladolid-informa\/el-gobierno-aprueba-la-norma-que-establece-la-voluntariedad-del-cuaderno-digital-de-explotacion"]}]},{"@type":"ImageObject","inLanguage":"es","@id":"https:\/\/www.asajacyl.com\/valladolid\/asaja-valladolid-informa\/el-gobierno-aprueba-la-norma-que-establece-la-voluntariedad-del-cuaderno-digital-de-explotacion#primaryimage","url":"https:\/\/www.asajacyl.com\/valladolid\/wp-content\/uploads\/sites\/2\/2025\/01\/DigitalAg.jpg","contentUrl":"https:\/\/www.asajacyl.com\/valladolid\/wp-content\/uploads\/sites\/2\/2025\/01\/DigitalAg.jpg","width":1455,"height":1386},{"@type":"BreadcrumbList","@id":"https:\/\/www.asajacyl.com\/valladolid\/asaja-valladolid-informa\/el-gobierno-aprueba-la-norma-que-establece-la-voluntariedad-del-cuaderno-digital-de-explotacion#breadcrumb","itemListElement":[{"@type":"ListItem","position":1,"name":"Portada","item":"https:\/\/www.asajacyl.com\/valladolid\/"},{"@type":"ListItem","position":2,"name":"El Gobierno aprueba la norma que establece la voluntariedad del cuaderno digital de explotaci\u00f3n"}]},{"@type":"WebSite","@id":"https:\/\/www.asajacyl.com\/valladolid\/#website","url":"https:\/\/www.asajacyl.com\/valladolid\/","name":"ASAJA Valladolid","description":"Otro sitio m\u00e1s de Provincias ASAJA Castilla y Le\u00f3n","potentialAction":[{"@type":"SearchAction","target":{"@type":"EntryPoint","urlTemplate":"https:\/\/www.asajacyl.com\/valladolid\/?s={search_term_string}"},"query-input":{"@type":"PropertyValueSpecification","valueRequired":true,"valueName":"search_term_string"}}],"inLanguage":"es"},{"@type":"Person","@id":"https:\/\/www.asajacyl.com\/valladolid\/#\/schema\/person\/cf213adc3e576168b6850f7db054141e","name":"Mar\u00eda Natividad","image":{"@type":"ImageObject","inLanguage":"es","@id":"https:\/\/www.asajacyl.com\/valladolid\/#\/schema\/person\/image\/","url":"https:\/\/secure.gravatar.com\/avatar\/7f7b3c840c2af79feac78f5eeffefc45?s=96&d=mm&r=g","contentUrl":"https:\/\/secure.gravatar.com\/avatar\/7f7b3c840c2af79feac78f5eeffefc45?s=96&d=mm&r=g","caption":"Mar\u00eda Natividad"},"url":"https:\/\/www.asajacyl.com\/valladolid\/author\/natividadhh"}]}},"_links":{"self":[{"href":"https:\/\/www.asajacyl.com\/valladolid\/wp-json\/wp\/v2\/posts\/3663"}],"collection":[{"href":"https:\/\/www.asajacyl.com\/valladolid\/wp-json\/wp\/v2\/posts"}],"about":[{"href":"https:\/\/www.asajacyl.com\/valladolid\/wp-json\/wp\/v2\/types\/post"}],"author":[{"embeddable":true,"href":"https:\/\/www.asajacyl.com\/valladolid\/wp-json\/wp\/v2\/users\/13"}],"replies":[{"embeddable":true,"href":"https:\/\/www.asajacyl.com\/valladolid\/wp-json\/wp\/v2\/comments?post=3663"}],"version-history":[{"count":1,"href":"https:\/\/www.asajacyl.com\/valladolid\/wp-json\/wp\/v2\/posts\/3663\/revisions"}],"predecessor-version":[{"id":3665,"href":"https:\/\/www.asajacyl.com\/valladolid\/wp-json\/wp\/v2\/posts\/3663\/revisions\/3665"}],"wp:featuredmedia":[{"embeddable":true,"href":"https:\/\/www.asajacyl.com\/valladolid\/wp-json\/wp\/v2\/media\/3664"}],"wp:attachment":[{"href":"https:\/\/www.asajacyl.com\/valladolid\/wp-json\/wp\/v2\/media?parent=3663"}],"wp:term":[{"taxonomy":"category","embeddable":true,"href":"https:\/\/www.asajacyl.com\/valladolid\/wp-json\/wp\/v2\/categories?post=3663"},{"taxonomy":"post_tag","embeddable":true,"href":"https:\/\/www.asajacyl.com\/valladolid\/wp-json\/wp\/v2\/tags?post=3663"}],"curies":[{"name":"wp","href":"https:\/\/api.w.org\/{rel}","templated":true}]}}