{"id":3720,"date":"2024-12-12T16:08:00","date_gmt":"2024-12-12T15:08:00","guid":{"rendered":"https:\/\/www.asajacyl.com\/valladolid\/?p=3720"},"modified":"2025-03-11T16:17:38","modified_gmt":"2025-03-11T15:17:38","slug":"ampliacion-de-plazo-de-solicitud-para-ciertas-entidades-del-segmento-i-y-ii","status":"publish","type":"post","link":"https:\/\/www.asajacyl.com\/valladolid\/asaja-valladolid-informa\/ampliacion-de-plazo-de-solicitud-para-ciertas-entidades-del-segmento-i-y-ii","title":{"rendered":"Ampliaci\u00f3n de plazo de solicitud para ciertas entidades del segmento I y II"},"content":{"rendered":"\n<p><strong><em><mark class=\"has-inline-color has-vivid-green-cyan-color\">Las comunidades de bienes, sociedades civiles y explotaciones agrarias de titularidad compartida de los segmentos I y II podr\u00e1n solicitar el bono Kit Digital hasta el pr\u00f3ximo 31 de octubre de 2025.<\/mark><\/em><\/strong><\/p>\n\n\n\n<p>ASAJA reafirma su compromiso con la modernizaci\u00f3n y la mejora de la competitividad del sector agr\u00edcola y ganadero, haciendo un llamamiento a los profesionales del campo para que aprovechen las oportunidades que ofrece el Programa Kit Digital. Esta iniciativa, promovida por el Gobierno de Espa\u00f1a, gestionada por red.es y financiada con fondos Next Generation EU, busca fomentar la transformaci\u00f3n digital de microempresas y aut\u00f3nomos.<\/p>\n\n\n\n<p>El Programa Kit Digital se ha convertido en una herramienta clave para impulsar la adopci\u00f3n de tecnolog\u00edas innovadoras en las explotaciones agrarias. Su objetivo es claro: mejorar la productividad de las empresas rurales y garantizar una mayor rentabilidad en sus actividades. En un entorno cada vez m\u00e1s competitivo y marcado por la necesidad de adaptarse a nuevas normativas y desaf\u00edos globales, la digitalizaci\u00f3n se presenta como un factor decisivo para asegurar la viabilidad futura de las explotaciones agr\u00edcolas y ganaderas.<\/p>\n\n\n\n<figure class=\"wp-block-image size-large\"><img loading=\"lazy\" decoding=\"async\" width=\"1024\" height=\"1024\" src=\"https:\/\/www.asajacyl.com\/valladolid\/wp-content\/uploads\/sites\/2\/2025\/03\/cartel-webinar-1024x1024.jpg\" alt=\"\" class=\"wp-image-3721\" srcset=\"https:\/\/www.asajacyl.com\/valladolid\/wp-content\/uploads\/sites\/2\/2025\/03\/cartel-webinar-1024x1024.jpg 1024w, https:\/\/www.asajacyl.com\/valladolid\/wp-content\/uploads\/sites\/2\/2025\/03\/cartel-webinar-300x300.jpg 300w, https:\/\/www.asajacyl.com\/valladolid\/wp-content\/uploads\/sites\/2\/2025\/03\/cartel-webinar-150x150.jpg 150w, https:\/\/www.asajacyl.com\/valladolid\/wp-content\/uploads\/sites\/2\/2025\/03\/cartel-webinar-768x768.jpg 768w, https:\/\/www.asajacyl.com\/valladolid\/wp-content\/uploads\/sites\/2\/2025\/03\/cartel-webinar-420x420.jpg 420w, https:\/\/www.asajacyl.com\/valladolid\/wp-content\/uploads\/sites\/2\/2025\/03\/cartel-webinar-696x696.jpg 696w, https:\/\/www.asajacyl.com\/valladolid\/wp-content\/uploads\/sites\/2\/2025\/03\/cartel-webinar-1068x1068.jpg 1068w, https:\/\/www.asajacyl.com\/valladolid\/wp-content\/uploads\/sites\/2\/2025\/03\/cartel-webinar.jpg 1080w\" sizes=\"(max-width: 1024px) 100vw, 1024px\" \/><\/figure>\n\n\n\n<p><strong>Ampliaci\u00f3n de plazos para beneficiarios espec\u00edficos<\/strong><\/p>\n\n\n\n<p>La fecha l\u00edmite para solicitar el Kit Digital en los segmentos I y II era el 31 de diciembre de 2024. Sin embargo, las siguientes entidades podr\u00e1n presentar su solicitud hasta el 31 de octubre de 2025:<\/p>\n\n\n\n<ul>\n<li>Comunidades de bienes.<\/li>\n\n\n\n<li>Sociedades civiles con objeto mercantil.<\/li>\n\n\n\n<li>Sociedades civiles profesionales.<\/li>\n\n\n\n<li>Explotaciones agrarias de titularidad compartida.<\/li>\n<\/ul>\n\n\n\n<p>ASAJA destaca la importancia de este programa para facilitar el acceso a soluciones digitales que permitan optimizar procesos, reducir costes y mejorar la gesti\u00f3n empresarial en el sector agroalimentario. Adem\u00e1s, subraya que esta oportunidad no solo beneficia a las empresas, sino tambi\u00e9n al desarrollo del medio rural en su conjunto, contribuyendo a su dinamizaci\u00f3n y sostenibilidad.<\/p>\n\n\n\n<p>Desde la organizaci\u00f3n se anima a agricultores y ganaderos a informarse sobre los requisitos y pasos necesarios para acogerse a las ayudas del Programa Kit Digital, cuyo plazo de solicitud ha sido ampliado. ASAJA pone a disposici\u00f3n de sus asociados los recursos y asesoramiento necesarios para facilitar su participaci\u00f3n en este programa estrat\u00e9gico para el futuro del sector primario.<\/p>\n\n\n\n<p>Con esta iniciativa, ASAJA reafirma su apuesta por la innovaci\u00f3n y la digitalizaci\u00f3n como pilares fundamentales para la evoluci\u00f3n de la agricultura y la ganader\u00eda en Espa\u00f1a.<\/p>\n\n\n\n<p><strong>\u00bfQuieres solicitar el Kit Digital?<\/strong><\/p>\n\n\n\n<p><strong>En Asaja asesoramos y tramitamos la solicitud del bono Kit Digital de manera totalmente gratuita.<\/strong><\/p>\n\n\n\n<p>Las explotaciones agrarias interesadas pueden obtener m\u00e1s informaci\u00f3n sobre el programa Kit Digital en la p\u00e1gina web de <a href=\"http:\/\/www.asajakitdigital.es\" target=\"_blank\" rel=\"noreferrer noopener\"><strong><em><mark class=\"has-inline-color has-vivid-green-cyan-color\">www.asajakitdigital.es<\/mark><\/em><\/strong><\/a>, en su oficina de ASAJA \u00a0y en <a href=\"http:\/\/www.acelerapyme.es\/kit-consulting\" target=\"_blank\" rel=\"noreferrer noopener\"><strong><em><mark class=\"has-inline-color has-vivid-green-cyan-color\">www.acelerapyme.es<\/mark><\/em><\/strong><\/a>.<\/p>\n\n\n\n<p><strong>Sobre Kit Digital<\/strong><\/p>\n\n\n\n<p><em>UN PROGRAMA FINANCIADO POR EL PLAN DE RECUPERACI\u00d3N, TRANSFORMACI\u00d3N Y RESILIENCIA \u2013 NEXT GENERATION EU<\/em><\/p>\n\n\n\n<p><em>Kit Digital es un Programa del Gobierno de Espa\u00f1a, gestionado por Red.es, entidad adscrita al Ministerio para la Transformaci\u00f3n Digital y de la Funci\u00f3n P\u00fablica a trav\u00e9s de la Secretar\u00eda de Estado de Digitalizaci\u00f3n e Inteligencia Artificial. El Programa Kit Digital est\u00e1 dotado con un presupuesto de 3.067 millones de euros, financiado por la Uni\u00f3n Europea a trav\u00e9s de los fondos NextGenerationEU en el marco del Plan de Recuperaci\u00f3n, Transformaci\u00f3n y Resiliencia la agenda Espa\u00f1a Digital 2026 y el Plan de Digitalizaci\u00f3n de Pymes 2021-2025. Tiene el objetivo de digitalizar a peque\u00f1as empresas, microempresas y aut\u00f3nomos de todos los sectores y en todo el territorio nacional.<\/em><\/p>\n\n\n\n<p><em>Los interesados pueden recibir m\u00e1s informaci\u00f3n sobre el Programa en el tel\u00e9fono 900 909 001, en el correo electr\u00f3nico <\/em><a href=\"mailto:info@acelerapyme.gob.es\"><em>info@acelerapyme.gob.es<\/em><\/a><em> y en la p\u00e1gina web <\/em><a href=\"http:\/\/www.acelerapyme.es\"><em>www.acelerapyme.es<\/em><\/a><em> donde tambi\u00e9n podr\u00e1n localizar su Oficina Acelera pyme m\u00e1s cercana para recibir asesoramiento presencial.<\/em><\/p>\n\n\n\n<p><em>Adem\u00e1s, Red.es ha habilitado un canal de atenci\u00f3n al agente digitalizador en el que podr\u00e1 realizar sus consultas o dudas. Puede contactar en el tel\u00e9fono 900 906 677 o en el correo electr\u00f3nico <\/em><a href=\"mailto:infodigitalizador@acelerapyme.gob.es\"><em>infodigitalizador@acelerapyme.gob.es<\/em><\/a><em><u>.<\/u><\/em><em><\/em><\/p>\n","protected":false},"excerpt":{"rendered":"<p>Las comunidades de bienes, sociedades civiles y explotaciones agrarias de titularidad compartida de los segmentos I y II podr\u00e1n solicitar el bono Kit Digital hasta el pr\u00f3ximo 31 de octubre de 2025. ASAJA reafirma su compromiso con la modernizaci\u00f3n y la mejora de la competitividad del sector agr\u00edcola y ganadero, haciendo un llamamiento a los [&hellip;]<\/p>\n","protected":false},"author":13,"featured_media":3721,"comment_status":"open","ping_status":"open","sticky":false,"template":"","format":"standard","meta":{"footnotes":""},"categories":[8,21,9],"tags":[70,58,836,1020],"yoast_head":"<!-- This site is optimized with the Yoast SEO plugin v24.5 - https:\/\/yoast.com\/wordpress\/plugins\/seo\/ -->\n<title>Ampliaci\u00f3n de plazo de solicitud para ciertas entidades del segmento I y II - ASAJA Valladolid<\/title>\n<meta name=\"description\" content=\"Ampliaci\u00f3n de plazo de solicitud para ciertas entidades del segmento I y II. Las comunidades de bienes, sociedades civiles y explotaciones agrarias de titularidad compartida de los segmentos I y II podr\u00e1n solicitar el bono Kit Digital hasta el pr\u00f3ximo 31 de octubre de 2025.\" \/>\n<meta name=\"robots\" content=\"index, follow, max-snippet:-1, max-image-preview:large, max-video-preview:-1\" \/>\n<link rel=\"canonical\" href=\"https:\/\/www.asajacyl.com\/valladolid\/asaja-valladolid-informa\/ampliacion-de-plazo-de-solicitud-para-ciertas-entidades-del-segmento-i-y-ii\" \/>\n<meta property=\"og:locale\" content=\"es_ES\" \/>\n<meta property=\"og:type\" content=\"article\" \/>\n<meta property=\"og:title\" content=\"Ampliaci\u00f3n de plazo de solicitud para ciertas entidades del segmento I y II - ASAJA Valladolid\" \/>\n<meta property=\"og:description\" content=\"Ampliaci\u00f3n de plazo de solicitud para ciertas entidades del segmento I y II. Las comunidades de bienes, sociedades civiles y explotaciones agrarias de titularidad compartida de los segmentos I y II podr\u00e1n solicitar el bono Kit Digital hasta el pr\u00f3ximo 31 de octubre de 2025.\" \/>\n<meta property=\"og:url\" content=\"https:\/\/www.asajacyl.com\/valladolid\/asaja-valladolid-informa\/ampliacion-de-plazo-de-solicitud-para-ciertas-entidades-del-segmento-i-y-ii\" \/>\n<meta property=\"og:site_name\" content=\"ASAJA Valladolid\" \/>\n<meta property=\"article:published_time\" content=\"2024-12-12T15:08:00+00:00\" \/>\n<meta property=\"article:modified_time\" content=\"2025-03-11T15:17:38+00:00\" \/>\n<meta property=\"og:image\" content=\"https:\/\/www.asajacyl.com\/valladolid\/wp-content\/uploads\/sites\/2\/2025\/03\/cartel-webinar.jpg\" \/>\n\t<meta property=\"og:image:width\" content=\"1080\" \/>\n\t<meta property=\"og:image:height\" content=\"1080\" \/>\n\t<meta property=\"og:image:type\" content=\"image\/jpeg\" \/>\n<meta name=\"author\" content=\"Mar\u00eda Natividad\" \/>\n<meta name=\"twitter:card\" content=\"summary_large_image\" \/>\n<meta name=\"twitter:label1\" content=\"Escrito por\" \/>\n\t<meta name=\"twitter:data1\" content=\"Mar\u00eda Natividad\" \/>\n\t<meta name=\"twitter:label2\" content=\"Tiempo de lectura\" \/>\n\t<meta name=\"twitter:data2\" content=\"4 minutos\" \/>\n<script type=\"application\/ld+json\" class=\"yoast-schema-graph\">{\"@context\":\"https:\/\/schema.org\",\"@graph\":[{\"@type\":\"WebPage\",\"@id\":\"https:\/\/www.asajacyl.com\/valladolid\/asaja-valladolid-informa\/ampliacion-de-plazo-de-solicitud-para-ciertas-entidades-del-segmento-i-y-ii\",\"url\":\"https:\/\/www.asajacyl.com\/valladolid\/asaja-valladolid-informa\/ampliacion-de-plazo-de-solicitud-para-ciertas-entidades-del-segmento-i-y-ii\",\"name\":\"Ampliaci\u00f3n de plazo de solicitud para ciertas entidades del segmento I y II - ASAJA Valladolid\",\"isPartOf\":{\"@id\":\"https:\/\/www.asajacyl.com\/valladolid\/#website\"},\"primaryImageOfPage\":{\"@id\":\"https:\/\/www.asajacyl.com\/valladolid\/asaja-valladolid-informa\/ampliacion-de-plazo-de-solicitud-para-ciertas-entidades-del-segmento-i-y-ii#primaryimage\"},\"image\":{\"@id\":\"https:\/\/www.asajacyl.com\/valladolid\/asaja-valladolid-informa\/ampliacion-de-plazo-de-solicitud-para-ciertas-entidades-del-segmento-i-y-ii#primaryimage\"},\"thumbnailUrl\":\"https:\/\/www.asajacyl.com\/valladolid\/wp-content\/uploads\/sites\/2\/2025\/03\/cartel-webinar.jpg\",\"datePublished\":\"2024-12-12T15:08:00+00:00\",\"dateModified\":\"2025-03-11T15:17:38+00:00\",\"author\":{\"@id\":\"https:\/\/www.asajacyl.com\/valladolid\/#\/schema\/person\/cf213adc3e576168b6850f7db054141e\"},\"description\":\"Ampliaci\u00f3n de plazo de solicitud para ciertas entidades del segmento I y II. Las comunidades de bienes, sociedades civiles y explotaciones agrarias de titularidad compartida de los segmentos I y II podr\u00e1n solicitar el bono Kit Digital hasta el pr\u00f3ximo 31 de octubre de 2025.\",\"breadcrumb\":{\"@id\":\"https:\/\/www.asajacyl.com\/valladolid\/asaja-valladolid-informa\/ampliacion-de-plazo-de-solicitud-para-ciertas-entidades-del-segmento-i-y-ii#breadcrumb\"},\"inLanguage\":\"es\",\"potentialAction\":[{\"@type\":\"ReadAction\",\"target\":[\"https:\/\/www.asajacyl.com\/valladolid\/asaja-valladolid-informa\/ampliacion-de-plazo-de-solicitud-para-ciertas-entidades-del-segmento-i-y-ii\"]}]},{\"@type\":\"ImageObject\",\"inLanguage\":\"es\",\"@id\":\"https:\/\/www.asajacyl.com\/valladolid\/asaja-valladolid-informa\/ampliacion-de-plazo-de-solicitud-para-ciertas-entidades-del-segmento-i-y-ii#primaryimage\",\"url\":\"https:\/\/www.asajacyl.com\/valladolid\/wp-content\/uploads\/sites\/2\/2025\/03\/cartel-webinar.jpg\",\"contentUrl\":\"https:\/\/www.asajacyl.com\/valladolid\/wp-content\/uploads\/sites\/2\/2025\/03\/cartel-webinar.jpg\",\"width\":1080,\"height\":1080},{\"@type\":\"BreadcrumbList\",\"@id\":\"https:\/\/www.asajacyl.com\/valladolid\/asaja-valladolid-informa\/ampliacion-de-plazo-de-solicitud-para-ciertas-entidades-del-segmento-i-y-ii#breadcrumb\",\"itemListElement\":[{\"@type\":\"ListItem\",\"position\":1,\"name\":\"Portada\",\"item\":\"https:\/\/www.asajacyl.com\/valladolid\/\"},{\"@type\":\"ListItem\",\"position\":2,\"name\":\"Ampliaci\u00f3n de plazo de solicitud para ciertas entidades del segmento I y II\"}]},{\"@type\":\"WebSite\",\"@id\":\"https:\/\/www.asajacyl.com\/valladolid\/#website\",\"url\":\"https:\/\/www.asajacyl.com\/valladolid\/\",\"name\":\"ASAJA Valladolid\",\"description\":\"Otro sitio m\u00e1s de Provincias ASAJA Castilla y Le\u00f3n\",\"potentialAction\":[{\"@type\":\"SearchAction\",\"target\":{\"@type\":\"EntryPoint\",\"urlTemplate\":\"https:\/\/www.asajacyl.com\/valladolid\/?s={search_term_string}\"},\"query-input\":{\"@type\":\"PropertyValueSpecification\",\"valueRequired\":true,\"valueName\":\"search_term_string\"}}],\"inLanguage\":\"es\"},{\"@type\":\"Person\",\"@id\":\"https:\/\/www.asajacyl.com\/valladolid\/#\/schema\/person\/cf213adc3e576168b6850f7db054141e\",\"name\":\"Mar\u00eda Natividad\",\"image\":{\"@type\":\"ImageObject\",\"inLanguage\":\"es\",\"@id\":\"https:\/\/www.asajacyl.com\/valladolid\/#\/schema\/person\/image\/\",\"url\":\"https:\/\/secure.gravatar.com\/avatar\/7f7b3c840c2af79feac78f5eeffefc45?s=96&d=mm&r=g\",\"contentUrl\":\"https:\/\/secure.gravatar.com\/avatar\/7f7b3c840c2af79feac78f5eeffefc45?s=96&d=mm&r=g\",\"caption\":\"Mar\u00eda Natividad\"},\"url\":\"https:\/\/www.asajacyl.com\/valladolid\/author\/natividadhh\"}]}<\/script>\n<!-- \/ Yoast SEO plugin. -->","yoast_head_json":{"title":"Ampliaci\u00f3n de plazo de solicitud para ciertas entidades del segmento I y II - ASAJA Valladolid","description":"Ampliaci\u00f3n de plazo de solicitud para ciertas entidades del segmento I y II. Las comunidades de bienes, sociedades civiles y explotaciones agrarias de titularidad compartida de los segmentos I y II podr\u00e1n solicitar el bono Kit Digital hasta el pr\u00f3ximo 31 de octubre de 2025.","robots":{"index":"index","follow":"follow","max-snippet":"max-snippet:-1","max-image-preview":"max-image-preview:large","max-video-preview":"max-video-preview:-1"},"canonical":"https:\/\/www.asajacyl.com\/valladolid\/asaja-valladolid-informa\/ampliacion-de-plazo-de-solicitud-para-ciertas-entidades-del-segmento-i-y-ii","og_locale":"es_ES","og_type":"article","og_title":"Ampliaci\u00f3n de plazo de solicitud para ciertas entidades del segmento I y II - ASAJA Valladolid","og_description":"Ampliaci\u00f3n de plazo de solicitud para ciertas entidades del segmento I y II. Las comunidades de bienes, sociedades civiles y explotaciones agrarias de titularidad compartida de los segmentos I y II podr\u00e1n solicitar el bono Kit Digital hasta el pr\u00f3ximo 31 de octubre de 2025.","og_url":"https:\/\/www.asajacyl.com\/valladolid\/asaja-valladolid-informa\/ampliacion-de-plazo-de-solicitud-para-ciertas-entidades-del-segmento-i-y-ii","og_site_name":"ASAJA Valladolid","article_published_time":"2024-12-12T15:08:00+00:00","article_modified_time":"2025-03-11T15:17:38+00:00","og_image":[{"width":1080,"height":1080,"url":"https:\/\/www.asajacyl.com\/valladolid\/wp-content\/uploads\/sites\/2\/2025\/03\/cartel-webinar.jpg","type":"image\/jpeg"}],"author":"Mar\u00eda Natividad","twitter_card":"summary_large_image","twitter_misc":{"Escrito por":"Mar\u00eda Natividad","Tiempo de lectura":"4 minutos"},"schema":{"@context":"https:\/\/schema.org","@graph":[{"@type":"WebPage","@id":"https:\/\/www.asajacyl.com\/valladolid\/asaja-valladolid-informa\/ampliacion-de-plazo-de-solicitud-para-ciertas-entidades-del-segmento-i-y-ii","url":"https:\/\/www.asajacyl.com\/valladolid\/asaja-valladolid-informa\/ampliacion-de-plazo-de-solicitud-para-ciertas-entidades-del-segmento-i-y-ii","name":"Ampliaci\u00f3n de plazo de solicitud para ciertas entidades del segmento I y II - ASAJA Valladolid","isPartOf":{"@id":"https:\/\/www.asajacyl.com\/valladolid\/#website"},"primaryImageOfPage":{"@id":"https:\/\/www.asajacyl.com\/valladolid\/asaja-valladolid-informa\/ampliacion-de-plazo-de-solicitud-para-ciertas-entidades-del-segmento-i-y-ii#primaryimage"},"image":{"@id":"https:\/\/www.asajacyl.com\/valladolid\/asaja-valladolid-informa\/ampliacion-de-plazo-de-solicitud-para-ciertas-entidades-del-segmento-i-y-ii#primaryimage"},"thumbnailUrl":"https:\/\/www.asajacyl.com\/valladolid\/wp-content\/uploads\/sites\/2\/2025\/03\/cartel-webinar.jpg","datePublished":"2024-12-12T15:08:00+00:00","dateModified":"2025-03-11T15:17:38+00:00","author":{"@id":"https:\/\/www.asajacyl.com\/valladolid\/#\/schema\/person\/cf213adc3e576168b6850f7db054141e"},"description":"Ampliaci\u00f3n de plazo de solicitud para ciertas entidades del segmento I y II. Las comunidades de bienes, sociedades civiles y explotaciones agrarias de titularidad compartida de los segmentos I y II podr\u00e1n solicitar el bono Kit Digital hasta el pr\u00f3ximo 31 de octubre de 2025.","breadcrumb":{"@id":"https:\/\/www.asajacyl.com\/valladolid\/asaja-valladolid-informa\/ampliacion-de-plazo-de-solicitud-para-ciertas-entidades-del-segmento-i-y-ii#breadcrumb"},"inLanguage":"es","potentialAction":[{"@type":"ReadAction","target":["https:\/\/www.asajacyl.com\/valladolid\/asaja-valladolid-informa\/ampliacion-de-plazo-de-solicitud-para-ciertas-entidades-del-segmento-i-y-ii"]}]},{"@type":"ImageObject","inLanguage":"es","@id":"https:\/\/www.asajacyl.com\/valladolid\/asaja-valladolid-informa\/ampliacion-de-plazo-de-solicitud-para-ciertas-entidades-del-segmento-i-y-ii#primaryimage","url":"https:\/\/www.asajacyl.com\/valladolid\/wp-content\/uploads\/sites\/2\/2025\/03\/cartel-webinar.jpg","contentUrl":"https:\/\/www.asajacyl.com\/valladolid\/wp-content\/uploads\/sites\/2\/2025\/03\/cartel-webinar.jpg","width":1080,"height":1080},{"@type":"BreadcrumbList","@id":"https:\/\/www.asajacyl.com\/valladolid\/asaja-valladolid-informa\/ampliacion-de-plazo-de-solicitud-para-ciertas-entidades-del-segmento-i-y-ii#breadcrumb","itemListElement":[{"@type":"ListItem","position":1,"name":"Portada","item":"https:\/\/www.asajacyl.com\/valladolid\/"},{"@type":"ListItem","position":2,"name":"Ampliaci\u00f3n de plazo de solicitud para ciertas entidades del segmento I y II"}]},{"@type":"WebSite","@id":"https:\/\/www.asajacyl.com\/valladolid\/#website","url":"https:\/\/www.asajacyl.com\/valladolid\/","name":"ASAJA Valladolid","description":"Otro sitio m\u00e1s de Provincias ASAJA Castilla y Le\u00f3n","potentialAction":[{"@type":"SearchAction","target":{"@type":"EntryPoint","urlTemplate":"https:\/\/www.asajacyl.com\/valladolid\/?s={search_term_string}"},"query-input":{"@type":"PropertyValueSpecification","valueRequired":true,"valueName":"search_term_string"}}],"inLanguage":"es"},{"@type":"Person","@id":"https:\/\/www.asajacyl.com\/valladolid\/#\/schema\/person\/cf213adc3e576168b6850f7db054141e","name":"Mar\u00eda Natividad","image":{"@type":"ImageObject","inLanguage":"es","@id":"https:\/\/www.asajacyl.com\/valladolid\/#\/schema\/person\/image\/","url":"https:\/\/secure.gravatar.com\/avatar\/7f7b3c840c2af79feac78f5eeffefc45?s=96&d=mm&r=g","contentUrl":"https:\/\/secure.gravatar.com\/avatar\/7f7b3c840c2af79feac78f5eeffefc45?s=96&d=mm&r=g","caption":"Mar\u00eda Natividad"},"url":"https:\/\/www.asajacyl.com\/valladolid\/author\/natividadhh"}]}},"_links":{"self":[{"href":"https:\/\/www.asajacyl.com\/valladolid\/wp-json\/wp\/v2\/posts\/3720"}],"collection":[{"href":"https:\/\/www.asajacyl.com\/valladolid\/wp-json\/wp\/v2\/posts"}],"about":[{"href":"https:\/\/www.asajacyl.com\/valladolid\/wp-json\/wp\/v2\/types\/post"}],"author":[{"embeddable":true,"href":"https:\/\/www.asajacyl.com\/valladolid\/wp-json\/wp\/v2\/users\/13"}],"replies":[{"embeddable":true,"href":"https:\/\/www.asajacyl.com\/valladolid\/wp-json\/wp\/v2\/comments?post=3720"}],"version-history":[{"count":1,"href":"https:\/\/www.asajacyl.com\/valladolid\/wp-json\/wp\/v2\/posts\/3720\/revisions"}],"predecessor-version":[{"id":3722,"href":"https:\/\/www.asajacyl.com\/valladolid\/wp-json\/wp\/v2\/posts\/3720\/revisions\/3722"}],"wp:featuredmedia":[{"embeddable":true,"href":"https:\/\/www.asajacyl.com\/valladolid\/wp-json\/wp\/v2\/media\/3721"}],"wp:attachment":[{"href":"https:\/\/www.asajacyl.com\/valladolid\/wp-json\/wp\/v2\/media?parent=3720"}],"wp:term":[{"taxonomy":"category","embeddable":true,"href":"https:\/\/www.asajacyl.com\/valladolid\/wp-json\/wp\/v2\/categories?post=3720"},{"taxonomy":"post_tag","embeddable":true,"href":"https:\/\/www.asajacyl.com\/valladolid\/wp-json\/wp\/v2\/tags?post=3720"}],"curies":[{"name":"wp","href":"https:\/\/api.w.org\/{rel}","templated":true}]}}