{"id":3778,"date":"2025-04-16T10:14:05","date_gmt":"2025-04-16T08:14:05","guid":{"rendered":"https:\/\/www.asajacyl.com\/valladolid\/?p=3778"},"modified":"2025-04-16T10:14:08","modified_gmt":"2025-04-16T08:14:08","slug":"nuevo-curso-de-incorporacion-a-la-empresa-agraria-en-modalidad-mixta","status":"publish","type":"post","link":"https:\/\/www.asajacyl.com\/valladolid\/asaja-valladolid-informa\/nuevo-curso-de-incorporacion-a-la-empresa-agraria-en-modalidad-mixta","title":{"rendered":"Nuevo Curso de incorporaci\u00f3n a la empresa agraria en modalidad mixta"},"content":{"rendered":"\n<p><strong><em><mark class=\"has-inline-color has-vivid-green-cyan-color\">ASAJA Valladolid ofrece esta acci\u00f3n formativa del 25 de abril al 3 de julio de 2025. Las plaza son limitadas. <\/mark><\/em><\/strong><\/p>\n\n\n\n<p>ASAJA Valladolid organiza <strong>del 25 de abril al 3 de julio de 2025<\/strong>\u00a0<strong>un curso de incorporaci\u00f3n a la empresa agraria en modalidad mixta<\/strong>\u00a0en una operaci\u00f3n cofinanciada por la Uni\u00f3n Europea a trav\u00e9s del FEADER en un 55%.<\/p>\n\n\n\n<p>Las acciones formativas est\u00e1n amparadas por la Orden de 23 de diciembre de 2024 por la que se convocan ayudas para la realizaci\u00f3n de acciones de formaci\u00f3n, informaci\u00f3n y demostraci\u00f3n en el marco de la intervenci\u00f3n \u00abTransferencia de conocimientos y actividades de formaci\u00f3n e informaci\u00f3n\u00bb del Plan Estrat\u00e9gico Nacional de la PAC en Espa\u00f1a 2023-2027, cofinanciadas por el FEADER y est\u00e1n dirigidas a todos los trabajadores del sector agrario y agroalimentario, y aquellos interesados en incorporarse a estos sectores.<\/p>\n\n\n\n<p>El curso tendr\u00e1 lugar en modalidad mixta y las plazas son limitadas.<\/p>\n\n\n\n<p>Los objetivos de esta acci\u00f3n formativa son mejorar la capacitaci\u00f3n profesional de los sectores agrario, forestal\/medioambiental, agroalimentario y del desarrollo rural, con el objetivo transversal de modernizar el sector, fomentando y compartiendo el conocimiento, la innovaci\u00f3n y la digitalizaci\u00f3n en la agricultura y las zonas rurales, y alentando su adopci\u00f3n.<\/p>\n\n\n\n<p>Todos aquellos\u00a0<strong>interesados en inscribirse<\/strong>\u00a0lo pueden hacer en el tel\u00e9fono:\u00a0<strong>983 20 33 71<\/strong>. Para cualquier duda o pregunta pod\u00e9is dirigiros tambi\u00e9n, a esta direcci\u00f3n de correo electr\u00f3nico:\u00a0<a href=\"mailto:cursos@asajavalladolid.com\"><strong>cursos@asajavalladolid.com<\/strong><\/a><\/p>\n\n\n\n<figure class=\"wp-block-image size-large\"><img loading=\"lazy\" decoding=\"async\" width=\"1024\" height=\"728\" src=\"https:\/\/www.asajacyl.com\/valladolid\/wp-content\/uploads\/sites\/2\/2025\/04\/recurso-junta-de-castilla-y-leon-1024x728.jpg\" alt=\"\" class=\"wp-image-3780\" srcset=\"https:\/\/www.asajacyl.com\/valladolid\/wp-content\/uploads\/sites\/2\/2025\/04\/recurso-junta-de-castilla-y-leon-1024x728.jpg 1024w, https:\/\/www.asajacyl.com\/valladolid\/wp-content\/uploads\/sites\/2\/2025\/04\/recurso-junta-de-castilla-y-leon-300x213.jpg 300w, https:\/\/www.asajacyl.com\/valladolid\/wp-content\/uploads\/sites\/2\/2025\/04\/recurso-junta-de-castilla-y-leon-768x546.jpg 768w, https:\/\/www.asajacyl.com\/valladolid\/wp-content\/uploads\/sites\/2\/2025\/04\/recurso-junta-de-castilla-y-leon-1536x1092.jpg 1536w, https:\/\/www.asajacyl.com\/valladolid\/wp-content\/uploads\/sites\/2\/2025\/04\/recurso-junta-de-castilla-y-leon-591x420.jpg 591w, https:\/\/www.asajacyl.com\/valladolid\/wp-content\/uploads\/sites\/2\/2025\/04\/recurso-junta-de-castilla-y-leon-696x495.jpg 696w, https:\/\/www.asajacyl.com\/valladolid\/wp-content\/uploads\/sites\/2\/2025\/04\/recurso-junta-de-castilla-y-leon-1068x759.jpg 1068w, https:\/\/www.asajacyl.com\/valladolid\/wp-content\/uploads\/sites\/2\/2025\/04\/recurso-junta-de-castilla-y-leon.jpg 1744w\" sizes=\"(max-width: 1024px) 100vw, 1024px\" \/><\/figure>\n","protected":false},"excerpt":{"rendered":"<p>ASAJA Valladolid ofrece esta acci\u00f3n formativa del 25 de abril al 3 de julio de 2025. Las plaza son limitadas. ASAJA Valladolid organiza del 25 de abril al 3 de julio de 2025\u00a0un curso de incorporaci\u00f3n a la empresa agraria en modalidad mixta\u00a0en una operaci\u00f3n cofinanciada por la Uni\u00f3n Europea a trav\u00e9s del FEADER en [&hellip;]<\/p>\n","protected":false},"author":13,"featured_media":3779,"comment_status":"open","ping_status":"open","sticky":false,"template":"","format":"standard","meta":{"footnotes":""},"categories":[8,21,28,9],"tags":[70,58,233,593,960,1038,1037],"yoast_head":"<!-- This site is optimized with the Yoast SEO plugin v24.5 - https:\/\/yoast.com\/wordpress\/plugins\/seo\/ -->\n<title>Nuevo Curso de incorporaci\u00f3n a la empresa agraria en modalidad mixta - ASAJA Valladolid<\/title>\n<meta name=\"description\" content=\"Nuevo curso de incorporaci\u00f3n a la empresa agraria en modalidad mixta. ASAJA Valladolid ofrece esta acci\u00f3n formativa del 25 de abril al 3 de julio de 2025. Las plaza son limitadas.\" \/>\n<meta name=\"robots\" content=\"index, follow, max-snippet:-1, max-image-preview:large, max-video-preview:-1\" \/>\n<link rel=\"canonical\" href=\"https:\/\/www.asajacyl.com\/valladolid\/asaja-valladolid-informa\/nuevo-curso-de-incorporacion-a-la-empresa-agraria-en-modalidad-mixta\" \/>\n<meta property=\"og:locale\" content=\"es_ES\" \/>\n<meta property=\"og:type\" content=\"article\" \/>\n<meta property=\"og:title\" content=\"Nuevo Curso de incorporaci\u00f3n a la empresa agraria en modalidad mixta - ASAJA Valladolid\" \/>\n<meta property=\"og:description\" content=\"Nuevo curso de incorporaci\u00f3n a la empresa agraria en modalidad mixta. ASAJA Valladolid ofrece esta acci\u00f3n formativa del 25 de abril al 3 de julio de 2025. Las plaza son limitadas.\" \/>\n<meta property=\"og:url\" content=\"https:\/\/www.asajacyl.com\/valladolid\/asaja-valladolid-informa\/nuevo-curso-de-incorporacion-a-la-empresa-agraria-en-modalidad-mixta\" \/>\n<meta property=\"og:site_name\" content=\"ASAJA Valladolid\" \/>\n<meta property=\"article:published_time\" content=\"2025-04-16T08:14:05+00:00\" \/>\n<meta property=\"article:modified_time\" content=\"2025-04-16T08:14:08+00:00\" \/>\n<meta property=\"og:image\" content=\"https:\/\/www.asajacyl.com\/valladolid\/wp-content\/uploads\/sites\/2\/2025\/04\/curso-mujer.jpg\" \/>\n\t<meta property=\"og:image:width\" content=\"1024\" \/>\n\t<meta property=\"og:image:height\" content=\"1024\" \/>\n\t<meta property=\"og:image:type\" content=\"image\/jpeg\" \/>\n<meta name=\"author\" content=\"Mar\u00eda Natividad\" \/>\n<meta name=\"twitter:card\" content=\"summary_large_image\" \/>\n<meta name=\"twitter:label1\" content=\"Escrito por\" \/>\n\t<meta name=\"twitter:data1\" content=\"Mar\u00eda Natividad\" \/>\n\t<meta name=\"twitter:label2\" content=\"Tiempo de lectura\" \/>\n\t<meta name=\"twitter:data2\" content=\"2 minutos\" \/>\n<script type=\"application\/ld+json\" class=\"yoast-schema-graph\">{\"@context\":\"https:\/\/schema.org\",\"@graph\":[{\"@type\":\"WebPage\",\"@id\":\"https:\/\/www.asajacyl.com\/valladolid\/asaja-valladolid-informa\/nuevo-curso-de-incorporacion-a-la-empresa-agraria-en-modalidad-mixta\",\"url\":\"https:\/\/www.asajacyl.com\/valladolid\/asaja-valladolid-informa\/nuevo-curso-de-incorporacion-a-la-empresa-agraria-en-modalidad-mixta\",\"name\":\"Nuevo Curso de incorporaci\u00f3n a la empresa agraria en modalidad mixta - ASAJA Valladolid\",\"isPartOf\":{\"@id\":\"https:\/\/www.asajacyl.com\/valladolid\/#website\"},\"primaryImageOfPage\":{\"@id\":\"https:\/\/www.asajacyl.com\/valladolid\/asaja-valladolid-informa\/nuevo-curso-de-incorporacion-a-la-empresa-agraria-en-modalidad-mixta#primaryimage\"},\"image\":{\"@id\":\"https:\/\/www.asajacyl.com\/valladolid\/asaja-valladolid-informa\/nuevo-curso-de-incorporacion-a-la-empresa-agraria-en-modalidad-mixta#primaryimage\"},\"thumbnailUrl\":\"https:\/\/www.asajacyl.com\/valladolid\/wp-content\/uploads\/sites\/2\/2025\/04\/curso-mujer.jpg\",\"datePublished\":\"2025-04-16T08:14:05+00:00\",\"dateModified\":\"2025-04-16T08:14:08+00:00\",\"author\":{\"@id\":\"https:\/\/www.asajacyl.com\/valladolid\/#\/schema\/person\/cf213adc3e576168b6850f7db054141e\"},\"description\":\"Nuevo curso de incorporaci\u00f3n a la empresa agraria en modalidad mixta. ASAJA Valladolid ofrece esta acci\u00f3n formativa del 25 de abril al 3 de julio de 2025. Las plaza son limitadas.\",\"breadcrumb\":{\"@id\":\"https:\/\/www.asajacyl.com\/valladolid\/asaja-valladolid-informa\/nuevo-curso-de-incorporacion-a-la-empresa-agraria-en-modalidad-mixta#breadcrumb\"},\"inLanguage\":\"es\",\"potentialAction\":[{\"@type\":\"ReadAction\",\"target\":[\"https:\/\/www.asajacyl.com\/valladolid\/asaja-valladolid-informa\/nuevo-curso-de-incorporacion-a-la-empresa-agraria-en-modalidad-mixta\"]}]},{\"@type\":\"ImageObject\",\"inLanguage\":\"es\",\"@id\":\"https:\/\/www.asajacyl.com\/valladolid\/asaja-valladolid-informa\/nuevo-curso-de-incorporacion-a-la-empresa-agraria-en-modalidad-mixta#primaryimage\",\"url\":\"https:\/\/www.asajacyl.com\/valladolid\/wp-content\/uploads\/sites\/2\/2025\/04\/curso-mujer.jpg\",\"contentUrl\":\"https:\/\/www.asajacyl.com\/valladolid\/wp-content\/uploads\/sites\/2\/2025\/04\/curso-mujer.jpg\",\"width\":1024,\"height\":1024,\"caption\":\"Nuevo Curso de incorporaci\u00f3n a la empresa agraria en modalidad mixta\"},{\"@type\":\"BreadcrumbList\",\"@id\":\"https:\/\/www.asajacyl.com\/valladolid\/asaja-valladolid-informa\/nuevo-curso-de-incorporacion-a-la-empresa-agraria-en-modalidad-mixta#breadcrumb\",\"itemListElement\":[{\"@type\":\"ListItem\",\"position\":1,\"name\":\"Portada\",\"item\":\"https:\/\/www.asajacyl.com\/valladolid\/\"},{\"@type\":\"ListItem\",\"position\":2,\"name\":\"Nuevo Curso de incorporaci\u00f3n a la empresa agraria en modalidad mixta\"}]},{\"@type\":\"WebSite\",\"@id\":\"https:\/\/www.asajacyl.com\/valladolid\/#website\",\"url\":\"https:\/\/www.asajacyl.com\/valladolid\/\",\"name\":\"ASAJA Valladolid\",\"description\":\"Otro sitio m\u00e1s de Provincias ASAJA Castilla y Le\u00f3n\",\"potentialAction\":[{\"@type\":\"SearchAction\",\"target\":{\"@type\":\"EntryPoint\",\"urlTemplate\":\"https:\/\/www.asajacyl.com\/valladolid\/?s={search_term_string}\"},\"query-input\":{\"@type\":\"PropertyValueSpecification\",\"valueRequired\":true,\"valueName\":\"search_term_string\"}}],\"inLanguage\":\"es\"},{\"@type\":\"Person\",\"@id\":\"https:\/\/www.asajacyl.com\/valladolid\/#\/schema\/person\/cf213adc3e576168b6850f7db054141e\",\"name\":\"Mar\u00eda Natividad\",\"image\":{\"@type\":\"ImageObject\",\"inLanguage\":\"es\",\"@id\":\"https:\/\/www.asajacyl.com\/valladolid\/#\/schema\/person\/image\/\",\"url\":\"https:\/\/secure.gravatar.com\/avatar\/7f7b3c840c2af79feac78f5eeffefc45?s=96&d=mm&r=g\",\"contentUrl\":\"https:\/\/secure.gravatar.com\/avatar\/7f7b3c840c2af79feac78f5eeffefc45?s=96&d=mm&r=g\",\"caption\":\"Mar\u00eda Natividad\"},\"url\":\"https:\/\/www.asajacyl.com\/valladolid\/author\/natividadhh\"}]}<\/script>\n<!-- \/ Yoast SEO plugin. -->","yoast_head_json":{"title":"Nuevo Curso de incorporaci\u00f3n a la empresa agraria en modalidad mixta - ASAJA Valladolid","description":"Nuevo curso de incorporaci\u00f3n a la empresa agraria en modalidad mixta. ASAJA Valladolid ofrece esta acci\u00f3n formativa del 25 de abril al 3 de julio de 2025. Las plaza son limitadas.","robots":{"index":"index","follow":"follow","max-snippet":"max-snippet:-1","max-image-preview":"max-image-preview:large","max-video-preview":"max-video-preview:-1"},"canonical":"https:\/\/www.asajacyl.com\/valladolid\/asaja-valladolid-informa\/nuevo-curso-de-incorporacion-a-la-empresa-agraria-en-modalidad-mixta","og_locale":"es_ES","og_type":"article","og_title":"Nuevo Curso de incorporaci\u00f3n a la empresa agraria en modalidad mixta - ASAJA Valladolid","og_description":"Nuevo curso de incorporaci\u00f3n a la empresa agraria en modalidad mixta. ASAJA Valladolid ofrece esta acci\u00f3n formativa del 25 de abril al 3 de julio de 2025. Las plaza son limitadas.","og_url":"https:\/\/www.asajacyl.com\/valladolid\/asaja-valladolid-informa\/nuevo-curso-de-incorporacion-a-la-empresa-agraria-en-modalidad-mixta","og_site_name":"ASAJA Valladolid","article_published_time":"2025-04-16T08:14:05+00:00","article_modified_time":"2025-04-16T08:14:08+00:00","og_image":[{"width":1024,"height":1024,"url":"https:\/\/www.asajacyl.com\/valladolid\/wp-content\/uploads\/sites\/2\/2025\/04\/curso-mujer.jpg","type":"image\/jpeg"}],"author":"Mar\u00eda Natividad","twitter_card":"summary_large_image","twitter_misc":{"Escrito por":"Mar\u00eda Natividad","Tiempo de lectura":"2 minutos"},"schema":{"@context":"https:\/\/schema.org","@graph":[{"@type":"WebPage","@id":"https:\/\/www.asajacyl.com\/valladolid\/asaja-valladolid-informa\/nuevo-curso-de-incorporacion-a-la-empresa-agraria-en-modalidad-mixta","url":"https:\/\/www.asajacyl.com\/valladolid\/asaja-valladolid-informa\/nuevo-curso-de-incorporacion-a-la-empresa-agraria-en-modalidad-mixta","name":"Nuevo Curso de incorporaci\u00f3n a la empresa agraria en modalidad mixta - ASAJA Valladolid","isPartOf":{"@id":"https:\/\/www.asajacyl.com\/valladolid\/#website"},"primaryImageOfPage":{"@id":"https:\/\/www.asajacyl.com\/valladolid\/asaja-valladolid-informa\/nuevo-curso-de-incorporacion-a-la-empresa-agraria-en-modalidad-mixta#primaryimage"},"image":{"@id":"https:\/\/www.asajacyl.com\/valladolid\/asaja-valladolid-informa\/nuevo-curso-de-incorporacion-a-la-empresa-agraria-en-modalidad-mixta#primaryimage"},"thumbnailUrl":"https:\/\/www.asajacyl.com\/valladolid\/wp-content\/uploads\/sites\/2\/2025\/04\/curso-mujer.jpg","datePublished":"2025-04-16T08:14:05+00:00","dateModified":"2025-04-16T08:14:08+00:00","author":{"@id":"https:\/\/www.asajacyl.com\/valladolid\/#\/schema\/person\/cf213adc3e576168b6850f7db054141e"},"description":"Nuevo curso de incorporaci\u00f3n a la empresa agraria en modalidad mixta. ASAJA Valladolid ofrece esta acci\u00f3n formativa del 25 de abril al 3 de julio de 2025. Las plaza son limitadas.","breadcrumb":{"@id":"https:\/\/www.asajacyl.com\/valladolid\/asaja-valladolid-informa\/nuevo-curso-de-incorporacion-a-la-empresa-agraria-en-modalidad-mixta#breadcrumb"},"inLanguage":"es","potentialAction":[{"@type":"ReadAction","target":["https:\/\/www.asajacyl.com\/valladolid\/asaja-valladolid-informa\/nuevo-curso-de-incorporacion-a-la-empresa-agraria-en-modalidad-mixta"]}]},{"@type":"ImageObject","inLanguage":"es","@id":"https:\/\/www.asajacyl.com\/valladolid\/asaja-valladolid-informa\/nuevo-curso-de-incorporacion-a-la-empresa-agraria-en-modalidad-mixta#primaryimage","url":"https:\/\/www.asajacyl.com\/valladolid\/wp-content\/uploads\/sites\/2\/2025\/04\/curso-mujer.jpg","contentUrl":"https:\/\/www.asajacyl.com\/valladolid\/wp-content\/uploads\/sites\/2\/2025\/04\/curso-mujer.jpg","width":1024,"height":1024,"caption":"Nuevo Curso de incorporaci\u00f3n a la empresa agraria en modalidad mixta"},{"@type":"BreadcrumbList","@id":"https:\/\/www.asajacyl.com\/valladolid\/asaja-valladolid-informa\/nuevo-curso-de-incorporacion-a-la-empresa-agraria-en-modalidad-mixta#breadcrumb","itemListElement":[{"@type":"ListItem","position":1,"name":"Portada","item":"https:\/\/www.asajacyl.com\/valladolid\/"},{"@type":"ListItem","position":2,"name":"Nuevo Curso de incorporaci\u00f3n a la empresa agraria en modalidad mixta"}]},{"@type":"WebSite","@id":"https:\/\/www.asajacyl.com\/valladolid\/#website","url":"https:\/\/www.asajacyl.com\/valladolid\/","name":"ASAJA Valladolid","description":"Otro sitio m\u00e1s de Provincias ASAJA Castilla y Le\u00f3n","potentialAction":[{"@type":"SearchAction","target":{"@type":"EntryPoint","urlTemplate":"https:\/\/www.asajacyl.com\/valladolid\/?s={search_term_string}"},"query-input":{"@type":"PropertyValueSpecification","valueRequired":true,"valueName":"search_term_string"}}],"inLanguage":"es"},{"@type":"Person","@id":"https:\/\/www.asajacyl.com\/valladolid\/#\/schema\/person\/cf213adc3e576168b6850f7db054141e","name":"Mar\u00eda Natividad","image":{"@type":"ImageObject","inLanguage":"es","@id":"https:\/\/www.asajacyl.com\/valladolid\/#\/schema\/person\/image\/","url":"https:\/\/secure.gravatar.com\/avatar\/7f7b3c840c2af79feac78f5eeffefc45?s=96&d=mm&r=g","contentUrl":"https:\/\/secure.gravatar.com\/avatar\/7f7b3c840c2af79feac78f5eeffefc45?s=96&d=mm&r=g","caption":"Mar\u00eda Natividad"},"url":"https:\/\/www.asajacyl.com\/valladolid\/author\/natividadhh"}]}},"_links":{"self":[{"href":"https:\/\/www.asajacyl.com\/valladolid\/wp-json\/wp\/v2\/posts\/3778"}],"collection":[{"href":"https:\/\/www.asajacyl.com\/valladolid\/wp-json\/wp\/v2\/posts"}],"about":[{"href":"https:\/\/www.asajacyl.com\/valladolid\/wp-json\/wp\/v2\/types\/post"}],"author":[{"embeddable":true,"href":"https:\/\/www.asajacyl.com\/valladolid\/wp-json\/wp\/v2\/users\/13"}],"replies":[{"embeddable":true,"href":"https:\/\/www.asajacyl.com\/valladolid\/wp-json\/wp\/v2\/comments?post=3778"}],"version-history":[{"count":1,"href":"https:\/\/www.asajacyl.com\/valladolid\/wp-json\/wp\/v2\/posts\/3778\/revisions"}],"predecessor-version":[{"id":3781,"href":"https:\/\/www.asajacyl.com\/valladolid\/wp-json\/wp\/v2\/posts\/3778\/revisions\/3781"}],"wp:featuredmedia":[{"embeddable":true,"href":"https:\/\/www.asajacyl.com\/valladolid\/wp-json\/wp\/v2\/media\/3779"}],"wp:attachment":[{"href":"https:\/\/www.asajacyl.com\/valladolid\/wp-json\/wp\/v2\/media?parent=3778"}],"wp:term":[{"taxonomy":"category","embeddable":true,"href":"https:\/\/www.asajacyl.com\/valladolid\/wp-json\/wp\/v2\/categories?post=3778"},{"taxonomy":"post_tag","embeddable":true,"href":"https:\/\/www.asajacyl.com\/valladolid\/wp-json\/wp\/v2\/tags?post=3778"}],"curies":[{"name":"wp","href":"https:\/\/api.w.org\/{rel}","templated":true}]}}