{"id":3790,"date":"2025-05-20T09:32:21","date_gmt":"2025-05-20T07:32:21","guid":{"rendered":"https:\/\/www.asajacyl.com\/valladolid\/?p=3790"},"modified":"2025-05-20T09:32:23","modified_gmt":"2025-05-20T07:32:23","slug":"asaja-valladolid-exige-suspender-las-cotizaciones-de-la-lonja-de-valladolid-y-palencia-ante-la-crisis-de-precios-del-cereal","status":"publish","type":"post","link":"https:\/\/www.asajacyl.com\/valladolid\/asaja-valladolid-informa\/asaja-valladolid-exige-suspender-las-cotizaciones-de-la-lonja-de-valladolid-y-palencia-ante-la-crisis-de-precios-del-cereal","title":{"rendered":"ASAJA Valladolid exige suspender las cotizaciones de la lonja de Valladolid y Palencia ante la crisis de precios del cereal"},"content":{"rendered":"\n<p><em><strong><mark class=\"has-inline-color has-vivid-green-cyan-color\">Esta organizaci\u00f3n agraria propone paralizar la publicaci\u00f3n de precios en la lonja de Valladolid y Palencia y anima a otras lonjas de Castilla y Le\u00f3n a seguir su ejemplo, ante una situaci\u00f3n insostenible para los productores<\/mark><\/strong><\/em><\/p>\n\n\n\n<p>Ante la grave crisis que atraviesa el sector cerealista, <strong>ASAJA Valladolid<\/strong> solicita la <strong>suspensi\u00f3n inmediata de las cotizaciones en la lonja de Valladolid y Palencia<\/strong>. Esta organizaci\u00f3n agraria considera que, en el contexto actual, mantener la publicaci\u00f3n de precios solo contribuye a agravar la situaci\u00f3n de los agricultores, que ya no pueden cubrir sus costes de producci\u00f3n.<\/p>\n\n\n\n<p>En la \u00faltima sesi\u00f3n de la lonja, celebrada el 16 de mayo, los precios continuaron su ca\u00edda: la <strong>cebada<\/strong> baj\u00f3 hasta los <strong>180 \u20ac\/t<\/strong>, el <strong>trigo<\/strong> a <strong>194 \u20ac\/t<\/strong>, la <strong>avena<\/strong> cay\u00f3 a <strong>160 \u20ac\/t<\/strong> y el <strong>centeno<\/strong> a <strong>162 \u20ac\/t<\/strong>, seg\u00fan datos oficiales de la lonja de Valladolid y Palencia. Esta evoluci\u00f3n refleja una ca\u00edda persistente desde principios de a\u00f1o que est\u00e1 arrastrando al l\u00edmite la rentabilidad de las explotaciones.<\/p>\n\n\n\n<p>La situaci\u00f3n es asfixiante. Los agricultores llevan meses afrontando <strong>costes de producci\u00f3n disparados<\/strong>, con precios r\u00e9cord en fertilizantes, fitosanitarios, carburantes, repuestos y maquinaria, mientras el precio de venta de sus productos sigue desplom\u00e1ndose. A esto se suman las incertidumbres del mercado internacional, los efectos de las pol\u00edticas medioambientalistas mal adaptadas al campo, y la entrada masiva de cereal ucraniano importado a bajo precio y en cantidades masivas que compite deslealmente con el producto nacional. El resultado es una <strong>asfixia econ\u00f3mica generalizada en el campo de Castilla y Le\u00f3n<\/strong>.<\/p>\n\n\n\n<p>ASAJA Valladolid advierte que, aunque se espera una buena cosecha gracias a las lluvias de primavera, los actuales precios son tan bajos que <strong>ni una producci\u00f3n abundante salvar\u00e1 las cuentas de las explotaciones<\/strong>. \u00abLos agricultores hemos invertido cientos de euros en cada hect\u00e1rea sembrada de cereal y lo que vamos a recoger no cubrir\u00e1 ni los gastos\u00bb, denuncian desde la organizaci\u00f3n.<\/p>\n\n\n\n<p>Ante este panorama, ASAJA Valladolid <strong>proporciona una hoja de ruta clara<\/strong>:<\/p>\n\n\n\n<ul>\n<li>Suspender la cotizaci\u00f3n de precios en la lonja de Valladolid y Palencia y animar a que otras lonjas como las de <strong>Salamanca, Le\u00f3n o Segovia<\/strong> hagan lo mismo.<\/li>\n\n\n\n<li>Reforzar los mecanismos de <strong>protecci\u00f3n frente a las importaciones<\/strong> de pa\u00edses terceros con est\u00e1ndares menos exigentes cuya responsabilidad recae en el <strong>Ministerio de Agricultura y Gobierno central.<\/strong><\/li>\n\n\n\n<li>Exigir a las administraciones una <strong>revisi\u00f3n inmediata de la Ley de la Cadena Alimentaria<\/strong>, para que ning\u00fan productor cobre por debajo de costes. Competencias, que ahora mismo, recaen en la Junta de Castilla y Le\u00f3n y la Consejer\u00eda de Agricultura, Ganader\u00eda y Desarrollo Rural.<\/li>\n\n\n\n<li>Implementar un <strong>plan de choque econ\u00f3mico<\/strong> con ayudas directas y bonificaciones fiscales para los agricultores cerealistas que implique al Gobierno y la Junta de Castilla y Le\u00f3n.<\/li>\n<\/ul>\n\n\n\n<p>ASAJA Valladolid hace un llamamiento urgente al Gobierno central, a la Junta de Castilla y Le\u00f3n y a las instituciones europeas para que dejen de mirar hacia otro lado y act\u00faen con decisi\u00f3n para <strong>salvar al campo<\/strong>. \u201cNo podemos seguir siendo el eslab\u00f3n m\u00e1s d\u00e9bil de la cadena alimentaria. Sin agricultores y ganaderos no hay alimentos, ni econom\u00eda rural, ni futuro para nuestros pueblos\u201d.<\/p>\n\n\n\n<p>Ante esta situaci\u00f3n dram\u00e1tica, peor que la de hace un a\u00f1o, si no se toman las medidas propuestas, ASAJA Valladolid anuncia que volver\u00e1n a las calles organizando varias movilizaciones antes del inicio de la cosecha.<\/p>\n","protected":false},"excerpt":{"rendered":"<p>Esta organizaci\u00f3n agraria propone paralizar la publicaci\u00f3n de precios en la lonja de Valladolid y Palencia y anima a otras lonjas de Castilla y Le\u00f3n a seguir su ejemplo, ante una situaci\u00f3n insostenible para los productores Ante la grave crisis que atraviesa el sector cerealista, ASAJA Valladolid solicita la suspensi\u00f3n inmediata de las cotizaciones en [&hellip;]<\/p>\n","protected":false},"author":13,"featured_media":3791,"comment_status":"open","ping_status":"open","sticky":false,"template":"","format":"standard","meta":{"footnotes":""},"categories":[8,21,20,9],"tags":[70,58,492,1042,79,1040,1045,1043,1044,1039,589,1041],"yoast_head":"<!-- This site is optimized with the Yoast SEO plugin v24.5 - https:\/\/yoast.com\/wordpress\/plugins\/seo\/ -->\n<title>ASAJA Valladolid exige suspender las cotizaciones de la lonja de Valladolid y Palencia ante la crisis de precios del cereal - ASAJA Valladolid<\/title>\n<meta name=\"description\" content=\"ASAJA Valladolid exige suspender las cotizaciones de la lonja de Valladolid y Palencia ante la crisis de precios del cereal\" \/>\n<meta name=\"robots\" content=\"index, follow, max-snippet:-1, max-image-preview:large, max-video-preview:-1\" \/>\n<link rel=\"canonical\" href=\"https:\/\/www.asajacyl.com\/valladolid\/asaja-valladolid-informa\/asaja-valladolid-exige-suspender-las-cotizaciones-de-la-lonja-de-valladolid-y-palencia-ante-la-crisis-de-precios-del-cereal\" \/>\n<meta property=\"og:locale\" content=\"es_ES\" \/>\n<meta property=\"og:type\" content=\"article\" \/>\n<meta property=\"og:title\" content=\"ASAJA Valladolid exige suspender las cotizaciones de la lonja de Valladolid y Palencia ante la crisis de precios del cereal - ASAJA Valladolid\" \/>\n<meta property=\"og:description\" content=\"ASAJA Valladolid exige suspender las cotizaciones de la lonja de Valladolid y Palencia ante la crisis de precios del cereal\" \/>\n<meta property=\"og:url\" content=\"https:\/\/www.asajacyl.com\/valladolid\/asaja-valladolid-informa\/asaja-valladolid-exige-suspender-las-cotizaciones-de-la-lonja-de-valladolid-y-palencia-ante-la-crisis-de-precios-del-cereal\" \/>\n<meta property=\"og:site_name\" content=\"ASAJA Valladolid\" \/>\n<meta property=\"article:published_time\" content=\"2025-05-20T07:32:21+00:00\" \/>\n<meta property=\"article:modified_time\" content=\"2025-05-20T07:32:23+00:00\" \/>\n<meta property=\"og:image\" content=\"https:\/\/www.asajacyl.com\/valladolid\/wp-content\/uploads\/sites\/2\/2025\/05\/campo-de-cereal-.jpg\" \/>\n\t<meta property=\"og:image:width\" content=\"2500\" \/>\n\t<meta property=\"og:image:height\" content=\"1671\" \/>\n\t<meta property=\"og:image:type\" content=\"image\/jpeg\" \/>\n<meta name=\"author\" content=\"Mar\u00eda Natividad\" \/>\n<meta name=\"twitter:card\" content=\"summary_large_image\" \/>\n<meta name=\"twitter:label1\" content=\"Escrito por\" \/>\n\t<meta name=\"twitter:data1\" content=\"Mar\u00eda Natividad\" \/>\n\t<meta name=\"twitter:label2\" content=\"Tiempo de lectura\" \/>\n\t<meta name=\"twitter:data2\" content=\"3 minutos\" \/>\n<script type=\"application\/ld+json\" class=\"yoast-schema-graph\">{\"@context\":\"https:\/\/schema.org\",\"@graph\":[{\"@type\":\"WebPage\",\"@id\":\"https:\/\/www.asajacyl.com\/valladolid\/asaja-valladolid-informa\/asaja-valladolid-exige-suspender-las-cotizaciones-de-la-lonja-de-valladolid-y-palencia-ante-la-crisis-de-precios-del-cereal\",\"url\":\"https:\/\/www.asajacyl.com\/valladolid\/asaja-valladolid-informa\/asaja-valladolid-exige-suspender-las-cotizaciones-de-la-lonja-de-valladolid-y-palencia-ante-la-crisis-de-precios-del-cereal\",\"name\":\"ASAJA Valladolid exige suspender las cotizaciones de la lonja de Valladolid y Palencia ante la crisis de precios del cereal - ASAJA Valladolid\",\"isPartOf\":{\"@id\":\"https:\/\/www.asajacyl.com\/valladolid\/#website\"},\"primaryImageOfPage\":{\"@id\":\"https:\/\/www.asajacyl.com\/valladolid\/asaja-valladolid-informa\/asaja-valladolid-exige-suspender-las-cotizaciones-de-la-lonja-de-valladolid-y-palencia-ante-la-crisis-de-precios-del-cereal#primaryimage\"},\"image\":{\"@id\":\"https:\/\/www.asajacyl.com\/valladolid\/asaja-valladolid-informa\/asaja-valladolid-exige-suspender-las-cotizaciones-de-la-lonja-de-valladolid-y-palencia-ante-la-crisis-de-precios-del-cereal#primaryimage\"},\"thumbnailUrl\":\"https:\/\/www.asajacyl.com\/valladolid\/wp-content\/uploads\/sites\/2\/2025\/05\/campo-de-cereal-.jpg\",\"datePublished\":\"2025-05-20T07:32:21+00:00\",\"dateModified\":\"2025-05-20T07:32:23+00:00\",\"author\":{\"@id\":\"https:\/\/www.asajacyl.com\/valladolid\/#\/schema\/person\/cf213adc3e576168b6850f7db054141e\"},\"description\":\"ASAJA Valladolid exige suspender las cotizaciones de la lonja de Valladolid y Palencia ante la crisis de precios del cereal\",\"breadcrumb\":{\"@id\":\"https:\/\/www.asajacyl.com\/valladolid\/asaja-valladolid-informa\/asaja-valladolid-exige-suspender-las-cotizaciones-de-la-lonja-de-valladolid-y-palencia-ante-la-crisis-de-precios-del-cereal#breadcrumb\"},\"inLanguage\":\"es\",\"potentialAction\":[{\"@type\":\"ReadAction\",\"target\":[\"https:\/\/www.asajacyl.com\/valladolid\/asaja-valladolid-informa\/asaja-valladolid-exige-suspender-las-cotizaciones-de-la-lonja-de-valladolid-y-palencia-ante-la-crisis-de-precios-del-cereal\"]}]},{\"@type\":\"ImageObject\",\"inLanguage\":\"es\",\"@id\":\"https:\/\/www.asajacyl.com\/valladolid\/asaja-valladolid-informa\/asaja-valladolid-exige-suspender-las-cotizaciones-de-la-lonja-de-valladolid-y-palencia-ante-la-crisis-de-precios-del-cereal#primaryimage\",\"url\":\"https:\/\/www.asajacyl.com\/valladolid\/wp-content\/uploads\/sites\/2\/2025\/05\/campo-de-cereal-.jpg\",\"contentUrl\":\"https:\/\/www.asajacyl.com\/valladolid\/wp-content\/uploads\/sites\/2\/2025\/05\/campo-de-cereal-.jpg\",\"width\":2500,\"height\":1671,\"caption\":\"ASAJA Valladolid exige suspender las cotizaciones de la lonja de Valladolid y Palencia ante la crisis de precios del cereal\"},{\"@type\":\"BreadcrumbList\",\"@id\":\"https:\/\/www.asajacyl.com\/valladolid\/asaja-valladolid-informa\/asaja-valladolid-exige-suspender-las-cotizaciones-de-la-lonja-de-valladolid-y-palencia-ante-la-crisis-de-precios-del-cereal#breadcrumb\",\"itemListElement\":[{\"@type\":\"ListItem\",\"position\":1,\"name\":\"Portada\",\"item\":\"https:\/\/www.asajacyl.com\/valladolid\/\"},{\"@type\":\"ListItem\",\"position\":2,\"name\":\"ASAJA Valladolid exige suspender las cotizaciones de la lonja de Valladolid y Palencia ante la crisis de precios del cereal\"}]},{\"@type\":\"WebSite\",\"@id\":\"https:\/\/www.asajacyl.com\/valladolid\/#website\",\"url\":\"https:\/\/www.asajacyl.com\/valladolid\/\",\"name\":\"ASAJA Valladolid\",\"description\":\"Otro sitio m\u00e1s de Provincias ASAJA Castilla y Le\u00f3n\",\"potentialAction\":[{\"@type\":\"SearchAction\",\"target\":{\"@type\":\"EntryPoint\",\"urlTemplate\":\"https:\/\/www.asajacyl.com\/valladolid\/?s={search_term_string}\"},\"query-input\":{\"@type\":\"PropertyValueSpecification\",\"valueRequired\":true,\"valueName\":\"search_term_string\"}}],\"inLanguage\":\"es\"},{\"@type\":\"Person\",\"@id\":\"https:\/\/www.asajacyl.com\/valladolid\/#\/schema\/person\/cf213adc3e576168b6850f7db054141e\",\"name\":\"Mar\u00eda Natividad\",\"image\":{\"@type\":\"ImageObject\",\"inLanguage\":\"es\",\"@id\":\"https:\/\/www.asajacyl.com\/valladolid\/#\/schema\/person\/image\/\",\"url\":\"https:\/\/secure.gravatar.com\/avatar\/7f7b3c840c2af79feac78f5eeffefc45?s=96&d=mm&r=g\",\"contentUrl\":\"https:\/\/secure.gravatar.com\/avatar\/7f7b3c840c2af79feac78f5eeffefc45?s=96&d=mm&r=g\",\"caption\":\"Mar\u00eda Natividad\"},\"url\":\"https:\/\/www.asajacyl.com\/valladolid\/author\/natividadhh\"}]}<\/script>\n<!-- \/ Yoast SEO plugin. -->","yoast_head_json":{"title":"ASAJA Valladolid exige suspender las cotizaciones de la lonja de Valladolid y Palencia ante la crisis de precios del cereal - ASAJA Valladolid","description":"ASAJA Valladolid exige suspender las cotizaciones de la lonja de Valladolid y Palencia ante la crisis de precios del cereal","robots":{"index":"index","follow":"follow","max-snippet":"max-snippet:-1","max-image-preview":"max-image-preview:large","max-video-preview":"max-video-preview:-1"},"canonical":"https:\/\/www.asajacyl.com\/valladolid\/asaja-valladolid-informa\/asaja-valladolid-exige-suspender-las-cotizaciones-de-la-lonja-de-valladolid-y-palencia-ante-la-crisis-de-precios-del-cereal","og_locale":"es_ES","og_type":"article","og_title":"ASAJA Valladolid exige suspender las cotizaciones de la lonja de Valladolid y Palencia ante la crisis de precios del cereal - ASAJA Valladolid","og_description":"ASAJA Valladolid exige suspender las cotizaciones de la lonja de Valladolid y Palencia ante la crisis de precios del cereal","og_url":"https:\/\/www.asajacyl.com\/valladolid\/asaja-valladolid-informa\/asaja-valladolid-exige-suspender-las-cotizaciones-de-la-lonja-de-valladolid-y-palencia-ante-la-crisis-de-precios-del-cereal","og_site_name":"ASAJA Valladolid","article_published_time":"2025-05-20T07:32:21+00:00","article_modified_time":"2025-05-20T07:32:23+00:00","og_image":[{"width":2500,"height":1671,"url":"https:\/\/www.asajacyl.com\/valladolid\/wp-content\/uploads\/sites\/2\/2025\/05\/campo-de-cereal-.jpg","type":"image\/jpeg"}],"author":"Mar\u00eda Natividad","twitter_card":"summary_large_image","twitter_misc":{"Escrito por":"Mar\u00eda Natividad","Tiempo de lectura":"3 minutos"},"schema":{"@context":"https:\/\/schema.org","@graph":[{"@type":"WebPage","@id":"https:\/\/www.asajacyl.com\/valladolid\/asaja-valladolid-informa\/asaja-valladolid-exige-suspender-las-cotizaciones-de-la-lonja-de-valladolid-y-palencia-ante-la-crisis-de-precios-del-cereal","url":"https:\/\/www.asajacyl.com\/valladolid\/asaja-valladolid-informa\/asaja-valladolid-exige-suspender-las-cotizaciones-de-la-lonja-de-valladolid-y-palencia-ante-la-crisis-de-precios-del-cereal","name":"ASAJA Valladolid exige suspender las cotizaciones de la lonja de Valladolid y Palencia ante la crisis de precios del cereal - ASAJA Valladolid","isPartOf":{"@id":"https:\/\/www.asajacyl.com\/valladolid\/#website"},"primaryImageOfPage":{"@id":"https:\/\/www.asajacyl.com\/valladolid\/asaja-valladolid-informa\/asaja-valladolid-exige-suspender-las-cotizaciones-de-la-lonja-de-valladolid-y-palencia-ante-la-crisis-de-precios-del-cereal#primaryimage"},"image":{"@id":"https:\/\/www.asajacyl.com\/valladolid\/asaja-valladolid-informa\/asaja-valladolid-exige-suspender-las-cotizaciones-de-la-lonja-de-valladolid-y-palencia-ante-la-crisis-de-precios-del-cereal#primaryimage"},"thumbnailUrl":"https:\/\/www.asajacyl.com\/valladolid\/wp-content\/uploads\/sites\/2\/2025\/05\/campo-de-cereal-.jpg","datePublished":"2025-05-20T07:32:21+00:00","dateModified":"2025-05-20T07:32:23+00:00","author":{"@id":"https:\/\/www.asajacyl.com\/valladolid\/#\/schema\/person\/cf213adc3e576168b6850f7db054141e"},"description":"ASAJA Valladolid exige suspender las cotizaciones de la lonja de Valladolid y Palencia ante la crisis de precios del cereal","breadcrumb":{"@id":"https:\/\/www.asajacyl.com\/valladolid\/asaja-valladolid-informa\/asaja-valladolid-exige-suspender-las-cotizaciones-de-la-lonja-de-valladolid-y-palencia-ante-la-crisis-de-precios-del-cereal#breadcrumb"},"inLanguage":"es","potentialAction":[{"@type":"ReadAction","target":["https:\/\/www.asajacyl.com\/valladolid\/asaja-valladolid-informa\/asaja-valladolid-exige-suspender-las-cotizaciones-de-la-lonja-de-valladolid-y-palencia-ante-la-crisis-de-precios-del-cereal"]}]},{"@type":"ImageObject","inLanguage":"es","@id":"https:\/\/www.asajacyl.com\/valladolid\/asaja-valladolid-informa\/asaja-valladolid-exige-suspender-las-cotizaciones-de-la-lonja-de-valladolid-y-palencia-ante-la-crisis-de-precios-del-cereal#primaryimage","url":"https:\/\/www.asajacyl.com\/valladolid\/wp-content\/uploads\/sites\/2\/2025\/05\/campo-de-cereal-.jpg","contentUrl":"https:\/\/www.asajacyl.com\/valladolid\/wp-content\/uploads\/sites\/2\/2025\/05\/campo-de-cereal-.jpg","width":2500,"height":1671,"caption":"ASAJA Valladolid exige suspender las cotizaciones de la lonja de Valladolid y Palencia ante la crisis de precios del cereal"},{"@type":"BreadcrumbList","@id":"https:\/\/www.asajacyl.com\/valladolid\/asaja-valladolid-informa\/asaja-valladolid-exige-suspender-las-cotizaciones-de-la-lonja-de-valladolid-y-palencia-ante-la-crisis-de-precios-del-cereal#breadcrumb","itemListElement":[{"@type":"ListItem","position":1,"name":"Portada","item":"https:\/\/www.asajacyl.com\/valladolid\/"},{"@type":"ListItem","position":2,"name":"ASAJA Valladolid exige suspender las cotizaciones de la lonja de Valladolid y Palencia ante la crisis de precios del cereal"}]},{"@type":"WebSite","@id":"https:\/\/www.asajacyl.com\/valladolid\/#website","url":"https:\/\/www.asajacyl.com\/valladolid\/","name":"ASAJA Valladolid","description":"Otro sitio m\u00e1s de Provincias ASAJA Castilla y Le\u00f3n","potentialAction":[{"@type":"SearchAction","target":{"@type":"EntryPoint","urlTemplate":"https:\/\/www.asajacyl.com\/valladolid\/?s={search_term_string}"},"query-input":{"@type":"PropertyValueSpecification","valueRequired":true,"valueName":"search_term_string"}}],"inLanguage":"es"},{"@type":"Person","@id":"https:\/\/www.asajacyl.com\/valladolid\/#\/schema\/person\/cf213adc3e576168b6850f7db054141e","name":"Mar\u00eda Natividad","image":{"@type":"ImageObject","inLanguage":"es","@id":"https:\/\/www.asajacyl.com\/valladolid\/#\/schema\/person\/image\/","url":"https:\/\/secure.gravatar.com\/avatar\/7f7b3c840c2af79feac78f5eeffefc45?s=96&d=mm&r=g","contentUrl":"https:\/\/secure.gravatar.com\/avatar\/7f7b3c840c2af79feac78f5eeffefc45?s=96&d=mm&r=g","caption":"Mar\u00eda Natividad"},"url":"https:\/\/www.asajacyl.com\/valladolid\/author\/natividadhh"}]}},"_links":{"self":[{"href":"https:\/\/www.asajacyl.com\/valladolid\/wp-json\/wp\/v2\/posts\/3790"}],"collection":[{"href":"https:\/\/www.asajacyl.com\/valladolid\/wp-json\/wp\/v2\/posts"}],"about":[{"href":"https:\/\/www.asajacyl.com\/valladolid\/wp-json\/wp\/v2\/types\/post"}],"author":[{"embeddable":true,"href":"https:\/\/www.asajacyl.com\/valladolid\/wp-json\/wp\/v2\/users\/13"}],"replies":[{"embeddable":true,"href":"https:\/\/www.asajacyl.com\/valladolid\/wp-json\/wp\/v2\/comments?post=3790"}],"version-history":[{"count":1,"href":"https:\/\/www.asajacyl.com\/valladolid\/wp-json\/wp\/v2\/posts\/3790\/revisions"}],"predecessor-version":[{"id":3792,"href":"https:\/\/www.asajacyl.com\/valladolid\/wp-json\/wp\/v2\/posts\/3790\/revisions\/3792"}],"wp:featuredmedia":[{"embeddable":true,"href":"https:\/\/www.asajacyl.com\/valladolid\/wp-json\/wp\/v2\/media\/3791"}],"wp:attachment":[{"href":"https:\/\/www.asajacyl.com\/valladolid\/wp-json\/wp\/v2\/media?parent=3790"}],"wp:term":[{"taxonomy":"category","embeddable":true,"href":"https:\/\/www.asajacyl.com\/valladolid\/wp-json\/wp\/v2\/categories?post=3790"},{"taxonomy":"post_tag","embeddable":true,"href":"https:\/\/www.asajacyl.com\/valladolid\/wp-json\/wp\/v2\/tags?post=3790"}],"curies":[{"name":"wp","href":"https:\/\/api.w.org\/{rel}","templated":true}]}}