{"id":3794,"date":"2025-05-27T17:26:11","date_gmt":"2025-05-27T15:26:11","guid":{"rendered":"https:\/\/www.asajacyl.com\/valladolid\/?p=3794"},"modified":"2025-08-19T14:06:03","modified_gmt":"2025-08-19T12:06:03","slug":"asaja-valladolid-lanza-un-curso-online-de-conservacion-del-suelo","status":"publish","type":"post","link":"https:\/\/www.asajacyl.com\/valladolid\/asaja-valladolid-informa\/asaja-valladolid-lanza-un-curso-online-de-conservacion-del-suelo","title":{"rendered":"ASAJA Valladolid lanza un curso online de Conservaci\u00f3n del suelo"},"content":{"rendered":"\n<p><em><strong><mark class=\"has-inline-color has-vivid-green-cyan-color\">De plazas limitadas, tendr\u00e1 lugar del 10 al 12 de junio<\/mark><\/strong><\/em><\/p>\n\n\n\n<p>ASAJA Valladolid&nbsp;<strong>organiza&nbsp;del 10 al 12 de junio  un curso online de Conservaci\u00f3n del Suelo<\/strong> en una operaci\u00f3n cofinanciada por la Uni\u00f3n Europea a trav\u00e9s del FEADER en un 55%.<\/p>\n\n\n\n<p>La acci\u00f3n formativa est\u00e1 dirigida a todos los trabajadores del sector agrario y agroalimentario, y aquellos interesados en incorporarse a estos sectores.<\/p>\n\n\n\n<p>El curso tendr\u00e1 lugar\u00a0<strong>en horario de de 16:00 a 20:00<\/strong>\u00a0(12 horas). La inscripci\u00f3n es gratuita y las plazas son limitadas (50). Para poder realizar este curso es necesario ser residente en Castilla y Le\u00f3n.<\/p>\n\n\n\n<figure class=\"wp-block-image size-large\"><img decoding=\"async\" src=\"https:\/\/www.asajacyl.com\/valladolid\/wp-content\/uploads\/sites\/2\/2025\/08\/Cartel-Transicion-a-la-agricultura-de-conservacion-Asaja-Valladolid-PEPAC2025-724x1024.png\" alt=\"\" class=\"wp-image-3840\" \/><\/figure>\n\n\n\n<h5 class=\"wp-block-heading\"><strong>OBJETIVOS:<\/strong><\/h5>\n\n\n\n<p>Uno de los principios de la agricultura de conservaci\u00f3n es la intervenci\u00f3n m\u00ednima del suelo, propiciando suelos llenos de vida y de microorganismos que sean capaces de realizar de forma natural la fertilizaci\u00f3n de la tierra. Distinguir los distintos tipos de suelos y sus caracter\u00edsticas relacion\u00e1ndolos con la adaptabilidad de la especie y variedad seleccionada. Profundizar en los aspectos f\u00edsicos del suelo y su manejo y el papel que desempe\u00f1an en su relaci\u00f3n con el manejo del agua. Adoptar las mejores pr\u00e1cticas disponibles en el manejo de las cubiertas, para obtener una mejora significativa en la calidad del suelo.<\/p>\n\n\n\n<h5 class=\"wp-block-heading\"><strong>CONTENIDOS:<\/strong><\/h5>\n\n\n\n<p>La vida en el suelo.<\/p>\n\n\n\n<p>La agricultura de conservaci\u00f3n y su papel en la mejora de las propiedades f\u00edsicas del suelo.<\/p>\n\n\n\n<p>El suelo.<\/p>\n\n\n\n<p>Caracter\u00edsticas f\u00edsicas.<\/p>\n\n\n\n<p>La materia org\u00e1nica en el suelo: Efectos sobre las propiedades f\u00edsicas, qu\u00edmicas y biol\u00f3gicas.<\/p>\n\n\n\n<p>Principios y t\u00e9cnicas de manejo del suelo y conservaci\u00f3n de su estructura y microbiolog\u00eda.<\/p>\n\n\n\n<p>Control biol\u00f3gico de las plagas.Riego, uso sostenible del agua atendiendo a las necesidades del ciclo del cultivo.<\/p>\n\n\n\n<p>Estrategias de manejo y conservaci\u00f3n de suelos.<\/p>\n\n\n\n<p>Salinidad de suelos: Correcci\u00f3n de la salinidad.<\/p>\n\n\n\n<p>Sistemas de mantenimiento de suelos.<\/p>\n\n\n\n<p>Experiencias en parcela.<\/p>\n\n\n\n<p><\/p>\n\n\n\n<p>Todos aquellos&nbsp;<strong>interesados en inscribirse<\/strong>&nbsp;lo pueden hacer en el tel\u00e9fono:&nbsp;<strong>983 20 33 71<\/strong>. Para cualquier duda o pregunta pod\u00e9is dirigiros tambi\u00e9n, a esta direcci\u00f3n de correo electr\u00f3nico:&nbsp;<a href=\"mailto:cursos@asajavalladolid.com\"><strong>cursos@asajavalladolid.com<\/strong><\/a><\/p>\n\n\n\n<figure class=\"wp-block-image size-large\"><img loading=\"lazy\" decoding=\"async\" width=\"1024\" height=\"728\" src=\"https:\/\/www.asajacyl.com\/valladolid\/wp-content\/uploads\/sites\/2\/2025\/05\/CARTEL-JUNTA-CURSO-AGRICULTURA-CONSERVACION-1024x728.jpg\" alt=\"\" class=\"wp-image-3798\" srcset=\"https:\/\/www.asajacyl.com\/valladolid\/wp-content\/uploads\/sites\/2\/2025\/05\/CARTEL-JUNTA-CURSO-AGRICULTURA-CONSERVACION-1024x728.jpg 1024w, https:\/\/www.asajacyl.com\/valladolid\/wp-content\/uploads\/sites\/2\/2025\/05\/CARTEL-JUNTA-CURSO-AGRICULTURA-CONSERVACION-300x213.jpg 300w, https:\/\/www.asajacyl.com\/valladolid\/wp-content\/uploads\/sites\/2\/2025\/05\/CARTEL-JUNTA-CURSO-AGRICULTURA-CONSERVACION-768x546.jpg 768w, https:\/\/www.asajacyl.com\/valladolid\/wp-content\/uploads\/sites\/2\/2025\/05\/CARTEL-JUNTA-CURSO-AGRICULTURA-CONSERVACION-1536x1092.jpg 1536w, https:\/\/www.asajacyl.com\/valladolid\/wp-content\/uploads\/sites\/2\/2025\/05\/CARTEL-JUNTA-CURSO-AGRICULTURA-CONSERVACION-591x420.jpg 591w, https:\/\/www.asajacyl.com\/valladolid\/wp-content\/uploads\/sites\/2\/2025\/05\/CARTEL-JUNTA-CURSO-AGRICULTURA-CONSERVACION-696x495.jpg 696w, https:\/\/www.asajacyl.com\/valladolid\/wp-content\/uploads\/sites\/2\/2025\/05\/CARTEL-JUNTA-CURSO-AGRICULTURA-CONSERVACION-1068x759.jpg 1068w, https:\/\/www.asajacyl.com\/valladolid\/wp-content\/uploads\/sites\/2\/2025\/05\/CARTEL-JUNTA-CURSO-AGRICULTURA-CONSERVACION.jpg 1744w\" sizes=\"(max-width: 1024px) 100vw, 1024px\" \/><\/figure>\n","protected":false},"excerpt":{"rendered":"<p>De plazas limitadas, tendr\u00e1 lugar del 10 al 12 de junio ASAJA Valladolid&nbsp;organiza&nbsp;del 10 al 12 de junio un curso online de Conservaci\u00f3n del Suelo en una operaci\u00f3n cofinanciada por la Uni\u00f3n Europea a trav\u00e9s del FEADER en un 55%. La acci\u00f3n formativa est\u00e1 dirigida a todos los trabajadores del sector agrario y agroalimentario, y [&hellip;]<\/p>\n","protected":false},"author":13,"featured_media":3796,"comment_status":"open","ping_status":"open","sticky":false,"template":"","format":"standard","meta":{"footnotes":""},"categories":[8,21,28,9],"tags":[165,70,58,233,1047,1046,1048],"yoast_head":"<!-- This site is optimized with the Yoast SEO plugin v24.5 - https:\/\/yoast.com\/wordpress\/plugins\/seo\/ -->\n<title>ASAJA Valladolid lanza un curso online de Conservaci\u00f3n del suelo - ASAJA Valladolid<\/title>\n<meta name=\"description\" content=\"ASAJA Valladolid lanza un curso online de Conservaci\u00f3n del suelo. De plazas limitadas, tendr\u00e1 lugar del 10 al 12 de junio\" \/>\n<meta name=\"robots\" content=\"index, follow, max-snippet:-1, max-image-preview:large, max-video-preview:-1\" \/>\n<link rel=\"canonical\" href=\"https:\/\/www.asajacyl.com\/valladolid\/asaja-valladolid-informa\/asaja-valladolid-lanza-un-curso-online-de-conservacion-del-suelo\" \/>\n<meta property=\"og:locale\" content=\"es_ES\" \/>\n<meta property=\"og:type\" content=\"article\" \/>\n<meta property=\"og:title\" content=\"ASAJA Valladolid lanza un curso online de Conservaci\u00f3n del suelo - ASAJA Valladolid\" \/>\n<meta property=\"og:description\" content=\"ASAJA Valladolid lanza un curso online de Conservaci\u00f3n del suelo. De plazas limitadas, tendr\u00e1 lugar del 10 al 12 de junio\" \/>\n<meta property=\"og:url\" content=\"https:\/\/www.asajacyl.com\/valladolid\/asaja-valladolid-informa\/asaja-valladolid-lanza-un-curso-online-de-conservacion-del-suelo\" \/>\n<meta property=\"og:site_name\" content=\"ASAJA Valladolid\" \/>\n<meta property=\"article:published_time\" content=\"2025-05-27T15:26:11+00:00\" \/>\n<meta property=\"article:modified_time\" content=\"2025-08-19T12:06:03+00:00\" \/>\n<meta property=\"og:image\" content=\"https:\/\/www.asajacyl.com\/valladolid\/wp-content\/uploads\/sites\/2\/2025\/05\/siembra-directa.jpg\" \/>\n\t<meta property=\"og:image:width\" content=\"2500\" \/>\n\t<meta property=\"og:image:height\" content=\"1875\" \/>\n\t<meta property=\"og:image:type\" content=\"image\/jpeg\" \/>\n<meta name=\"author\" content=\"Mar\u00eda Natividad\" \/>\n<meta name=\"twitter:card\" content=\"summary_large_image\" \/>\n<meta name=\"twitter:label1\" content=\"Escrito por\" \/>\n\t<meta name=\"twitter:data1\" content=\"Mar\u00eda Natividad\" \/>\n\t<meta name=\"twitter:label2\" content=\"Tiempo de lectura\" \/>\n\t<meta name=\"twitter:data2\" content=\"3 minutos\" \/>\n<script type=\"application\/ld+json\" class=\"yoast-schema-graph\">{\"@context\":\"https:\/\/schema.org\",\"@graph\":[{\"@type\":\"WebPage\",\"@id\":\"https:\/\/www.asajacyl.com\/valladolid\/asaja-valladolid-informa\/asaja-valladolid-lanza-un-curso-online-de-conservacion-del-suelo\",\"url\":\"https:\/\/www.asajacyl.com\/valladolid\/asaja-valladolid-informa\/asaja-valladolid-lanza-un-curso-online-de-conservacion-del-suelo\",\"name\":\"ASAJA Valladolid lanza un curso online de Conservaci\u00f3n del suelo - ASAJA Valladolid\",\"isPartOf\":{\"@id\":\"https:\/\/www.asajacyl.com\/valladolid\/#website\"},\"primaryImageOfPage\":{\"@id\":\"https:\/\/www.asajacyl.com\/valladolid\/asaja-valladolid-informa\/asaja-valladolid-lanza-un-curso-online-de-conservacion-del-suelo#primaryimage\"},\"image\":{\"@id\":\"https:\/\/www.asajacyl.com\/valladolid\/asaja-valladolid-informa\/asaja-valladolid-lanza-un-curso-online-de-conservacion-del-suelo#primaryimage\"},\"thumbnailUrl\":\"https:\/\/www.asajacyl.com\/valladolid\/wp-content\/uploads\/sites\/2\/2025\/05\/siembra-directa.jpg\",\"datePublished\":\"2025-05-27T15:26:11+00:00\",\"dateModified\":\"2025-08-19T12:06:03+00:00\",\"author\":{\"@id\":\"https:\/\/www.asajacyl.com\/valladolid\/#\/schema\/person\/cf213adc3e576168b6850f7db054141e\"},\"description\":\"ASAJA Valladolid lanza un curso online de Conservaci\u00f3n del suelo. De plazas limitadas, tendr\u00e1 lugar del 10 al 12 de junio\",\"breadcrumb\":{\"@id\":\"https:\/\/www.asajacyl.com\/valladolid\/asaja-valladolid-informa\/asaja-valladolid-lanza-un-curso-online-de-conservacion-del-suelo#breadcrumb\"},\"inLanguage\":\"es\",\"potentialAction\":[{\"@type\":\"ReadAction\",\"target\":[\"https:\/\/www.asajacyl.com\/valladolid\/asaja-valladolid-informa\/asaja-valladolid-lanza-un-curso-online-de-conservacion-del-suelo\"]}]},{\"@type\":\"ImageObject\",\"inLanguage\":\"es\",\"@id\":\"https:\/\/www.asajacyl.com\/valladolid\/asaja-valladolid-informa\/asaja-valladolid-lanza-un-curso-online-de-conservacion-del-suelo#primaryimage\",\"url\":\"https:\/\/www.asajacyl.com\/valladolid\/wp-content\/uploads\/sites\/2\/2025\/05\/siembra-directa.jpg\",\"contentUrl\":\"https:\/\/www.asajacyl.com\/valladolid\/wp-content\/uploads\/sites\/2\/2025\/05\/siembra-directa.jpg\",\"width\":2500,\"height\":1875,\"caption\":\"ASAJA Valladolid lanza un curso online de Conservaci\u00f3n del suelo\"},{\"@type\":\"BreadcrumbList\",\"@id\":\"https:\/\/www.asajacyl.com\/valladolid\/asaja-valladolid-informa\/asaja-valladolid-lanza-un-curso-online-de-conservacion-del-suelo#breadcrumb\",\"itemListElement\":[{\"@type\":\"ListItem\",\"position\":1,\"name\":\"Portada\",\"item\":\"https:\/\/www.asajacyl.com\/valladolid\/\"},{\"@type\":\"ListItem\",\"position\":2,\"name\":\"ASAJA Valladolid lanza un curso online de Conservaci\u00f3n del suelo\"}]},{\"@type\":\"WebSite\",\"@id\":\"https:\/\/www.asajacyl.com\/valladolid\/#website\",\"url\":\"https:\/\/www.asajacyl.com\/valladolid\/\",\"name\":\"ASAJA Valladolid\",\"description\":\"Otro sitio m\u00e1s de Provincias ASAJA Castilla y Le\u00f3n\",\"potentialAction\":[{\"@type\":\"SearchAction\",\"target\":{\"@type\":\"EntryPoint\",\"urlTemplate\":\"https:\/\/www.asajacyl.com\/valladolid\/?s={search_term_string}\"},\"query-input\":{\"@type\":\"PropertyValueSpecification\",\"valueRequired\":true,\"valueName\":\"search_term_string\"}}],\"inLanguage\":\"es\"},{\"@type\":\"Person\",\"@id\":\"https:\/\/www.asajacyl.com\/valladolid\/#\/schema\/person\/cf213adc3e576168b6850f7db054141e\",\"name\":\"Mar\u00eda Natividad\",\"image\":{\"@type\":\"ImageObject\",\"inLanguage\":\"es\",\"@id\":\"https:\/\/www.asajacyl.com\/valladolid\/#\/schema\/person\/image\/\",\"url\":\"https:\/\/secure.gravatar.com\/avatar\/7f7b3c840c2af79feac78f5eeffefc45?s=96&d=mm&r=g\",\"contentUrl\":\"https:\/\/secure.gravatar.com\/avatar\/7f7b3c840c2af79feac78f5eeffefc45?s=96&d=mm&r=g\",\"caption\":\"Mar\u00eda Natividad\"},\"url\":\"https:\/\/www.asajacyl.com\/valladolid\/author\/natividadhh\"}]}<\/script>\n<!-- \/ Yoast SEO plugin. -->","yoast_head_json":{"title":"ASAJA Valladolid lanza un curso online de Conservaci\u00f3n del suelo - ASAJA Valladolid","description":"ASAJA Valladolid lanza un curso online de Conservaci\u00f3n del suelo. De plazas limitadas, tendr\u00e1 lugar del 10 al 12 de junio","robots":{"index":"index","follow":"follow","max-snippet":"max-snippet:-1","max-image-preview":"max-image-preview:large","max-video-preview":"max-video-preview:-1"},"canonical":"https:\/\/www.asajacyl.com\/valladolid\/asaja-valladolid-informa\/asaja-valladolid-lanza-un-curso-online-de-conservacion-del-suelo","og_locale":"es_ES","og_type":"article","og_title":"ASAJA Valladolid lanza un curso online de Conservaci\u00f3n del suelo - ASAJA Valladolid","og_description":"ASAJA Valladolid lanza un curso online de Conservaci\u00f3n del suelo. De plazas limitadas, tendr\u00e1 lugar del 10 al 12 de junio","og_url":"https:\/\/www.asajacyl.com\/valladolid\/asaja-valladolid-informa\/asaja-valladolid-lanza-un-curso-online-de-conservacion-del-suelo","og_site_name":"ASAJA Valladolid","article_published_time":"2025-05-27T15:26:11+00:00","article_modified_time":"2025-08-19T12:06:03+00:00","og_image":[{"width":2500,"height":1875,"url":"https:\/\/www.asajacyl.com\/valladolid\/wp-content\/uploads\/sites\/2\/2025\/05\/siembra-directa.jpg","type":"image\/jpeg"}],"author":"Mar\u00eda Natividad","twitter_card":"summary_large_image","twitter_misc":{"Escrito por":"Mar\u00eda Natividad","Tiempo de lectura":"3 minutos"},"schema":{"@context":"https:\/\/schema.org","@graph":[{"@type":"WebPage","@id":"https:\/\/www.asajacyl.com\/valladolid\/asaja-valladolid-informa\/asaja-valladolid-lanza-un-curso-online-de-conservacion-del-suelo","url":"https:\/\/www.asajacyl.com\/valladolid\/asaja-valladolid-informa\/asaja-valladolid-lanza-un-curso-online-de-conservacion-del-suelo","name":"ASAJA Valladolid lanza un curso online de Conservaci\u00f3n del suelo - ASAJA Valladolid","isPartOf":{"@id":"https:\/\/www.asajacyl.com\/valladolid\/#website"},"primaryImageOfPage":{"@id":"https:\/\/www.asajacyl.com\/valladolid\/asaja-valladolid-informa\/asaja-valladolid-lanza-un-curso-online-de-conservacion-del-suelo#primaryimage"},"image":{"@id":"https:\/\/www.asajacyl.com\/valladolid\/asaja-valladolid-informa\/asaja-valladolid-lanza-un-curso-online-de-conservacion-del-suelo#primaryimage"},"thumbnailUrl":"https:\/\/www.asajacyl.com\/valladolid\/wp-content\/uploads\/sites\/2\/2025\/05\/siembra-directa.jpg","datePublished":"2025-05-27T15:26:11+00:00","dateModified":"2025-08-19T12:06:03+00:00","author":{"@id":"https:\/\/www.asajacyl.com\/valladolid\/#\/schema\/person\/cf213adc3e576168b6850f7db054141e"},"description":"ASAJA Valladolid lanza un curso online de Conservaci\u00f3n del suelo. De plazas limitadas, tendr\u00e1 lugar del 10 al 12 de junio","breadcrumb":{"@id":"https:\/\/www.asajacyl.com\/valladolid\/asaja-valladolid-informa\/asaja-valladolid-lanza-un-curso-online-de-conservacion-del-suelo#breadcrumb"},"inLanguage":"es","potentialAction":[{"@type":"ReadAction","target":["https:\/\/www.asajacyl.com\/valladolid\/asaja-valladolid-informa\/asaja-valladolid-lanza-un-curso-online-de-conservacion-del-suelo"]}]},{"@type":"ImageObject","inLanguage":"es","@id":"https:\/\/www.asajacyl.com\/valladolid\/asaja-valladolid-informa\/asaja-valladolid-lanza-un-curso-online-de-conservacion-del-suelo#primaryimage","url":"https:\/\/www.asajacyl.com\/valladolid\/wp-content\/uploads\/sites\/2\/2025\/05\/siembra-directa.jpg","contentUrl":"https:\/\/www.asajacyl.com\/valladolid\/wp-content\/uploads\/sites\/2\/2025\/05\/siembra-directa.jpg","width":2500,"height":1875,"caption":"ASAJA Valladolid lanza un curso online de Conservaci\u00f3n del suelo"},{"@type":"BreadcrumbList","@id":"https:\/\/www.asajacyl.com\/valladolid\/asaja-valladolid-informa\/asaja-valladolid-lanza-un-curso-online-de-conservacion-del-suelo#breadcrumb","itemListElement":[{"@type":"ListItem","position":1,"name":"Portada","item":"https:\/\/www.asajacyl.com\/valladolid\/"},{"@type":"ListItem","position":2,"name":"ASAJA Valladolid lanza un curso online de Conservaci\u00f3n del suelo"}]},{"@type":"WebSite","@id":"https:\/\/www.asajacyl.com\/valladolid\/#website","url":"https:\/\/www.asajacyl.com\/valladolid\/","name":"ASAJA Valladolid","description":"Otro sitio m\u00e1s de Provincias ASAJA Castilla y Le\u00f3n","potentialAction":[{"@type":"SearchAction","target":{"@type":"EntryPoint","urlTemplate":"https:\/\/www.asajacyl.com\/valladolid\/?s={search_term_string}"},"query-input":{"@type":"PropertyValueSpecification","valueRequired":true,"valueName":"search_term_string"}}],"inLanguage":"es"},{"@type":"Person","@id":"https:\/\/www.asajacyl.com\/valladolid\/#\/schema\/person\/cf213adc3e576168b6850f7db054141e","name":"Mar\u00eda Natividad","image":{"@type":"ImageObject","inLanguage":"es","@id":"https:\/\/www.asajacyl.com\/valladolid\/#\/schema\/person\/image\/","url":"https:\/\/secure.gravatar.com\/avatar\/7f7b3c840c2af79feac78f5eeffefc45?s=96&d=mm&r=g","contentUrl":"https:\/\/secure.gravatar.com\/avatar\/7f7b3c840c2af79feac78f5eeffefc45?s=96&d=mm&r=g","caption":"Mar\u00eda Natividad"},"url":"https:\/\/www.asajacyl.com\/valladolid\/author\/natividadhh"}]}},"_links":{"self":[{"href":"https:\/\/www.asajacyl.com\/valladolid\/wp-json\/wp\/v2\/posts\/3794"}],"collection":[{"href":"https:\/\/www.asajacyl.com\/valladolid\/wp-json\/wp\/v2\/posts"}],"about":[{"href":"https:\/\/www.asajacyl.com\/valladolid\/wp-json\/wp\/v2\/types\/post"}],"author":[{"embeddable":true,"href":"https:\/\/www.asajacyl.com\/valladolid\/wp-json\/wp\/v2\/users\/13"}],"replies":[{"embeddable":true,"href":"https:\/\/www.asajacyl.com\/valladolid\/wp-json\/wp\/v2\/comments?post=3794"}],"version-history":[{"count":3,"href":"https:\/\/www.asajacyl.com\/valladolid\/wp-json\/wp\/v2\/posts\/3794\/revisions"}],"predecessor-version":[{"id":3841,"href":"https:\/\/www.asajacyl.com\/valladolid\/wp-json\/wp\/v2\/posts\/3794\/revisions\/3841"}],"wp:featuredmedia":[{"embeddable":true,"href":"https:\/\/www.asajacyl.com\/valladolid\/wp-json\/wp\/v2\/media\/3796"}],"wp:attachment":[{"href":"https:\/\/www.asajacyl.com\/valladolid\/wp-json\/wp\/v2\/media?parent=3794"}],"wp:term":[{"taxonomy":"category","embeddable":true,"href":"https:\/\/www.asajacyl.com\/valladolid\/wp-json\/wp\/v2\/categories?post=3794"},{"taxonomy":"post_tag","embeddable":true,"href":"https:\/\/www.asajacyl.com\/valladolid\/wp-json\/wp\/v2\/tags?post=3794"}],"curies":[{"name":"wp","href":"https:\/\/api.w.org\/{rel}","templated":true}]}}