{"id":3830,"date":"2025-08-04T11:10:11","date_gmt":"2025-08-04T09:10:11","guid":{"rendered":"https:\/\/www.asajacyl.com\/valladolid\/?p=3830"},"modified":"2025-08-04T11:10:13","modified_gmt":"2025-08-04T09:10:13","slug":"asaja-valladolid-exige-un-presupuesto-pac-independiente-tras-su-rechazo-total-al-modelo-multisectorial","status":"publish","type":"post","link":"https:\/\/www.asajacyl.com\/valladolid\/asaja-valladolid-informa\/asaja-valladolid-exige-un-presupuesto-pac-independiente-tras-su-rechazo-total-al-modelo-multisectorial","title":{"rendered":"ASAJA Valladolid exige un presupuesto PAC independiente tras su rechazo total al modelo multisectorial"},"content":{"rendered":"\n<p><em><strong><mark class=\"has-inline-color has-vivid-green-cyan-color\">Con el recorte del 22\u202f% en los fondos PAC y su integraci\u00f3n en un fondo com\u00fan, esta organizaci\u00f3n agraria reclama un presupuesto aut\u00f3nomo y advierte del riesgo de este modelo para la soberan\u00eda alimentaria y el futuro de las explotaciones<\/mark><\/strong><\/em><\/p>\n\n\n\n<p><\/p>\n\n\n\n<p>ASAJA Valladolid manifiesta su <strong>rechazo absoluto<\/strong> al nuevo Marco Financiero Plurianual 2028\u20132034 promovido por la Comisi\u00f3n Europea, que plantea reducir el presupuesto de la PAC de 387\u202f000 a 302\u202f000 millones de euros (un recorte superior al 22\u202f%) y eliminar su estructura aut\u00f3noma para integrarla en un fondo multisectorial junto a otras pol\u00edticas como defensa, migraci\u00f3n y empleo.<\/p>\n\n\n\n<p>Castilla y Le\u00f3n recibe actualmente alrededor de 1\u202f200 millones de euros anuales, de los que 950 millones pertenecen al primer pilar (ayudas directas) y 250 millones al segundo (desarrollo rural). Con este nuevo modelo, esta dotaci\u00f3n est\u00e1 seriamente amenazada y podr\u00eda verse reducida o incluso desviada a otros \u00e1mbitos pol\u00edticos, lo que afecta de forma directa a nuestra provincia.<\/p>\n\n\n\n<p>Desde que asumi\u00f3 la presidencia de la Comisi\u00f3n Europea, la representante del Partido Popular Europeo, <strong>Ursula von der Leyen, ha mostrado un total desprecio por el mundo rural<\/strong>. No ha mantenido ni una sola reuni\u00f3n con agricultores ni ganaderos y ha tomado decisiones clave desde despachos ajenos al campo. Con esta propuesta, <strong>pretende enterrar la PAC y poner en riesgo la soberan\u00eda alimentaria de Europa<\/strong>.<\/p>\n\n\n\n<p><strong>El recorte presupuestario es inaceptable<\/strong><\/p>\n\n\n\n<p>En un contexto de inestabilidad geopol\u00edtica, presiones arancelarias crecientes y una inseguridad alimentaria latente, <strong>la Comisi\u00f3n no puede recortar el presupuesto agrario<\/strong>. La PAC no se entiende como una limosna al agricultor o ganadero: <strong>es una garant\u00eda para el consumidor europeo de alimentos seguros, sostenibles y asequibles<\/strong>.<\/p>\n\n\n\n<p>Para ASAJA Valladolid integrar la PAC en un fondo com\u00fan rompe la unidad del modelo europeo y debilita el mercado \u00fanico: ya no habr\u00e1 una pol\u00edtica com\u00fan reconocida ni un Parlamento que legisle como co-legislador. Los agricultores pierden voz, el Parlamento Europeo pierde legitimidad y los ciudadanos pierden control democr\u00e1tico.<\/p>\n\n\n\n<p>ASAJA Valladolid denuncia que esta reforma ha sido dise\u00f1ada sin <strong>escuchar al sector<\/strong>, repitiendo errores del pasado que condenan al campo. Una reforma \u201ccocinada entre despachos\u201d, alejada de la realidad, que ignora d\u00e9cadas de trabajo conjunto entre agricultores, eurodiputados y Estados Miembros.<\/p>\n\n\n\n<p>El impacto de este nuevo modelo afectar\u00e1 a todos los consumidores europeos con subida de precios y menor acceso a productos frescos, locales y de calidad.<strong> Quieren liquidar nuestro campo para sustituirlo por productos realizados por impresoras y laboratorios.<\/strong><\/p>\n\n\n\n<p><strong>ASAJA Valladolid reclama como innegociable<\/strong>, primero, unpresupuesto PAC <strong>con dotaci\u00f3n suficiente e independiente<\/strong>, sin integraci\u00f3n en fondos que distraigan recursos.<\/p>\n\n\n\n<p>Segundo, <strong>el mantenimiento de los<\/strong> <strong>dos pilares<\/strong> (ayudas directas y desarrollo rural), con estructura propia y clara. Y tercero, un <strong>di\u00e1logo abierto con los agricultores y ganaderos desde el territorio<\/strong> antes de cualquier decisi\u00f3n.<\/p>\n\n\n\n<p>Ante esta situaci\u00f3n tan lesiva para nuestro sector, ASAJA Valladolid, reclama que los representantes de los partidos pol\u00edticos espa\u00f1oles voten en contra de esta propuesta de la Comisi\u00f3n cuando llegue al Parlamento Europeo. <strong><\/strong><\/p>\n","protected":false},"excerpt":{"rendered":"<p>Con el recorte del 22\u202f% en los fondos PAC y su integraci\u00f3n en un fondo com\u00fan, esta organizaci\u00f3n agraria reclama un presupuesto aut\u00f3nomo y advierte del riesgo de este modelo para la soberan\u00eda alimentaria y el futuro de las explotaciones ASAJA Valladolid manifiesta su rechazo absoluto al nuevo Marco Financiero Plurianual 2028\u20132034 promovido por la [&hellip;]<\/p>\n","protected":false},"author":13,"featured_media":3831,"comment_status":"open","ping_status":"open","sticky":false,"template":"","format":"standard","meta":{"footnotes":""},"categories":[8,21,20,9],"tags":[225,165,518,70,58,79,1058,76,1059,133],"yoast_head":"<!-- This site is optimized with the Yoast SEO plugin v24.5 - https:\/\/yoast.com\/wordpress\/plugins\/seo\/ -->\n<title>ASAJA Valladolid exige un presupuesto PAC independiente tras su rechazo total al modelo multisectorial - ASAJA Valladolid<\/title>\n<meta name=\"description\" content=\"ASAJA Valladolid exige un presupuesto PAC independiente tras su rechazo total al modelo multisectorial. Con el recorte del 22\u202f% en los fondos PAC y su integraci\u00f3n en un fondo com\u00fan, esta organizaci\u00f3n agraria reclama un presupuesto aut\u00f3nomo y advierte del riesgo de este modelo para la soberan\u00eda alimentaria y el futuro de las explotaciones\" \/>\n<meta name=\"robots\" content=\"index, follow, max-snippet:-1, max-image-preview:large, max-video-preview:-1\" \/>\n<link rel=\"canonical\" href=\"https:\/\/www.asajacyl.com\/valladolid\/asaja-valladolid-informa\/asaja-valladolid-exige-un-presupuesto-pac-independiente-tras-su-rechazo-total-al-modelo-multisectorial\" \/>\n<meta property=\"og:locale\" content=\"es_ES\" \/>\n<meta property=\"og:type\" content=\"article\" \/>\n<meta property=\"og:title\" content=\"ASAJA Valladolid exige un presupuesto PAC independiente tras su rechazo total al modelo multisectorial - ASAJA Valladolid\" \/>\n<meta property=\"og:description\" content=\"ASAJA Valladolid exige un presupuesto PAC independiente tras su rechazo total al modelo multisectorial. Con el recorte del 22\u202f% en los fondos PAC y su integraci\u00f3n en un fondo com\u00fan, esta organizaci\u00f3n agraria reclama un presupuesto aut\u00f3nomo y advierte del riesgo de este modelo para la soberan\u00eda alimentaria y el futuro de las explotaciones\" \/>\n<meta property=\"og:url\" content=\"https:\/\/www.asajacyl.com\/valladolid\/asaja-valladolid-informa\/asaja-valladolid-exige-un-presupuesto-pac-independiente-tras-su-rechazo-total-al-modelo-multisectorial\" \/>\n<meta property=\"og:site_name\" content=\"ASAJA Valladolid\" \/>\n<meta property=\"article:published_time\" content=\"2025-08-04T09:10:11+00:00\" \/>\n<meta property=\"article:modified_time\" content=\"2025-08-04T09:10:13+00:00\" \/>\n<meta property=\"og:image\" content=\"https:\/\/www.asajacyl.com\/valladolid\/wp-content\/uploads\/sites\/2\/2025\/08\/ASAJA-Valladolid-exige-un-presupuesto-PAC-independiente-tras-su-rechazo-total-al-modelo-multisectorial.jpeg\" \/>\n\t<meta property=\"og:image:width\" content=\"2500\" \/>\n\t<meta property=\"og:image:height\" content=\"1671\" \/>\n\t<meta property=\"og:image:type\" content=\"image\/jpeg\" \/>\n<meta name=\"author\" content=\"Mar\u00eda Natividad\" \/>\n<meta name=\"twitter:card\" content=\"summary_large_image\" \/>\n<meta name=\"twitter:label1\" content=\"Escrito por\" \/>\n\t<meta name=\"twitter:data1\" content=\"Mar\u00eda Natividad\" \/>\n\t<meta name=\"twitter:label2\" content=\"Tiempo de lectura\" \/>\n\t<meta name=\"twitter:data2\" content=\"3 minutos\" \/>\n<script type=\"application\/ld+json\" class=\"yoast-schema-graph\">{\"@context\":\"https:\/\/schema.org\",\"@graph\":[{\"@type\":\"WebPage\",\"@id\":\"https:\/\/www.asajacyl.com\/valladolid\/asaja-valladolid-informa\/asaja-valladolid-exige-un-presupuesto-pac-independiente-tras-su-rechazo-total-al-modelo-multisectorial\",\"url\":\"https:\/\/www.asajacyl.com\/valladolid\/asaja-valladolid-informa\/asaja-valladolid-exige-un-presupuesto-pac-independiente-tras-su-rechazo-total-al-modelo-multisectorial\",\"name\":\"ASAJA Valladolid exige un presupuesto PAC independiente tras su rechazo total al modelo multisectorial - ASAJA Valladolid\",\"isPartOf\":{\"@id\":\"https:\/\/www.asajacyl.com\/valladolid\/#website\"},\"primaryImageOfPage\":{\"@id\":\"https:\/\/www.asajacyl.com\/valladolid\/asaja-valladolid-informa\/asaja-valladolid-exige-un-presupuesto-pac-independiente-tras-su-rechazo-total-al-modelo-multisectorial#primaryimage\"},\"image\":{\"@id\":\"https:\/\/www.asajacyl.com\/valladolid\/asaja-valladolid-informa\/asaja-valladolid-exige-un-presupuesto-pac-independiente-tras-su-rechazo-total-al-modelo-multisectorial#primaryimage\"},\"thumbnailUrl\":\"https:\/\/www.asajacyl.com\/valladolid\/wp-content\/uploads\/sites\/2\/2025\/08\/ASAJA-Valladolid-exige-un-presupuesto-PAC-independiente-tras-su-rechazo-total-al-modelo-multisectorial.jpeg\",\"datePublished\":\"2025-08-04T09:10:11+00:00\",\"dateModified\":\"2025-08-04T09:10:13+00:00\",\"author\":{\"@id\":\"https:\/\/www.asajacyl.com\/valladolid\/#\/schema\/person\/cf213adc3e576168b6850f7db054141e\"},\"description\":\"ASAJA Valladolid exige un presupuesto PAC independiente tras su rechazo total al modelo multisectorial. Con el recorte del 22\u202f% en los fondos PAC y su integraci\u00f3n en un fondo com\u00fan, esta organizaci\u00f3n agraria reclama un presupuesto aut\u00f3nomo y advierte del riesgo de este modelo para la soberan\u00eda alimentaria y el futuro de las explotaciones\",\"breadcrumb\":{\"@id\":\"https:\/\/www.asajacyl.com\/valladolid\/asaja-valladolid-informa\/asaja-valladolid-exige-un-presupuesto-pac-independiente-tras-su-rechazo-total-al-modelo-multisectorial#breadcrumb\"},\"inLanguage\":\"es\",\"potentialAction\":[{\"@type\":\"ReadAction\",\"target\":[\"https:\/\/www.asajacyl.com\/valladolid\/asaja-valladolid-informa\/asaja-valladolid-exige-un-presupuesto-pac-independiente-tras-su-rechazo-total-al-modelo-multisectorial\"]}]},{\"@type\":\"ImageObject\",\"inLanguage\":\"es\",\"@id\":\"https:\/\/www.asajacyl.com\/valladolid\/asaja-valladolid-informa\/asaja-valladolid-exige-un-presupuesto-pac-independiente-tras-su-rechazo-total-al-modelo-multisectorial#primaryimage\",\"url\":\"https:\/\/www.asajacyl.com\/valladolid\/wp-content\/uploads\/sites\/2\/2025\/08\/ASAJA-Valladolid-exige-un-presupuesto-PAC-independiente-tras-su-rechazo-total-al-modelo-multisectorial.jpeg\",\"contentUrl\":\"https:\/\/www.asajacyl.com\/valladolid\/wp-content\/uploads\/sites\/2\/2025\/08\/ASAJA-Valladolid-exige-un-presupuesto-PAC-independiente-tras-su-rechazo-total-al-modelo-multisectorial.jpeg\",\"width\":2500,\"height\":1671,\"caption\":\"ASAJA Valladolid exige un presupuesto PAC independiente tras su rechazo total al modelo multisectorial\"},{\"@type\":\"BreadcrumbList\",\"@id\":\"https:\/\/www.asajacyl.com\/valladolid\/asaja-valladolid-informa\/asaja-valladolid-exige-un-presupuesto-pac-independiente-tras-su-rechazo-total-al-modelo-multisectorial#breadcrumb\",\"itemListElement\":[{\"@type\":\"ListItem\",\"position\":1,\"name\":\"Portada\",\"item\":\"https:\/\/www.asajacyl.com\/valladolid\/\"},{\"@type\":\"ListItem\",\"position\":2,\"name\":\"ASAJA Valladolid exige un presupuesto PAC independiente tras su rechazo total al modelo multisectorial\"}]},{\"@type\":\"WebSite\",\"@id\":\"https:\/\/www.asajacyl.com\/valladolid\/#website\",\"url\":\"https:\/\/www.asajacyl.com\/valladolid\/\",\"name\":\"ASAJA Valladolid\",\"description\":\"Otro sitio m\u00e1s de Provincias ASAJA Castilla y Le\u00f3n\",\"potentialAction\":[{\"@type\":\"SearchAction\",\"target\":{\"@type\":\"EntryPoint\",\"urlTemplate\":\"https:\/\/www.asajacyl.com\/valladolid\/?s={search_term_string}\"},\"query-input\":{\"@type\":\"PropertyValueSpecification\",\"valueRequired\":true,\"valueName\":\"search_term_string\"}}],\"inLanguage\":\"es\"},{\"@type\":\"Person\",\"@id\":\"https:\/\/www.asajacyl.com\/valladolid\/#\/schema\/person\/cf213adc3e576168b6850f7db054141e\",\"name\":\"Mar\u00eda Natividad\",\"image\":{\"@type\":\"ImageObject\",\"inLanguage\":\"es\",\"@id\":\"https:\/\/www.asajacyl.com\/valladolid\/#\/schema\/person\/image\/\",\"url\":\"https:\/\/secure.gravatar.com\/avatar\/7f7b3c840c2af79feac78f5eeffefc45?s=96&d=mm&r=g\",\"contentUrl\":\"https:\/\/secure.gravatar.com\/avatar\/7f7b3c840c2af79feac78f5eeffefc45?s=96&d=mm&r=g\",\"caption\":\"Mar\u00eda Natividad\"},\"url\":\"https:\/\/www.asajacyl.com\/valladolid\/author\/natividadhh\"}]}<\/script>\n<!-- \/ Yoast SEO plugin. -->","yoast_head_json":{"title":"ASAJA Valladolid exige un presupuesto PAC independiente tras su rechazo total al modelo multisectorial - ASAJA Valladolid","description":"ASAJA Valladolid exige un presupuesto PAC independiente tras su rechazo total al modelo multisectorial. Con el recorte del 22\u202f% en los fondos PAC y su integraci\u00f3n en un fondo com\u00fan, esta organizaci\u00f3n agraria reclama un presupuesto aut\u00f3nomo y advierte del riesgo de este modelo para la soberan\u00eda alimentaria y el futuro de las explotaciones","robots":{"index":"index","follow":"follow","max-snippet":"max-snippet:-1","max-image-preview":"max-image-preview:large","max-video-preview":"max-video-preview:-1"},"canonical":"https:\/\/www.asajacyl.com\/valladolid\/asaja-valladolid-informa\/asaja-valladolid-exige-un-presupuesto-pac-independiente-tras-su-rechazo-total-al-modelo-multisectorial","og_locale":"es_ES","og_type":"article","og_title":"ASAJA Valladolid exige un presupuesto PAC independiente tras su rechazo total al modelo multisectorial - ASAJA Valladolid","og_description":"ASAJA Valladolid exige un presupuesto PAC independiente tras su rechazo total al modelo multisectorial. Con el recorte del 22\u202f% en los fondos PAC y su integraci\u00f3n en un fondo com\u00fan, esta organizaci\u00f3n agraria reclama un presupuesto aut\u00f3nomo y advierte del riesgo de este modelo para la soberan\u00eda alimentaria y el futuro de las explotaciones","og_url":"https:\/\/www.asajacyl.com\/valladolid\/asaja-valladolid-informa\/asaja-valladolid-exige-un-presupuesto-pac-independiente-tras-su-rechazo-total-al-modelo-multisectorial","og_site_name":"ASAJA Valladolid","article_published_time":"2025-08-04T09:10:11+00:00","article_modified_time":"2025-08-04T09:10:13+00:00","og_image":[{"width":2500,"height":1671,"url":"https:\/\/www.asajacyl.com\/valladolid\/wp-content\/uploads\/sites\/2\/2025\/08\/ASAJA-Valladolid-exige-un-presupuesto-PAC-independiente-tras-su-rechazo-total-al-modelo-multisectorial.jpeg","type":"image\/jpeg"}],"author":"Mar\u00eda Natividad","twitter_card":"summary_large_image","twitter_misc":{"Escrito por":"Mar\u00eda Natividad","Tiempo de lectura":"3 minutos"},"schema":{"@context":"https:\/\/schema.org","@graph":[{"@type":"WebPage","@id":"https:\/\/www.asajacyl.com\/valladolid\/asaja-valladolid-informa\/asaja-valladolid-exige-un-presupuesto-pac-independiente-tras-su-rechazo-total-al-modelo-multisectorial","url":"https:\/\/www.asajacyl.com\/valladolid\/asaja-valladolid-informa\/asaja-valladolid-exige-un-presupuesto-pac-independiente-tras-su-rechazo-total-al-modelo-multisectorial","name":"ASAJA Valladolid exige un presupuesto PAC independiente tras su rechazo total al modelo multisectorial - ASAJA Valladolid","isPartOf":{"@id":"https:\/\/www.asajacyl.com\/valladolid\/#website"},"primaryImageOfPage":{"@id":"https:\/\/www.asajacyl.com\/valladolid\/asaja-valladolid-informa\/asaja-valladolid-exige-un-presupuesto-pac-independiente-tras-su-rechazo-total-al-modelo-multisectorial#primaryimage"},"image":{"@id":"https:\/\/www.asajacyl.com\/valladolid\/asaja-valladolid-informa\/asaja-valladolid-exige-un-presupuesto-pac-independiente-tras-su-rechazo-total-al-modelo-multisectorial#primaryimage"},"thumbnailUrl":"https:\/\/www.asajacyl.com\/valladolid\/wp-content\/uploads\/sites\/2\/2025\/08\/ASAJA-Valladolid-exige-un-presupuesto-PAC-independiente-tras-su-rechazo-total-al-modelo-multisectorial.jpeg","datePublished":"2025-08-04T09:10:11+00:00","dateModified":"2025-08-04T09:10:13+00:00","author":{"@id":"https:\/\/www.asajacyl.com\/valladolid\/#\/schema\/person\/cf213adc3e576168b6850f7db054141e"},"description":"ASAJA Valladolid exige un presupuesto PAC independiente tras su rechazo total al modelo multisectorial. Con el recorte del 22\u202f% en los fondos PAC y su integraci\u00f3n en un fondo com\u00fan, esta organizaci\u00f3n agraria reclama un presupuesto aut\u00f3nomo y advierte del riesgo de este modelo para la soberan\u00eda alimentaria y el futuro de las explotaciones","breadcrumb":{"@id":"https:\/\/www.asajacyl.com\/valladolid\/asaja-valladolid-informa\/asaja-valladolid-exige-un-presupuesto-pac-independiente-tras-su-rechazo-total-al-modelo-multisectorial#breadcrumb"},"inLanguage":"es","potentialAction":[{"@type":"ReadAction","target":["https:\/\/www.asajacyl.com\/valladolid\/asaja-valladolid-informa\/asaja-valladolid-exige-un-presupuesto-pac-independiente-tras-su-rechazo-total-al-modelo-multisectorial"]}]},{"@type":"ImageObject","inLanguage":"es","@id":"https:\/\/www.asajacyl.com\/valladolid\/asaja-valladolid-informa\/asaja-valladolid-exige-un-presupuesto-pac-independiente-tras-su-rechazo-total-al-modelo-multisectorial#primaryimage","url":"https:\/\/www.asajacyl.com\/valladolid\/wp-content\/uploads\/sites\/2\/2025\/08\/ASAJA-Valladolid-exige-un-presupuesto-PAC-independiente-tras-su-rechazo-total-al-modelo-multisectorial.jpeg","contentUrl":"https:\/\/www.asajacyl.com\/valladolid\/wp-content\/uploads\/sites\/2\/2025\/08\/ASAJA-Valladolid-exige-un-presupuesto-PAC-independiente-tras-su-rechazo-total-al-modelo-multisectorial.jpeg","width":2500,"height":1671,"caption":"ASAJA Valladolid exige un presupuesto PAC independiente tras su rechazo total al modelo multisectorial"},{"@type":"BreadcrumbList","@id":"https:\/\/www.asajacyl.com\/valladolid\/asaja-valladolid-informa\/asaja-valladolid-exige-un-presupuesto-pac-independiente-tras-su-rechazo-total-al-modelo-multisectorial#breadcrumb","itemListElement":[{"@type":"ListItem","position":1,"name":"Portada","item":"https:\/\/www.asajacyl.com\/valladolid\/"},{"@type":"ListItem","position":2,"name":"ASAJA Valladolid exige un presupuesto PAC independiente tras su rechazo total al modelo multisectorial"}]},{"@type":"WebSite","@id":"https:\/\/www.asajacyl.com\/valladolid\/#website","url":"https:\/\/www.asajacyl.com\/valladolid\/","name":"ASAJA Valladolid","description":"Otro sitio m\u00e1s de Provincias ASAJA Castilla y Le\u00f3n","potentialAction":[{"@type":"SearchAction","target":{"@type":"EntryPoint","urlTemplate":"https:\/\/www.asajacyl.com\/valladolid\/?s={search_term_string}"},"query-input":{"@type":"PropertyValueSpecification","valueRequired":true,"valueName":"search_term_string"}}],"inLanguage":"es"},{"@type":"Person","@id":"https:\/\/www.asajacyl.com\/valladolid\/#\/schema\/person\/cf213adc3e576168b6850f7db054141e","name":"Mar\u00eda Natividad","image":{"@type":"ImageObject","inLanguage":"es","@id":"https:\/\/www.asajacyl.com\/valladolid\/#\/schema\/person\/image\/","url":"https:\/\/secure.gravatar.com\/avatar\/7f7b3c840c2af79feac78f5eeffefc45?s=96&d=mm&r=g","contentUrl":"https:\/\/secure.gravatar.com\/avatar\/7f7b3c840c2af79feac78f5eeffefc45?s=96&d=mm&r=g","caption":"Mar\u00eda Natividad"},"url":"https:\/\/www.asajacyl.com\/valladolid\/author\/natividadhh"}]}},"_links":{"self":[{"href":"https:\/\/www.asajacyl.com\/valladolid\/wp-json\/wp\/v2\/posts\/3830"}],"collection":[{"href":"https:\/\/www.asajacyl.com\/valladolid\/wp-json\/wp\/v2\/posts"}],"about":[{"href":"https:\/\/www.asajacyl.com\/valladolid\/wp-json\/wp\/v2\/types\/post"}],"author":[{"embeddable":true,"href":"https:\/\/www.asajacyl.com\/valladolid\/wp-json\/wp\/v2\/users\/13"}],"replies":[{"embeddable":true,"href":"https:\/\/www.asajacyl.com\/valladolid\/wp-json\/wp\/v2\/comments?post=3830"}],"version-history":[{"count":1,"href":"https:\/\/www.asajacyl.com\/valladolid\/wp-json\/wp\/v2\/posts\/3830\/revisions"}],"predecessor-version":[{"id":3832,"href":"https:\/\/www.asajacyl.com\/valladolid\/wp-json\/wp\/v2\/posts\/3830\/revisions\/3832"}],"wp:featuredmedia":[{"embeddable":true,"href":"https:\/\/www.asajacyl.com\/valladolid\/wp-json\/wp\/v2\/media\/3831"}],"wp:attachment":[{"href":"https:\/\/www.asajacyl.com\/valladolid\/wp-json\/wp\/v2\/media?parent=3830"}],"wp:term":[{"taxonomy":"category","embeddable":true,"href":"https:\/\/www.asajacyl.com\/valladolid\/wp-json\/wp\/v2\/categories?post=3830"},{"taxonomy":"post_tag","embeddable":true,"href":"https:\/\/www.asajacyl.com\/valladolid\/wp-json\/wp\/v2\/tags?post=3830"}],"curies":[{"name":"wp","href":"https:\/\/api.w.org\/{rel}","templated":true}]}}