{"id":3852,"date":"2025-08-29T11:33:07","date_gmt":"2025-08-29T09:33:07","guid":{"rendered":"https:\/\/www.asajacyl.com\/valladolid\/?p=3852"},"modified":"2025-10-10T09:52:37","modified_gmt":"2025-10-10T07:52:37","slug":"asaja-pide-a-las-diferentes-administraciones-ayudas-directas-para-los-afectados-por-el-mildiu","status":"publish","type":"post","link":"https:\/\/www.asajacyl.com\/valladolid\/asaja-valladolid-informa\/asaja-pide-a-las-diferentes-administraciones-ayudas-directas-para-los-afectados-por-el-mildiu","title":{"rendered":"ASAJA pide a las diferentes administraciones, ayudas directas para los afectados por el mildiu"},"content":{"rendered":"\n<p><em><strong><mark class=\"has-inline-color has-vivid-green-cyan-color\">ASAJA \u00c1vila, Segovia y Valladolid, como organizaci\u00f3n profesional agraria mayoritaria representativa de los viticultores en el C.R.D.O. de Rueda, solicita al Consejo Regulador, las Diputaciones Provinciales, Junta de Castilla y Le\u00f3n y Ministerio de Agricultura, apoyo para los viticultores afectados por el mildiu<\/mark><\/strong><\/em><\/p>\n\n\n\n<p>La Denominaci\u00f3n de Origen Rueda ha sido la principal damnificada por el mildiu. Viticultores profesionales de poblaciones como Rueda, La Seca, Serrada, Valdestillas, Pozaldez y Rodilana, principalmente, han visto como la producci\u00f3n estimada de sus vi\u00f1edos ha ca\u00eddo hasta en un 95% a causa del mildiu.<\/p>\n\n\n\n<p>Actualmente, el mildiu, que no es end\u00e9mico en la D.O. Rueda, no tiene cobertura a trav\u00e9s de Agroseguro. Estos profesionales de la viticultura, que durante generaciones han estado aportando riqueza a la zona, ven a d\u00eda de hoy, como su \u00fanica fuente de ingresos va a desaparecer. &nbsp;<\/p>\n\n\n\n<p><strong>ASAJA \u00c1vila, Segovia y Valladolid van a seguir demandando a las administraciones, apoyo financiero directo, para que estos viticultores no vean amenazado a corto plazo su medio de vida.<\/strong><\/p>\n\n\n\n<p>ASAJA ya ha puesto en conocimiento de las diferentes administraciones, la situaci\u00f3n cr\u00edtica excepcional por la que van a pasar muchos agricultores a causa de los ataques de mildiu. <strong>Por ello, esta atenci\u00f3n tiene que ser prioritaria ante la grave contingencia que se avecina en esta pr\u00f3xima vendimia.<\/strong><\/p>\n\n\n\n<p>Esta organizaci\u00f3n profesional agraria se suma, adem\u00e1s, a las peticiones al Consejo Regulador de Rueda para que controle la entrada de uva de fuera de la Denominaci\u00f3n de Origen y que no se pueda elaborar vinos con contraetiqueta Rueda con uva procedente de fuera de la Denominaci\u00f3n de Origen Rueda.<\/p>\n\n\n\n<p><strong>ASAJA exige, como en anteriores vendimias, contratos por encima de los costes de producci\u00f3n<\/strong>. Sin entrar en hacer estimaciones, a falta de criterios profesionales, acerca de las previsiones de vendimia. Reiteramos que <strong>la prioridad para ASAJA, es que los viticultores, que van a ver reducidos dr\u00e1sticamente sus ingresos econ\u00f3micos por la falta de venta de uva, se vean apoyados por las diferentes administraciones, entendi\u00e9ndose que esta contingencia del mildiu es un hecho excepcional para esta vendimia<\/strong>.<\/p>\n\n\n\n<p>Profesionales con larga trayectoria en el sector, a causa de las lluvias de abril y mayo, han visto como sus vi\u00f1edos no han resistido los ataques severos del mildiu que, aunque no han afectado a la calidad de la uva, si han reducido dr\u00e1sticamente su cantidad.<\/p>\n\n\n\n<p>ASAJA seguir\u00e1 manteniendo reuniones con las diferentes administraciones para defender la situaci\u00f3n dram\u00e1tica de estos profesionales que se ven desamparados ante la falta de cobertura por parte de Agroseguro.<\/p>\n\n\n\n<p><strong>Las diferentes administraciones tienen que entender que esto es una situaci\u00f3n excepcional, y por lo tanto, requiere un tratamiento y apoyo excepcional.<\/strong><\/p>\n","protected":false},"excerpt":{"rendered":"<p>ASAJA \u00c1vila, Segovia y Valladolid, como organizaci\u00f3n profesional agraria mayoritaria representativa de los viticultores en el C.R.D.O. de Rueda, solicita al Consejo Regulador, las Diputaciones Provinciales, Junta de Castilla y Le\u00f3n y Ministerio de Agricultura, apoyo para los viticultores afectados por el mildiu La Denominaci\u00f3n de Origen Rueda ha sido la principal damnificada por el [&hellip;]<\/p>\n","protected":false},"author":13,"featured_media":3853,"comment_status":"open","ping_status":"open","sticky":false,"template":"","format":"standard","meta":{"footnotes":""},"categories":[8,21,9],"tags":[1067,70,1025,962,58,176,389,79,1055,195,85],"yoast_head":"<!-- This site is optimized with the Yoast SEO plugin v24.5 - https:\/\/yoast.com\/wordpress\/plugins\/seo\/ -->\n<title>ASAJA pide a las diferentes administraciones, ayudas directas para los afectados por el mildiu - ASAJA Valladolid<\/title>\n<meta name=\"description\" content=\"ASAJA pide a las diferentes administraciones, ayudas directas para los afectados por el mildiu\" \/>\n<meta name=\"robots\" content=\"index, follow, max-snippet:-1, max-image-preview:large, max-video-preview:-1\" \/>\n<link rel=\"canonical\" href=\"https:\/\/www.asajacyl.com\/valladolid\/asaja-valladolid-informa\/asaja-pide-a-las-diferentes-administraciones-ayudas-directas-para-los-afectados-por-el-mildiu\" \/>\n<meta property=\"og:locale\" content=\"es_ES\" \/>\n<meta property=\"og:type\" content=\"article\" \/>\n<meta property=\"og:title\" content=\"ASAJA pide a las diferentes administraciones, ayudas directas para los afectados por el mildiu - ASAJA Valladolid\" \/>\n<meta property=\"og:description\" content=\"ASAJA pide a las diferentes administraciones, ayudas directas para los afectados por el mildiu\" \/>\n<meta property=\"og:url\" content=\"https:\/\/www.asajacyl.com\/valladolid\/asaja-valladolid-informa\/asaja-pide-a-las-diferentes-administraciones-ayudas-directas-para-los-afectados-por-el-mildiu\" \/>\n<meta property=\"og:site_name\" content=\"ASAJA Valladolid\" \/>\n<meta property=\"article:published_time\" content=\"2025-08-29T09:33:07+00:00\" \/>\n<meta property=\"article:modified_time\" content=\"2025-10-10T07:52:37+00:00\" \/>\n<meta property=\"og:image\" content=\"https:\/\/www.asajacyl.com\/valladolid\/wp-content\/uploads\/sites\/2\/2025\/08\/vinedo-en-la-D.O.-Rueda.jpg\" \/>\n\t<meta property=\"og:image:width\" content=\"2048\" \/>\n\t<meta property=\"og:image:height\" content=\"1152\" \/>\n\t<meta property=\"og:image:type\" content=\"image\/jpeg\" \/>\n<meta name=\"author\" content=\"Mar\u00eda Natividad\" \/>\n<meta name=\"twitter:card\" content=\"summary_large_image\" \/>\n<meta name=\"twitter:label1\" content=\"Escrito por\" \/>\n\t<meta name=\"twitter:data1\" content=\"Mar\u00eda Natividad\" \/>\n\t<meta name=\"twitter:label2\" content=\"Tiempo de lectura\" \/>\n\t<meta name=\"twitter:data2\" content=\"3 minutos\" \/>\n<script type=\"application\/ld+json\" class=\"yoast-schema-graph\">{\"@context\":\"https:\/\/schema.org\",\"@graph\":[{\"@type\":\"WebPage\",\"@id\":\"https:\/\/www.asajacyl.com\/valladolid\/asaja-valladolid-informa\/asaja-pide-a-las-diferentes-administraciones-ayudas-directas-para-los-afectados-por-el-mildiu\",\"url\":\"https:\/\/www.asajacyl.com\/valladolid\/asaja-valladolid-informa\/asaja-pide-a-las-diferentes-administraciones-ayudas-directas-para-los-afectados-por-el-mildiu\",\"name\":\"ASAJA pide a las diferentes administraciones, ayudas directas para los afectados por el mildiu - ASAJA Valladolid\",\"isPartOf\":{\"@id\":\"https:\/\/www.asajacyl.com\/valladolid\/#website\"},\"primaryImageOfPage\":{\"@id\":\"https:\/\/www.asajacyl.com\/valladolid\/asaja-valladolid-informa\/asaja-pide-a-las-diferentes-administraciones-ayudas-directas-para-los-afectados-por-el-mildiu#primaryimage\"},\"image\":{\"@id\":\"https:\/\/www.asajacyl.com\/valladolid\/asaja-valladolid-informa\/asaja-pide-a-las-diferentes-administraciones-ayudas-directas-para-los-afectados-por-el-mildiu#primaryimage\"},\"thumbnailUrl\":\"https:\/\/www.asajacyl.com\/valladolid\/wp-content\/uploads\/sites\/2\/2025\/08\/vinedo-en-la-D.O.-Rueda.jpg\",\"datePublished\":\"2025-08-29T09:33:07+00:00\",\"dateModified\":\"2025-10-10T07:52:37+00:00\",\"author\":{\"@id\":\"https:\/\/www.asajacyl.com\/valladolid\/#\/schema\/person\/cf213adc3e576168b6850f7db054141e\"},\"description\":\"ASAJA pide a las diferentes administraciones, ayudas directas para los afectados por el mildiu\",\"breadcrumb\":{\"@id\":\"https:\/\/www.asajacyl.com\/valladolid\/asaja-valladolid-informa\/asaja-pide-a-las-diferentes-administraciones-ayudas-directas-para-los-afectados-por-el-mildiu#breadcrumb\"},\"inLanguage\":\"es\",\"potentialAction\":[{\"@type\":\"ReadAction\",\"target\":[\"https:\/\/www.asajacyl.com\/valladolid\/asaja-valladolid-informa\/asaja-pide-a-las-diferentes-administraciones-ayudas-directas-para-los-afectados-por-el-mildiu\"]}]},{\"@type\":\"ImageObject\",\"inLanguage\":\"es\",\"@id\":\"https:\/\/www.asajacyl.com\/valladolid\/asaja-valladolid-informa\/asaja-pide-a-las-diferentes-administraciones-ayudas-directas-para-los-afectados-por-el-mildiu#primaryimage\",\"url\":\"https:\/\/www.asajacyl.com\/valladolid\/wp-content\/uploads\/sites\/2\/2025\/08\/vinedo-en-la-D.O.-Rueda.jpg\",\"contentUrl\":\"https:\/\/www.asajacyl.com\/valladolid\/wp-content\/uploads\/sites\/2\/2025\/08\/vinedo-en-la-D.O.-Rueda.jpg\",\"width\":2048,\"height\":1152,\"caption\":\"ASAJA pide a las diferentes administraciones, ayudas directas para los afectados por el mildiu\"},{\"@type\":\"BreadcrumbList\",\"@id\":\"https:\/\/www.asajacyl.com\/valladolid\/asaja-valladolid-informa\/asaja-pide-a-las-diferentes-administraciones-ayudas-directas-para-los-afectados-por-el-mildiu#breadcrumb\",\"itemListElement\":[{\"@type\":\"ListItem\",\"position\":1,\"name\":\"Portada\",\"item\":\"https:\/\/www.asajacyl.com\/valladolid\/\"},{\"@type\":\"ListItem\",\"position\":2,\"name\":\"ASAJA pide a las diferentes administraciones, ayudas directas para los afectados por el mildiu\"}]},{\"@type\":\"WebSite\",\"@id\":\"https:\/\/www.asajacyl.com\/valladolid\/#website\",\"url\":\"https:\/\/www.asajacyl.com\/valladolid\/\",\"name\":\"ASAJA Valladolid\",\"description\":\"Otro sitio m\u00e1s de Provincias ASAJA Castilla y Le\u00f3n\",\"potentialAction\":[{\"@type\":\"SearchAction\",\"target\":{\"@type\":\"EntryPoint\",\"urlTemplate\":\"https:\/\/www.asajacyl.com\/valladolid\/?s={search_term_string}\"},\"query-input\":{\"@type\":\"PropertyValueSpecification\",\"valueRequired\":true,\"valueName\":\"search_term_string\"}}],\"inLanguage\":\"es\"},{\"@type\":\"Person\",\"@id\":\"https:\/\/www.asajacyl.com\/valladolid\/#\/schema\/person\/cf213adc3e576168b6850f7db054141e\",\"name\":\"Mar\u00eda Natividad\",\"image\":{\"@type\":\"ImageObject\",\"inLanguage\":\"es\",\"@id\":\"https:\/\/www.asajacyl.com\/valladolid\/#\/schema\/person\/image\/\",\"url\":\"https:\/\/secure.gravatar.com\/avatar\/7f7b3c840c2af79feac78f5eeffefc45?s=96&d=mm&r=g\",\"contentUrl\":\"https:\/\/secure.gravatar.com\/avatar\/7f7b3c840c2af79feac78f5eeffefc45?s=96&d=mm&r=g\",\"caption\":\"Mar\u00eda Natividad\"},\"url\":\"https:\/\/www.asajacyl.com\/valladolid\/author\/natividadhh\"}]}<\/script>\n<!-- \/ Yoast SEO plugin. -->","yoast_head_json":{"title":"ASAJA pide a las diferentes administraciones, ayudas directas para los afectados por el mildiu - ASAJA Valladolid","description":"ASAJA pide a las diferentes administraciones, ayudas directas para los afectados por el mildiu","robots":{"index":"index","follow":"follow","max-snippet":"max-snippet:-1","max-image-preview":"max-image-preview:large","max-video-preview":"max-video-preview:-1"},"canonical":"https:\/\/www.asajacyl.com\/valladolid\/asaja-valladolid-informa\/asaja-pide-a-las-diferentes-administraciones-ayudas-directas-para-los-afectados-por-el-mildiu","og_locale":"es_ES","og_type":"article","og_title":"ASAJA pide a las diferentes administraciones, ayudas directas para los afectados por el mildiu - ASAJA Valladolid","og_description":"ASAJA pide a las diferentes administraciones, ayudas directas para los afectados por el mildiu","og_url":"https:\/\/www.asajacyl.com\/valladolid\/asaja-valladolid-informa\/asaja-pide-a-las-diferentes-administraciones-ayudas-directas-para-los-afectados-por-el-mildiu","og_site_name":"ASAJA Valladolid","article_published_time":"2025-08-29T09:33:07+00:00","article_modified_time":"2025-10-10T07:52:37+00:00","og_image":[{"width":2048,"height":1152,"url":"https:\/\/www.asajacyl.com\/valladolid\/wp-content\/uploads\/sites\/2\/2025\/08\/vinedo-en-la-D.O.-Rueda.jpg","type":"image\/jpeg"}],"author":"Mar\u00eda Natividad","twitter_card":"summary_large_image","twitter_misc":{"Escrito por":"Mar\u00eda Natividad","Tiempo de lectura":"3 minutos"},"schema":{"@context":"https:\/\/schema.org","@graph":[{"@type":"WebPage","@id":"https:\/\/www.asajacyl.com\/valladolid\/asaja-valladolid-informa\/asaja-pide-a-las-diferentes-administraciones-ayudas-directas-para-los-afectados-por-el-mildiu","url":"https:\/\/www.asajacyl.com\/valladolid\/asaja-valladolid-informa\/asaja-pide-a-las-diferentes-administraciones-ayudas-directas-para-los-afectados-por-el-mildiu","name":"ASAJA pide a las diferentes administraciones, ayudas directas para los afectados por el mildiu - ASAJA Valladolid","isPartOf":{"@id":"https:\/\/www.asajacyl.com\/valladolid\/#website"},"primaryImageOfPage":{"@id":"https:\/\/www.asajacyl.com\/valladolid\/asaja-valladolid-informa\/asaja-pide-a-las-diferentes-administraciones-ayudas-directas-para-los-afectados-por-el-mildiu#primaryimage"},"image":{"@id":"https:\/\/www.asajacyl.com\/valladolid\/asaja-valladolid-informa\/asaja-pide-a-las-diferentes-administraciones-ayudas-directas-para-los-afectados-por-el-mildiu#primaryimage"},"thumbnailUrl":"https:\/\/www.asajacyl.com\/valladolid\/wp-content\/uploads\/sites\/2\/2025\/08\/vinedo-en-la-D.O.-Rueda.jpg","datePublished":"2025-08-29T09:33:07+00:00","dateModified":"2025-10-10T07:52:37+00:00","author":{"@id":"https:\/\/www.asajacyl.com\/valladolid\/#\/schema\/person\/cf213adc3e576168b6850f7db054141e"},"description":"ASAJA pide a las diferentes administraciones, ayudas directas para los afectados por el mildiu","breadcrumb":{"@id":"https:\/\/www.asajacyl.com\/valladolid\/asaja-valladolid-informa\/asaja-pide-a-las-diferentes-administraciones-ayudas-directas-para-los-afectados-por-el-mildiu#breadcrumb"},"inLanguage":"es","potentialAction":[{"@type":"ReadAction","target":["https:\/\/www.asajacyl.com\/valladolid\/asaja-valladolid-informa\/asaja-pide-a-las-diferentes-administraciones-ayudas-directas-para-los-afectados-por-el-mildiu"]}]},{"@type":"ImageObject","inLanguage":"es","@id":"https:\/\/www.asajacyl.com\/valladolid\/asaja-valladolid-informa\/asaja-pide-a-las-diferentes-administraciones-ayudas-directas-para-los-afectados-por-el-mildiu#primaryimage","url":"https:\/\/www.asajacyl.com\/valladolid\/wp-content\/uploads\/sites\/2\/2025\/08\/vinedo-en-la-D.O.-Rueda.jpg","contentUrl":"https:\/\/www.asajacyl.com\/valladolid\/wp-content\/uploads\/sites\/2\/2025\/08\/vinedo-en-la-D.O.-Rueda.jpg","width":2048,"height":1152,"caption":"ASAJA pide a las diferentes administraciones, ayudas directas para los afectados por el mildiu"},{"@type":"BreadcrumbList","@id":"https:\/\/www.asajacyl.com\/valladolid\/asaja-valladolid-informa\/asaja-pide-a-las-diferentes-administraciones-ayudas-directas-para-los-afectados-por-el-mildiu#breadcrumb","itemListElement":[{"@type":"ListItem","position":1,"name":"Portada","item":"https:\/\/www.asajacyl.com\/valladolid\/"},{"@type":"ListItem","position":2,"name":"ASAJA pide a las diferentes administraciones, ayudas directas para los afectados por el mildiu"}]},{"@type":"WebSite","@id":"https:\/\/www.asajacyl.com\/valladolid\/#website","url":"https:\/\/www.asajacyl.com\/valladolid\/","name":"ASAJA Valladolid","description":"Otro sitio m\u00e1s de Provincias ASAJA Castilla y Le\u00f3n","potentialAction":[{"@type":"SearchAction","target":{"@type":"EntryPoint","urlTemplate":"https:\/\/www.asajacyl.com\/valladolid\/?s={search_term_string}"},"query-input":{"@type":"PropertyValueSpecification","valueRequired":true,"valueName":"search_term_string"}}],"inLanguage":"es"},{"@type":"Person","@id":"https:\/\/www.asajacyl.com\/valladolid\/#\/schema\/person\/cf213adc3e576168b6850f7db054141e","name":"Mar\u00eda Natividad","image":{"@type":"ImageObject","inLanguage":"es","@id":"https:\/\/www.asajacyl.com\/valladolid\/#\/schema\/person\/image\/","url":"https:\/\/secure.gravatar.com\/avatar\/7f7b3c840c2af79feac78f5eeffefc45?s=96&d=mm&r=g","contentUrl":"https:\/\/secure.gravatar.com\/avatar\/7f7b3c840c2af79feac78f5eeffefc45?s=96&d=mm&r=g","caption":"Mar\u00eda Natividad"},"url":"https:\/\/www.asajacyl.com\/valladolid\/author\/natividadhh"}]}},"_links":{"self":[{"href":"https:\/\/www.asajacyl.com\/valladolid\/wp-json\/wp\/v2\/posts\/3852"}],"collection":[{"href":"https:\/\/www.asajacyl.com\/valladolid\/wp-json\/wp\/v2\/posts"}],"about":[{"href":"https:\/\/www.asajacyl.com\/valladolid\/wp-json\/wp\/v2\/types\/post"}],"author":[{"embeddable":true,"href":"https:\/\/www.asajacyl.com\/valladolid\/wp-json\/wp\/v2\/users\/13"}],"replies":[{"embeddable":true,"href":"https:\/\/www.asajacyl.com\/valladolid\/wp-json\/wp\/v2\/comments?post=3852"}],"version-history":[{"count":1,"href":"https:\/\/www.asajacyl.com\/valladolid\/wp-json\/wp\/v2\/posts\/3852\/revisions"}],"predecessor-version":[{"id":3854,"href":"https:\/\/www.asajacyl.com\/valladolid\/wp-json\/wp\/v2\/posts\/3852\/revisions\/3854"}],"wp:featuredmedia":[{"embeddable":true,"href":"https:\/\/www.asajacyl.com\/valladolid\/wp-json\/wp\/v2\/media\/3853"}],"wp:attachment":[{"href":"https:\/\/www.asajacyl.com\/valladolid\/wp-json\/wp\/v2\/media?parent=3852"}],"wp:term":[{"taxonomy":"category","embeddable":true,"href":"https:\/\/www.asajacyl.com\/valladolid\/wp-json\/wp\/v2\/categories?post=3852"},{"taxonomy":"post_tag","embeddable":true,"href":"https:\/\/www.asajacyl.com\/valladolid\/wp-json\/wp\/v2\/tags?post=3852"}],"curies":[{"name":"wp","href":"https:\/\/api.w.org\/{rel}","templated":true}]}}