{"id":3855,"date":"2025-09-03T15:47:25","date_gmt":"2025-09-03T13:47:25","guid":{"rendered":"https:\/\/www.asajacyl.com\/valladolid\/?p=3855"},"modified":"2025-09-03T21:07:42","modified_gmt":"2025-09-03T19:07:42","slug":"asaja-valladolid-convoca-su-asamblea-general-ordinaria-el-5-de-septiembre","status":"publish","type":"post","link":"https:\/\/www.asajacyl.com\/valladolid\/asaja-valladolid-informa\/asaja-valladolid-convoca-su-asamblea-general-ordinaria-el-5-de-septiembre","title":{"rendered":"ASAJA Valladolid convoca su Asamblea General Ordinaria el 5 de septiembre"},"content":{"rendered":"\n<p><strong><mark class=\"has-inline-color has-vivid-green-cyan-color\">Tras la reuni\u00f3n se celebrar\u00e1 una conferencia sobre la reforma de la PAC impartida por Jos\u00e9 M\u00aa Castilla Bar\u00f3, Director de la Oficina Permanente de ASAJA en Bruselas<\/mark><\/strong><\/p>\n\n\n\n<p>ASAJA Valladolid celebrar\u00e1 el pr\u00f3ximo <strong>viernes 5 de septiembre de 2025<\/strong> su <strong>Asamblea General Ordinaria<\/strong>, que tendr\u00e1 lugar en el <strong>sal\u00f3n de actos de la Confederaci\u00f3n de Empresarios Vallisoletanos<\/strong> (Plaza de Madrid, n\u00ba 4, 2\u00aa Planta, Valladolid), en primera convocatoria a las <strong>10:00 horas<\/strong> y en segunda a las <strong>10:30 horas<\/strong>.<\/p>\n\n\n\n<p>Durante la sesi\u00f3n se abordar\u00e1n, entre otros asuntos, la aprobaci\u00f3n del acta anterior, la rendici\u00f3n de cuentas del ejercicio 2024, el presupuesto de 2025, la memoria de actuaciones realizadas y las pr\u00f3ximas acciones de protesta.<\/p>\n\n\n\n<p>A continuaci\u00f3n, en torno a las <strong>12:30 horas<\/strong>, se ofrecer\u00e1 una <strong>conferencia sobre la situaci\u00f3n actual y la pr\u00f3xima reforma de la PAC<\/strong>, los aranceles a nuestro pa\u00eds y las consecuencias del acuerdo de Mercosur impartida por <strong>Jos\u00e9 M\u00aa Castilla Bar\u00f3, Director de la Oficina Permanente de ASAJA en Bruselas<\/strong>.<\/p>\n\n\n\n<p>El encuentro concluir\u00e1 con un <strong>vino espa\u00f1ol<\/strong> para todos los asistentes.<\/p>\n\n\n\n<figure class=\"wp-block-image size-large\"><img loading=\"lazy\" decoding=\"async\" width=\"771\" height=\"1024\" src=\"https:\/\/www.asajacyl.com\/valladolid\/wp-content\/uploads\/sites\/2\/2025\/09\/Asamblea-y-Jornada-de-ASAJA-771x1024.jpg\" alt=\"\" class=\"wp-image-3862\" srcset=\"https:\/\/www.asajacyl.com\/valladolid\/wp-content\/uploads\/sites\/2\/2025\/09\/Asamblea-y-Jornada-de-ASAJA-771x1024.jpg 771w, https:\/\/www.asajacyl.com\/valladolid\/wp-content\/uploads\/sites\/2\/2025\/09\/Asamblea-y-Jornada-de-ASAJA-226x300.jpg 226w, https:\/\/www.asajacyl.com\/valladolid\/wp-content\/uploads\/sites\/2\/2025\/09\/Asamblea-y-Jornada-de-ASAJA-768x1020.jpg 768w, https:\/\/www.asajacyl.com\/valladolid\/wp-content\/uploads\/sites\/2\/2025\/09\/Asamblea-y-Jornada-de-ASAJA-1156x1536.jpg 1156w, https:\/\/www.asajacyl.com\/valladolid\/wp-content\/uploads\/sites\/2\/2025\/09\/Asamblea-y-Jornada-de-ASAJA-1542x2048.jpg 1542w, https:\/\/www.asajacyl.com\/valladolid\/wp-content\/uploads\/sites\/2\/2025\/09\/Asamblea-y-Jornada-de-ASAJA-316x420.jpg 316w, https:\/\/www.asajacyl.com\/valladolid\/wp-content\/uploads\/sites\/2\/2025\/09\/Asamblea-y-Jornada-de-ASAJA-696x925.jpg 696w, https:\/\/www.asajacyl.com\/valladolid\/wp-content\/uploads\/sites\/2\/2025\/09\/Asamblea-y-Jornada-de-ASAJA-1068x1419.jpg 1068w, https:\/\/www.asajacyl.com\/valladolid\/wp-content\/uploads\/sites\/2\/2025\/09\/Asamblea-y-Jornada-de-ASAJA.jpg 1882w\" sizes=\"(max-width: 771px) 100vw, 771px\" \/><\/figure>\n","protected":false},"excerpt":{"rendered":"<p>Tras la reuni\u00f3n se celebrar\u00e1 una conferencia sobre la reforma de la PAC impartida por Jos\u00e9 M\u00aa Castilla Bar\u00f3, Director de la Oficina Permanente de ASAJA en Bruselas ASAJA Valladolid celebrar\u00e1 el pr\u00f3ximo viernes 5 de septiembre de 2025 su Asamblea General Ordinaria, que tendr\u00e1 lugar en el sal\u00f3n de actos de la Confederaci\u00f3n de [&hellip;]<\/p>\n","protected":false},"author":13,"featured_media":3857,"comment_status":"open","ping_status":"open","sticky":false,"template":"","format":"standard","meta":{"footnotes":""},"categories":[8,21,9],"tags":[149,70,58,1068,100,79,1009,76],"yoast_head":"<!-- This site is optimized with the Yoast SEO plugin v24.5 - https:\/\/yoast.com\/wordpress\/plugins\/seo\/ -->\n<title>ASAJA Valladolid convoca su Asamblea General Ordinaria el 5 de septiembre - ASAJA Valladolid<\/title>\n<meta name=\"description\" content=\"ASAJA Valladolid convoca su Asamblea General Ordinaria el 5 de septiembre. Tras la reuni\u00f3n se celebrar\u00e1 una conferencia sobre la reforma de la PAC impartida por Jos\u00e9 M\u00aa Castilla Bar\u00f3, Director de la Oficina Permanente de ASAJA en Bruselas\" \/>\n<meta name=\"robots\" content=\"index, follow, max-snippet:-1, max-image-preview:large, max-video-preview:-1\" \/>\n<link rel=\"canonical\" href=\"https:\/\/www.asajacyl.com\/valladolid\/asaja-valladolid-informa\/asaja-valladolid-convoca-su-asamblea-general-ordinaria-el-5-de-septiembre\" \/>\n<meta property=\"og:locale\" content=\"es_ES\" \/>\n<meta property=\"og:type\" content=\"article\" \/>\n<meta property=\"og:title\" content=\"ASAJA Valladolid convoca su Asamblea General Ordinaria el 5 de septiembre - ASAJA Valladolid\" \/>\n<meta property=\"og:description\" content=\"ASAJA Valladolid convoca su Asamblea General Ordinaria el 5 de septiembre. Tras la reuni\u00f3n se celebrar\u00e1 una conferencia sobre la reforma de la PAC impartida por Jos\u00e9 M\u00aa Castilla Bar\u00f3, Director de la Oficina Permanente de ASAJA en Bruselas\" \/>\n<meta property=\"og:url\" content=\"https:\/\/www.asajacyl.com\/valladolid\/asaja-valladolid-informa\/asaja-valladolid-convoca-su-asamblea-general-ordinaria-el-5-de-septiembre\" \/>\n<meta property=\"og:site_name\" content=\"ASAJA Valladolid\" \/>\n<meta property=\"article:published_time\" content=\"2025-09-03T13:47:25+00:00\" \/>\n<meta property=\"article:modified_time\" content=\"2025-09-03T19:07:42+00:00\" \/>\n<meta property=\"og:image\" content=\"https:\/\/www.asajacyl.com\/valladolid\/wp-content\/uploads\/sites\/2\/2025\/09\/publico-1.jpg\" \/>\n\t<meta property=\"og:image:width\" content=\"2500\" \/>\n\t<meta property=\"og:image:height\" content=\"1671\" \/>\n\t<meta property=\"og:image:type\" content=\"image\/jpeg\" \/>\n<meta name=\"author\" content=\"Mar\u00eda Natividad\" \/>\n<meta name=\"twitter:card\" content=\"summary_large_image\" \/>\n<meta name=\"twitter:label1\" content=\"Escrito por\" \/>\n\t<meta name=\"twitter:data1\" content=\"Mar\u00eda Natividad\" \/>\n\t<meta name=\"twitter:label2\" content=\"Tiempo de lectura\" \/>\n\t<meta name=\"twitter:data2\" content=\"2 minutos\" \/>\n<script type=\"application\/ld+json\" class=\"yoast-schema-graph\">{\"@context\":\"https:\/\/schema.org\",\"@graph\":[{\"@type\":\"WebPage\",\"@id\":\"https:\/\/www.asajacyl.com\/valladolid\/asaja-valladolid-informa\/asaja-valladolid-convoca-su-asamblea-general-ordinaria-el-5-de-septiembre\",\"url\":\"https:\/\/www.asajacyl.com\/valladolid\/asaja-valladolid-informa\/asaja-valladolid-convoca-su-asamblea-general-ordinaria-el-5-de-septiembre\",\"name\":\"ASAJA Valladolid convoca su Asamblea General Ordinaria el 5 de septiembre - ASAJA Valladolid\",\"isPartOf\":{\"@id\":\"https:\/\/www.asajacyl.com\/valladolid\/#website\"},\"primaryImageOfPage\":{\"@id\":\"https:\/\/www.asajacyl.com\/valladolid\/asaja-valladolid-informa\/asaja-valladolid-convoca-su-asamblea-general-ordinaria-el-5-de-septiembre#primaryimage\"},\"image\":{\"@id\":\"https:\/\/www.asajacyl.com\/valladolid\/asaja-valladolid-informa\/asaja-valladolid-convoca-su-asamblea-general-ordinaria-el-5-de-septiembre#primaryimage\"},\"thumbnailUrl\":\"https:\/\/www.asajacyl.com\/valladolid\/wp-content\/uploads\/sites\/2\/2025\/09\/publico-1.jpg\",\"datePublished\":\"2025-09-03T13:47:25+00:00\",\"dateModified\":\"2025-09-03T19:07:42+00:00\",\"author\":{\"@id\":\"https:\/\/www.asajacyl.com\/valladolid\/#\/schema\/person\/cf213adc3e576168b6850f7db054141e\"},\"description\":\"ASAJA Valladolid convoca su Asamblea General Ordinaria el 5 de septiembre. Tras la reuni\u00f3n se celebrar\u00e1 una conferencia sobre la reforma de la PAC impartida por Jos\u00e9 M\u00aa Castilla Bar\u00f3, Director de la Oficina Permanente de ASAJA en Bruselas\",\"breadcrumb\":{\"@id\":\"https:\/\/www.asajacyl.com\/valladolid\/asaja-valladolid-informa\/asaja-valladolid-convoca-su-asamblea-general-ordinaria-el-5-de-septiembre#breadcrumb\"},\"inLanguage\":\"es\",\"potentialAction\":[{\"@type\":\"ReadAction\",\"target\":[\"https:\/\/www.asajacyl.com\/valladolid\/asaja-valladolid-informa\/asaja-valladolid-convoca-su-asamblea-general-ordinaria-el-5-de-septiembre\"]}]},{\"@type\":\"ImageObject\",\"inLanguage\":\"es\",\"@id\":\"https:\/\/www.asajacyl.com\/valladolid\/asaja-valladolid-informa\/asaja-valladolid-convoca-su-asamblea-general-ordinaria-el-5-de-septiembre#primaryimage\",\"url\":\"https:\/\/www.asajacyl.com\/valladolid\/wp-content\/uploads\/sites\/2\/2025\/09\/publico-1.jpg\",\"contentUrl\":\"https:\/\/www.asajacyl.com\/valladolid\/wp-content\/uploads\/sites\/2\/2025\/09\/publico-1.jpg\",\"width\":2500,\"height\":1671,\"caption\":\"ASAJA Valladolid convoca su Asamblea General Ordinaria el 5 de septiembre\"},{\"@type\":\"BreadcrumbList\",\"@id\":\"https:\/\/www.asajacyl.com\/valladolid\/asaja-valladolid-informa\/asaja-valladolid-convoca-su-asamblea-general-ordinaria-el-5-de-septiembre#breadcrumb\",\"itemListElement\":[{\"@type\":\"ListItem\",\"position\":1,\"name\":\"Portada\",\"item\":\"https:\/\/www.asajacyl.com\/valladolid\/\"},{\"@type\":\"ListItem\",\"position\":2,\"name\":\"ASAJA Valladolid convoca su Asamblea General Ordinaria el 5 de septiembre\"}]},{\"@type\":\"WebSite\",\"@id\":\"https:\/\/www.asajacyl.com\/valladolid\/#website\",\"url\":\"https:\/\/www.asajacyl.com\/valladolid\/\",\"name\":\"ASAJA Valladolid\",\"description\":\"Otro sitio m\u00e1s de Provincias ASAJA Castilla y Le\u00f3n\",\"potentialAction\":[{\"@type\":\"SearchAction\",\"target\":{\"@type\":\"EntryPoint\",\"urlTemplate\":\"https:\/\/www.asajacyl.com\/valladolid\/?s={search_term_string}\"},\"query-input\":{\"@type\":\"PropertyValueSpecification\",\"valueRequired\":true,\"valueName\":\"search_term_string\"}}],\"inLanguage\":\"es\"},{\"@type\":\"Person\",\"@id\":\"https:\/\/www.asajacyl.com\/valladolid\/#\/schema\/person\/cf213adc3e576168b6850f7db054141e\",\"name\":\"Mar\u00eda Natividad\",\"image\":{\"@type\":\"ImageObject\",\"inLanguage\":\"es\",\"@id\":\"https:\/\/www.asajacyl.com\/valladolid\/#\/schema\/person\/image\/\",\"url\":\"https:\/\/secure.gravatar.com\/avatar\/7f7b3c840c2af79feac78f5eeffefc45?s=96&d=mm&r=g\",\"contentUrl\":\"https:\/\/secure.gravatar.com\/avatar\/7f7b3c840c2af79feac78f5eeffefc45?s=96&d=mm&r=g\",\"caption\":\"Mar\u00eda Natividad\"},\"url\":\"https:\/\/www.asajacyl.com\/valladolid\/author\/natividadhh\"}]}<\/script>\n<!-- \/ Yoast SEO plugin. -->","yoast_head_json":{"title":"ASAJA Valladolid convoca su Asamblea General Ordinaria el 5 de septiembre - ASAJA Valladolid","description":"ASAJA Valladolid convoca su Asamblea General Ordinaria el 5 de septiembre. Tras la reuni\u00f3n se celebrar\u00e1 una conferencia sobre la reforma de la PAC impartida por Jos\u00e9 M\u00aa Castilla Bar\u00f3, Director de la Oficina Permanente de ASAJA en Bruselas","robots":{"index":"index","follow":"follow","max-snippet":"max-snippet:-1","max-image-preview":"max-image-preview:large","max-video-preview":"max-video-preview:-1"},"canonical":"https:\/\/www.asajacyl.com\/valladolid\/asaja-valladolid-informa\/asaja-valladolid-convoca-su-asamblea-general-ordinaria-el-5-de-septiembre","og_locale":"es_ES","og_type":"article","og_title":"ASAJA Valladolid convoca su Asamblea General Ordinaria el 5 de septiembre - ASAJA Valladolid","og_description":"ASAJA Valladolid convoca su Asamblea General Ordinaria el 5 de septiembre. Tras la reuni\u00f3n se celebrar\u00e1 una conferencia sobre la reforma de la PAC impartida por Jos\u00e9 M\u00aa Castilla Bar\u00f3, Director de la Oficina Permanente de ASAJA en Bruselas","og_url":"https:\/\/www.asajacyl.com\/valladolid\/asaja-valladolid-informa\/asaja-valladolid-convoca-su-asamblea-general-ordinaria-el-5-de-septiembre","og_site_name":"ASAJA Valladolid","article_published_time":"2025-09-03T13:47:25+00:00","article_modified_time":"2025-09-03T19:07:42+00:00","og_image":[{"width":2500,"height":1671,"url":"https:\/\/www.asajacyl.com\/valladolid\/wp-content\/uploads\/sites\/2\/2025\/09\/publico-1.jpg","type":"image\/jpeg"}],"author":"Mar\u00eda Natividad","twitter_card":"summary_large_image","twitter_misc":{"Escrito por":"Mar\u00eda Natividad","Tiempo de lectura":"2 minutos"},"schema":{"@context":"https:\/\/schema.org","@graph":[{"@type":"WebPage","@id":"https:\/\/www.asajacyl.com\/valladolid\/asaja-valladolid-informa\/asaja-valladolid-convoca-su-asamblea-general-ordinaria-el-5-de-septiembre","url":"https:\/\/www.asajacyl.com\/valladolid\/asaja-valladolid-informa\/asaja-valladolid-convoca-su-asamblea-general-ordinaria-el-5-de-septiembre","name":"ASAJA Valladolid convoca su Asamblea General Ordinaria el 5 de septiembre - ASAJA Valladolid","isPartOf":{"@id":"https:\/\/www.asajacyl.com\/valladolid\/#website"},"primaryImageOfPage":{"@id":"https:\/\/www.asajacyl.com\/valladolid\/asaja-valladolid-informa\/asaja-valladolid-convoca-su-asamblea-general-ordinaria-el-5-de-septiembre#primaryimage"},"image":{"@id":"https:\/\/www.asajacyl.com\/valladolid\/asaja-valladolid-informa\/asaja-valladolid-convoca-su-asamblea-general-ordinaria-el-5-de-septiembre#primaryimage"},"thumbnailUrl":"https:\/\/www.asajacyl.com\/valladolid\/wp-content\/uploads\/sites\/2\/2025\/09\/publico-1.jpg","datePublished":"2025-09-03T13:47:25+00:00","dateModified":"2025-09-03T19:07:42+00:00","author":{"@id":"https:\/\/www.asajacyl.com\/valladolid\/#\/schema\/person\/cf213adc3e576168b6850f7db054141e"},"description":"ASAJA Valladolid convoca su Asamblea General Ordinaria el 5 de septiembre. Tras la reuni\u00f3n se celebrar\u00e1 una conferencia sobre la reforma de la PAC impartida por Jos\u00e9 M\u00aa Castilla Bar\u00f3, Director de la Oficina Permanente de ASAJA en Bruselas","breadcrumb":{"@id":"https:\/\/www.asajacyl.com\/valladolid\/asaja-valladolid-informa\/asaja-valladolid-convoca-su-asamblea-general-ordinaria-el-5-de-septiembre#breadcrumb"},"inLanguage":"es","potentialAction":[{"@type":"ReadAction","target":["https:\/\/www.asajacyl.com\/valladolid\/asaja-valladolid-informa\/asaja-valladolid-convoca-su-asamblea-general-ordinaria-el-5-de-septiembre"]}]},{"@type":"ImageObject","inLanguage":"es","@id":"https:\/\/www.asajacyl.com\/valladolid\/asaja-valladolid-informa\/asaja-valladolid-convoca-su-asamblea-general-ordinaria-el-5-de-septiembre#primaryimage","url":"https:\/\/www.asajacyl.com\/valladolid\/wp-content\/uploads\/sites\/2\/2025\/09\/publico-1.jpg","contentUrl":"https:\/\/www.asajacyl.com\/valladolid\/wp-content\/uploads\/sites\/2\/2025\/09\/publico-1.jpg","width":2500,"height":1671,"caption":"ASAJA Valladolid convoca su Asamblea General Ordinaria el 5 de septiembre"},{"@type":"BreadcrumbList","@id":"https:\/\/www.asajacyl.com\/valladolid\/asaja-valladolid-informa\/asaja-valladolid-convoca-su-asamblea-general-ordinaria-el-5-de-septiembre#breadcrumb","itemListElement":[{"@type":"ListItem","position":1,"name":"Portada","item":"https:\/\/www.asajacyl.com\/valladolid\/"},{"@type":"ListItem","position":2,"name":"ASAJA Valladolid convoca su Asamblea General Ordinaria el 5 de septiembre"}]},{"@type":"WebSite","@id":"https:\/\/www.asajacyl.com\/valladolid\/#website","url":"https:\/\/www.asajacyl.com\/valladolid\/","name":"ASAJA Valladolid","description":"Otro sitio m\u00e1s de Provincias ASAJA Castilla y Le\u00f3n","potentialAction":[{"@type":"SearchAction","target":{"@type":"EntryPoint","urlTemplate":"https:\/\/www.asajacyl.com\/valladolid\/?s={search_term_string}"},"query-input":{"@type":"PropertyValueSpecification","valueRequired":true,"valueName":"search_term_string"}}],"inLanguage":"es"},{"@type":"Person","@id":"https:\/\/www.asajacyl.com\/valladolid\/#\/schema\/person\/cf213adc3e576168b6850f7db054141e","name":"Mar\u00eda Natividad","image":{"@type":"ImageObject","inLanguage":"es","@id":"https:\/\/www.asajacyl.com\/valladolid\/#\/schema\/person\/image\/","url":"https:\/\/secure.gravatar.com\/avatar\/7f7b3c840c2af79feac78f5eeffefc45?s=96&d=mm&r=g","contentUrl":"https:\/\/secure.gravatar.com\/avatar\/7f7b3c840c2af79feac78f5eeffefc45?s=96&d=mm&r=g","caption":"Mar\u00eda Natividad"},"url":"https:\/\/www.asajacyl.com\/valladolid\/author\/natividadhh"}]}},"_links":{"self":[{"href":"https:\/\/www.asajacyl.com\/valladolid\/wp-json\/wp\/v2\/posts\/3855"}],"collection":[{"href":"https:\/\/www.asajacyl.com\/valladolid\/wp-json\/wp\/v2\/posts"}],"about":[{"href":"https:\/\/www.asajacyl.com\/valladolid\/wp-json\/wp\/v2\/types\/post"}],"author":[{"embeddable":true,"href":"https:\/\/www.asajacyl.com\/valladolid\/wp-json\/wp\/v2\/users\/13"}],"replies":[{"embeddable":true,"href":"https:\/\/www.asajacyl.com\/valladolid\/wp-json\/wp\/v2\/comments?post=3855"}],"version-history":[{"count":4,"href":"https:\/\/www.asajacyl.com\/valladolid\/wp-json\/wp\/v2\/posts\/3855\/revisions"}],"predecessor-version":[{"id":3863,"href":"https:\/\/www.asajacyl.com\/valladolid\/wp-json\/wp\/v2\/posts\/3855\/revisions\/3863"}],"wp:featuredmedia":[{"embeddable":true,"href":"https:\/\/www.asajacyl.com\/valladolid\/wp-json\/wp\/v2\/media\/3857"}],"wp:attachment":[{"href":"https:\/\/www.asajacyl.com\/valladolid\/wp-json\/wp\/v2\/media?parent=3855"}],"wp:term":[{"taxonomy":"category","embeddable":true,"href":"https:\/\/www.asajacyl.com\/valladolid\/wp-json\/wp\/v2\/categories?post=3855"},{"taxonomy":"post_tag","embeddable":true,"href":"https:\/\/www.asajacyl.com\/valladolid\/wp-json\/wp\/v2\/tags?post=3855"}],"curies":[{"name":"wp","href":"https:\/\/api.w.org\/{rel}","templated":true}]}}