{"id":3864,"date":"2025-09-05T13:17:27","date_gmt":"2025-09-05T11:17:27","guid":{"rendered":"https:\/\/www.asajacyl.com\/valladolid\/?p=3864"},"modified":"2025-10-10T09:52:26","modified_gmt":"2025-10-10T07:52:26","slug":"asaja-valladolid-marca-en-su-asamblea-general-como-objetivo-prioritario-la-rentabilidad-de-las-explotaciones","status":"publish","type":"post","link":"https:\/\/www.asajacyl.com\/valladolid\/asaja-valladolid-informa\/asaja-valladolid-marca-en-su-asamblea-general-como-objetivo-prioritario-la-rentabilidad-de-las-explotaciones","title":{"rendered":"ASAJA Valladolid marca en su Asamblea General como objetivo prioritario la rentabilidad de las explotaciones"},"content":{"rendered":"\n<p><em><strong><mark class=\"has-inline-color has-vivid-green-cyan-color\">Frente a los desaf\u00edos de la nueva PAC, los aranceles estadounidenses, Mercosur, la agenda 2030 o el precio de los inputs, esta organizaci\u00f3n agraria quiere poner el foco en alcanzar los n\u00fameros positivos con herramientas como la reivindicaci\u00f3n y la presi\u00f3n a las administraciones, la apuesta por las nuevas tecnolog\u00edas y que el campo lo cuide quien lo ha realizado siempre<\/mark><\/strong><\/em><\/p>\n\n\n\n<p>ASAJA Valladolid ha celebrado esta ma\u00f1ana su Asamblea General Ordinaria con la vista puesta m\u00e1s que nunca en ayudar a los agricultores y ganaderos de Valladolid en hacer rentables sus explotaciones.<\/p>\n\n\n\n<p>El presidente de ASAJA Valladolid, Juan Ram\u00f3n Alonso, agradeci\u00f3 el respaldo de los socios a la gesti\u00f3n de la Junta Directiva y la aprobaci\u00f3n de las cuentas, que por cuarto a\u00f1o consecutivo, arrojan beneficios tras dejar cada vez m\u00e1s atr\u00e1s la herencia recibida de la etapa anterior.<\/p>\n\n\n\n<p>Frente a los desaf\u00edos de la escalada de los precios de los inputs, las consecuencias de la guerra de Rusia-Ucrania, la agenda 2030, los aranceles estadounidenses, el pacto verde, el acuerdo Mercosur y una nueva propuesta de la PAC, la menos agraria y con menos presupuesto de la historia, <strong>ASAJA Valladolid quiere ofrecer a sus socios las herramientas que les permitan ser competitivos frente a tanto reto<\/strong>. \u201cPrimero, haciendo frente a las administraciones nacionales y europeas con medidas de protesta y de presi\u00f3n para que abandonen las pol\u00edticas de despacho y defiendan un sector que ha ser sostenible tanto agron\u00f3micamente como econ\u00f3micamente\u201d, coment\u00f3 el dirigente de esta organizaci\u00f3n profesional agraria.<\/p>\n\n\n\n<p>ASAJA Valladolid ha liderado muchas de las protestas que se han realizado, y es la \u00fanica organizaci\u00f3n en la que sus socios, directivos y simpatizantes, <strong>han acudido a todas las protestas en se\u00f1al de apoyo, sin importar qui\u00e9n era el convocante, ni en qu\u00e9 ciudad se hiciera<\/strong>. \u201cNos sentimos orgullosos de esta postura porque para nosotros lo primero son los intereses de los agricultores y ganaderos\u201d, coment\u00f3 el presidente de esta organizaci\u00f3n agraria.<\/p>\n\n\n\n<figure class=\"wp-block-image size-large\"><img loading=\"lazy\" decoding=\"async\" width=\"1024\" height=\"768\" src=\"https:\/\/www.asajacyl.com\/valladolid\/wp-content\/uploads\/sites\/2\/2025\/09\/foto-Asamblea-1-1024x768.jpg\" alt=\"\" class=\"wp-image-3866\" srcset=\"https:\/\/www.asajacyl.com\/valladolid\/wp-content\/uploads\/sites\/2\/2025\/09\/foto-Asamblea-1-1024x768.jpg 1024w, https:\/\/www.asajacyl.com\/valladolid\/wp-content\/uploads\/sites\/2\/2025\/09\/foto-Asamblea-1-300x225.jpg 300w, https:\/\/www.asajacyl.com\/valladolid\/wp-content\/uploads\/sites\/2\/2025\/09\/foto-Asamblea-1-768x576.jpg 768w, https:\/\/www.asajacyl.com\/valladolid\/wp-content\/uploads\/sites\/2\/2025\/09\/foto-Asamblea-1-1536x1152.jpg 1536w, https:\/\/www.asajacyl.com\/valladolid\/wp-content\/uploads\/sites\/2\/2025\/09\/foto-Asamblea-1-2048x1536.jpg 2048w, https:\/\/www.asajacyl.com\/valladolid\/wp-content\/uploads\/sites\/2\/2025\/09\/foto-Asamblea-1-560x420.jpg 560w, https:\/\/www.asajacyl.com\/valladolid\/wp-content\/uploads\/sites\/2\/2025\/09\/foto-Asamblea-1-80x60.jpg 80w, https:\/\/www.asajacyl.com\/valladolid\/wp-content\/uploads\/sites\/2\/2025\/09\/foto-Asamblea-1-696x522.jpg 696w, https:\/\/www.asajacyl.com\/valladolid\/wp-content\/uploads\/sites\/2\/2025\/09\/foto-Asamblea-1-1068x801.jpg 1068w, https:\/\/www.asajacyl.com\/valladolid\/wp-content\/uploads\/sites\/2\/2025\/09\/foto-Asamblea-1-1920x1440.jpg 1920w\" sizes=\"(max-width: 1024px) 100vw, 1024px\" \/><\/figure>\n\n\n\n<p>Estas herramientas para la rentabilidad tambi\u00e9n pasan por una <strong>apuesta fuerte y decidida por las nuevas tecnolog\u00edas<\/strong> que est\u00e1 haciendo ASAJA Valladolid en los \u00faltimos a\u00f1os formando a sus socios, para en un contexto de costes tan altos, producir m\u00e1s con menos, a trav\u00e9s de agricultura de precisi\u00f3n, los datos, y las im\u00e1genes por sat\u00e9lites y drones, para saber qu\u00e9 momento es el ideal para sembrar, regar, abonar, cosechar proporcionado a la tierra lo que necesita. \u201cGracias a la implicaci\u00f3n de nuestros t\u00e9cnicos y a los cursos que estamos realizando, nuestros socios est\u00e1n a la vanguardia de las nuevas tecnolog\u00edas\u201d, se\u00f1al\u00f3 Alonso.<\/p>\n\n\n\n<p>Sobre <strong>los incendios<\/strong> que han asolado nuestra comunidad aut\u00f3noma, Juan Ram\u00f3n Alonso, quiso solidarizarse con los agricultores y ganaderos y todas las personas que viven en esos n\u00facleos rurales afectadas.&nbsp; \u201cLas pol\u00edticas medioambientalistas y ecologistas de despacho han creado un caldo de cultivo para llegar a esta situaci\u00f3n y tiene que haber un cambio radical para que el campo y la masa forestal, lo cuiden quien siempre lo ha hecho, nuestros agricultores y ganaderos y la gente de los pueblos. Hacen falta m\u00e1s medios humanos y materiales, pero la lucha contra los incendios tanto en verano como en invierno, tiene que venir acompa\u00f1ada con un cambio en las pol\u00edticas, para no dejar los pueblos vac\u00edos, porque nos les permites poder vivir all\u00ed con pol\u00edticas alejadas de la realidad, que solo ponen trabas a la actividad agr\u00edcola y ganadera\u201d.<\/p>\n\n\n\n<p>La \u00faltima propuesta de reforma de la PAC es otro ejemplo de pol\u00edticas para ir en contra de producir alimentos sanos y accesibles para la poblaci\u00f3n. \u201cLos aranceles, el tratado con Mercosur son decisiones que relegan al sector agrario a un segundo plano. los recortes presupuestarios en el marco financiero, el debilitamiento de la PAC y las concesiones unilaterales en otros acuerdos internacionales. La suma de estas medidas pone en jaque la rentabilidad de millones de explotaciones en Espa\u00f1a y en toda Europa y contra esto vamos a luchar en ASAJA hasta el \u00faltimo aliento\u201d, asegur\u00f3 Juan Ramon Alonso.<\/p>\n\n\n\n<p><strong>Acuerdos con Mercosur y Estados Unidos<\/strong><\/p>\n\n\n\n<p>El director de la oficina permanente de ASAJA en Bruselas, Jos\u00e9 M\u00aa Castilla Bar\u00f3, denunci\u00f3 tambi\u00e9n el coctel pernicioso que han sometido las instituciones europeas, en especial la Comisi\u00f3n Europea presidida por Ursula von der Leyen, al sector agropecuario tras la ratificaci\u00f3n expr\u00e9s de los acuerdos con Mercosur y Estados Unidos. \u201cUn coctel demoledor porque, por un lado, tenemos una propuesta de recorte del marco financiero plurianual que va a ser de entre un 20% y un 33% si se tiene en cuenta o no la inflaci\u00f3n. Tambi\u00e9n desaparece el fondo espec\u00edfico de la PAC y muchas medidas del primer y segundo pilar ya desaparecidos, que pasar\u00e1n a tener cofinanciaci\u00f3n\u201d, coment\u00f3 Castilla Bar\u00f3.<\/p>\n\n\n\n<p>El director de la oficina permanente de ASAJA en Bruselas explic\u00f3 que todo va a depender de la riqueza de un Estado Miembro si decide cofinanciaci\u00f3n o no. \u201cEsto entrar\u00e1 en colisi\u00f3n con otras pol\u00edticas que pueden ser de cohesi\u00f3n, si hay estados m\u00e1s pro agrarios que apostar\u00e1n por invertir en agricultura o por el contrario por estados menos agrarios que apuesten m\u00e1s por pol\u00edticas de cohesi\u00f3n donde la agricultura perder\u00e1\u201d, se\u00f1al\u00f3.<\/p>\n\n\n\n<p>Jos\u00e9 M\u00aa Castilla Bar\u00f3 mostr\u00f3 su preocupaci\u00f3n por la propuesta de la nueva PAC de la Comisi\u00f3n Europea que no va orientada al modelo que defendemos en ASAJA un modelo de agricultura profesional, competitiva, de econom\u00eda de escala, de explotaciones de regad\u00edo. Una agricultura que nos permita competir en un mercado global, sobre todo cuando estamos viendo, la presi\u00f3n de los nuevos acuerdos comerciales en donde todo lo que no sea productividad, nos va a poner a los pies de los caballos por los nuevos acuerdos comerciales.<\/p>\n\n\n\n<p>El representante de ASAJA en Europa critic\u00f3 que en la nueva PAC haya instrumentos sociales que no tienen nada que ver con la Pol\u00edtica Agraria Comunitaria, que debe ser eminentemente agrarista. \u201cLa nueva PAC debe ser una pol\u00edtica de decisiones agron\u00f3micas y no de redistribuci\u00f3n de rentas que para eso ya est\u00e1n los impuestos\u201d. Adem\u00e1s, critic\u00f3 medidas como el pago regresivo \u201ctotalmente perjudicial y que afecta much\u00edsimo las incorporaciones de j\u00f3venes porque no se van a poder dimensionar\u201d.<\/p>\n\n\n\n<p>Por \u00faltimo, coment\u00f3 que la aplicaci\u00f3n provisional del acuerdo comercial con Mercosur por parte de la Comisi\u00f3n Europea va a tener consecuencias graves. &nbsp;\u201cSi ya era dif\u00edcil competir con unas reglas parecidas, aunque no id\u00e9nticas, ahora ser\u00e1 literalmente imposible acercarse a los modelos productivos de Mercosur\u201d, se\u00f1al\u00f3 Jos\u00e9 M\u00aa Castilla Bar\u00f3. Por eso, prosigui\u00f3, desde ASAJA vamos a pedir al Gobierno de Espa\u00f1a y a las instituciones comunitarias que \u201cdetengan este procedimiento, y devuelvan al Parlamento Europeo, al Consejo y a los parlamentos nacionales de los 27 pa\u00edses, el papel que les corresponde en la ratificaci\u00f3n de tratados internacionales, e incluir salvaguardias reales que protejan al campo europeo, a los consumidores y a un modelo productivo que garantiza la seguridad alimentaria y la sostenibilidad\u201d.<\/p>\n","protected":false},"excerpt":{"rendered":"<p>Frente a los desaf\u00edos de la nueva PAC, los aranceles estadounidenses, Mercosur, la agenda 2030 o el precio de los inputs, esta organizaci\u00f3n agraria quiere poner el foco en alcanzar los n\u00fameros positivos con herramientas como la reivindicaci\u00f3n y la presi\u00f3n a las administraciones, la apuesta por las nuevas tecnolog\u00edas y que el campo lo [&hellip;]<\/p>\n","protected":false},"author":13,"featured_media":3865,"comment_status":"open","ping_status":"open","sticky":false,"template":"","format":"standard","meta":{"footnotes":""},"categories":[8,21,9],"tags":[1070,70,58,689,710,1069,79,1009,76,133],"yoast_head":"<!-- This site is optimized with the Yoast SEO plugin v24.5 - https:\/\/yoast.com\/wordpress\/plugins\/seo\/ -->\n<title>ASAJA Valladolid marca en su Asamblea General como objetivo prioritario la rentabilidad de las explotaciones - ASAJA Valladolid<\/title>\n<meta name=\"description\" content=\"ASAJA Valladolid marca en su Asamblea General como objetivo prioritario la rentabilidad de las explotaciones\" \/>\n<meta name=\"robots\" content=\"index, follow, max-snippet:-1, max-image-preview:large, max-video-preview:-1\" \/>\n<link rel=\"canonical\" href=\"https:\/\/www.asajacyl.com\/valladolid\/asaja-valladolid-informa\/asaja-valladolid-marca-en-su-asamblea-general-como-objetivo-prioritario-la-rentabilidad-de-las-explotaciones\" \/>\n<meta property=\"og:locale\" content=\"es_ES\" \/>\n<meta property=\"og:type\" content=\"article\" \/>\n<meta property=\"og:title\" content=\"ASAJA Valladolid marca en su Asamblea General como objetivo prioritario la rentabilidad de las explotaciones - ASAJA Valladolid\" \/>\n<meta property=\"og:description\" content=\"ASAJA Valladolid marca en su Asamblea General como objetivo prioritario la rentabilidad de las explotaciones\" \/>\n<meta property=\"og:url\" content=\"https:\/\/www.asajacyl.com\/valladolid\/asaja-valladolid-informa\/asaja-valladolid-marca-en-su-asamblea-general-como-objetivo-prioritario-la-rentabilidad-de-las-explotaciones\" \/>\n<meta property=\"og:site_name\" content=\"ASAJA Valladolid\" \/>\n<meta property=\"article:published_time\" content=\"2025-09-05T11:17:27+00:00\" \/>\n<meta property=\"article:modified_time\" content=\"2025-10-10T07:52:26+00:00\" \/>\n<meta property=\"og:image\" content=\"https:\/\/www.asajacyl.com\/valladolid\/wp-content\/uploads\/sites\/2\/2025\/09\/Foto-Asamblea-2-mesa.jpg\" \/>\n\t<meta property=\"og:image:width\" content=\"1620\" \/>\n\t<meta property=\"og:image:height\" content=\"1080\" \/>\n\t<meta property=\"og:image:type\" content=\"image\/jpeg\" \/>\n<meta name=\"author\" content=\"Mar\u00eda Natividad\" \/>\n<meta name=\"twitter:card\" content=\"summary_large_image\" \/>\n<meta name=\"twitter:label1\" content=\"Escrito por\" \/>\n\t<meta name=\"twitter:data1\" content=\"Mar\u00eda Natividad\" \/>\n\t<meta name=\"twitter:label2\" content=\"Tiempo de lectura\" \/>\n\t<meta name=\"twitter:data2\" content=\"6 minutos\" \/>\n<script type=\"application\/ld+json\" class=\"yoast-schema-graph\">{\"@context\":\"https:\/\/schema.org\",\"@graph\":[{\"@type\":\"WebPage\",\"@id\":\"https:\/\/www.asajacyl.com\/valladolid\/asaja-valladolid-informa\/asaja-valladolid-marca-en-su-asamblea-general-como-objetivo-prioritario-la-rentabilidad-de-las-explotaciones\",\"url\":\"https:\/\/www.asajacyl.com\/valladolid\/asaja-valladolid-informa\/asaja-valladolid-marca-en-su-asamblea-general-como-objetivo-prioritario-la-rentabilidad-de-las-explotaciones\",\"name\":\"ASAJA Valladolid marca en su Asamblea General como objetivo prioritario la rentabilidad de las explotaciones - ASAJA Valladolid\",\"isPartOf\":{\"@id\":\"https:\/\/www.asajacyl.com\/valladolid\/#website\"},\"primaryImageOfPage\":{\"@id\":\"https:\/\/www.asajacyl.com\/valladolid\/asaja-valladolid-informa\/asaja-valladolid-marca-en-su-asamblea-general-como-objetivo-prioritario-la-rentabilidad-de-las-explotaciones#primaryimage\"},\"image\":{\"@id\":\"https:\/\/www.asajacyl.com\/valladolid\/asaja-valladolid-informa\/asaja-valladolid-marca-en-su-asamblea-general-como-objetivo-prioritario-la-rentabilidad-de-las-explotaciones#primaryimage\"},\"thumbnailUrl\":\"https:\/\/www.asajacyl.com\/valladolid\/wp-content\/uploads\/sites\/2\/2025\/09\/Foto-Asamblea-2-mesa.jpg\",\"datePublished\":\"2025-09-05T11:17:27+00:00\",\"dateModified\":\"2025-10-10T07:52:26+00:00\",\"author\":{\"@id\":\"https:\/\/www.asajacyl.com\/valladolid\/#\/schema\/person\/cf213adc3e576168b6850f7db054141e\"},\"description\":\"ASAJA Valladolid marca en su Asamblea General como objetivo prioritario la rentabilidad de las explotaciones\",\"breadcrumb\":{\"@id\":\"https:\/\/www.asajacyl.com\/valladolid\/asaja-valladolid-informa\/asaja-valladolid-marca-en-su-asamblea-general-como-objetivo-prioritario-la-rentabilidad-de-las-explotaciones#breadcrumb\"},\"inLanguage\":\"es\",\"potentialAction\":[{\"@type\":\"ReadAction\",\"target\":[\"https:\/\/www.asajacyl.com\/valladolid\/asaja-valladolid-informa\/asaja-valladolid-marca-en-su-asamblea-general-como-objetivo-prioritario-la-rentabilidad-de-las-explotaciones\"]}]},{\"@type\":\"ImageObject\",\"inLanguage\":\"es\",\"@id\":\"https:\/\/www.asajacyl.com\/valladolid\/asaja-valladolid-informa\/asaja-valladolid-marca-en-su-asamblea-general-como-objetivo-prioritario-la-rentabilidad-de-las-explotaciones#primaryimage\",\"url\":\"https:\/\/www.asajacyl.com\/valladolid\/wp-content\/uploads\/sites\/2\/2025\/09\/Foto-Asamblea-2-mesa.jpg\",\"contentUrl\":\"https:\/\/www.asajacyl.com\/valladolid\/wp-content\/uploads\/sites\/2\/2025\/09\/Foto-Asamblea-2-mesa.jpg\",\"width\":1620,\"height\":1080},{\"@type\":\"BreadcrumbList\",\"@id\":\"https:\/\/www.asajacyl.com\/valladolid\/asaja-valladolid-informa\/asaja-valladolid-marca-en-su-asamblea-general-como-objetivo-prioritario-la-rentabilidad-de-las-explotaciones#breadcrumb\",\"itemListElement\":[{\"@type\":\"ListItem\",\"position\":1,\"name\":\"Portada\",\"item\":\"https:\/\/www.asajacyl.com\/valladolid\/\"},{\"@type\":\"ListItem\",\"position\":2,\"name\":\"ASAJA Valladolid marca en su Asamblea General como objetivo prioritario la rentabilidad de las explotaciones\"}]},{\"@type\":\"WebSite\",\"@id\":\"https:\/\/www.asajacyl.com\/valladolid\/#website\",\"url\":\"https:\/\/www.asajacyl.com\/valladolid\/\",\"name\":\"ASAJA Valladolid\",\"description\":\"Otro sitio m\u00e1s de Provincias ASAJA Castilla y Le\u00f3n\",\"potentialAction\":[{\"@type\":\"SearchAction\",\"target\":{\"@type\":\"EntryPoint\",\"urlTemplate\":\"https:\/\/www.asajacyl.com\/valladolid\/?s={search_term_string}\"},\"query-input\":{\"@type\":\"PropertyValueSpecification\",\"valueRequired\":true,\"valueName\":\"search_term_string\"}}],\"inLanguage\":\"es\"},{\"@type\":\"Person\",\"@id\":\"https:\/\/www.asajacyl.com\/valladolid\/#\/schema\/person\/cf213adc3e576168b6850f7db054141e\",\"name\":\"Mar\u00eda Natividad\",\"image\":{\"@type\":\"ImageObject\",\"inLanguage\":\"es\",\"@id\":\"https:\/\/www.asajacyl.com\/valladolid\/#\/schema\/person\/image\/\",\"url\":\"https:\/\/secure.gravatar.com\/avatar\/7f7b3c840c2af79feac78f5eeffefc45?s=96&d=mm&r=g\",\"contentUrl\":\"https:\/\/secure.gravatar.com\/avatar\/7f7b3c840c2af79feac78f5eeffefc45?s=96&d=mm&r=g\",\"caption\":\"Mar\u00eda Natividad\"},\"url\":\"https:\/\/www.asajacyl.com\/valladolid\/author\/natividadhh\"}]}<\/script>\n<!-- \/ Yoast SEO plugin. -->","yoast_head_json":{"title":"ASAJA Valladolid marca en su Asamblea General como objetivo prioritario la rentabilidad de las explotaciones - ASAJA Valladolid","description":"ASAJA Valladolid marca en su Asamblea General como objetivo prioritario la rentabilidad de las explotaciones","robots":{"index":"index","follow":"follow","max-snippet":"max-snippet:-1","max-image-preview":"max-image-preview:large","max-video-preview":"max-video-preview:-1"},"canonical":"https:\/\/www.asajacyl.com\/valladolid\/asaja-valladolid-informa\/asaja-valladolid-marca-en-su-asamblea-general-como-objetivo-prioritario-la-rentabilidad-de-las-explotaciones","og_locale":"es_ES","og_type":"article","og_title":"ASAJA Valladolid marca en su Asamblea General como objetivo prioritario la rentabilidad de las explotaciones - ASAJA Valladolid","og_description":"ASAJA Valladolid marca en su Asamblea General como objetivo prioritario la rentabilidad de las explotaciones","og_url":"https:\/\/www.asajacyl.com\/valladolid\/asaja-valladolid-informa\/asaja-valladolid-marca-en-su-asamblea-general-como-objetivo-prioritario-la-rentabilidad-de-las-explotaciones","og_site_name":"ASAJA Valladolid","article_published_time":"2025-09-05T11:17:27+00:00","article_modified_time":"2025-10-10T07:52:26+00:00","og_image":[{"width":1620,"height":1080,"url":"https:\/\/www.asajacyl.com\/valladolid\/wp-content\/uploads\/sites\/2\/2025\/09\/Foto-Asamblea-2-mesa.jpg","type":"image\/jpeg"}],"author":"Mar\u00eda Natividad","twitter_card":"summary_large_image","twitter_misc":{"Escrito por":"Mar\u00eda Natividad","Tiempo de lectura":"6 minutos"},"schema":{"@context":"https:\/\/schema.org","@graph":[{"@type":"WebPage","@id":"https:\/\/www.asajacyl.com\/valladolid\/asaja-valladolid-informa\/asaja-valladolid-marca-en-su-asamblea-general-como-objetivo-prioritario-la-rentabilidad-de-las-explotaciones","url":"https:\/\/www.asajacyl.com\/valladolid\/asaja-valladolid-informa\/asaja-valladolid-marca-en-su-asamblea-general-como-objetivo-prioritario-la-rentabilidad-de-las-explotaciones","name":"ASAJA Valladolid marca en su Asamblea General como objetivo prioritario la rentabilidad de las explotaciones - ASAJA Valladolid","isPartOf":{"@id":"https:\/\/www.asajacyl.com\/valladolid\/#website"},"primaryImageOfPage":{"@id":"https:\/\/www.asajacyl.com\/valladolid\/asaja-valladolid-informa\/asaja-valladolid-marca-en-su-asamblea-general-como-objetivo-prioritario-la-rentabilidad-de-las-explotaciones#primaryimage"},"image":{"@id":"https:\/\/www.asajacyl.com\/valladolid\/asaja-valladolid-informa\/asaja-valladolid-marca-en-su-asamblea-general-como-objetivo-prioritario-la-rentabilidad-de-las-explotaciones#primaryimage"},"thumbnailUrl":"https:\/\/www.asajacyl.com\/valladolid\/wp-content\/uploads\/sites\/2\/2025\/09\/Foto-Asamblea-2-mesa.jpg","datePublished":"2025-09-05T11:17:27+00:00","dateModified":"2025-10-10T07:52:26+00:00","author":{"@id":"https:\/\/www.asajacyl.com\/valladolid\/#\/schema\/person\/cf213adc3e576168b6850f7db054141e"},"description":"ASAJA Valladolid marca en su Asamblea General como objetivo prioritario la rentabilidad de las explotaciones","breadcrumb":{"@id":"https:\/\/www.asajacyl.com\/valladolid\/asaja-valladolid-informa\/asaja-valladolid-marca-en-su-asamblea-general-como-objetivo-prioritario-la-rentabilidad-de-las-explotaciones#breadcrumb"},"inLanguage":"es","potentialAction":[{"@type":"ReadAction","target":["https:\/\/www.asajacyl.com\/valladolid\/asaja-valladolid-informa\/asaja-valladolid-marca-en-su-asamblea-general-como-objetivo-prioritario-la-rentabilidad-de-las-explotaciones"]}]},{"@type":"ImageObject","inLanguage":"es","@id":"https:\/\/www.asajacyl.com\/valladolid\/asaja-valladolid-informa\/asaja-valladolid-marca-en-su-asamblea-general-como-objetivo-prioritario-la-rentabilidad-de-las-explotaciones#primaryimage","url":"https:\/\/www.asajacyl.com\/valladolid\/wp-content\/uploads\/sites\/2\/2025\/09\/Foto-Asamblea-2-mesa.jpg","contentUrl":"https:\/\/www.asajacyl.com\/valladolid\/wp-content\/uploads\/sites\/2\/2025\/09\/Foto-Asamblea-2-mesa.jpg","width":1620,"height":1080},{"@type":"BreadcrumbList","@id":"https:\/\/www.asajacyl.com\/valladolid\/asaja-valladolid-informa\/asaja-valladolid-marca-en-su-asamblea-general-como-objetivo-prioritario-la-rentabilidad-de-las-explotaciones#breadcrumb","itemListElement":[{"@type":"ListItem","position":1,"name":"Portada","item":"https:\/\/www.asajacyl.com\/valladolid\/"},{"@type":"ListItem","position":2,"name":"ASAJA Valladolid marca en su Asamblea General como objetivo prioritario la rentabilidad de las explotaciones"}]},{"@type":"WebSite","@id":"https:\/\/www.asajacyl.com\/valladolid\/#website","url":"https:\/\/www.asajacyl.com\/valladolid\/","name":"ASAJA Valladolid","description":"Otro sitio m\u00e1s de Provincias ASAJA Castilla y Le\u00f3n","potentialAction":[{"@type":"SearchAction","target":{"@type":"EntryPoint","urlTemplate":"https:\/\/www.asajacyl.com\/valladolid\/?s={search_term_string}"},"query-input":{"@type":"PropertyValueSpecification","valueRequired":true,"valueName":"search_term_string"}}],"inLanguage":"es"},{"@type":"Person","@id":"https:\/\/www.asajacyl.com\/valladolid\/#\/schema\/person\/cf213adc3e576168b6850f7db054141e","name":"Mar\u00eda Natividad","image":{"@type":"ImageObject","inLanguage":"es","@id":"https:\/\/www.asajacyl.com\/valladolid\/#\/schema\/person\/image\/","url":"https:\/\/secure.gravatar.com\/avatar\/7f7b3c840c2af79feac78f5eeffefc45?s=96&d=mm&r=g","contentUrl":"https:\/\/secure.gravatar.com\/avatar\/7f7b3c840c2af79feac78f5eeffefc45?s=96&d=mm&r=g","caption":"Mar\u00eda Natividad"},"url":"https:\/\/www.asajacyl.com\/valladolid\/author\/natividadhh"}]}},"_links":{"self":[{"href":"https:\/\/www.asajacyl.com\/valladolid\/wp-json\/wp\/v2\/posts\/3864"}],"collection":[{"href":"https:\/\/www.asajacyl.com\/valladolid\/wp-json\/wp\/v2\/posts"}],"about":[{"href":"https:\/\/www.asajacyl.com\/valladolid\/wp-json\/wp\/v2\/types\/post"}],"author":[{"embeddable":true,"href":"https:\/\/www.asajacyl.com\/valladolid\/wp-json\/wp\/v2\/users\/13"}],"replies":[{"embeddable":true,"href":"https:\/\/www.asajacyl.com\/valladolid\/wp-json\/wp\/v2\/comments?post=3864"}],"version-history":[{"count":2,"href":"https:\/\/www.asajacyl.com\/valladolid\/wp-json\/wp\/v2\/posts\/3864\/revisions"}],"predecessor-version":[{"id":3868,"href":"https:\/\/www.asajacyl.com\/valladolid\/wp-json\/wp\/v2\/posts\/3864\/revisions\/3868"}],"wp:featuredmedia":[{"embeddable":true,"href":"https:\/\/www.asajacyl.com\/valladolid\/wp-json\/wp\/v2\/media\/3865"}],"wp:attachment":[{"href":"https:\/\/www.asajacyl.com\/valladolid\/wp-json\/wp\/v2\/media?parent=3864"}],"wp:term":[{"taxonomy":"category","embeddable":true,"href":"https:\/\/www.asajacyl.com\/valladolid\/wp-json\/wp\/v2\/categories?post=3864"},{"taxonomy":"post_tag","embeddable":true,"href":"https:\/\/www.asajacyl.com\/valladolid\/wp-json\/wp\/v2\/tags?post=3864"}],"curies":[{"name":"wp","href":"https:\/\/api.w.org\/{rel}","templated":true}]}}