{"id":3870,"date":"2025-09-11T10:41:47","date_gmt":"2025-09-11T08:41:47","guid":{"rendered":"https:\/\/www.asajacyl.com\/valladolid\/?p=3870"},"modified":"2025-09-22T16:40:49","modified_gmt":"2025-09-22T14:40:49","slug":"asaja-avila-segovia-y-valladolid-convocan-a-todos-los-viticultores-afectados-por-el-mildiu-a-una-concentracion-a-las-puertas-del-consejo-regulador-de-rueda","status":"publish","type":"post","link":"https:\/\/www.asajacyl.com\/valladolid\/asaja-valladolid-informa\/asaja-avila-segovia-y-valladolid-convocan-a-todos-los-viticultores-afectados-por-el-mildiu-a-una-concentracion-a-las-puertas-del-consejo-regulador-de-rueda","title":{"rendered":"ASAJA \u00c1vila, Segovia y Valladolid convocan a todos los viticultores afectados por el mildiu a una concentraci\u00f3n a las puertas del Consejo Regulador de Rueda"},"content":{"rendered":"\n<p><em><strong><mark class=\"has-inline-color has-vivid-green-cyan-color\">Bajo el lema \u201capoyo econ\u00f3mico para los afectados por el mildiu\u201d, la protesta tendr\u00e1 lugar ma\u00f1ana viernes 12, a las 13.00 horas frente a este organismo.<\/mark><\/strong><\/em><\/p>\n\n\n\n<p><\/p>\n\n\n\n<p>ASAJA \u00c1vila, Segovia y Valladolid convocan a todos los viticultores afectados por el mildiu a una concentraci\u00f3n a las puertas del Consejo Regulador de Rueda. El objetivo es visibilizar el problema econ\u00f3mico que tienen los viticultores que han perdido su cosecha de uva a causa del mildiu, principalmente en la C.R.D.O. Rueda, aunque tambi\u00e9n hay afectados en otras zonas vit\u00edcolas como Cigales o la Ribera del Duero en menor medida.<\/p>\n\n\n\n<p>La concentraci\u00f3n tendr\u00e1 lugar <strong>ma\u00f1ana 12 de septiembre a las 13.00 horas a las puertas del C.R.D.O de Rueda<\/strong> (C\/ Real 8) bajo el lema \u201capoyo econ\u00f3mico para los afectados por el mildiu\u201d.<strong><\/strong><\/p>\n\n\n\n<p>ASAJA \u00c1vila, Segovia y Valladolid invitan a que se sumen a esta concentraci\u00f3n al resto de OPAs y Asociaciones de Viticultores.<\/p>\n\n\n\n<figure class=\"wp-block-image size-large\"><img loading=\"lazy\" decoding=\"async\" width=\"1024\" height=\"768\" src=\"https:\/\/www.asajacyl.com\/valladolid\/wp-content\/uploads\/sites\/2\/2025\/09\/Otra-imagen-de-archibo-de-la-anterio-concentraciOn-que-hubo-en-el-CRDO-de-Rueda-en-2024-1024x768.jpeg\" alt=\"\" class=\"wp-image-3872\" srcset=\"https:\/\/www.asajacyl.com\/valladolid\/wp-content\/uploads\/sites\/2\/2025\/09\/Otra-imagen-de-archibo-de-la-anterio-concentraciOn-que-hubo-en-el-CRDO-de-Rueda-en-2024-1024x768.jpeg 1024w, https:\/\/www.asajacyl.com\/valladolid\/wp-content\/uploads\/sites\/2\/2025\/09\/Otra-imagen-de-archibo-de-la-anterio-concentraciOn-que-hubo-en-el-CRDO-de-Rueda-en-2024-300x225.jpeg 300w, https:\/\/www.asajacyl.com\/valladolid\/wp-content\/uploads\/sites\/2\/2025\/09\/Otra-imagen-de-archibo-de-la-anterio-concentraciOn-que-hubo-en-el-CRDO-de-Rueda-en-2024-768x576.jpeg 768w, https:\/\/www.asajacyl.com\/valladolid\/wp-content\/uploads\/sites\/2\/2025\/09\/Otra-imagen-de-archibo-de-la-anterio-concentraciOn-que-hubo-en-el-CRDO-de-Rueda-en-2024-1536x1152.jpeg 1536w, https:\/\/www.asajacyl.com\/valladolid\/wp-content\/uploads\/sites\/2\/2025\/09\/Otra-imagen-de-archibo-de-la-anterio-concentraciOn-que-hubo-en-el-CRDO-de-Rueda-en-2024-2048x1536.jpeg 2048w, https:\/\/www.asajacyl.com\/valladolid\/wp-content\/uploads\/sites\/2\/2025\/09\/Otra-imagen-de-archibo-de-la-anterio-concentraciOn-que-hubo-en-el-CRDO-de-Rueda-en-2024-560x420.jpeg 560w, https:\/\/www.asajacyl.com\/valladolid\/wp-content\/uploads\/sites\/2\/2025\/09\/Otra-imagen-de-archibo-de-la-anterio-concentraciOn-que-hubo-en-el-CRDO-de-Rueda-en-2024-80x60.jpeg 80w, https:\/\/www.asajacyl.com\/valladolid\/wp-content\/uploads\/sites\/2\/2025\/09\/Otra-imagen-de-archibo-de-la-anterio-concentraciOn-que-hubo-en-el-CRDO-de-Rueda-en-2024-696x522.jpeg 696w, https:\/\/www.asajacyl.com\/valladolid\/wp-content\/uploads\/sites\/2\/2025\/09\/Otra-imagen-de-archibo-de-la-anterio-concentraciOn-que-hubo-en-el-CRDO-de-Rueda-en-2024-1068x801.jpeg 1068w, https:\/\/www.asajacyl.com\/valladolid\/wp-content\/uploads\/sites\/2\/2025\/09\/Otra-imagen-de-archibo-de-la-anterio-concentraciOn-que-hubo-en-el-CRDO-de-Rueda-en-2024-1920x1440.jpeg 1920w\" sizes=\"(max-width: 1024px) 100vw, 1024px\" \/><\/figure>\n\n\n\n<p>La prioridad para ASAJA es el apoyo econ\u00f3mico desde las administraciones, a los que han perdido su fuente de ingresos. Las diferentes administraciones tienen que entender que esto es una situaci\u00f3n excepcional, y por lo tanto, requiere un tratamiento y apoyo excepcional.<\/p>\n\n\n\n<p>La Denominaci\u00f3n de Origen Rueda ha sido la principal damnificada por el mildiu. Viticultores profesionales de poblaciones como Rueda, La Seca, Serrada, Valdestillas, Pozaldez y Rodilana, principalmente, han visto como la producci\u00f3n estimada de sus vi\u00f1edos ha ca\u00eddo hasta en un 95% a causa del mildiu. Aunque tambi\u00e9n hay otras denominaciones afectadas en menor medida como Cigales y la Ribera del Duero, para las que tambi\u00e9n se pide un apoyo econ\u00f3mico.<\/p>\n","protected":false},"excerpt":{"rendered":"<p>Bajo el lema \u201capoyo econ\u00f3mico para los afectados por el mildiu\u201d, la protesta tendr\u00e1 lugar ma\u00f1ana viernes 12, a las 13.00 horas frente a este organismo. ASAJA \u00c1vila, Segovia y Valladolid convocan a todos los viticultores afectados por el mildiu a una concentraci\u00f3n a las puertas del Consejo Regulador de Rueda. El objetivo es visibilizar [&hellip;]<\/p>\n","protected":false},"author":13,"featured_media":3871,"comment_status":"open","ping_status":"open","sticky":false,"template":"","format":"standard","meta":{"footnotes":""},"categories":[8,21,9],"tags":[1071,70,1025,962,58,389,79,1055,195,264,397],"yoast_head":"<!-- This site is optimized with the Yoast SEO plugin v24.5 - https:\/\/yoast.com\/wordpress\/plugins\/seo\/ -->\n<title>ASAJA \u00c1vila, Segovia y Valladolid convocan a todos los viticultores afectados por el mildiu a una concentraci\u00f3n a las puertas del Consejo Regulador de Rueda - ASAJA Valladolid<\/title>\n<meta name=\"description\" content=\"ASAJA \u00c1vila, Segovia y Valladolid convocan a todos los viticultores afectados por el mildiu a una concentraci\u00f3n a las puertas del Consejo Regulador de Rueda. Bajo el lema \u201capoyo econ\u00f3mico para los afectados por el mildiu\u201d, la protesta tendr\u00e1 lugar ma\u00f1ana viernes 12, a las 13.00 horas frente a este organismo.\" \/>\n<meta name=\"robots\" content=\"index, follow, max-snippet:-1, max-image-preview:large, max-video-preview:-1\" \/>\n<link rel=\"canonical\" href=\"https:\/\/www.asajacyl.com\/valladolid\/asaja-valladolid-informa\/asaja-avila-segovia-y-valladolid-convocan-a-todos-los-viticultores-afectados-por-el-mildiu-a-una-concentracion-a-las-puertas-del-consejo-regulador-de-rueda\" \/>\n<meta property=\"og:locale\" content=\"es_ES\" \/>\n<meta property=\"og:type\" content=\"article\" \/>\n<meta property=\"og:title\" content=\"ASAJA \u00c1vila, Segovia y Valladolid convocan a todos los viticultores afectados por el mildiu a una concentraci\u00f3n a las puertas del Consejo Regulador de Rueda - ASAJA Valladolid\" \/>\n<meta property=\"og:description\" content=\"ASAJA \u00c1vila, Segovia y Valladolid convocan a todos los viticultores afectados por el mildiu a una concentraci\u00f3n a las puertas del Consejo Regulador de Rueda. Bajo el lema \u201capoyo econ\u00f3mico para los afectados por el mildiu\u201d, la protesta tendr\u00e1 lugar ma\u00f1ana viernes 12, a las 13.00 horas frente a este organismo.\" \/>\n<meta property=\"og:url\" content=\"https:\/\/www.asajacyl.com\/valladolid\/asaja-valladolid-informa\/asaja-avila-segovia-y-valladolid-convocan-a-todos-los-viticultores-afectados-por-el-mildiu-a-una-concentracion-a-las-puertas-del-consejo-regulador-de-rueda\" \/>\n<meta property=\"og:site_name\" content=\"ASAJA Valladolid\" \/>\n<meta property=\"article:published_time\" content=\"2025-09-11T08:41:47+00:00\" \/>\n<meta property=\"article:modified_time\" content=\"2025-09-22T14:40:49+00:00\" \/>\n<meta property=\"og:image\" content=\"https:\/\/www.asajacyl.com\/valladolid\/wp-content\/uploads\/sites\/2\/2025\/09\/Imagen-de-archivo-de-la-anterior-Concentracion-ante-el-Consejo-Regulador-de-Rueda-en-2024-.jpg\" \/>\n\t<meta property=\"og:image:width\" content=\"2500\" \/>\n\t<meta property=\"og:image:height\" content=\"1875\" \/>\n\t<meta property=\"og:image:type\" content=\"image\/jpeg\" \/>\n<meta name=\"author\" content=\"Mar\u00eda Natividad\" \/>\n<meta name=\"twitter:card\" content=\"summary_large_image\" \/>\n<meta name=\"twitter:label1\" content=\"Escrito por\" \/>\n\t<meta name=\"twitter:data1\" content=\"Mar\u00eda Natividad\" \/>\n\t<meta name=\"twitter:label2\" content=\"Tiempo de lectura\" \/>\n\t<meta name=\"twitter:data2\" content=\"2 minutos\" \/>\n<script type=\"application\/ld+json\" class=\"yoast-schema-graph\">{\"@context\":\"https:\/\/schema.org\",\"@graph\":[{\"@type\":\"WebPage\",\"@id\":\"https:\/\/www.asajacyl.com\/valladolid\/asaja-valladolid-informa\/asaja-avila-segovia-y-valladolid-convocan-a-todos-los-viticultores-afectados-por-el-mildiu-a-una-concentracion-a-las-puertas-del-consejo-regulador-de-rueda\",\"url\":\"https:\/\/www.asajacyl.com\/valladolid\/asaja-valladolid-informa\/asaja-avila-segovia-y-valladolid-convocan-a-todos-los-viticultores-afectados-por-el-mildiu-a-una-concentracion-a-las-puertas-del-consejo-regulador-de-rueda\",\"name\":\"ASAJA \u00c1vila, Segovia y Valladolid convocan a todos los viticultores afectados por el mildiu a una concentraci\u00f3n a las puertas del Consejo Regulador de Rueda - ASAJA Valladolid\",\"isPartOf\":{\"@id\":\"https:\/\/www.asajacyl.com\/valladolid\/#website\"},\"primaryImageOfPage\":{\"@id\":\"https:\/\/www.asajacyl.com\/valladolid\/asaja-valladolid-informa\/asaja-avila-segovia-y-valladolid-convocan-a-todos-los-viticultores-afectados-por-el-mildiu-a-una-concentracion-a-las-puertas-del-consejo-regulador-de-rueda#primaryimage\"},\"image\":{\"@id\":\"https:\/\/www.asajacyl.com\/valladolid\/asaja-valladolid-informa\/asaja-avila-segovia-y-valladolid-convocan-a-todos-los-viticultores-afectados-por-el-mildiu-a-una-concentracion-a-las-puertas-del-consejo-regulador-de-rueda#primaryimage\"},\"thumbnailUrl\":\"https:\/\/www.asajacyl.com\/valladolid\/wp-content\/uploads\/sites\/2\/2025\/09\/Imagen-de-archivo-de-la-anterior-Concentracion-ante-el-Consejo-Regulador-de-Rueda-en-2024-.jpg\",\"datePublished\":\"2025-09-11T08:41:47+00:00\",\"dateModified\":\"2025-09-22T14:40:49+00:00\",\"author\":{\"@id\":\"https:\/\/www.asajacyl.com\/valladolid\/#\/schema\/person\/cf213adc3e576168b6850f7db054141e\"},\"description\":\"ASAJA \u00c1vila, Segovia y Valladolid convocan a todos los viticultores afectados por el mildiu a una concentraci\u00f3n a las puertas del Consejo Regulador de Rueda. Bajo el lema \u201capoyo econ\u00f3mico para los afectados por el mildiu\u201d, la protesta tendr\u00e1 lugar ma\u00f1ana viernes 12, a las 13.00 horas frente a este organismo.\",\"breadcrumb\":{\"@id\":\"https:\/\/www.asajacyl.com\/valladolid\/asaja-valladolid-informa\/asaja-avila-segovia-y-valladolid-convocan-a-todos-los-viticultores-afectados-por-el-mildiu-a-una-concentracion-a-las-puertas-del-consejo-regulador-de-rueda#breadcrumb\"},\"inLanguage\":\"es\",\"potentialAction\":[{\"@type\":\"ReadAction\",\"target\":[\"https:\/\/www.asajacyl.com\/valladolid\/asaja-valladolid-informa\/asaja-avila-segovia-y-valladolid-convocan-a-todos-los-viticultores-afectados-por-el-mildiu-a-una-concentracion-a-las-puertas-del-consejo-regulador-de-rueda\"]}]},{\"@type\":\"ImageObject\",\"inLanguage\":\"es\",\"@id\":\"https:\/\/www.asajacyl.com\/valladolid\/asaja-valladolid-informa\/asaja-avila-segovia-y-valladolid-convocan-a-todos-los-viticultores-afectados-por-el-mildiu-a-una-concentracion-a-las-puertas-del-consejo-regulador-de-rueda#primaryimage\",\"url\":\"https:\/\/www.asajacyl.com\/valladolid\/wp-content\/uploads\/sites\/2\/2025\/09\/Imagen-de-archivo-de-la-anterior-Concentracion-ante-el-Consejo-Regulador-de-Rueda-en-2024-.jpg\",\"contentUrl\":\"https:\/\/www.asajacyl.com\/valladolid\/wp-content\/uploads\/sites\/2\/2025\/09\/Imagen-de-archivo-de-la-anterior-Concentracion-ante-el-Consejo-Regulador-de-Rueda-en-2024-.jpg\",\"width\":2500,\"height\":1875,\"caption\":\"Imagen de archivo de la anterior Concentraci\u00f3n ante el Consejo Regulador de Rueda en 2024\"},{\"@type\":\"BreadcrumbList\",\"@id\":\"https:\/\/www.asajacyl.com\/valladolid\/asaja-valladolid-informa\/asaja-avila-segovia-y-valladolid-convocan-a-todos-los-viticultores-afectados-por-el-mildiu-a-una-concentracion-a-las-puertas-del-consejo-regulador-de-rueda#breadcrumb\",\"itemListElement\":[{\"@type\":\"ListItem\",\"position\":1,\"name\":\"Portada\",\"item\":\"https:\/\/www.asajacyl.com\/valladolid\/\"},{\"@type\":\"ListItem\",\"position\":2,\"name\":\"ASAJA \u00c1vila, Segovia y Valladolid convocan a todos los viticultores afectados por el mildiu a una concentraci\u00f3n a las puertas del Consejo Regulador de Rueda\"}]},{\"@type\":\"WebSite\",\"@id\":\"https:\/\/www.asajacyl.com\/valladolid\/#website\",\"url\":\"https:\/\/www.asajacyl.com\/valladolid\/\",\"name\":\"ASAJA Valladolid\",\"description\":\"Otro sitio m\u00e1s de Provincias ASAJA Castilla y Le\u00f3n\",\"potentialAction\":[{\"@type\":\"SearchAction\",\"target\":{\"@type\":\"EntryPoint\",\"urlTemplate\":\"https:\/\/www.asajacyl.com\/valladolid\/?s={search_term_string}\"},\"query-input\":{\"@type\":\"PropertyValueSpecification\",\"valueRequired\":true,\"valueName\":\"search_term_string\"}}],\"inLanguage\":\"es\"},{\"@type\":\"Person\",\"@id\":\"https:\/\/www.asajacyl.com\/valladolid\/#\/schema\/person\/cf213adc3e576168b6850f7db054141e\",\"name\":\"Mar\u00eda Natividad\",\"image\":{\"@type\":\"ImageObject\",\"inLanguage\":\"es\",\"@id\":\"https:\/\/www.asajacyl.com\/valladolid\/#\/schema\/person\/image\/\",\"url\":\"https:\/\/secure.gravatar.com\/avatar\/7f7b3c840c2af79feac78f5eeffefc45?s=96&d=mm&r=g\",\"contentUrl\":\"https:\/\/secure.gravatar.com\/avatar\/7f7b3c840c2af79feac78f5eeffefc45?s=96&d=mm&r=g\",\"caption\":\"Mar\u00eda Natividad\"},\"url\":\"https:\/\/www.asajacyl.com\/valladolid\/author\/natividadhh\"}]}<\/script>\n<!-- \/ Yoast SEO plugin. -->","yoast_head_json":{"title":"ASAJA \u00c1vila, Segovia y Valladolid convocan a todos los viticultores afectados por el mildiu a una concentraci\u00f3n a las puertas del Consejo Regulador de Rueda - ASAJA Valladolid","description":"ASAJA \u00c1vila, Segovia y Valladolid convocan a todos los viticultores afectados por el mildiu a una concentraci\u00f3n a las puertas del Consejo Regulador de Rueda. Bajo el lema \u201capoyo econ\u00f3mico para los afectados por el mildiu\u201d, la protesta tendr\u00e1 lugar ma\u00f1ana viernes 12, a las 13.00 horas frente a este organismo.","robots":{"index":"index","follow":"follow","max-snippet":"max-snippet:-1","max-image-preview":"max-image-preview:large","max-video-preview":"max-video-preview:-1"},"canonical":"https:\/\/www.asajacyl.com\/valladolid\/asaja-valladolid-informa\/asaja-avila-segovia-y-valladolid-convocan-a-todos-los-viticultores-afectados-por-el-mildiu-a-una-concentracion-a-las-puertas-del-consejo-regulador-de-rueda","og_locale":"es_ES","og_type":"article","og_title":"ASAJA \u00c1vila, Segovia y Valladolid convocan a todos los viticultores afectados por el mildiu a una concentraci\u00f3n a las puertas del Consejo Regulador de Rueda - ASAJA Valladolid","og_description":"ASAJA \u00c1vila, Segovia y Valladolid convocan a todos los viticultores afectados por el mildiu a una concentraci\u00f3n a las puertas del Consejo Regulador de Rueda. Bajo el lema \u201capoyo econ\u00f3mico para los afectados por el mildiu\u201d, la protesta tendr\u00e1 lugar ma\u00f1ana viernes 12, a las 13.00 horas frente a este organismo.","og_url":"https:\/\/www.asajacyl.com\/valladolid\/asaja-valladolid-informa\/asaja-avila-segovia-y-valladolid-convocan-a-todos-los-viticultores-afectados-por-el-mildiu-a-una-concentracion-a-las-puertas-del-consejo-regulador-de-rueda","og_site_name":"ASAJA Valladolid","article_published_time":"2025-09-11T08:41:47+00:00","article_modified_time":"2025-09-22T14:40:49+00:00","og_image":[{"width":2500,"height":1875,"url":"https:\/\/www.asajacyl.com\/valladolid\/wp-content\/uploads\/sites\/2\/2025\/09\/Imagen-de-archivo-de-la-anterior-Concentracion-ante-el-Consejo-Regulador-de-Rueda-en-2024-.jpg","type":"image\/jpeg"}],"author":"Mar\u00eda Natividad","twitter_card":"summary_large_image","twitter_misc":{"Escrito por":"Mar\u00eda Natividad","Tiempo de lectura":"2 minutos"},"schema":{"@context":"https:\/\/schema.org","@graph":[{"@type":"WebPage","@id":"https:\/\/www.asajacyl.com\/valladolid\/asaja-valladolid-informa\/asaja-avila-segovia-y-valladolid-convocan-a-todos-los-viticultores-afectados-por-el-mildiu-a-una-concentracion-a-las-puertas-del-consejo-regulador-de-rueda","url":"https:\/\/www.asajacyl.com\/valladolid\/asaja-valladolid-informa\/asaja-avila-segovia-y-valladolid-convocan-a-todos-los-viticultores-afectados-por-el-mildiu-a-una-concentracion-a-las-puertas-del-consejo-regulador-de-rueda","name":"ASAJA \u00c1vila, Segovia y Valladolid convocan a todos los viticultores afectados por el mildiu a una concentraci\u00f3n a las puertas del Consejo Regulador de Rueda - ASAJA Valladolid","isPartOf":{"@id":"https:\/\/www.asajacyl.com\/valladolid\/#website"},"primaryImageOfPage":{"@id":"https:\/\/www.asajacyl.com\/valladolid\/asaja-valladolid-informa\/asaja-avila-segovia-y-valladolid-convocan-a-todos-los-viticultores-afectados-por-el-mildiu-a-una-concentracion-a-las-puertas-del-consejo-regulador-de-rueda#primaryimage"},"image":{"@id":"https:\/\/www.asajacyl.com\/valladolid\/asaja-valladolid-informa\/asaja-avila-segovia-y-valladolid-convocan-a-todos-los-viticultores-afectados-por-el-mildiu-a-una-concentracion-a-las-puertas-del-consejo-regulador-de-rueda#primaryimage"},"thumbnailUrl":"https:\/\/www.asajacyl.com\/valladolid\/wp-content\/uploads\/sites\/2\/2025\/09\/Imagen-de-archivo-de-la-anterior-Concentracion-ante-el-Consejo-Regulador-de-Rueda-en-2024-.jpg","datePublished":"2025-09-11T08:41:47+00:00","dateModified":"2025-09-22T14:40:49+00:00","author":{"@id":"https:\/\/www.asajacyl.com\/valladolid\/#\/schema\/person\/cf213adc3e576168b6850f7db054141e"},"description":"ASAJA \u00c1vila, Segovia y Valladolid convocan a todos los viticultores afectados por el mildiu a una concentraci\u00f3n a las puertas del Consejo Regulador de Rueda. Bajo el lema \u201capoyo econ\u00f3mico para los afectados por el mildiu\u201d, la protesta tendr\u00e1 lugar ma\u00f1ana viernes 12, a las 13.00 horas frente a este organismo.","breadcrumb":{"@id":"https:\/\/www.asajacyl.com\/valladolid\/asaja-valladolid-informa\/asaja-avila-segovia-y-valladolid-convocan-a-todos-los-viticultores-afectados-por-el-mildiu-a-una-concentracion-a-las-puertas-del-consejo-regulador-de-rueda#breadcrumb"},"inLanguage":"es","potentialAction":[{"@type":"ReadAction","target":["https:\/\/www.asajacyl.com\/valladolid\/asaja-valladolid-informa\/asaja-avila-segovia-y-valladolid-convocan-a-todos-los-viticultores-afectados-por-el-mildiu-a-una-concentracion-a-las-puertas-del-consejo-regulador-de-rueda"]}]},{"@type":"ImageObject","inLanguage":"es","@id":"https:\/\/www.asajacyl.com\/valladolid\/asaja-valladolid-informa\/asaja-avila-segovia-y-valladolid-convocan-a-todos-los-viticultores-afectados-por-el-mildiu-a-una-concentracion-a-las-puertas-del-consejo-regulador-de-rueda#primaryimage","url":"https:\/\/www.asajacyl.com\/valladolid\/wp-content\/uploads\/sites\/2\/2025\/09\/Imagen-de-archivo-de-la-anterior-Concentracion-ante-el-Consejo-Regulador-de-Rueda-en-2024-.jpg","contentUrl":"https:\/\/www.asajacyl.com\/valladolid\/wp-content\/uploads\/sites\/2\/2025\/09\/Imagen-de-archivo-de-la-anterior-Concentracion-ante-el-Consejo-Regulador-de-Rueda-en-2024-.jpg","width":2500,"height":1875,"caption":"Imagen de archivo de la anterior Concentraci\u00f3n ante el Consejo Regulador de Rueda en 2024"},{"@type":"BreadcrumbList","@id":"https:\/\/www.asajacyl.com\/valladolid\/asaja-valladolid-informa\/asaja-avila-segovia-y-valladolid-convocan-a-todos-los-viticultores-afectados-por-el-mildiu-a-una-concentracion-a-las-puertas-del-consejo-regulador-de-rueda#breadcrumb","itemListElement":[{"@type":"ListItem","position":1,"name":"Portada","item":"https:\/\/www.asajacyl.com\/valladolid\/"},{"@type":"ListItem","position":2,"name":"ASAJA \u00c1vila, Segovia y Valladolid convocan a todos los viticultores afectados por el mildiu a una concentraci\u00f3n a las puertas del Consejo Regulador de Rueda"}]},{"@type":"WebSite","@id":"https:\/\/www.asajacyl.com\/valladolid\/#website","url":"https:\/\/www.asajacyl.com\/valladolid\/","name":"ASAJA Valladolid","description":"Otro sitio m\u00e1s de Provincias ASAJA Castilla y Le\u00f3n","potentialAction":[{"@type":"SearchAction","target":{"@type":"EntryPoint","urlTemplate":"https:\/\/www.asajacyl.com\/valladolid\/?s={search_term_string}"},"query-input":{"@type":"PropertyValueSpecification","valueRequired":true,"valueName":"search_term_string"}}],"inLanguage":"es"},{"@type":"Person","@id":"https:\/\/www.asajacyl.com\/valladolid\/#\/schema\/person\/cf213adc3e576168b6850f7db054141e","name":"Mar\u00eda Natividad","image":{"@type":"ImageObject","inLanguage":"es","@id":"https:\/\/www.asajacyl.com\/valladolid\/#\/schema\/person\/image\/","url":"https:\/\/secure.gravatar.com\/avatar\/7f7b3c840c2af79feac78f5eeffefc45?s=96&d=mm&r=g","contentUrl":"https:\/\/secure.gravatar.com\/avatar\/7f7b3c840c2af79feac78f5eeffefc45?s=96&d=mm&r=g","caption":"Mar\u00eda Natividad"},"url":"https:\/\/www.asajacyl.com\/valladolid\/author\/natividadhh"}]}},"_links":{"self":[{"href":"https:\/\/www.asajacyl.com\/valladolid\/wp-json\/wp\/v2\/posts\/3870"}],"collection":[{"href":"https:\/\/www.asajacyl.com\/valladolid\/wp-json\/wp\/v2\/posts"}],"about":[{"href":"https:\/\/www.asajacyl.com\/valladolid\/wp-json\/wp\/v2\/types\/post"}],"author":[{"embeddable":true,"href":"https:\/\/www.asajacyl.com\/valladolid\/wp-json\/wp\/v2\/users\/13"}],"replies":[{"embeddable":true,"href":"https:\/\/www.asajacyl.com\/valladolid\/wp-json\/wp\/v2\/comments?post=3870"}],"version-history":[{"count":1,"href":"https:\/\/www.asajacyl.com\/valladolid\/wp-json\/wp\/v2\/posts\/3870\/revisions"}],"predecessor-version":[{"id":3873,"href":"https:\/\/www.asajacyl.com\/valladolid\/wp-json\/wp\/v2\/posts\/3870\/revisions\/3873"}],"wp:featuredmedia":[{"embeddable":true,"href":"https:\/\/www.asajacyl.com\/valladolid\/wp-json\/wp\/v2\/media\/3871"}],"wp:attachment":[{"href":"https:\/\/www.asajacyl.com\/valladolid\/wp-json\/wp\/v2\/media?parent=3870"}],"wp:term":[{"taxonomy":"category","embeddable":true,"href":"https:\/\/www.asajacyl.com\/valladolid\/wp-json\/wp\/v2\/categories?post=3870"},{"taxonomy":"post_tag","embeddable":true,"href":"https:\/\/www.asajacyl.com\/valladolid\/wp-json\/wp\/v2\/tags?post=3870"}],"curies":[{"name":"wp","href":"https:\/\/api.w.org\/{rel}","templated":true}]}}