{"id":3875,"date":"2025-09-22T16:40:05","date_gmt":"2025-09-22T14:40:05","guid":{"rendered":"https:\/\/www.asajacyl.com\/valladolid\/?p=3875"},"modified":"2025-09-22T16:40:08","modified_gmt":"2025-09-22T14:40:08","slug":"asaja-continua-su-lucha-por-conseguir-apoyo-economico-para-los-afectados-por-el-mildiu-en-toda-la-provincia","status":"publish","type":"post","link":"https:\/\/www.asajacyl.com\/valladolid\/asaja-valladolid-informa\/asaja-continua-su-lucha-por-conseguir-apoyo-economico-para-los-afectados-por-el-mildiu-en-toda-la-provincia","title":{"rendered":"ASAJA continua su lucha por conseguir apoyo econ\u00f3mico para los afectados por el mildiu en toda la provincia"},"content":{"rendered":"\n<p>ASAJA continua su lucha por conseguir apoyo econ\u00f3mico para los afectados por el Mildiu en toda la provincia. Una enfermedad f\u00fangica que ha arrasado con hasta el 95 % de la cosecha en algunas explotaciones.<\/p>\n\n\n\n<p>En concreto, las organizaciones provinciales de ASAJA \u00c1vila, Segovia y Valladolid se concentraron a las puertas del Consejo Regulador de Origen Rueda coincidiendo con la salida de la vuelta ciclista de esta localidad.<\/p>\n\n\n\n<p>El objetivo, visibilizar el problema econ\u00f3mico que tienen los viticultores que han perdido su cosecha de uva a causa del mildiu, principalmente en la C.R.D.O. Rueda y en el resto de zonas vit\u00edcolas como Cigales y la Ribera del Duero.<\/p>\n\n\n\n<p>Bajo el lema \u201capoyo econ\u00f3mico para los afectados por el mildiu\u201d, los manifestantes denunciaron la falta de soluciones por parte de las administraciones y reclamaron medidas concretas que permitan salvar la campa\u00f1a y garantizar la viabilidad de las explotaciones.<\/p>\n\n\n\n<p>ASAJA insiste en que las administraciones p\u00fablicas deben entender la excepcionalidad de la situaci\u00f3n. Al tratarse de una cat\u00e1strofe que no entra en la cobertura de los seguros actuales, los agricultores no pueden hacer frente por s\u00ed solos al hundimiento de la producci\u00f3n. Por ello, reclaman un plan de apoyo excepcional que incluya: ayudas econ\u00f3micas directas a los viticultores afectados, modificaci\u00f3n de las l\u00edneas de seguros agrarios para incluir el mildiu, reducci\u00f3n de m\u00f3dulos fiscales para el pr\u00f3ximo a\u00f1o y reuniones urgentes con Junta de Castilla y le\u00f3n y Ministerio de Agricultura para elaborar un plan de choque.<\/p>\n","protected":false},"excerpt":{"rendered":"<p>ASAJA continua su lucha por conseguir apoyo econ\u00f3mico para los afectados por el Mildiu en toda la provincia. Una enfermedad f\u00fangica que ha arrasado con hasta el 95 % de la cosecha en algunas explotaciones. En concreto, las organizaciones provinciales de ASAJA \u00c1vila, Segovia y Valladolid se concentraron a las puertas del Consejo Regulador de [&hellip;]<\/p>\n","protected":false},"author":13,"featured_media":3876,"comment_status":"open","ping_status":"open","sticky":false,"template":"","format":"standard","meta":{"footnotes":""},"categories":[8,21,20,9],"tags":[1072,70,961,962,58,319,665,79,386,195],"yoast_head":"<!-- This site is optimized with the Yoast SEO plugin v24.5 - https:\/\/yoast.com\/wordpress\/plugins\/seo\/ -->\n<title>ASAJA continua su lucha por conseguir apoyo econ\u00f3mico para los afectados por el mildiu en toda la provincia - ASAJA Valladolid<\/title>\n<meta name=\"description\" content=\"ASAJA continua su lucha por conseguir apoyo econ\u00f3mico para los afectados por el mildiu en toda la provincia\" \/>\n<meta name=\"robots\" content=\"index, follow, max-snippet:-1, max-image-preview:large, max-video-preview:-1\" \/>\n<link rel=\"canonical\" href=\"https:\/\/www.asajacyl.com\/valladolid\/asaja-valladolid-informa\/asaja-continua-su-lucha-por-conseguir-apoyo-economico-para-los-afectados-por-el-mildiu-en-toda-la-provincia\" \/>\n<meta property=\"og:locale\" content=\"es_ES\" \/>\n<meta property=\"og:type\" content=\"article\" \/>\n<meta property=\"og:title\" content=\"ASAJA continua su lucha por conseguir apoyo econ\u00f3mico para los afectados por el mildiu en toda la provincia - ASAJA Valladolid\" \/>\n<meta property=\"og:description\" content=\"ASAJA continua su lucha por conseguir apoyo econ\u00f3mico para los afectados por el mildiu en toda la provincia\" \/>\n<meta property=\"og:url\" content=\"https:\/\/www.asajacyl.com\/valladolid\/asaja-valladolid-informa\/asaja-continua-su-lucha-por-conseguir-apoyo-economico-para-los-afectados-por-el-mildiu-en-toda-la-provincia\" \/>\n<meta property=\"og:site_name\" content=\"ASAJA Valladolid\" \/>\n<meta property=\"article:published_time\" content=\"2025-09-22T14:40:05+00:00\" \/>\n<meta property=\"article:modified_time\" content=\"2025-09-22T14:40:08+00:00\" \/>\n<meta property=\"og:image\" content=\"https:\/\/www.asajacyl.com\/valladolid\/wp-content\/uploads\/sites\/2\/2025\/09\/concentracion-mildiu.jpg\" \/>\n\t<meta property=\"og:image:width\" content=\"2500\" \/>\n\t<meta property=\"og:image:height\" content=\"1671\" \/>\n\t<meta property=\"og:image:type\" content=\"image\/jpeg\" \/>\n<meta name=\"author\" content=\"Mar\u00eda Natividad\" \/>\n<meta name=\"twitter:card\" content=\"summary_large_image\" \/>\n<meta name=\"twitter:label1\" content=\"Escrito por\" \/>\n\t<meta name=\"twitter:data1\" content=\"Mar\u00eda Natividad\" \/>\n\t<meta name=\"twitter:label2\" content=\"Tiempo de lectura\" \/>\n\t<meta name=\"twitter:data2\" content=\"2 minutos\" \/>\n<script type=\"application\/ld+json\" class=\"yoast-schema-graph\">{\"@context\":\"https:\/\/schema.org\",\"@graph\":[{\"@type\":\"WebPage\",\"@id\":\"https:\/\/www.asajacyl.com\/valladolid\/asaja-valladolid-informa\/asaja-continua-su-lucha-por-conseguir-apoyo-economico-para-los-afectados-por-el-mildiu-en-toda-la-provincia\",\"url\":\"https:\/\/www.asajacyl.com\/valladolid\/asaja-valladolid-informa\/asaja-continua-su-lucha-por-conseguir-apoyo-economico-para-los-afectados-por-el-mildiu-en-toda-la-provincia\",\"name\":\"ASAJA continua su lucha por conseguir apoyo econ\u00f3mico para los afectados por el mildiu en toda la provincia - ASAJA Valladolid\",\"isPartOf\":{\"@id\":\"https:\/\/www.asajacyl.com\/valladolid\/#website\"},\"primaryImageOfPage\":{\"@id\":\"https:\/\/www.asajacyl.com\/valladolid\/asaja-valladolid-informa\/asaja-continua-su-lucha-por-conseguir-apoyo-economico-para-los-afectados-por-el-mildiu-en-toda-la-provincia#primaryimage\"},\"image\":{\"@id\":\"https:\/\/www.asajacyl.com\/valladolid\/asaja-valladolid-informa\/asaja-continua-su-lucha-por-conseguir-apoyo-economico-para-los-afectados-por-el-mildiu-en-toda-la-provincia#primaryimage\"},\"thumbnailUrl\":\"https:\/\/www.asajacyl.com\/valladolid\/wp-content\/uploads\/sites\/2\/2025\/09\/concentracion-mildiu.jpg\",\"datePublished\":\"2025-09-22T14:40:05+00:00\",\"dateModified\":\"2025-09-22T14:40:08+00:00\",\"author\":{\"@id\":\"https:\/\/www.asajacyl.com\/valladolid\/#\/schema\/person\/cf213adc3e576168b6850f7db054141e\"},\"description\":\"ASAJA continua su lucha por conseguir apoyo econ\u00f3mico para los afectados por el mildiu en toda la provincia\",\"breadcrumb\":{\"@id\":\"https:\/\/www.asajacyl.com\/valladolid\/asaja-valladolid-informa\/asaja-continua-su-lucha-por-conseguir-apoyo-economico-para-los-afectados-por-el-mildiu-en-toda-la-provincia#breadcrumb\"},\"inLanguage\":\"es\",\"potentialAction\":[{\"@type\":\"ReadAction\",\"target\":[\"https:\/\/www.asajacyl.com\/valladolid\/asaja-valladolid-informa\/asaja-continua-su-lucha-por-conseguir-apoyo-economico-para-los-afectados-por-el-mildiu-en-toda-la-provincia\"]}]},{\"@type\":\"ImageObject\",\"inLanguage\":\"es\",\"@id\":\"https:\/\/www.asajacyl.com\/valladolid\/asaja-valladolid-informa\/asaja-continua-su-lucha-por-conseguir-apoyo-economico-para-los-afectados-por-el-mildiu-en-toda-la-provincia#primaryimage\",\"url\":\"https:\/\/www.asajacyl.com\/valladolid\/wp-content\/uploads\/sites\/2\/2025\/09\/concentracion-mildiu.jpg\",\"contentUrl\":\"https:\/\/www.asajacyl.com\/valladolid\/wp-content\/uploads\/sites\/2\/2025\/09\/concentracion-mildiu.jpg\",\"width\":2500,\"height\":1671,\"caption\":\"ASAJA continua su lucha por conseguir apoyo econ\u00f3mico para los afectados por el mildiu en toda la provincia\"},{\"@type\":\"BreadcrumbList\",\"@id\":\"https:\/\/www.asajacyl.com\/valladolid\/asaja-valladolid-informa\/asaja-continua-su-lucha-por-conseguir-apoyo-economico-para-los-afectados-por-el-mildiu-en-toda-la-provincia#breadcrumb\",\"itemListElement\":[{\"@type\":\"ListItem\",\"position\":1,\"name\":\"Portada\",\"item\":\"https:\/\/www.asajacyl.com\/valladolid\/\"},{\"@type\":\"ListItem\",\"position\":2,\"name\":\"ASAJA continua su lucha por conseguir apoyo econ\u00f3mico para los afectados por el mildiu en toda la provincia\"}]},{\"@type\":\"WebSite\",\"@id\":\"https:\/\/www.asajacyl.com\/valladolid\/#website\",\"url\":\"https:\/\/www.asajacyl.com\/valladolid\/\",\"name\":\"ASAJA Valladolid\",\"description\":\"Otro sitio m\u00e1s de Provincias ASAJA Castilla y Le\u00f3n\",\"potentialAction\":[{\"@type\":\"SearchAction\",\"target\":{\"@type\":\"EntryPoint\",\"urlTemplate\":\"https:\/\/www.asajacyl.com\/valladolid\/?s={search_term_string}\"},\"query-input\":{\"@type\":\"PropertyValueSpecification\",\"valueRequired\":true,\"valueName\":\"search_term_string\"}}],\"inLanguage\":\"es\"},{\"@type\":\"Person\",\"@id\":\"https:\/\/www.asajacyl.com\/valladolid\/#\/schema\/person\/cf213adc3e576168b6850f7db054141e\",\"name\":\"Mar\u00eda Natividad\",\"image\":{\"@type\":\"ImageObject\",\"inLanguage\":\"es\",\"@id\":\"https:\/\/www.asajacyl.com\/valladolid\/#\/schema\/person\/image\/\",\"url\":\"https:\/\/secure.gravatar.com\/avatar\/7f7b3c840c2af79feac78f5eeffefc45?s=96&d=mm&r=g\",\"contentUrl\":\"https:\/\/secure.gravatar.com\/avatar\/7f7b3c840c2af79feac78f5eeffefc45?s=96&d=mm&r=g\",\"caption\":\"Mar\u00eda Natividad\"},\"url\":\"https:\/\/www.asajacyl.com\/valladolid\/author\/natividadhh\"}]}<\/script>\n<!-- \/ Yoast SEO plugin. -->","yoast_head_json":{"title":"ASAJA continua su lucha por conseguir apoyo econ\u00f3mico para los afectados por el mildiu en toda la provincia - ASAJA Valladolid","description":"ASAJA continua su lucha por conseguir apoyo econ\u00f3mico para los afectados por el mildiu en toda la provincia","robots":{"index":"index","follow":"follow","max-snippet":"max-snippet:-1","max-image-preview":"max-image-preview:large","max-video-preview":"max-video-preview:-1"},"canonical":"https:\/\/www.asajacyl.com\/valladolid\/asaja-valladolid-informa\/asaja-continua-su-lucha-por-conseguir-apoyo-economico-para-los-afectados-por-el-mildiu-en-toda-la-provincia","og_locale":"es_ES","og_type":"article","og_title":"ASAJA continua su lucha por conseguir apoyo econ\u00f3mico para los afectados por el mildiu en toda la provincia - ASAJA Valladolid","og_description":"ASAJA continua su lucha por conseguir apoyo econ\u00f3mico para los afectados por el mildiu en toda la provincia","og_url":"https:\/\/www.asajacyl.com\/valladolid\/asaja-valladolid-informa\/asaja-continua-su-lucha-por-conseguir-apoyo-economico-para-los-afectados-por-el-mildiu-en-toda-la-provincia","og_site_name":"ASAJA Valladolid","article_published_time":"2025-09-22T14:40:05+00:00","article_modified_time":"2025-09-22T14:40:08+00:00","og_image":[{"width":2500,"height":1671,"url":"https:\/\/www.asajacyl.com\/valladolid\/wp-content\/uploads\/sites\/2\/2025\/09\/concentracion-mildiu.jpg","type":"image\/jpeg"}],"author":"Mar\u00eda Natividad","twitter_card":"summary_large_image","twitter_misc":{"Escrito por":"Mar\u00eda Natividad","Tiempo de lectura":"2 minutos"},"schema":{"@context":"https:\/\/schema.org","@graph":[{"@type":"WebPage","@id":"https:\/\/www.asajacyl.com\/valladolid\/asaja-valladolid-informa\/asaja-continua-su-lucha-por-conseguir-apoyo-economico-para-los-afectados-por-el-mildiu-en-toda-la-provincia","url":"https:\/\/www.asajacyl.com\/valladolid\/asaja-valladolid-informa\/asaja-continua-su-lucha-por-conseguir-apoyo-economico-para-los-afectados-por-el-mildiu-en-toda-la-provincia","name":"ASAJA continua su lucha por conseguir apoyo econ\u00f3mico para los afectados por el mildiu en toda la provincia - ASAJA Valladolid","isPartOf":{"@id":"https:\/\/www.asajacyl.com\/valladolid\/#website"},"primaryImageOfPage":{"@id":"https:\/\/www.asajacyl.com\/valladolid\/asaja-valladolid-informa\/asaja-continua-su-lucha-por-conseguir-apoyo-economico-para-los-afectados-por-el-mildiu-en-toda-la-provincia#primaryimage"},"image":{"@id":"https:\/\/www.asajacyl.com\/valladolid\/asaja-valladolid-informa\/asaja-continua-su-lucha-por-conseguir-apoyo-economico-para-los-afectados-por-el-mildiu-en-toda-la-provincia#primaryimage"},"thumbnailUrl":"https:\/\/www.asajacyl.com\/valladolid\/wp-content\/uploads\/sites\/2\/2025\/09\/concentracion-mildiu.jpg","datePublished":"2025-09-22T14:40:05+00:00","dateModified":"2025-09-22T14:40:08+00:00","author":{"@id":"https:\/\/www.asajacyl.com\/valladolid\/#\/schema\/person\/cf213adc3e576168b6850f7db054141e"},"description":"ASAJA continua su lucha por conseguir apoyo econ\u00f3mico para los afectados por el mildiu en toda la provincia","breadcrumb":{"@id":"https:\/\/www.asajacyl.com\/valladolid\/asaja-valladolid-informa\/asaja-continua-su-lucha-por-conseguir-apoyo-economico-para-los-afectados-por-el-mildiu-en-toda-la-provincia#breadcrumb"},"inLanguage":"es","potentialAction":[{"@type":"ReadAction","target":["https:\/\/www.asajacyl.com\/valladolid\/asaja-valladolid-informa\/asaja-continua-su-lucha-por-conseguir-apoyo-economico-para-los-afectados-por-el-mildiu-en-toda-la-provincia"]}]},{"@type":"ImageObject","inLanguage":"es","@id":"https:\/\/www.asajacyl.com\/valladolid\/asaja-valladolid-informa\/asaja-continua-su-lucha-por-conseguir-apoyo-economico-para-los-afectados-por-el-mildiu-en-toda-la-provincia#primaryimage","url":"https:\/\/www.asajacyl.com\/valladolid\/wp-content\/uploads\/sites\/2\/2025\/09\/concentracion-mildiu.jpg","contentUrl":"https:\/\/www.asajacyl.com\/valladolid\/wp-content\/uploads\/sites\/2\/2025\/09\/concentracion-mildiu.jpg","width":2500,"height":1671,"caption":"ASAJA continua su lucha por conseguir apoyo econ\u00f3mico para los afectados por el mildiu en toda la provincia"},{"@type":"BreadcrumbList","@id":"https:\/\/www.asajacyl.com\/valladolid\/asaja-valladolid-informa\/asaja-continua-su-lucha-por-conseguir-apoyo-economico-para-los-afectados-por-el-mildiu-en-toda-la-provincia#breadcrumb","itemListElement":[{"@type":"ListItem","position":1,"name":"Portada","item":"https:\/\/www.asajacyl.com\/valladolid\/"},{"@type":"ListItem","position":2,"name":"ASAJA continua su lucha por conseguir apoyo econ\u00f3mico para los afectados por el mildiu en toda la provincia"}]},{"@type":"WebSite","@id":"https:\/\/www.asajacyl.com\/valladolid\/#website","url":"https:\/\/www.asajacyl.com\/valladolid\/","name":"ASAJA Valladolid","description":"Otro sitio m\u00e1s de Provincias ASAJA Castilla y Le\u00f3n","potentialAction":[{"@type":"SearchAction","target":{"@type":"EntryPoint","urlTemplate":"https:\/\/www.asajacyl.com\/valladolid\/?s={search_term_string}"},"query-input":{"@type":"PropertyValueSpecification","valueRequired":true,"valueName":"search_term_string"}}],"inLanguage":"es"},{"@type":"Person","@id":"https:\/\/www.asajacyl.com\/valladolid\/#\/schema\/person\/cf213adc3e576168b6850f7db054141e","name":"Mar\u00eda Natividad","image":{"@type":"ImageObject","inLanguage":"es","@id":"https:\/\/www.asajacyl.com\/valladolid\/#\/schema\/person\/image\/","url":"https:\/\/secure.gravatar.com\/avatar\/7f7b3c840c2af79feac78f5eeffefc45?s=96&d=mm&r=g","contentUrl":"https:\/\/secure.gravatar.com\/avatar\/7f7b3c840c2af79feac78f5eeffefc45?s=96&d=mm&r=g","caption":"Mar\u00eda Natividad"},"url":"https:\/\/www.asajacyl.com\/valladolid\/author\/natividadhh"}]}},"_links":{"self":[{"href":"https:\/\/www.asajacyl.com\/valladolid\/wp-json\/wp\/v2\/posts\/3875"}],"collection":[{"href":"https:\/\/www.asajacyl.com\/valladolid\/wp-json\/wp\/v2\/posts"}],"about":[{"href":"https:\/\/www.asajacyl.com\/valladolid\/wp-json\/wp\/v2\/types\/post"}],"author":[{"embeddable":true,"href":"https:\/\/www.asajacyl.com\/valladolid\/wp-json\/wp\/v2\/users\/13"}],"replies":[{"embeddable":true,"href":"https:\/\/www.asajacyl.com\/valladolid\/wp-json\/wp\/v2\/comments?post=3875"}],"version-history":[{"count":1,"href":"https:\/\/www.asajacyl.com\/valladolid\/wp-json\/wp\/v2\/posts\/3875\/revisions"}],"predecessor-version":[{"id":3877,"href":"https:\/\/www.asajacyl.com\/valladolid\/wp-json\/wp\/v2\/posts\/3875\/revisions\/3877"}],"wp:featuredmedia":[{"embeddable":true,"href":"https:\/\/www.asajacyl.com\/valladolid\/wp-json\/wp\/v2\/media\/3876"}],"wp:attachment":[{"href":"https:\/\/www.asajacyl.com\/valladolid\/wp-json\/wp\/v2\/media?parent=3875"}],"wp:term":[{"taxonomy":"category","embeddable":true,"href":"https:\/\/www.asajacyl.com\/valladolid\/wp-json\/wp\/v2\/categories?post=3875"},{"taxonomy":"post_tag","embeddable":true,"href":"https:\/\/www.asajacyl.com\/valladolid\/wp-json\/wp\/v2\/tags?post=3875"}],"curies":[{"name":"wp","href":"https:\/\/api.w.org\/{rel}","templated":true}]}}