{"id":3878,"date":"2025-09-25T07:48:30","date_gmt":"2025-09-25T05:48:30","guid":{"rendered":"https:\/\/www.asajacyl.com\/valladolid\/?p=3878"},"modified":"2025-09-25T07:49:05","modified_gmt":"2025-09-25T05:49:05","slug":"asaja-valladolid-denuncia-que-algunas-bodegas-en-la-ribera-del-duero-ofertan-contratos-por-debajo-de-los-costes-de-produccion","status":"publish","type":"post","link":"https:\/\/www.asajacyl.com\/valladolid\/asaja-valladolid-informa\/asaja-valladolid-denuncia-que-algunas-bodegas-en-la-ribera-del-duero-ofertan-contratos-por-debajo-de-los-costes-de-produccion","title":{"rendered":"ASAJA Valladolid denuncia que algunas bodegas en la Ribera del Duero ofertan contratos por debajo de los costes de producci\u00f3n"},"content":{"rendered":"\n<p><em><strong><mark class=\"has-inline-color has-vivid-green-cyan-color\">Esta organizaci\u00f3n profesional agraria critica que algunas bodegas en la Ribera del Duero ofertan contratos por debajo de los costes de producci\u00f3n que vulneran la Ley de la Cadena Alimentaria.<\/mark><\/strong><\/em><\/p>\n\n\n\n<p>La vendimia avanza en muchas de nuestras emblem\u00e1ticas denominaciones de origen pero una vez m\u00e1s el precio de la uva est\u00e1 en el punto de mira. ASAJA Valladolid denuncia que algunas bodegas en la Ribera del Duero est\u00e1n realizando ofertas muy por debajo de los costes de producci\u00f3n, lo que vulnera la Ley de la Cadena Alimentaria<\/p>\n\n\n\n<p>Para esta organizaci\u00f3n esta situaci\u00f3n es inasumible y pone en riesgo la viabilidad de productores y vi\u00f1edos, incluidos los emblem\u00e1ticos y centenarios que llegar\u00e1n a perderse si no se respetan unos precios dignos y que cubran los costes de producci\u00f3n. Para ASAJA, los viticultores, una y otra vez, no pueden ser el eslab\u00f3n que pague las consecuencias de un mayor stock de vino en las bodegas porque las ventas hayan acusado la incertidumbre de los aranceles al vino, los ataques a la cultura del vino, etc.\u201d<\/p>\n\n\n\n<p>Para ASAJA Valladolid, estas ofertas por debajo de los costes de producci\u00f3n que est\u00e1n realizando algunas bodegas, vulneran la Ley de la Cadena Alimentaria y son denunciables. \u201cPedimos que la Administraci\u00f3n entre de oficio y realice inspecciones para controlar estas malas pr\u00e1cticas de algunas bodegas porque la denuncia por parte de los viticultores es muy complicada debido al miedo a represalias si estos denuncian\u201d.<\/p>\n\n\n\n<p>ASAJA Valladolid se\u00f1ala que la imagen y la calidad de la Ribera del Duero se construye entre todos, sector productor y elaborador y que dejar de lado a los viticultores, sin que estos puedan percibir un precio digno por su cosecha, no crea marca.<\/p>\n\n\n\n<p>ASAJA Valladolid pide una reflexi\u00f3n a estas bodegas que pretenden saltarse la ley y oferten contratos que cubran los costes de producci\u00f3n. \u201cEstas ofertas a la baja no solo perjudican a los viticultores que han invertido mucho para sacar la cosecha de este a\u00f1o adelante, tambi\u00e9n, da\u00f1an al resto de bodegas que si retribuyen correctamente el esfuerzo y la calidad de las uvas que los viticultores entregan\u201d. Una cosecha de buena calidad, en un a\u00f1o en el que la climatolog\u00eda tan adversa, ha incrementado los costes de producci\u00f3n.<\/p>\n","protected":false},"excerpt":{"rendered":"<p>Esta organizaci\u00f3n profesional agraria critica que algunas bodegas en la Ribera del Duero ofertan contratos por debajo de los costes de producci\u00f3n que vulneran la Ley de la Cadena Alimentaria. La vendimia avanza en muchas de nuestras emblem\u00e1ticas denominaciones de origen pero una vez m\u00e1s el precio de la uva est\u00e1 en el punto de [&hellip;]<\/p>\n","protected":false},"author":13,"featured_media":3879,"comment_status":"open","ping_status":"open","sticky":false,"template":"","format":"standard","meta":{"footnotes":""},"categories":[8,21,20,9],"tags":[70,58,859,1073,79,704,386,264],"yoast_head":"<!-- This site is optimized with the Yoast SEO plugin v24.5 - https:\/\/yoast.com\/wordpress\/plugins\/seo\/ -->\n<title>ASAJA Valladolid denuncia que algunas bodegas en la Ribera del Duero ofertan contratos por debajo de los costes de producci\u00f3n - ASAJA Valladolid<\/title>\n<meta name=\"description\" content=\"ASAJA Valladolid denuncia que algunas bodegas en la Ribera del Duero ofertan contratos por debajo de los costes de producci\u00f3n\" \/>\n<meta name=\"robots\" content=\"index, follow, max-snippet:-1, max-image-preview:large, max-video-preview:-1\" \/>\n<link rel=\"canonical\" href=\"https:\/\/www.asajacyl.com\/valladolid\/asaja-valladolid-informa\/asaja-valladolid-denuncia-que-algunas-bodegas-en-la-ribera-del-duero-ofertan-contratos-por-debajo-de-los-costes-de-produccion\" \/>\n<meta property=\"og:locale\" content=\"es_ES\" \/>\n<meta property=\"og:type\" content=\"article\" \/>\n<meta property=\"og:title\" content=\"ASAJA Valladolid denuncia que algunas bodegas en la Ribera del Duero ofertan contratos por debajo de los costes de producci\u00f3n - ASAJA Valladolid\" \/>\n<meta property=\"og:description\" content=\"ASAJA Valladolid denuncia que algunas bodegas en la Ribera del Duero ofertan contratos por debajo de los costes de producci\u00f3n\" \/>\n<meta property=\"og:url\" content=\"https:\/\/www.asajacyl.com\/valladolid\/asaja-valladolid-informa\/asaja-valladolid-denuncia-que-algunas-bodegas-en-la-ribera-del-duero-ofertan-contratos-por-debajo-de-los-costes-de-produccion\" \/>\n<meta property=\"og:site_name\" content=\"ASAJA Valladolid\" \/>\n<meta property=\"article:published_time\" content=\"2025-09-25T05:48:30+00:00\" \/>\n<meta property=\"article:modified_time\" content=\"2025-09-25T05:49:05+00:00\" \/>\n<meta property=\"og:image\" content=\"https:\/\/www.asajacyl.com\/valladolid\/wp-content\/uploads\/sites\/2\/2025\/09\/Una-imagen-de-esta-vendimia-en-la-Ribera-del-Duero.jpg\" \/>\n\t<meta property=\"og:image:width\" content=\"1204\" \/>\n\t<meta property=\"og:image:height\" content=\"1600\" \/>\n\t<meta property=\"og:image:type\" content=\"image\/jpeg\" \/>\n<meta name=\"author\" content=\"Mar\u00eda Natividad\" \/>\n<meta name=\"twitter:card\" content=\"summary_large_image\" \/>\n<meta name=\"twitter:label1\" content=\"Escrito por\" \/>\n\t<meta name=\"twitter:data1\" content=\"Mar\u00eda Natividad\" \/>\n\t<meta name=\"twitter:label2\" content=\"Tiempo de lectura\" \/>\n\t<meta name=\"twitter:data2\" content=\"2 minutos\" \/>\n<script type=\"application\/ld+json\" class=\"yoast-schema-graph\">{\"@context\":\"https:\/\/schema.org\",\"@graph\":[{\"@type\":\"WebPage\",\"@id\":\"https:\/\/www.asajacyl.com\/valladolid\/asaja-valladolid-informa\/asaja-valladolid-denuncia-que-algunas-bodegas-en-la-ribera-del-duero-ofertan-contratos-por-debajo-de-los-costes-de-produccion\",\"url\":\"https:\/\/www.asajacyl.com\/valladolid\/asaja-valladolid-informa\/asaja-valladolid-denuncia-que-algunas-bodegas-en-la-ribera-del-duero-ofertan-contratos-por-debajo-de-los-costes-de-produccion\",\"name\":\"ASAJA Valladolid denuncia que algunas bodegas en la Ribera del Duero ofertan contratos por debajo de los costes de producci\u00f3n - ASAJA Valladolid\",\"isPartOf\":{\"@id\":\"https:\/\/www.asajacyl.com\/valladolid\/#website\"},\"primaryImageOfPage\":{\"@id\":\"https:\/\/www.asajacyl.com\/valladolid\/asaja-valladolid-informa\/asaja-valladolid-denuncia-que-algunas-bodegas-en-la-ribera-del-duero-ofertan-contratos-por-debajo-de-los-costes-de-produccion#primaryimage\"},\"image\":{\"@id\":\"https:\/\/www.asajacyl.com\/valladolid\/asaja-valladolid-informa\/asaja-valladolid-denuncia-que-algunas-bodegas-en-la-ribera-del-duero-ofertan-contratos-por-debajo-de-los-costes-de-produccion#primaryimage\"},\"thumbnailUrl\":\"https:\/\/www.asajacyl.com\/valladolid\/wp-content\/uploads\/sites\/2\/2025\/09\/Una-imagen-de-esta-vendimia-en-la-Ribera-del-Duero.jpg\",\"datePublished\":\"2025-09-25T05:48:30+00:00\",\"dateModified\":\"2025-09-25T05:49:05+00:00\",\"author\":{\"@id\":\"https:\/\/www.asajacyl.com\/valladolid\/#\/schema\/person\/cf213adc3e576168b6850f7db054141e\"},\"description\":\"ASAJA Valladolid denuncia que algunas bodegas en la Ribera del Duero ofertan contratos por debajo de los costes de producci\u00f3n\",\"breadcrumb\":{\"@id\":\"https:\/\/www.asajacyl.com\/valladolid\/asaja-valladolid-informa\/asaja-valladolid-denuncia-que-algunas-bodegas-en-la-ribera-del-duero-ofertan-contratos-por-debajo-de-los-costes-de-produccion#breadcrumb\"},\"inLanguage\":\"es\",\"potentialAction\":[{\"@type\":\"ReadAction\",\"target\":[\"https:\/\/www.asajacyl.com\/valladolid\/asaja-valladolid-informa\/asaja-valladolid-denuncia-que-algunas-bodegas-en-la-ribera-del-duero-ofertan-contratos-por-debajo-de-los-costes-de-produccion\"]}]},{\"@type\":\"ImageObject\",\"inLanguage\":\"es\",\"@id\":\"https:\/\/www.asajacyl.com\/valladolid\/asaja-valladolid-informa\/asaja-valladolid-denuncia-que-algunas-bodegas-en-la-ribera-del-duero-ofertan-contratos-por-debajo-de-los-costes-de-produccion#primaryimage\",\"url\":\"https:\/\/www.asajacyl.com\/valladolid\/wp-content\/uploads\/sites\/2\/2025\/09\/Una-imagen-de-esta-vendimia-en-la-Ribera-del-Duero.jpg\",\"contentUrl\":\"https:\/\/www.asajacyl.com\/valladolid\/wp-content\/uploads\/sites\/2\/2025\/09\/Una-imagen-de-esta-vendimia-en-la-Ribera-del-Duero.jpg\",\"width\":1204,\"height\":1600,\"caption\":\"ASAJA Valladolid denuncia que algunas bodegas en la Ribera del Duero ofertan contratos por debajo de los costes de producci\u00f3n\"},{\"@type\":\"BreadcrumbList\",\"@id\":\"https:\/\/www.asajacyl.com\/valladolid\/asaja-valladolid-informa\/asaja-valladolid-denuncia-que-algunas-bodegas-en-la-ribera-del-duero-ofertan-contratos-por-debajo-de-los-costes-de-produccion#breadcrumb\",\"itemListElement\":[{\"@type\":\"ListItem\",\"position\":1,\"name\":\"Portada\",\"item\":\"https:\/\/www.asajacyl.com\/valladolid\/\"},{\"@type\":\"ListItem\",\"position\":2,\"name\":\"ASAJA Valladolid denuncia que algunas bodegas en la Ribera del Duero ofertan contratos por debajo de los costes de producci\u00f3n\"}]},{\"@type\":\"WebSite\",\"@id\":\"https:\/\/www.asajacyl.com\/valladolid\/#website\",\"url\":\"https:\/\/www.asajacyl.com\/valladolid\/\",\"name\":\"ASAJA Valladolid\",\"description\":\"Otro sitio m\u00e1s de Provincias ASAJA Castilla y Le\u00f3n\",\"potentialAction\":[{\"@type\":\"SearchAction\",\"target\":{\"@type\":\"EntryPoint\",\"urlTemplate\":\"https:\/\/www.asajacyl.com\/valladolid\/?s={search_term_string}\"},\"query-input\":{\"@type\":\"PropertyValueSpecification\",\"valueRequired\":true,\"valueName\":\"search_term_string\"}}],\"inLanguage\":\"es\"},{\"@type\":\"Person\",\"@id\":\"https:\/\/www.asajacyl.com\/valladolid\/#\/schema\/person\/cf213adc3e576168b6850f7db054141e\",\"name\":\"Mar\u00eda Natividad\",\"image\":{\"@type\":\"ImageObject\",\"inLanguage\":\"es\",\"@id\":\"https:\/\/www.asajacyl.com\/valladolid\/#\/schema\/person\/image\/\",\"url\":\"https:\/\/secure.gravatar.com\/avatar\/7f7b3c840c2af79feac78f5eeffefc45?s=96&d=mm&r=g\",\"contentUrl\":\"https:\/\/secure.gravatar.com\/avatar\/7f7b3c840c2af79feac78f5eeffefc45?s=96&d=mm&r=g\",\"caption\":\"Mar\u00eda Natividad\"},\"url\":\"https:\/\/www.asajacyl.com\/valladolid\/author\/natividadhh\"}]}<\/script>\n<!-- \/ Yoast SEO plugin. -->","yoast_head_json":{"title":"ASAJA Valladolid denuncia que algunas bodegas en la Ribera del Duero ofertan contratos por debajo de los costes de producci\u00f3n - ASAJA Valladolid","description":"ASAJA Valladolid denuncia que algunas bodegas en la Ribera del Duero ofertan contratos por debajo de los costes de producci\u00f3n","robots":{"index":"index","follow":"follow","max-snippet":"max-snippet:-1","max-image-preview":"max-image-preview:large","max-video-preview":"max-video-preview:-1"},"canonical":"https:\/\/www.asajacyl.com\/valladolid\/asaja-valladolid-informa\/asaja-valladolid-denuncia-que-algunas-bodegas-en-la-ribera-del-duero-ofertan-contratos-por-debajo-de-los-costes-de-produccion","og_locale":"es_ES","og_type":"article","og_title":"ASAJA Valladolid denuncia que algunas bodegas en la Ribera del Duero ofertan contratos por debajo de los costes de producci\u00f3n - ASAJA Valladolid","og_description":"ASAJA Valladolid denuncia que algunas bodegas en la Ribera del Duero ofertan contratos por debajo de los costes de producci\u00f3n","og_url":"https:\/\/www.asajacyl.com\/valladolid\/asaja-valladolid-informa\/asaja-valladolid-denuncia-que-algunas-bodegas-en-la-ribera-del-duero-ofertan-contratos-por-debajo-de-los-costes-de-produccion","og_site_name":"ASAJA Valladolid","article_published_time":"2025-09-25T05:48:30+00:00","article_modified_time":"2025-09-25T05:49:05+00:00","og_image":[{"width":1204,"height":1600,"url":"https:\/\/www.asajacyl.com\/valladolid\/wp-content\/uploads\/sites\/2\/2025\/09\/Una-imagen-de-esta-vendimia-en-la-Ribera-del-Duero.jpg","type":"image\/jpeg"}],"author":"Mar\u00eda Natividad","twitter_card":"summary_large_image","twitter_misc":{"Escrito por":"Mar\u00eda Natividad","Tiempo de lectura":"2 minutos"},"schema":{"@context":"https:\/\/schema.org","@graph":[{"@type":"WebPage","@id":"https:\/\/www.asajacyl.com\/valladolid\/asaja-valladolid-informa\/asaja-valladolid-denuncia-que-algunas-bodegas-en-la-ribera-del-duero-ofertan-contratos-por-debajo-de-los-costes-de-produccion","url":"https:\/\/www.asajacyl.com\/valladolid\/asaja-valladolid-informa\/asaja-valladolid-denuncia-que-algunas-bodegas-en-la-ribera-del-duero-ofertan-contratos-por-debajo-de-los-costes-de-produccion","name":"ASAJA Valladolid denuncia que algunas bodegas en la Ribera del Duero ofertan contratos por debajo de los costes de producci\u00f3n - ASAJA Valladolid","isPartOf":{"@id":"https:\/\/www.asajacyl.com\/valladolid\/#website"},"primaryImageOfPage":{"@id":"https:\/\/www.asajacyl.com\/valladolid\/asaja-valladolid-informa\/asaja-valladolid-denuncia-que-algunas-bodegas-en-la-ribera-del-duero-ofertan-contratos-por-debajo-de-los-costes-de-produccion#primaryimage"},"image":{"@id":"https:\/\/www.asajacyl.com\/valladolid\/asaja-valladolid-informa\/asaja-valladolid-denuncia-que-algunas-bodegas-en-la-ribera-del-duero-ofertan-contratos-por-debajo-de-los-costes-de-produccion#primaryimage"},"thumbnailUrl":"https:\/\/www.asajacyl.com\/valladolid\/wp-content\/uploads\/sites\/2\/2025\/09\/Una-imagen-de-esta-vendimia-en-la-Ribera-del-Duero.jpg","datePublished":"2025-09-25T05:48:30+00:00","dateModified":"2025-09-25T05:49:05+00:00","author":{"@id":"https:\/\/www.asajacyl.com\/valladolid\/#\/schema\/person\/cf213adc3e576168b6850f7db054141e"},"description":"ASAJA Valladolid denuncia que algunas bodegas en la Ribera del Duero ofertan contratos por debajo de los costes de producci\u00f3n","breadcrumb":{"@id":"https:\/\/www.asajacyl.com\/valladolid\/asaja-valladolid-informa\/asaja-valladolid-denuncia-que-algunas-bodegas-en-la-ribera-del-duero-ofertan-contratos-por-debajo-de-los-costes-de-produccion#breadcrumb"},"inLanguage":"es","potentialAction":[{"@type":"ReadAction","target":["https:\/\/www.asajacyl.com\/valladolid\/asaja-valladolid-informa\/asaja-valladolid-denuncia-que-algunas-bodegas-en-la-ribera-del-duero-ofertan-contratos-por-debajo-de-los-costes-de-produccion"]}]},{"@type":"ImageObject","inLanguage":"es","@id":"https:\/\/www.asajacyl.com\/valladolid\/asaja-valladolid-informa\/asaja-valladolid-denuncia-que-algunas-bodegas-en-la-ribera-del-duero-ofertan-contratos-por-debajo-de-los-costes-de-produccion#primaryimage","url":"https:\/\/www.asajacyl.com\/valladolid\/wp-content\/uploads\/sites\/2\/2025\/09\/Una-imagen-de-esta-vendimia-en-la-Ribera-del-Duero.jpg","contentUrl":"https:\/\/www.asajacyl.com\/valladolid\/wp-content\/uploads\/sites\/2\/2025\/09\/Una-imagen-de-esta-vendimia-en-la-Ribera-del-Duero.jpg","width":1204,"height":1600,"caption":"ASAJA Valladolid denuncia que algunas bodegas en la Ribera del Duero ofertan contratos por debajo de los costes de producci\u00f3n"},{"@type":"BreadcrumbList","@id":"https:\/\/www.asajacyl.com\/valladolid\/asaja-valladolid-informa\/asaja-valladolid-denuncia-que-algunas-bodegas-en-la-ribera-del-duero-ofertan-contratos-por-debajo-de-los-costes-de-produccion#breadcrumb","itemListElement":[{"@type":"ListItem","position":1,"name":"Portada","item":"https:\/\/www.asajacyl.com\/valladolid\/"},{"@type":"ListItem","position":2,"name":"ASAJA Valladolid denuncia que algunas bodegas en la Ribera del Duero ofertan contratos por debajo de los costes de producci\u00f3n"}]},{"@type":"WebSite","@id":"https:\/\/www.asajacyl.com\/valladolid\/#website","url":"https:\/\/www.asajacyl.com\/valladolid\/","name":"ASAJA Valladolid","description":"Otro sitio m\u00e1s de Provincias ASAJA Castilla y Le\u00f3n","potentialAction":[{"@type":"SearchAction","target":{"@type":"EntryPoint","urlTemplate":"https:\/\/www.asajacyl.com\/valladolid\/?s={search_term_string}"},"query-input":{"@type":"PropertyValueSpecification","valueRequired":true,"valueName":"search_term_string"}}],"inLanguage":"es"},{"@type":"Person","@id":"https:\/\/www.asajacyl.com\/valladolid\/#\/schema\/person\/cf213adc3e576168b6850f7db054141e","name":"Mar\u00eda Natividad","image":{"@type":"ImageObject","inLanguage":"es","@id":"https:\/\/www.asajacyl.com\/valladolid\/#\/schema\/person\/image\/","url":"https:\/\/secure.gravatar.com\/avatar\/7f7b3c840c2af79feac78f5eeffefc45?s=96&d=mm&r=g","contentUrl":"https:\/\/secure.gravatar.com\/avatar\/7f7b3c840c2af79feac78f5eeffefc45?s=96&d=mm&r=g","caption":"Mar\u00eda Natividad"},"url":"https:\/\/www.asajacyl.com\/valladolid\/author\/natividadhh"}]}},"_links":{"self":[{"href":"https:\/\/www.asajacyl.com\/valladolid\/wp-json\/wp\/v2\/posts\/3878"}],"collection":[{"href":"https:\/\/www.asajacyl.com\/valladolid\/wp-json\/wp\/v2\/posts"}],"about":[{"href":"https:\/\/www.asajacyl.com\/valladolid\/wp-json\/wp\/v2\/types\/post"}],"author":[{"embeddable":true,"href":"https:\/\/www.asajacyl.com\/valladolid\/wp-json\/wp\/v2\/users\/13"}],"replies":[{"embeddable":true,"href":"https:\/\/www.asajacyl.com\/valladolid\/wp-json\/wp\/v2\/comments?post=3878"}],"version-history":[{"count":2,"href":"https:\/\/www.asajacyl.com\/valladolid\/wp-json\/wp\/v2\/posts\/3878\/revisions"}],"predecessor-version":[{"id":3881,"href":"https:\/\/www.asajacyl.com\/valladolid\/wp-json\/wp\/v2\/posts\/3878\/revisions\/3881"}],"wp:featuredmedia":[{"embeddable":true,"href":"https:\/\/www.asajacyl.com\/valladolid\/wp-json\/wp\/v2\/media\/3879"}],"wp:attachment":[{"href":"https:\/\/www.asajacyl.com\/valladolid\/wp-json\/wp\/v2\/media?parent=3878"}],"wp:term":[{"taxonomy":"category","embeddable":true,"href":"https:\/\/www.asajacyl.com\/valladolid\/wp-json\/wp\/v2\/categories?post=3878"},{"taxonomy":"post_tag","embeddable":true,"href":"https:\/\/www.asajacyl.com\/valladolid\/wp-json\/wp\/v2\/tags?post=3878"}],"curies":[{"name":"wp","href":"https:\/\/api.w.org\/{rel}","templated":true}]}}