{"id":3891,"date":"2025-10-10T10:17:28","date_gmt":"2025-10-10T08:17:28","guid":{"rendered":"https:\/\/www.asajacyl.com\/valladolid\/?p=3891"},"modified":"2025-10-10T10:17:30","modified_gmt":"2025-10-10T08:17:30","slug":"asaja-avila-segovia-y-valladolid-piden-a-la-junta-de-castilla-y-leon-que-apoye-a-los-viticultores-frente-al-mildiu-como-ya-hacen-andalucia-y-alava","status":"publish","type":"post","link":"https:\/\/www.asajacyl.com\/valladolid\/asaja-valladolid-informa\/asaja-avila-segovia-y-valladolid-piden-a-la-junta-de-castilla-y-leon-que-apoye-a-los-viticultores-frente-al-mildiu-como-ya-hacen-andalucia-y-alava","title":{"rendered":"ASAJA \u00c1vila, Segovia y Valladolid piden a la Junta de Castilla y Le\u00f3n que apoye a los viticultores frente al mildiu como ya hacen Andaluc\u00eda y \u00c1lava"},"content":{"rendered":"\n<p><em><strong><mark class=\"has-inline-color has-vivid-green-cyan-color\">Mientras otras comunidades ya han habilitado fondos, ASAJA pide a la Junta que act\u00fae de inmediato para no dejar atr\u00e1s a los viticultores de nuestra regi\u00f3n<\/mark><\/strong><\/em><\/p>\n\n\n\n<p><\/p>\n\n\n\n<p>Las organizaciones provinciales de <strong>ASAJA \u00c1vila, Segovia y Valladolid<\/strong> reclaman a la <strong>Junta de Castilla y Le\u00f3n<\/strong> que act\u00fae con la misma rapidez y sensibilidad que han mostrado otras administraciones auton\u00f3micas, como la <strong>Junta de Andaluc\u00eda<\/strong> y la <strong>Diputaci\u00f3n Foral de \u00c1lava<\/strong>, y ponga en marcha <strong>una l\u00ednea extraordinaria de ayudas para los viticultores afectados por el mildiu<\/strong> en la comunidad.<\/p>\n\n\n\n<p>Este verano, el <strong>mildiu ha causado da\u00f1os severos<\/strong> en numerosas explotaciones vit\u00edcolas de Castilla y Le\u00f3n, con especial incidencia en zonas de <strong>Rueda, Ribera del Duero, Cigales y otras denominaciones de origen<\/strong>, provocando <strong>p\u00e9rdidas de cosecha y un fuerte aumento de costes<\/strong> de tratamientos y prevenci\u00f3n. Muchos viticultores se han quedado sin cosecha y sin cobertura del seguro agrario, ya que esta enfermedad no est\u00e1 completamente protegida por las p\u00f3lizas actuales.<\/p>\n\n\n\n<p>Solo en Rueda, la denominaci\u00f3n m\u00e1s afectada, la cosecha de 2025 en la D.O. Rueda se vio perjudicada por el mildiu y las altas temperaturas, provocando una merma del 17% respecto a 2024 y 3.800 hect\u00e1reas afectadas este a\u00f1o.<\/p>\n\n\n\n<figure class=\"wp-block-image size-large\"><img loading=\"lazy\" decoding=\"async\" width=\"1024\" height=\"1024\" src=\"https:\/\/www.asajacyl.com\/valladolid\/wp-content\/uploads\/sites\/2\/2025\/10\/Vinedo-afectado-por-el-mildiu-1-1024x1024.jpg\" alt=\"\" class=\"wp-image-3893\" srcset=\"https:\/\/www.asajacyl.com\/valladolid\/wp-content\/uploads\/sites\/2\/2025\/10\/Vinedo-afectado-por-el-mildiu-1-1024x1024.jpg 1024w, https:\/\/www.asajacyl.com\/valladolid\/wp-content\/uploads\/sites\/2\/2025\/10\/Vinedo-afectado-por-el-mildiu-1-300x300.jpg 300w, https:\/\/www.asajacyl.com\/valladolid\/wp-content\/uploads\/sites\/2\/2025\/10\/Vinedo-afectado-por-el-mildiu-1-150x150.jpg 150w, https:\/\/www.asajacyl.com\/valladolid\/wp-content\/uploads\/sites\/2\/2025\/10\/Vinedo-afectado-por-el-mildiu-1-768x768.jpg 768w, https:\/\/www.asajacyl.com\/valladolid\/wp-content\/uploads\/sites\/2\/2025\/10\/Vinedo-afectado-por-el-mildiu-1-1536x1536.jpg 1536w, https:\/\/www.asajacyl.com\/valladolid\/wp-content\/uploads\/sites\/2\/2025\/10\/Vinedo-afectado-por-el-mildiu-1-420x420.jpg 420w, https:\/\/www.asajacyl.com\/valladolid\/wp-content\/uploads\/sites\/2\/2025\/10\/Vinedo-afectado-por-el-mildiu-1-696x696.jpg 696w, https:\/\/www.asajacyl.com\/valladolid\/wp-content\/uploads\/sites\/2\/2025\/10\/Vinedo-afectado-por-el-mildiu-1-1068x1068.jpg 1068w, https:\/\/www.asajacyl.com\/valladolid\/wp-content\/uploads\/sites\/2\/2025\/10\/Vinedo-afectado-por-el-mildiu-1-1920x1920.jpg 1920w, https:\/\/www.asajacyl.com\/valladolid\/wp-content\/uploads\/sites\/2\/2025\/10\/Vinedo-afectado-por-el-mildiu-1.jpg 2048w\" sizes=\"(max-width: 1024px) 100vw, 1024px\" \/><\/figure>\n\n\n\n<p>La <strong>Junta de Andaluc\u00eda<\/strong> ha aprobado recientemente un paquete de ayudas por valor de <strong>22 millones de euros<\/strong> para compensar las p\u00e9rdidas provocadas por enfermedades en cultivos y ganader\u00edas, incluyendo el mildiu. Por su parte, la <strong>Diputaci\u00f3n Foral de \u00c1lava<\/strong> ha anunciado una ayuda espec\u00edfica para los viticultores de la <strong>Rioja Alavesa<\/strong>, destinada a sufragar los sobrecostes por enfermedades no cubiertas por el seguro.<\/p>\n\n\n\n<p>\u201cNo es de recibo que mientras otras comunidades reaccionan con rapidez, en Castilla y Le\u00f3n los viticultores est\u00e9n soportando solos las p\u00e9rdidas. Pedimos a la Junta que no deje a nuestros agricultores atr\u00e1s\u201d, declara <strong>Juan Ram\u00f3n Alonso<\/strong>, presidente de <strong>ASAJA Valladolid<\/strong>.<\/p>\n\n\n\n<p>Desde ASAJA recuerdan que el vi\u00f1edo es un <strong>pilar econ\u00f3mico y social en el medio rural<\/strong>, generando empleo directo y fijando poblaci\u00f3n en el territorio. \u201cEl mildiu ha golpeado duro este a\u00f1o y los viticultores necesitan apoyo ya. <strong>La Junta debe habilitar ayudas urgentes y espec\u00edficas<\/strong>, no promesas a largo plazo\u201d, subraya <strong>C\u00e9sar Monjas<\/strong>, presidente de <strong>ASAJA Segovia<\/strong>.<\/p>\n\n\n\n<p>Adem\u00e1s, ASAJA solicita que estas ayudas se <strong>tramiten de forma \u00e1gil y sencilla<\/strong>, evitando tr\u00e1mites burocr\u00e1ticos que retrasen su llegada al campo.<\/p>\n\n\n\n<p>\u201cEn \u00c1vila, Segovia y Valladolid tenemos vi\u00f1edos de enorme valor y familias que viven de ellos. <strong>Reclamamos un trato justo y equitativo con respecto al resto de Espa\u00f1a<\/strong>\u201d, concluye <strong>Joaqu\u00edn Antonio Pino<\/strong>, presidente de <strong>ASAJA \u00c1vila<\/strong>.<\/p>\n","protected":false},"excerpt":{"rendered":"<p>Mientras otras comunidades ya han habilitado fondos, ASAJA pide a la Junta que act\u00fae de inmediato para no dejar atr\u00e1s a los viticultores de nuestra regi\u00f3n Las organizaciones provinciales de ASAJA \u00c1vila, Segovia y Valladolid reclaman a la Junta de Castilla y Le\u00f3n que act\u00fae con la misma rapidez y sensibilidad que han mostrado otras [&hellip;]<\/p>\n","protected":false},"author":13,"featured_media":3892,"comment_status":"open","ping_status":"open","sticky":false,"template":"","format":"standard","meta":{"footnotes":""},"categories":[8,21,20,9],"tags":[1080,70,58,79,562,1055,386,195,133],"yoast_head":"<!-- This site is optimized with the Yoast SEO plugin v24.5 - https:\/\/yoast.com\/wordpress\/plugins\/seo\/ -->\n<title>ASAJA \u00c1vila, Segovia y Valladolid piden a la Junta de Castilla y Le\u00f3n que apoye a los viticultores frente al mildiu como ya hacen Andaluc\u00eda y \u00c1lava - ASAJA Valladolid<\/title>\n<meta name=\"description\" content=\"ASAJA \u00c1vila, Segovia y Valladolid piden a la Junta de Castilla y Le\u00f3n que apoye a los viticultores frente al mildiu como ya hacen Andaluc\u00eda y \u00c1lava\" \/>\n<meta name=\"robots\" content=\"index, follow, max-snippet:-1, max-image-preview:large, max-video-preview:-1\" \/>\n<link rel=\"canonical\" href=\"https:\/\/www.asajacyl.com\/valladolid\/asaja-valladolid-informa\/asaja-avila-segovia-y-valladolid-piden-a-la-junta-de-castilla-y-leon-que-apoye-a-los-viticultores-frente-al-mildiu-como-ya-hacen-andalucia-y-alava\" \/>\n<meta property=\"og:locale\" content=\"es_ES\" \/>\n<meta property=\"og:type\" content=\"article\" \/>\n<meta property=\"og:title\" content=\"ASAJA \u00c1vila, Segovia y Valladolid piden a la Junta de Castilla y Le\u00f3n que apoye a los viticultores frente al mildiu como ya hacen Andaluc\u00eda y \u00c1lava - ASAJA Valladolid\" \/>\n<meta property=\"og:description\" content=\"ASAJA \u00c1vila, Segovia y Valladolid piden a la Junta de Castilla y Le\u00f3n que apoye a los viticultores frente al mildiu como ya hacen Andaluc\u00eda y \u00c1lava\" \/>\n<meta property=\"og:url\" content=\"https:\/\/www.asajacyl.com\/valladolid\/asaja-valladolid-informa\/asaja-avila-segovia-y-valladolid-piden-a-la-junta-de-castilla-y-leon-que-apoye-a-los-viticultores-frente-al-mildiu-como-ya-hacen-andalucia-y-alava\" \/>\n<meta property=\"og:site_name\" content=\"ASAJA Valladolid\" \/>\n<meta property=\"article:published_time\" content=\"2025-10-10T08:17:28+00:00\" \/>\n<meta property=\"article:modified_time\" content=\"2025-10-10T08:17:30+00:00\" \/>\n<meta property=\"og:image\" content=\"https:\/\/www.asajacyl.com\/valladolid\/wp-content\/uploads\/sites\/2\/2025\/10\/vinedo-afectado-por-el-mildiu-2.jpg\" \/>\n\t<meta property=\"og:image:width\" content=\"899\" \/>\n\t<meta property=\"og:image:height\" content=\"1599\" \/>\n\t<meta property=\"og:image:type\" content=\"image\/jpeg\" \/>\n<meta name=\"author\" content=\"Mar\u00eda Natividad\" \/>\n<meta name=\"twitter:card\" content=\"summary_large_image\" \/>\n<meta name=\"twitter:label1\" content=\"Escrito por\" \/>\n\t<meta name=\"twitter:data1\" content=\"Mar\u00eda Natividad\" \/>\n\t<meta name=\"twitter:label2\" content=\"Tiempo de lectura\" \/>\n\t<meta name=\"twitter:data2\" content=\"3 minutos\" \/>\n<script type=\"application\/ld+json\" class=\"yoast-schema-graph\">{\"@context\":\"https:\/\/schema.org\",\"@graph\":[{\"@type\":\"WebPage\",\"@id\":\"https:\/\/www.asajacyl.com\/valladolid\/asaja-valladolid-informa\/asaja-avila-segovia-y-valladolid-piden-a-la-junta-de-castilla-y-leon-que-apoye-a-los-viticultores-frente-al-mildiu-como-ya-hacen-andalucia-y-alava\",\"url\":\"https:\/\/www.asajacyl.com\/valladolid\/asaja-valladolid-informa\/asaja-avila-segovia-y-valladolid-piden-a-la-junta-de-castilla-y-leon-que-apoye-a-los-viticultores-frente-al-mildiu-como-ya-hacen-andalucia-y-alava\",\"name\":\"ASAJA \u00c1vila, Segovia y Valladolid piden a la Junta de Castilla y Le\u00f3n que apoye a los viticultores frente al mildiu como ya hacen Andaluc\u00eda y \u00c1lava - ASAJA Valladolid\",\"isPartOf\":{\"@id\":\"https:\/\/www.asajacyl.com\/valladolid\/#website\"},\"primaryImageOfPage\":{\"@id\":\"https:\/\/www.asajacyl.com\/valladolid\/asaja-valladolid-informa\/asaja-avila-segovia-y-valladolid-piden-a-la-junta-de-castilla-y-leon-que-apoye-a-los-viticultores-frente-al-mildiu-como-ya-hacen-andalucia-y-alava#primaryimage\"},\"image\":{\"@id\":\"https:\/\/www.asajacyl.com\/valladolid\/asaja-valladolid-informa\/asaja-avila-segovia-y-valladolid-piden-a-la-junta-de-castilla-y-leon-que-apoye-a-los-viticultores-frente-al-mildiu-como-ya-hacen-andalucia-y-alava#primaryimage\"},\"thumbnailUrl\":\"https:\/\/www.asajacyl.com\/valladolid\/wp-content\/uploads\/sites\/2\/2025\/10\/vinedo-afectado-por-el-mildiu-2.jpg\",\"datePublished\":\"2025-10-10T08:17:28+00:00\",\"dateModified\":\"2025-10-10T08:17:30+00:00\",\"author\":{\"@id\":\"https:\/\/www.asajacyl.com\/valladolid\/#\/schema\/person\/cf213adc3e576168b6850f7db054141e\"},\"description\":\"ASAJA \u00c1vila, Segovia y Valladolid piden a la Junta de Castilla y Le\u00f3n que apoye a los viticultores frente al mildiu como ya hacen Andaluc\u00eda y \u00c1lava\",\"breadcrumb\":{\"@id\":\"https:\/\/www.asajacyl.com\/valladolid\/asaja-valladolid-informa\/asaja-avila-segovia-y-valladolid-piden-a-la-junta-de-castilla-y-leon-que-apoye-a-los-viticultores-frente-al-mildiu-como-ya-hacen-andalucia-y-alava#breadcrumb\"},\"inLanguage\":\"es\",\"potentialAction\":[{\"@type\":\"ReadAction\",\"target\":[\"https:\/\/www.asajacyl.com\/valladolid\/asaja-valladolid-informa\/asaja-avila-segovia-y-valladolid-piden-a-la-junta-de-castilla-y-leon-que-apoye-a-los-viticultores-frente-al-mildiu-como-ya-hacen-andalucia-y-alava\"]}]},{\"@type\":\"ImageObject\",\"inLanguage\":\"es\",\"@id\":\"https:\/\/www.asajacyl.com\/valladolid\/asaja-valladolid-informa\/asaja-avila-segovia-y-valladolid-piden-a-la-junta-de-castilla-y-leon-que-apoye-a-los-viticultores-frente-al-mildiu-como-ya-hacen-andalucia-y-alava#primaryimage\",\"url\":\"https:\/\/www.asajacyl.com\/valladolid\/wp-content\/uploads\/sites\/2\/2025\/10\/vinedo-afectado-por-el-mildiu-2.jpg\",\"contentUrl\":\"https:\/\/www.asajacyl.com\/valladolid\/wp-content\/uploads\/sites\/2\/2025\/10\/vinedo-afectado-por-el-mildiu-2.jpg\",\"width\":899,\"height\":1599,\"caption\":\"ASAJA \u00c1vila, Segovia y Valladolid piden a la Junta de Castilla y Le\u00f3n que apoye a los viticultores frente al mildiu como ya hacen Andaluc\u00eda y \u00c1lava\"},{\"@type\":\"BreadcrumbList\",\"@id\":\"https:\/\/www.asajacyl.com\/valladolid\/asaja-valladolid-informa\/asaja-avila-segovia-y-valladolid-piden-a-la-junta-de-castilla-y-leon-que-apoye-a-los-viticultores-frente-al-mildiu-como-ya-hacen-andalucia-y-alava#breadcrumb\",\"itemListElement\":[{\"@type\":\"ListItem\",\"position\":1,\"name\":\"Portada\",\"item\":\"https:\/\/www.asajacyl.com\/valladolid\/\"},{\"@type\":\"ListItem\",\"position\":2,\"name\":\"ASAJA \u00c1vila, Segovia y Valladolid piden a la Junta de Castilla y Le\u00f3n que apoye a los viticultores frente al mildiu como ya hacen Andaluc\u00eda y \u00c1lava\"}]},{\"@type\":\"WebSite\",\"@id\":\"https:\/\/www.asajacyl.com\/valladolid\/#website\",\"url\":\"https:\/\/www.asajacyl.com\/valladolid\/\",\"name\":\"ASAJA Valladolid\",\"description\":\"Otro sitio m\u00e1s de Provincias ASAJA Castilla y Le\u00f3n\",\"potentialAction\":[{\"@type\":\"SearchAction\",\"target\":{\"@type\":\"EntryPoint\",\"urlTemplate\":\"https:\/\/www.asajacyl.com\/valladolid\/?s={search_term_string}\"},\"query-input\":{\"@type\":\"PropertyValueSpecification\",\"valueRequired\":true,\"valueName\":\"search_term_string\"}}],\"inLanguage\":\"es\"},{\"@type\":\"Person\",\"@id\":\"https:\/\/www.asajacyl.com\/valladolid\/#\/schema\/person\/cf213adc3e576168b6850f7db054141e\",\"name\":\"Mar\u00eda Natividad\",\"image\":{\"@type\":\"ImageObject\",\"inLanguage\":\"es\",\"@id\":\"https:\/\/www.asajacyl.com\/valladolid\/#\/schema\/person\/image\/\",\"url\":\"https:\/\/secure.gravatar.com\/avatar\/7f7b3c840c2af79feac78f5eeffefc45?s=96&d=mm&r=g\",\"contentUrl\":\"https:\/\/secure.gravatar.com\/avatar\/7f7b3c840c2af79feac78f5eeffefc45?s=96&d=mm&r=g\",\"caption\":\"Mar\u00eda Natividad\"},\"url\":\"https:\/\/www.asajacyl.com\/valladolid\/author\/natividadhh\"}]}<\/script>\n<!-- \/ Yoast SEO plugin. -->","yoast_head_json":{"title":"ASAJA \u00c1vila, Segovia y Valladolid piden a la Junta de Castilla y Le\u00f3n que apoye a los viticultores frente al mildiu como ya hacen Andaluc\u00eda y \u00c1lava - ASAJA Valladolid","description":"ASAJA \u00c1vila, Segovia y Valladolid piden a la Junta de Castilla y Le\u00f3n que apoye a los viticultores frente al mildiu como ya hacen Andaluc\u00eda y \u00c1lava","robots":{"index":"index","follow":"follow","max-snippet":"max-snippet:-1","max-image-preview":"max-image-preview:large","max-video-preview":"max-video-preview:-1"},"canonical":"https:\/\/www.asajacyl.com\/valladolid\/asaja-valladolid-informa\/asaja-avila-segovia-y-valladolid-piden-a-la-junta-de-castilla-y-leon-que-apoye-a-los-viticultores-frente-al-mildiu-como-ya-hacen-andalucia-y-alava","og_locale":"es_ES","og_type":"article","og_title":"ASAJA \u00c1vila, Segovia y Valladolid piden a la Junta de Castilla y Le\u00f3n que apoye a los viticultores frente al mildiu como ya hacen Andaluc\u00eda y \u00c1lava - ASAJA Valladolid","og_description":"ASAJA \u00c1vila, Segovia y Valladolid piden a la Junta de Castilla y Le\u00f3n que apoye a los viticultores frente al mildiu como ya hacen Andaluc\u00eda y \u00c1lava","og_url":"https:\/\/www.asajacyl.com\/valladolid\/asaja-valladolid-informa\/asaja-avila-segovia-y-valladolid-piden-a-la-junta-de-castilla-y-leon-que-apoye-a-los-viticultores-frente-al-mildiu-como-ya-hacen-andalucia-y-alava","og_site_name":"ASAJA Valladolid","article_published_time":"2025-10-10T08:17:28+00:00","article_modified_time":"2025-10-10T08:17:30+00:00","og_image":[{"width":899,"height":1599,"url":"https:\/\/www.asajacyl.com\/valladolid\/wp-content\/uploads\/sites\/2\/2025\/10\/vinedo-afectado-por-el-mildiu-2.jpg","type":"image\/jpeg"}],"author":"Mar\u00eda Natividad","twitter_card":"summary_large_image","twitter_misc":{"Escrito por":"Mar\u00eda Natividad","Tiempo de lectura":"3 minutos"},"schema":{"@context":"https:\/\/schema.org","@graph":[{"@type":"WebPage","@id":"https:\/\/www.asajacyl.com\/valladolid\/asaja-valladolid-informa\/asaja-avila-segovia-y-valladolid-piden-a-la-junta-de-castilla-y-leon-que-apoye-a-los-viticultores-frente-al-mildiu-como-ya-hacen-andalucia-y-alava","url":"https:\/\/www.asajacyl.com\/valladolid\/asaja-valladolid-informa\/asaja-avila-segovia-y-valladolid-piden-a-la-junta-de-castilla-y-leon-que-apoye-a-los-viticultores-frente-al-mildiu-como-ya-hacen-andalucia-y-alava","name":"ASAJA \u00c1vila, Segovia y Valladolid piden a la Junta de Castilla y Le\u00f3n que apoye a los viticultores frente al mildiu como ya hacen Andaluc\u00eda y \u00c1lava - ASAJA Valladolid","isPartOf":{"@id":"https:\/\/www.asajacyl.com\/valladolid\/#website"},"primaryImageOfPage":{"@id":"https:\/\/www.asajacyl.com\/valladolid\/asaja-valladolid-informa\/asaja-avila-segovia-y-valladolid-piden-a-la-junta-de-castilla-y-leon-que-apoye-a-los-viticultores-frente-al-mildiu-como-ya-hacen-andalucia-y-alava#primaryimage"},"image":{"@id":"https:\/\/www.asajacyl.com\/valladolid\/asaja-valladolid-informa\/asaja-avila-segovia-y-valladolid-piden-a-la-junta-de-castilla-y-leon-que-apoye-a-los-viticultores-frente-al-mildiu-como-ya-hacen-andalucia-y-alava#primaryimage"},"thumbnailUrl":"https:\/\/www.asajacyl.com\/valladolid\/wp-content\/uploads\/sites\/2\/2025\/10\/vinedo-afectado-por-el-mildiu-2.jpg","datePublished":"2025-10-10T08:17:28+00:00","dateModified":"2025-10-10T08:17:30+00:00","author":{"@id":"https:\/\/www.asajacyl.com\/valladolid\/#\/schema\/person\/cf213adc3e576168b6850f7db054141e"},"description":"ASAJA \u00c1vila, Segovia y Valladolid piden a la Junta de Castilla y Le\u00f3n que apoye a los viticultores frente al mildiu como ya hacen Andaluc\u00eda y \u00c1lava","breadcrumb":{"@id":"https:\/\/www.asajacyl.com\/valladolid\/asaja-valladolid-informa\/asaja-avila-segovia-y-valladolid-piden-a-la-junta-de-castilla-y-leon-que-apoye-a-los-viticultores-frente-al-mildiu-como-ya-hacen-andalucia-y-alava#breadcrumb"},"inLanguage":"es","potentialAction":[{"@type":"ReadAction","target":["https:\/\/www.asajacyl.com\/valladolid\/asaja-valladolid-informa\/asaja-avila-segovia-y-valladolid-piden-a-la-junta-de-castilla-y-leon-que-apoye-a-los-viticultores-frente-al-mildiu-como-ya-hacen-andalucia-y-alava"]}]},{"@type":"ImageObject","inLanguage":"es","@id":"https:\/\/www.asajacyl.com\/valladolid\/asaja-valladolid-informa\/asaja-avila-segovia-y-valladolid-piden-a-la-junta-de-castilla-y-leon-que-apoye-a-los-viticultores-frente-al-mildiu-como-ya-hacen-andalucia-y-alava#primaryimage","url":"https:\/\/www.asajacyl.com\/valladolid\/wp-content\/uploads\/sites\/2\/2025\/10\/vinedo-afectado-por-el-mildiu-2.jpg","contentUrl":"https:\/\/www.asajacyl.com\/valladolid\/wp-content\/uploads\/sites\/2\/2025\/10\/vinedo-afectado-por-el-mildiu-2.jpg","width":899,"height":1599,"caption":"ASAJA \u00c1vila, Segovia y Valladolid piden a la Junta de Castilla y Le\u00f3n que apoye a los viticultores frente al mildiu como ya hacen Andaluc\u00eda y \u00c1lava"},{"@type":"BreadcrumbList","@id":"https:\/\/www.asajacyl.com\/valladolid\/asaja-valladolid-informa\/asaja-avila-segovia-y-valladolid-piden-a-la-junta-de-castilla-y-leon-que-apoye-a-los-viticultores-frente-al-mildiu-como-ya-hacen-andalucia-y-alava#breadcrumb","itemListElement":[{"@type":"ListItem","position":1,"name":"Portada","item":"https:\/\/www.asajacyl.com\/valladolid\/"},{"@type":"ListItem","position":2,"name":"ASAJA \u00c1vila, Segovia y Valladolid piden a la Junta de Castilla y Le\u00f3n que apoye a los viticultores frente al mildiu como ya hacen Andaluc\u00eda y \u00c1lava"}]},{"@type":"WebSite","@id":"https:\/\/www.asajacyl.com\/valladolid\/#website","url":"https:\/\/www.asajacyl.com\/valladolid\/","name":"ASAJA Valladolid","description":"Otro sitio m\u00e1s de Provincias ASAJA Castilla y Le\u00f3n","potentialAction":[{"@type":"SearchAction","target":{"@type":"EntryPoint","urlTemplate":"https:\/\/www.asajacyl.com\/valladolid\/?s={search_term_string}"},"query-input":{"@type":"PropertyValueSpecification","valueRequired":true,"valueName":"search_term_string"}}],"inLanguage":"es"},{"@type":"Person","@id":"https:\/\/www.asajacyl.com\/valladolid\/#\/schema\/person\/cf213adc3e576168b6850f7db054141e","name":"Mar\u00eda Natividad","image":{"@type":"ImageObject","inLanguage":"es","@id":"https:\/\/www.asajacyl.com\/valladolid\/#\/schema\/person\/image\/","url":"https:\/\/secure.gravatar.com\/avatar\/7f7b3c840c2af79feac78f5eeffefc45?s=96&d=mm&r=g","contentUrl":"https:\/\/secure.gravatar.com\/avatar\/7f7b3c840c2af79feac78f5eeffefc45?s=96&d=mm&r=g","caption":"Mar\u00eda Natividad"},"url":"https:\/\/www.asajacyl.com\/valladolid\/author\/natividadhh"}]}},"_links":{"self":[{"href":"https:\/\/www.asajacyl.com\/valladolid\/wp-json\/wp\/v2\/posts\/3891"}],"collection":[{"href":"https:\/\/www.asajacyl.com\/valladolid\/wp-json\/wp\/v2\/posts"}],"about":[{"href":"https:\/\/www.asajacyl.com\/valladolid\/wp-json\/wp\/v2\/types\/post"}],"author":[{"embeddable":true,"href":"https:\/\/www.asajacyl.com\/valladolid\/wp-json\/wp\/v2\/users\/13"}],"replies":[{"embeddable":true,"href":"https:\/\/www.asajacyl.com\/valladolid\/wp-json\/wp\/v2\/comments?post=3891"}],"version-history":[{"count":1,"href":"https:\/\/www.asajacyl.com\/valladolid\/wp-json\/wp\/v2\/posts\/3891\/revisions"}],"predecessor-version":[{"id":3894,"href":"https:\/\/www.asajacyl.com\/valladolid\/wp-json\/wp\/v2\/posts\/3891\/revisions\/3894"}],"wp:featuredmedia":[{"embeddable":true,"href":"https:\/\/www.asajacyl.com\/valladolid\/wp-json\/wp\/v2\/media\/3892"}],"wp:attachment":[{"href":"https:\/\/www.asajacyl.com\/valladolid\/wp-json\/wp\/v2\/media?parent=3891"}],"wp:term":[{"taxonomy":"category","embeddable":true,"href":"https:\/\/www.asajacyl.com\/valladolid\/wp-json\/wp\/v2\/categories?post=3891"},{"taxonomy":"post_tag","embeddable":true,"href":"https:\/\/www.asajacyl.com\/valladolid\/wp-json\/wp\/v2\/tags?post=3891"}],"curies":[{"name":"wp","href":"https:\/\/api.w.org\/{rel}","templated":true}]}}