{"id":3900,"date":"2025-10-21T10:08:40","date_gmt":"2025-10-21T08:08:40","guid":{"rendered":"https:\/\/www.asajacyl.com\/valladolid\/?p=3900"},"modified":"2025-10-21T10:08:42","modified_gmt":"2025-10-21T08:08:42","slug":"asaja-valladolid-lanza-un-nuevo-servicio-gratuito-de-asesoria-en-la-factura-de-la-luz-para-ayudar-a-sus-socios-a-ahorrar","status":"publish","type":"post","link":"https:\/\/www.asajacyl.com\/valladolid\/asaja-valladolid-informa\/asaja-valladolid-lanza-un-nuevo-servicio-gratuito-de-asesoria-en-la-factura-de-la-luz-para-ayudar-a-sus-socios-a-ahorrar","title":{"rendered":"ASAJA Valladolid lanza un nuevo servicio gratuito de asesor\u00eda en la factura de la luz para ayudar a sus socios a ahorrar"},"content":{"rendered":"\n<p>El coste de la electricidad se ha convertido en uno de los gastos m\u00e1s importantes para las explotaciones agrarias y ganaderas. Consciente de ello, <strong>ASAJA Valladolid<\/strong> pone en marcha un <strong>nuevo servicio de asesor\u00eda personalizada en la factura de la luz<\/strong>, con el objetivo de ayudar a sus socios a <strong>reducir costes y optimizar su consumo energ\u00e9tico<\/strong>.<\/p>\n\n\n\n<p>Gracias a un acuerdo con la empresa especializada <strong>Energaluz<\/strong>, los socios de ASAJA Valladolid podr\u00e1n beneficiarse de un <strong>an\u00e1lisis gratuito y detallado de su factura el\u00e9ctrica<\/strong>, identificando posibles errores de facturaci\u00f3n, tarifas inadecuadas o alternativas m\u00e1s ventajosas seg\u00fan las necesidades de cada explotaci\u00f3n.<\/p>\n\n\n\n<figure class=\"wp-block-image size-large\"><img loading=\"lazy\" decoding=\"async\" width=\"788\" height=\"1024\" src=\"https:\/\/www.asajacyl.com\/valladolid\/wp-content\/uploads\/sites\/2\/2025\/10\/Anuncio-Energaluz-788x1024.jpeg\" alt=\"ASAJA Valladolid lanza un nuevo servicio gratuito de asesor\u00eda en la factura de la luz para ayudar a sus socios a ahorrar\" class=\"wp-image-3901\" srcset=\"https:\/\/www.asajacyl.com\/valladolid\/wp-content\/uploads\/sites\/2\/2025\/10\/Anuncio-Energaluz-788x1024.jpeg 788w, https:\/\/www.asajacyl.com\/valladolid\/wp-content\/uploads\/sites\/2\/2025\/10\/Anuncio-Energaluz-231x300.jpeg 231w, https:\/\/www.asajacyl.com\/valladolid\/wp-content\/uploads\/sites\/2\/2025\/10\/Anuncio-Energaluz-768x998.jpeg 768w, https:\/\/www.asajacyl.com\/valladolid\/wp-content\/uploads\/sites\/2\/2025\/10\/Anuncio-Energaluz-323x420.jpeg 323w, https:\/\/www.asajacyl.com\/valladolid\/wp-content\/uploads\/sites\/2\/2025\/10\/Anuncio-Energaluz-696x904.jpeg 696w, https:\/\/www.asajacyl.com\/valladolid\/wp-content\/uploads\/sites\/2\/2025\/10\/Anuncio-Energaluz.jpeg 1024w\" sizes=\"(max-width: 788px) 100vw, 788px\" \/><\/figure>\n\n\n\n<p>\u201cQueremos que nuestros socios paguen lo justo y puedan concentrarse en lo realmente importante: su trabajo en el campo\u201d, destacan desde la organizaci\u00f3n.<\/p>\n\n\n\n<p>Con este nuevo servicio, ASAJA Valladolid reafirma su compromiso con la rentabilidad y sostenibilidad de las explotaciones agrarias y ganaderas, ofreciendo herramientas pr\u00e1cticas para mejorar la gesti\u00f3n energ\u00e9tica en un contexto de precios el\u00e9ctricos en constante cambio.<\/p>\n\n\n\n<p>Si est\u00e1s interesado en conocer cu\u00e1nto puedes ahorrar, llama directamente <strong>a 633 32 25 86<\/strong> y pregunta por <strong>Santi Cuesta.<\/strong><br><br>\u00a1Empieza hoy mismo a pagar menos por la luz con la ayuda de ASAJA Valladolid y Energaluz!<\/p>\n","protected":false},"excerpt":{"rendered":"<p>El coste de la electricidad se ha convertido en uno de los gastos m\u00e1s importantes para las explotaciones agrarias y ganaderas. Consciente de ello, ASAJA Valladolid pone en marcha un nuevo servicio de asesor\u00eda personalizada en la factura de la luz, con el objetivo de ayudar a sus socios a reducir costes y optimizar su [&hellip;]<\/p>\n","protected":false},"author":13,"featured_media":3393,"comment_status":"open","ping_status":"open","sticky":false,"template":"","format":"standard","meta":{"footnotes":""},"categories":[8,21,9],"tags":[70,58,1085,1082,1084,1081],"yoast_head":"<!-- This site is optimized with the Yoast SEO plugin v24.5 - https:\/\/yoast.com\/wordpress\/plugins\/seo\/ -->\n<title>ASAJA Valladolid lanza un nuevo servicio gratuito de asesor\u00eda en la factura de la luz para ayudar a sus socios a ahorrar - ASAJA Valladolid<\/title>\n<meta name=\"description\" content=\"ASAJA Valladolid lanza un nuevo servicio gratuito de asesor\u00eda en la factura de la luz para ayudar a sus socios a ahorrar\" \/>\n<meta name=\"robots\" content=\"index, follow, max-snippet:-1, max-image-preview:large, max-video-preview:-1\" \/>\n<link rel=\"canonical\" href=\"https:\/\/www.asajacyl.com\/valladolid\/asaja-valladolid-informa\/asaja-valladolid-lanza-un-nuevo-servicio-gratuito-de-asesoria-en-la-factura-de-la-luz-para-ayudar-a-sus-socios-a-ahorrar\" \/>\n<meta property=\"og:locale\" content=\"es_ES\" \/>\n<meta property=\"og:type\" content=\"article\" \/>\n<meta property=\"og:title\" content=\"ASAJA Valladolid lanza un nuevo servicio gratuito de asesor\u00eda en la factura de la luz para ayudar a sus socios a ahorrar - ASAJA Valladolid\" \/>\n<meta property=\"og:description\" content=\"ASAJA Valladolid lanza un nuevo servicio gratuito de asesor\u00eda en la factura de la luz para ayudar a sus socios a ahorrar\" \/>\n<meta property=\"og:url\" content=\"https:\/\/www.asajacyl.com\/valladolid\/asaja-valladolid-informa\/asaja-valladolid-lanza-un-nuevo-servicio-gratuito-de-asesoria-en-la-factura-de-la-luz-para-ayudar-a-sus-socios-a-ahorrar\" \/>\n<meta property=\"og:site_name\" content=\"ASAJA Valladolid\" \/>\n<meta property=\"article:published_time\" content=\"2025-10-21T08:08:40+00:00\" \/>\n<meta property=\"article:modified_time\" content=\"2025-10-21T08:08:42+00:00\" \/>\n<meta property=\"og:image\" content=\"https:\/\/www.asajacyl.com\/valladolid\/wp-content\/uploads\/sites\/2\/2024\/03\/imagen-riego.jpg\" \/>\n\t<meta property=\"og:image:width\" content=\"1280\" \/>\n\t<meta property=\"og:image:height\" content=\"720\" \/>\n\t<meta property=\"og:image:type\" content=\"image\/jpeg\" \/>\n<meta name=\"author\" content=\"Mar\u00eda Natividad\" \/>\n<meta name=\"twitter:card\" content=\"summary_large_image\" \/>\n<meta name=\"twitter:label1\" content=\"Escrito por\" \/>\n\t<meta name=\"twitter:data1\" content=\"Mar\u00eda Natividad\" \/>\n\t<meta name=\"twitter:label2\" content=\"Tiempo de lectura\" \/>\n\t<meta name=\"twitter:data2\" content=\"2 minutos\" \/>\n<script type=\"application\/ld+json\" class=\"yoast-schema-graph\">{\"@context\":\"https:\/\/schema.org\",\"@graph\":[{\"@type\":\"WebPage\",\"@id\":\"https:\/\/www.asajacyl.com\/valladolid\/asaja-valladolid-informa\/asaja-valladolid-lanza-un-nuevo-servicio-gratuito-de-asesoria-en-la-factura-de-la-luz-para-ayudar-a-sus-socios-a-ahorrar\",\"url\":\"https:\/\/www.asajacyl.com\/valladolid\/asaja-valladolid-informa\/asaja-valladolid-lanza-un-nuevo-servicio-gratuito-de-asesoria-en-la-factura-de-la-luz-para-ayudar-a-sus-socios-a-ahorrar\",\"name\":\"ASAJA Valladolid lanza un nuevo servicio gratuito de asesor\u00eda en la factura de la luz para ayudar a sus socios a ahorrar - ASAJA Valladolid\",\"isPartOf\":{\"@id\":\"https:\/\/www.asajacyl.com\/valladolid\/#website\"},\"primaryImageOfPage\":{\"@id\":\"https:\/\/www.asajacyl.com\/valladolid\/asaja-valladolid-informa\/asaja-valladolid-lanza-un-nuevo-servicio-gratuito-de-asesoria-en-la-factura-de-la-luz-para-ayudar-a-sus-socios-a-ahorrar#primaryimage\"},\"image\":{\"@id\":\"https:\/\/www.asajacyl.com\/valladolid\/asaja-valladolid-informa\/asaja-valladolid-lanza-un-nuevo-servicio-gratuito-de-asesoria-en-la-factura-de-la-luz-para-ayudar-a-sus-socios-a-ahorrar#primaryimage\"},\"thumbnailUrl\":\"https:\/\/www.asajacyl.com\/valladolid\/wp-content\/uploads\/sites\/2\/2024\/03\/imagen-riego.jpg\",\"datePublished\":\"2025-10-21T08:08:40+00:00\",\"dateModified\":\"2025-10-21T08:08:42+00:00\",\"author\":{\"@id\":\"https:\/\/www.asajacyl.com\/valladolid\/#\/schema\/person\/cf213adc3e576168b6850f7db054141e\"},\"description\":\"ASAJA Valladolid lanza un nuevo servicio gratuito de asesor\u00eda en la factura de la luz para ayudar a sus socios a ahorrar\",\"breadcrumb\":{\"@id\":\"https:\/\/www.asajacyl.com\/valladolid\/asaja-valladolid-informa\/asaja-valladolid-lanza-un-nuevo-servicio-gratuito-de-asesoria-en-la-factura-de-la-luz-para-ayudar-a-sus-socios-a-ahorrar#breadcrumb\"},\"inLanguage\":\"es\",\"potentialAction\":[{\"@type\":\"ReadAction\",\"target\":[\"https:\/\/www.asajacyl.com\/valladolid\/asaja-valladolid-informa\/asaja-valladolid-lanza-un-nuevo-servicio-gratuito-de-asesoria-en-la-factura-de-la-luz-para-ayudar-a-sus-socios-a-ahorrar\"]}]},{\"@type\":\"ImageObject\",\"inLanguage\":\"es\",\"@id\":\"https:\/\/www.asajacyl.com\/valladolid\/asaja-valladolid-informa\/asaja-valladolid-lanza-un-nuevo-servicio-gratuito-de-asesoria-en-la-factura-de-la-luz-para-ayudar-a-sus-socios-a-ahorrar#primaryimage\",\"url\":\"https:\/\/www.asajacyl.com\/valladolid\/wp-content\/uploads\/sites\/2\/2024\/03\/imagen-riego.jpg\",\"contentUrl\":\"https:\/\/www.asajacyl.com\/valladolid\/wp-content\/uploads\/sites\/2\/2024\/03\/imagen-riego.jpg\",\"width\":1280,\"height\":720,\"caption\":\"tractorada contra la CHD en valladolid\"},{\"@type\":\"BreadcrumbList\",\"@id\":\"https:\/\/www.asajacyl.com\/valladolid\/asaja-valladolid-informa\/asaja-valladolid-lanza-un-nuevo-servicio-gratuito-de-asesoria-en-la-factura-de-la-luz-para-ayudar-a-sus-socios-a-ahorrar#breadcrumb\",\"itemListElement\":[{\"@type\":\"ListItem\",\"position\":1,\"name\":\"Portada\",\"item\":\"https:\/\/www.asajacyl.com\/valladolid\/\"},{\"@type\":\"ListItem\",\"position\":2,\"name\":\"ASAJA Valladolid lanza un nuevo servicio gratuito de asesor\u00eda en la factura de la luz para ayudar a sus socios a ahorrar\"}]},{\"@type\":\"WebSite\",\"@id\":\"https:\/\/www.asajacyl.com\/valladolid\/#website\",\"url\":\"https:\/\/www.asajacyl.com\/valladolid\/\",\"name\":\"ASAJA Valladolid\",\"description\":\"Otro sitio m\u00e1s de Provincias ASAJA Castilla y Le\u00f3n\",\"potentialAction\":[{\"@type\":\"SearchAction\",\"target\":{\"@type\":\"EntryPoint\",\"urlTemplate\":\"https:\/\/www.asajacyl.com\/valladolid\/?s={search_term_string}\"},\"query-input\":{\"@type\":\"PropertyValueSpecification\",\"valueRequired\":true,\"valueName\":\"search_term_string\"}}],\"inLanguage\":\"es\"},{\"@type\":\"Person\",\"@id\":\"https:\/\/www.asajacyl.com\/valladolid\/#\/schema\/person\/cf213adc3e576168b6850f7db054141e\",\"name\":\"Mar\u00eda Natividad\",\"image\":{\"@type\":\"ImageObject\",\"inLanguage\":\"es\",\"@id\":\"https:\/\/www.asajacyl.com\/valladolid\/#\/schema\/person\/image\/\",\"url\":\"https:\/\/secure.gravatar.com\/avatar\/7f7b3c840c2af79feac78f5eeffefc45?s=96&d=mm&r=g\",\"contentUrl\":\"https:\/\/secure.gravatar.com\/avatar\/7f7b3c840c2af79feac78f5eeffefc45?s=96&d=mm&r=g\",\"caption\":\"Mar\u00eda Natividad\"},\"url\":\"https:\/\/www.asajacyl.com\/valladolid\/author\/natividadhh\"}]}<\/script>\n<!-- \/ Yoast SEO plugin. -->","yoast_head_json":{"title":"ASAJA Valladolid lanza un nuevo servicio gratuito de asesor\u00eda en la factura de la luz para ayudar a sus socios a ahorrar - ASAJA Valladolid","description":"ASAJA Valladolid lanza un nuevo servicio gratuito de asesor\u00eda en la factura de la luz para ayudar a sus socios a ahorrar","robots":{"index":"index","follow":"follow","max-snippet":"max-snippet:-1","max-image-preview":"max-image-preview:large","max-video-preview":"max-video-preview:-1"},"canonical":"https:\/\/www.asajacyl.com\/valladolid\/asaja-valladolid-informa\/asaja-valladolid-lanza-un-nuevo-servicio-gratuito-de-asesoria-en-la-factura-de-la-luz-para-ayudar-a-sus-socios-a-ahorrar","og_locale":"es_ES","og_type":"article","og_title":"ASAJA Valladolid lanza un nuevo servicio gratuito de asesor\u00eda en la factura de la luz para ayudar a sus socios a ahorrar - ASAJA Valladolid","og_description":"ASAJA Valladolid lanza un nuevo servicio gratuito de asesor\u00eda en la factura de la luz para ayudar a sus socios a ahorrar","og_url":"https:\/\/www.asajacyl.com\/valladolid\/asaja-valladolid-informa\/asaja-valladolid-lanza-un-nuevo-servicio-gratuito-de-asesoria-en-la-factura-de-la-luz-para-ayudar-a-sus-socios-a-ahorrar","og_site_name":"ASAJA Valladolid","article_published_time":"2025-10-21T08:08:40+00:00","article_modified_time":"2025-10-21T08:08:42+00:00","og_image":[{"width":1280,"height":720,"url":"https:\/\/www.asajacyl.com\/valladolid\/wp-content\/uploads\/sites\/2\/2024\/03\/imagen-riego.jpg","type":"image\/jpeg"}],"author":"Mar\u00eda Natividad","twitter_card":"summary_large_image","twitter_misc":{"Escrito por":"Mar\u00eda Natividad","Tiempo de lectura":"2 minutos"},"schema":{"@context":"https:\/\/schema.org","@graph":[{"@type":"WebPage","@id":"https:\/\/www.asajacyl.com\/valladolid\/asaja-valladolid-informa\/asaja-valladolid-lanza-un-nuevo-servicio-gratuito-de-asesoria-en-la-factura-de-la-luz-para-ayudar-a-sus-socios-a-ahorrar","url":"https:\/\/www.asajacyl.com\/valladolid\/asaja-valladolid-informa\/asaja-valladolid-lanza-un-nuevo-servicio-gratuito-de-asesoria-en-la-factura-de-la-luz-para-ayudar-a-sus-socios-a-ahorrar","name":"ASAJA Valladolid lanza un nuevo servicio gratuito de asesor\u00eda en la factura de la luz para ayudar a sus socios a ahorrar - ASAJA Valladolid","isPartOf":{"@id":"https:\/\/www.asajacyl.com\/valladolid\/#website"},"primaryImageOfPage":{"@id":"https:\/\/www.asajacyl.com\/valladolid\/asaja-valladolid-informa\/asaja-valladolid-lanza-un-nuevo-servicio-gratuito-de-asesoria-en-la-factura-de-la-luz-para-ayudar-a-sus-socios-a-ahorrar#primaryimage"},"image":{"@id":"https:\/\/www.asajacyl.com\/valladolid\/asaja-valladolid-informa\/asaja-valladolid-lanza-un-nuevo-servicio-gratuito-de-asesoria-en-la-factura-de-la-luz-para-ayudar-a-sus-socios-a-ahorrar#primaryimage"},"thumbnailUrl":"https:\/\/www.asajacyl.com\/valladolid\/wp-content\/uploads\/sites\/2\/2024\/03\/imagen-riego.jpg","datePublished":"2025-10-21T08:08:40+00:00","dateModified":"2025-10-21T08:08:42+00:00","author":{"@id":"https:\/\/www.asajacyl.com\/valladolid\/#\/schema\/person\/cf213adc3e576168b6850f7db054141e"},"description":"ASAJA Valladolid lanza un nuevo servicio gratuito de asesor\u00eda en la factura de la luz para ayudar a sus socios a ahorrar","breadcrumb":{"@id":"https:\/\/www.asajacyl.com\/valladolid\/asaja-valladolid-informa\/asaja-valladolid-lanza-un-nuevo-servicio-gratuito-de-asesoria-en-la-factura-de-la-luz-para-ayudar-a-sus-socios-a-ahorrar#breadcrumb"},"inLanguage":"es","potentialAction":[{"@type":"ReadAction","target":["https:\/\/www.asajacyl.com\/valladolid\/asaja-valladolid-informa\/asaja-valladolid-lanza-un-nuevo-servicio-gratuito-de-asesoria-en-la-factura-de-la-luz-para-ayudar-a-sus-socios-a-ahorrar"]}]},{"@type":"ImageObject","inLanguage":"es","@id":"https:\/\/www.asajacyl.com\/valladolid\/asaja-valladolid-informa\/asaja-valladolid-lanza-un-nuevo-servicio-gratuito-de-asesoria-en-la-factura-de-la-luz-para-ayudar-a-sus-socios-a-ahorrar#primaryimage","url":"https:\/\/www.asajacyl.com\/valladolid\/wp-content\/uploads\/sites\/2\/2024\/03\/imagen-riego.jpg","contentUrl":"https:\/\/www.asajacyl.com\/valladolid\/wp-content\/uploads\/sites\/2\/2024\/03\/imagen-riego.jpg","width":1280,"height":720,"caption":"tractorada contra la CHD en valladolid"},{"@type":"BreadcrumbList","@id":"https:\/\/www.asajacyl.com\/valladolid\/asaja-valladolid-informa\/asaja-valladolid-lanza-un-nuevo-servicio-gratuito-de-asesoria-en-la-factura-de-la-luz-para-ayudar-a-sus-socios-a-ahorrar#breadcrumb","itemListElement":[{"@type":"ListItem","position":1,"name":"Portada","item":"https:\/\/www.asajacyl.com\/valladolid\/"},{"@type":"ListItem","position":2,"name":"ASAJA Valladolid lanza un nuevo servicio gratuito de asesor\u00eda en la factura de la luz para ayudar a sus socios a ahorrar"}]},{"@type":"WebSite","@id":"https:\/\/www.asajacyl.com\/valladolid\/#website","url":"https:\/\/www.asajacyl.com\/valladolid\/","name":"ASAJA Valladolid","description":"Otro sitio m\u00e1s de Provincias ASAJA Castilla y Le\u00f3n","potentialAction":[{"@type":"SearchAction","target":{"@type":"EntryPoint","urlTemplate":"https:\/\/www.asajacyl.com\/valladolid\/?s={search_term_string}"},"query-input":{"@type":"PropertyValueSpecification","valueRequired":true,"valueName":"search_term_string"}}],"inLanguage":"es"},{"@type":"Person","@id":"https:\/\/www.asajacyl.com\/valladolid\/#\/schema\/person\/cf213adc3e576168b6850f7db054141e","name":"Mar\u00eda Natividad","image":{"@type":"ImageObject","inLanguage":"es","@id":"https:\/\/www.asajacyl.com\/valladolid\/#\/schema\/person\/image\/","url":"https:\/\/secure.gravatar.com\/avatar\/7f7b3c840c2af79feac78f5eeffefc45?s=96&d=mm&r=g","contentUrl":"https:\/\/secure.gravatar.com\/avatar\/7f7b3c840c2af79feac78f5eeffefc45?s=96&d=mm&r=g","caption":"Mar\u00eda Natividad"},"url":"https:\/\/www.asajacyl.com\/valladolid\/author\/natividadhh"}]}},"_links":{"self":[{"href":"https:\/\/www.asajacyl.com\/valladolid\/wp-json\/wp\/v2\/posts\/3900"}],"collection":[{"href":"https:\/\/www.asajacyl.com\/valladolid\/wp-json\/wp\/v2\/posts"}],"about":[{"href":"https:\/\/www.asajacyl.com\/valladolid\/wp-json\/wp\/v2\/types\/post"}],"author":[{"embeddable":true,"href":"https:\/\/www.asajacyl.com\/valladolid\/wp-json\/wp\/v2\/users\/13"}],"replies":[{"embeddable":true,"href":"https:\/\/www.asajacyl.com\/valladolid\/wp-json\/wp\/v2\/comments?post=3900"}],"version-history":[{"count":1,"href":"https:\/\/www.asajacyl.com\/valladolid\/wp-json\/wp\/v2\/posts\/3900\/revisions"}],"predecessor-version":[{"id":3902,"href":"https:\/\/www.asajacyl.com\/valladolid\/wp-json\/wp\/v2\/posts\/3900\/revisions\/3902"}],"wp:featuredmedia":[{"embeddable":true,"href":"https:\/\/www.asajacyl.com\/valladolid\/wp-json\/wp\/v2\/media\/3393"}],"wp:attachment":[{"href":"https:\/\/www.asajacyl.com\/valladolid\/wp-json\/wp\/v2\/media?parent=3900"}],"wp:term":[{"taxonomy":"category","embeddable":true,"href":"https:\/\/www.asajacyl.com\/valladolid\/wp-json\/wp\/v2\/categories?post=3900"},{"taxonomy":"post_tag","embeddable":true,"href":"https:\/\/www.asajacyl.com\/valladolid\/wp-json\/wp\/v2\/tags?post=3900"}],"curies":[{"name":"wp","href":"https:\/\/api.w.org\/{rel}","templated":true}]}}