{"id":3914,"date":"2025-10-30T12:26:35","date_gmt":"2025-10-30T11:26:35","guid":{"rendered":"https:\/\/www.asajacyl.com\/valladolid\/?p=3914"},"modified":"2025-10-30T12:26:38","modified_gmt":"2025-10-30T11:26:38","slug":"asaja-valladolid-denuncia-que-el-nuevo-acuerdo-comercial-modernizado-entre-la-ue-y-ucrania-asfixia-aun-mas-al-campo-espanol","status":"publish","type":"post","link":"https:\/\/www.asajacyl.com\/valladolid\/asaja-valladolid-informa\/asaja-valladolid-denuncia-que-el-nuevo-acuerdo-comercial-modernizado-entre-la-ue-y-ucrania-asfixia-aun-mas-al-campo-espanol","title":{"rendered":"ASAJA Valladolid denuncia que el nuevo acuerdo comercial \u201cmodernizado\u201d entre la UE y Ucrania asfixia a\u00fan m\u00e1s al campo espa\u00f1ol"},"content":{"rendered":"\n<p><em><strong><mark class=\"has-inline-color has-vivid-green-cyan-color\">La organizaci\u00f3n agraria acusa a Bruselas de \u201cvender a los agricultores y ganaderos a cambio de armas para Ucrania\u201d y exige medidas urgentes para proteger la producci\u00f3n nacional<\/mark><\/strong><\/em><\/p>\n\n\n\n<p><\/p>\n\n\n\n<p>ASAJA Valladolid denuncia que la entrada en vigor, el pasado 29 de octubre, del nuevo acuerdo comercial \u201cmodernizado\u201d entre la Uni\u00f3n Europea y Ucrania perjudicar\u00e1 gravemente, una vez m\u00e1s, al campo espa\u00f1ol. Para esta organizaci\u00f3n agraria, la Uni\u00f3n Europea vuelve a vender a los agricultores y ganaderos a cambio de armas para Ucrania.<\/p>\n\n\n\n<p>\u201cEl sector agropecuario no puede seguir pagando las consecuencias de un conflicto interminable. No puede ser moneda de cambio constante. Deben buscarse otras alternativas para seguir apoyando al pueblo ucraniano. El campo espa\u00f1ol y europeo est\u00e1 en una situaci\u00f3n l\u00edmite, y no puede soportar m\u00e1s cargas\u201d, reclaman desde ASAJA Valladolid.<\/p>\n\n\n\n<p>ASAJA Valladolid considera que las nuevas medidas introducidas en este acuerdo comercial, como los supuestos <em>\u201cflujos comerciales mejorados\u201d<\/em>, <em>\u201cest\u00e1ndares de producci\u00f3n armonizados\u201d<\/em> y una <em>\u201ccl\u00e1usula de salvaguardia s\u00f3lida\u201d<\/em>, no son m\u00e1s que puro maquillaje.<\/p>\n\n\n\n<p>\u201cEl texto no concreta nada y, pese a hablar de incrementos moderados de acceso a la UE para los productos m\u00e1s sensibles\u2019, como el az\u00facar, las aves de corral, los huevos, el trigo, el ma\u00edz o la miel, no explica en qu\u00e9 cuant\u00eda ni c\u00f3mo se controlar\u00e1 realmente ese flujo de importaciones\u201d, subraya esta organizaci\u00f3n.<\/p>\n\n\n\n<p>Los agricultores y ganaderos reclaman saber c\u00f3mo afectar\u00e1 este nuevo acuerdo en t\u00e9rminos cuantitativos, ya que las consecuencias del anterior fueron catastr\u00f3ficas para sectores estrat\u00e9gicos como el cereal, que sufri\u00f3 desplomes de precios y una competencia desleal ante productos ucranianos sin las mismas exigencias medioambientales ni laborales.<\/p>\n\n\n\n<p>ASAJA Valladolid lamenta que el Gobierno de Espa\u00f1a y nuestros representantes en Bruselas no hayan sabido defender, una vez m\u00e1s, los intereses de los agricultores y ganaderos.<br>Por el contrario, ASAJA destaca el ejemplo de Polonia, que mantiene la prohibici\u00f3n de importar trigo, ma\u00edz, colza y girasol de Ucrania pese al nuevo marco comercial europeo. El Gobierno polaco ha decidido sostener de forma indefinida la restricci\u00f3n a los principales productos agr\u00edcolas ucranianos, demostrando que cuando hay voluntad pol\u00edtica, s\u00ed se puede proteger al sector primario nacional.<\/p>\n\n\n\n<p>\u201cPedimos al Gobierno espa\u00f1ol que siga el ejemplo de Polonia y adopte medidas urgentes para defender a nuestros productores frente a la competencia desleal. No podemos seguir siendo los grandes sacrificados de la pol\u00edtica comunitaria\u201d, concluye ASAJA Valladolid.<\/p>\n","protected":false},"excerpt":{"rendered":"<p>La organizaci\u00f3n agraria acusa a Bruselas de \u201cvender a los agricultores y ganaderos a cambio de armas para Ucrania\u201d y exige medidas urgentes para proteger la producci\u00f3n nacional ASAJA Valladolid denuncia que la entrada en vigor, el pasado 29 de octubre, del nuevo acuerdo comercial \u201cmodernizado\u201d entre la Uni\u00f3n Europea y Ucrania perjudicar\u00e1 gravemente, una [&hellip;]<\/p>\n","protected":false},"author":13,"featured_media":3915,"comment_status":"open","ping_status":"open","sticky":false,"template":"","format":"standard","meta":{"footnotes":""},"categories":[8,21,20,9],"tags":[1089,1090,70,58,270,79,911,139],"yoast_head":"<!-- This site is optimized with the Yoast SEO plugin v24.5 - https:\/\/yoast.com\/wordpress\/plugins\/seo\/ -->\n<title>ASAJA Valladolid denuncia que el nuevo acuerdo comercial \u201cmodernizado\u201d entre la UE y Ucrania asfixia a\u00fan m\u00e1s al campo espa\u00f1ol - ASAJA Valladolid<\/title>\n<meta name=\"description\" content=\"ASAJA Valladolid denuncia que el nuevo acuerdo comercial \u201cmodernizado\u201d entre la UE y Ucrania asfixia a\u00fan m\u00e1s al campo espa\u00f1ol\" \/>\n<meta name=\"robots\" content=\"index, follow, max-snippet:-1, max-image-preview:large, max-video-preview:-1\" \/>\n<link rel=\"canonical\" href=\"https:\/\/www.asajacyl.com\/valladolid\/asaja-valladolid-informa\/asaja-valladolid-denuncia-que-el-nuevo-acuerdo-comercial-modernizado-entre-la-ue-y-ucrania-asfixia-aun-mas-al-campo-espanol\" \/>\n<meta property=\"og:locale\" content=\"es_ES\" \/>\n<meta property=\"og:type\" content=\"article\" \/>\n<meta property=\"og:title\" content=\"ASAJA Valladolid denuncia que el nuevo acuerdo comercial \u201cmodernizado\u201d entre la UE y Ucrania asfixia a\u00fan m\u00e1s al campo espa\u00f1ol - ASAJA Valladolid\" \/>\n<meta property=\"og:description\" content=\"ASAJA Valladolid denuncia que el nuevo acuerdo comercial \u201cmodernizado\u201d entre la UE y Ucrania asfixia a\u00fan m\u00e1s al campo espa\u00f1ol\" \/>\n<meta property=\"og:url\" content=\"https:\/\/www.asajacyl.com\/valladolid\/asaja-valladolid-informa\/asaja-valladolid-denuncia-que-el-nuevo-acuerdo-comercial-modernizado-entre-la-ue-y-ucrania-asfixia-aun-mas-al-campo-espanol\" \/>\n<meta property=\"og:site_name\" content=\"ASAJA Valladolid\" \/>\n<meta property=\"article:published_time\" content=\"2025-10-30T11:26:35+00:00\" \/>\n<meta property=\"article:modified_time\" content=\"2025-10-30T11:26:38+00:00\" \/>\n<meta property=\"og:image\" content=\"https:\/\/www.asajacyl.com\/valladolid\/wp-content\/uploads\/sites\/2\/2025\/10\/ASAJA-Valladolid-denuncia-que-el-nuevo-acuerdo-comercial-modernizado-entre-la-UE-y-Ucrania-asfixia-aun-mas-al-campo-espanol.jpg\" \/>\n\t<meta property=\"og:image:width\" content=\"1280\" \/>\n\t<meta property=\"og:image:height\" content=\"851\" \/>\n\t<meta property=\"og:image:type\" content=\"image\/jpeg\" \/>\n<meta name=\"author\" content=\"Mar\u00eda Natividad\" \/>\n<meta name=\"twitter:card\" content=\"summary_large_image\" \/>\n<meta name=\"twitter:label1\" content=\"Escrito por\" \/>\n\t<meta name=\"twitter:data1\" content=\"Mar\u00eda Natividad\" \/>\n\t<meta name=\"twitter:label2\" content=\"Tiempo de lectura\" \/>\n\t<meta name=\"twitter:data2\" content=\"2 minutos\" \/>\n<script type=\"application\/ld+json\" class=\"yoast-schema-graph\">{\"@context\":\"https:\/\/schema.org\",\"@graph\":[{\"@type\":\"WebPage\",\"@id\":\"https:\/\/www.asajacyl.com\/valladolid\/asaja-valladolid-informa\/asaja-valladolid-denuncia-que-el-nuevo-acuerdo-comercial-modernizado-entre-la-ue-y-ucrania-asfixia-aun-mas-al-campo-espanol\",\"url\":\"https:\/\/www.asajacyl.com\/valladolid\/asaja-valladolid-informa\/asaja-valladolid-denuncia-que-el-nuevo-acuerdo-comercial-modernizado-entre-la-ue-y-ucrania-asfixia-aun-mas-al-campo-espanol\",\"name\":\"ASAJA Valladolid denuncia que el nuevo acuerdo comercial \u201cmodernizado\u201d entre la UE y Ucrania asfixia a\u00fan m\u00e1s al campo espa\u00f1ol - ASAJA Valladolid\",\"isPartOf\":{\"@id\":\"https:\/\/www.asajacyl.com\/valladolid\/#website\"},\"primaryImageOfPage\":{\"@id\":\"https:\/\/www.asajacyl.com\/valladolid\/asaja-valladolid-informa\/asaja-valladolid-denuncia-que-el-nuevo-acuerdo-comercial-modernizado-entre-la-ue-y-ucrania-asfixia-aun-mas-al-campo-espanol#primaryimage\"},\"image\":{\"@id\":\"https:\/\/www.asajacyl.com\/valladolid\/asaja-valladolid-informa\/asaja-valladolid-denuncia-que-el-nuevo-acuerdo-comercial-modernizado-entre-la-ue-y-ucrania-asfixia-aun-mas-al-campo-espanol#primaryimage\"},\"thumbnailUrl\":\"https:\/\/www.asajacyl.com\/valladolid\/wp-content\/uploads\/sites\/2\/2025\/10\/ASAJA-Valladolid-denuncia-que-el-nuevo-acuerdo-comercial-modernizado-entre-la-UE-y-Ucrania-asfixia-aun-mas-al-campo-espanol.jpg\",\"datePublished\":\"2025-10-30T11:26:35+00:00\",\"dateModified\":\"2025-10-30T11:26:38+00:00\",\"author\":{\"@id\":\"https:\/\/www.asajacyl.com\/valladolid\/#\/schema\/person\/cf213adc3e576168b6850f7db054141e\"},\"description\":\"ASAJA Valladolid denuncia que el nuevo acuerdo comercial \u201cmodernizado\u201d entre la UE y Ucrania asfixia a\u00fan m\u00e1s al campo espa\u00f1ol\",\"breadcrumb\":{\"@id\":\"https:\/\/www.asajacyl.com\/valladolid\/asaja-valladolid-informa\/asaja-valladolid-denuncia-que-el-nuevo-acuerdo-comercial-modernizado-entre-la-ue-y-ucrania-asfixia-aun-mas-al-campo-espanol#breadcrumb\"},\"inLanguage\":\"es\",\"potentialAction\":[{\"@type\":\"ReadAction\",\"target\":[\"https:\/\/www.asajacyl.com\/valladolid\/asaja-valladolid-informa\/asaja-valladolid-denuncia-que-el-nuevo-acuerdo-comercial-modernizado-entre-la-ue-y-ucrania-asfixia-aun-mas-al-campo-espanol\"]}]},{\"@type\":\"ImageObject\",\"inLanguage\":\"es\",\"@id\":\"https:\/\/www.asajacyl.com\/valladolid\/asaja-valladolid-informa\/asaja-valladolid-denuncia-que-el-nuevo-acuerdo-comercial-modernizado-entre-la-ue-y-ucrania-asfixia-aun-mas-al-campo-espanol#primaryimage\",\"url\":\"https:\/\/www.asajacyl.com\/valladolid\/wp-content\/uploads\/sites\/2\/2025\/10\/ASAJA-Valladolid-denuncia-que-el-nuevo-acuerdo-comercial-modernizado-entre-la-UE-y-Ucrania-asfixia-aun-mas-al-campo-espanol.jpg\",\"contentUrl\":\"https:\/\/www.asajacyl.com\/valladolid\/wp-content\/uploads\/sites\/2\/2025\/10\/ASAJA-Valladolid-denuncia-que-el-nuevo-acuerdo-comercial-modernizado-entre-la-UE-y-Ucrania-asfixia-aun-mas-al-campo-espanol.jpg\",\"width\":1280,\"height\":851,\"caption\":\"ASAJA Valladolid denuncia que el nuevo acuerdo comercial \u201cmodernizado\u201d entre la UE y Ucrania asfixia a\u00fan m\u00e1s al campo espa\u00f1ol\"},{\"@type\":\"BreadcrumbList\",\"@id\":\"https:\/\/www.asajacyl.com\/valladolid\/asaja-valladolid-informa\/asaja-valladolid-denuncia-que-el-nuevo-acuerdo-comercial-modernizado-entre-la-ue-y-ucrania-asfixia-aun-mas-al-campo-espanol#breadcrumb\",\"itemListElement\":[{\"@type\":\"ListItem\",\"position\":1,\"name\":\"Portada\",\"item\":\"https:\/\/www.asajacyl.com\/valladolid\/\"},{\"@type\":\"ListItem\",\"position\":2,\"name\":\"ASAJA Valladolid denuncia que el nuevo acuerdo comercial \u201cmodernizado\u201d entre la UE y Ucrania asfixia a\u00fan m\u00e1s al campo espa\u00f1ol\"}]},{\"@type\":\"WebSite\",\"@id\":\"https:\/\/www.asajacyl.com\/valladolid\/#website\",\"url\":\"https:\/\/www.asajacyl.com\/valladolid\/\",\"name\":\"ASAJA Valladolid\",\"description\":\"Otro sitio m\u00e1s de Provincias ASAJA Castilla y Le\u00f3n\",\"potentialAction\":[{\"@type\":\"SearchAction\",\"target\":{\"@type\":\"EntryPoint\",\"urlTemplate\":\"https:\/\/www.asajacyl.com\/valladolid\/?s={search_term_string}\"},\"query-input\":{\"@type\":\"PropertyValueSpecification\",\"valueRequired\":true,\"valueName\":\"search_term_string\"}}],\"inLanguage\":\"es\"},{\"@type\":\"Person\",\"@id\":\"https:\/\/www.asajacyl.com\/valladolid\/#\/schema\/person\/cf213adc3e576168b6850f7db054141e\",\"name\":\"Mar\u00eda Natividad\",\"image\":{\"@type\":\"ImageObject\",\"inLanguage\":\"es\",\"@id\":\"https:\/\/www.asajacyl.com\/valladolid\/#\/schema\/person\/image\/\",\"url\":\"https:\/\/secure.gravatar.com\/avatar\/7f7b3c840c2af79feac78f5eeffefc45?s=96&d=mm&r=g\",\"contentUrl\":\"https:\/\/secure.gravatar.com\/avatar\/7f7b3c840c2af79feac78f5eeffefc45?s=96&d=mm&r=g\",\"caption\":\"Mar\u00eda Natividad\"},\"url\":\"https:\/\/www.asajacyl.com\/valladolid\/author\/natividadhh\"}]}<\/script>\n<!-- \/ Yoast SEO plugin. -->","yoast_head_json":{"title":"ASAJA Valladolid denuncia que el nuevo acuerdo comercial \u201cmodernizado\u201d entre la UE y Ucrania asfixia a\u00fan m\u00e1s al campo espa\u00f1ol - ASAJA Valladolid","description":"ASAJA Valladolid denuncia que el nuevo acuerdo comercial \u201cmodernizado\u201d entre la UE y Ucrania asfixia a\u00fan m\u00e1s al campo espa\u00f1ol","robots":{"index":"index","follow":"follow","max-snippet":"max-snippet:-1","max-image-preview":"max-image-preview:large","max-video-preview":"max-video-preview:-1"},"canonical":"https:\/\/www.asajacyl.com\/valladolid\/asaja-valladolid-informa\/asaja-valladolid-denuncia-que-el-nuevo-acuerdo-comercial-modernizado-entre-la-ue-y-ucrania-asfixia-aun-mas-al-campo-espanol","og_locale":"es_ES","og_type":"article","og_title":"ASAJA Valladolid denuncia que el nuevo acuerdo comercial \u201cmodernizado\u201d entre la UE y Ucrania asfixia a\u00fan m\u00e1s al campo espa\u00f1ol - ASAJA Valladolid","og_description":"ASAJA Valladolid denuncia que el nuevo acuerdo comercial \u201cmodernizado\u201d entre la UE y Ucrania asfixia a\u00fan m\u00e1s al campo espa\u00f1ol","og_url":"https:\/\/www.asajacyl.com\/valladolid\/asaja-valladolid-informa\/asaja-valladolid-denuncia-que-el-nuevo-acuerdo-comercial-modernizado-entre-la-ue-y-ucrania-asfixia-aun-mas-al-campo-espanol","og_site_name":"ASAJA Valladolid","article_published_time":"2025-10-30T11:26:35+00:00","article_modified_time":"2025-10-30T11:26:38+00:00","og_image":[{"width":1280,"height":851,"url":"https:\/\/www.asajacyl.com\/valladolid\/wp-content\/uploads\/sites\/2\/2025\/10\/ASAJA-Valladolid-denuncia-que-el-nuevo-acuerdo-comercial-modernizado-entre-la-UE-y-Ucrania-asfixia-aun-mas-al-campo-espanol.jpg","type":"image\/jpeg"}],"author":"Mar\u00eda Natividad","twitter_card":"summary_large_image","twitter_misc":{"Escrito por":"Mar\u00eda Natividad","Tiempo de lectura":"2 minutos"},"schema":{"@context":"https:\/\/schema.org","@graph":[{"@type":"WebPage","@id":"https:\/\/www.asajacyl.com\/valladolid\/asaja-valladolid-informa\/asaja-valladolid-denuncia-que-el-nuevo-acuerdo-comercial-modernizado-entre-la-ue-y-ucrania-asfixia-aun-mas-al-campo-espanol","url":"https:\/\/www.asajacyl.com\/valladolid\/asaja-valladolid-informa\/asaja-valladolid-denuncia-que-el-nuevo-acuerdo-comercial-modernizado-entre-la-ue-y-ucrania-asfixia-aun-mas-al-campo-espanol","name":"ASAJA Valladolid denuncia que el nuevo acuerdo comercial \u201cmodernizado\u201d entre la UE y Ucrania asfixia a\u00fan m\u00e1s al campo espa\u00f1ol - ASAJA Valladolid","isPartOf":{"@id":"https:\/\/www.asajacyl.com\/valladolid\/#website"},"primaryImageOfPage":{"@id":"https:\/\/www.asajacyl.com\/valladolid\/asaja-valladolid-informa\/asaja-valladolid-denuncia-que-el-nuevo-acuerdo-comercial-modernizado-entre-la-ue-y-ucrania-asfixia-aun-mas-al-campo-espanol#primaryimage"},"image":{"@id":"https:\/\/www.asajacyl.com\/valladolid\/asaja-valladolid-informa\/asaja-valladolid-denuncia-que-el-nuevo-acuerdo-comercial-modernizado-entre-la-ue-y-ucrania-asfixia-aun-mas-al-campo-espanol#primaryimage"},"thumbnailUrl":"https:\/\/www.asajacyl.com\/valladolid\/wp-content\/uploads\/sites\/2\/2025\/10\/ASAJA-Valladolid-denuncia-que-el-nuevo-acuerdo-comercial-modernizado-entre-la-UE-y-Ucrania-asfixia-aun-mas-al-campo-espanol.jpg","datePublished":"2025-10-30T11:26:35+00:00","dateModified":"2025-10-30T11:26:38+00:00","author":{"@id":"https:\/\/www.asajacyl.com\/valladolid\/#\/schema\/person\/cf213adc3e576168b6850f7db054141e"},"description":"ASAJA Valladolid denuncia que el nuevo acuerdo comercial \u201cmodernizado\u201d entre la UE y Ucrania asfixia a\u00fan m\u00e1s al campo espa\u00f1ol","breadcrumb":{"@id":"https:\/\/www.asajacyl.com\/valladolid\/asaja-valladolid-informa\/asaja-valladolid-denuncia-que-el-nuevo-acuerdo-comercial-modernizado-entre-la-ue-y-ucrania-asfixia-aun-mas-al-campo-espanol#breadcrumb"},"inLanguage":"es","potentialAction":[{"@type":"ReadAction","target":["https:\/\/www.asajacyl.com\/valladolid\/asaja-valladolid-informa\/asaja-valladolid-denuncia-que-el-nuevo-acuerdo-comercial-modernizado-entre-la-ue-y-ucrania-asfixia-aun-mas-al-campo-espanol"]}]},{"@type":"ImageObject","inLanguage":"es","@id":"https:\/\/www.asajacyl.com\/valladolid\/asaja-valladolid-informa\/asaja-valladolid-denuncia-que-el-nuevo-acuerdo-comercial-modernizado-entre-la-ue-y-ucrania-asfixia-aun-mas-al-campo-espanol#primaryimage","url":"https:\/\/www.asajacyl.com\/valladolid\/wp-content\/uploads\/sites\/2\/2025\/10\/ASAJA-Valladolid-denuncia-que-el-nuevo-acuerdo-comercial-modernizado-entre-la-UE-y-Ucrania-asfixia-aun-mas-al-campo-espanol.jpg","contentUrl":"https:\/\/www.asajacyl.com\/valladolid\/wp-content\/uploads\/sites\/2\/2025\/10\/ASAJA-Valladolid-denuncia-que-el-nuevo-acuerdo-comercial-modernizado-entre-la-UE-y-Ucrania-asfixia-aun-mas-al-campo-espanol.jpg","width":1280,"height":851,"caption":"ASAJA Valladolid denuncia que el nuevo acuerdo comercial \u201cmodernizado\u201d entre la UE y Ucrania asfixia a\u00fan m\u00e1s al campo espa\u00f1ol"},{"@type":"BreadcrumbList","@id":"https:\/\/www.asajacyl.com\/valladolid\/asaja-valladolid-informa\/asaja-valladolid-denuncia-que-el-nuevo-acuerdo-comercial-modernizado-entre-la-ue-y-ucrania-asfixia-aun-mas-al-campo-espanol#breadcrumb","itemListElement":[{"@type":"ListItem","position":1,"name":"Portada","item":"https:\/\/www.asajacyl.com\/valladolid\/"},{"@type":"ListItem","position":2,"name":"ASAJA Valladolid denuncia que el nuevo acuerdo comercial \u201cmodernizado\u201d entre la UE y Ucrania asfixia a\u00fan m\u00e1s al campo espa\u00f1ol"}]},{"@type":"WebSite","@id":"https:\/\/www.asajacyl.com\/valladolid\/#website","url":"https:\/\/www.asajacyl.com\/valladolid\/","name":"ASAJA Valladolid","description":"Otro sitio m\u00e1s de Provincias ASAJA Castilla y Le\u00f3n","potentialAction":[{"@type":"SearchAction","target":{"@type":"EntryPoint","urlTemplate":"https:\/\/www.asajacyl.com\/valladolid\/?s={search_term_string}"},"query-input":{"@type":"PropertyValueSpecification","valueRequired":true,"valueName":"search_term_string"}}],"inLanguage":"es"},{"@type":"Person","@id":"https:\/\/www.asajacyl.com\/valladolid\/#\/schema\/person\/cf213adc3e576168b6850f7db054141e","name":"Mar\u00eda Natividad","image":{"@type":"ImageObject","inLanguage":"es","@id":"https:\/\/www.asajacyl.com\/valladolid\/#\/schema\/person\/image\/","url":"https:\/\/secure.gravatar.com\/avatar\/7f7b3c840c2af79feac78f5eeffefc45?s=96&d=mm&r=g","contentUrl":"https:\/\/secure.gravatar.com\/avatar\/7f7b3c840c2af79feac78f5eeffefc45?s=96&d=mm&r=g","caption":"Mar\u00eda Natividad"},"url":"https:\/\/www.asajacyl.com\/valladolid\/author\/natividadhh"}]}},"_links":{"self":[{"href":"https:\/\/www.asajacyl.com\/valladolid\/wp-json\/wp\/v2\/posts\/3914"}],"collection":[{"href":"https:\/\/www.asajacyl.com\/valladolid\/wp-json\/wp\/v2\/posts"}],"about":[{"href":"https:\/\/www.asajacyl.com\/valladolid\/wp-json\/wp\/v2\/types\/post"}],"author":[{"embeddable":true,"href":"https:\/\/www.asajacyl.com\/valladolid\/wp-json\/wp\/v2\/users\/13"}],"replies":[{"embeddable":true,"href":"https:\/\/www.asajacyl.com\/valladolid\/wp-json\/wp\/v2\/comments?post=3914"}],"version-history":[{"count":1,"href":"https:\/\/www.asajacyl.com\/valladolid\/wp-json\/wp\/v2\/posts\/3914\/revisions"}],"predecessor-version":[{"id":3916,"href":"https:\/\/www.asajacyl.com\/valladolid\/wp-json\/wp\/v2\/posts\/3914\/revisions\/3916"}],"wp:featuredmedia":[{"embeddable":true,"href":"https:\/\/www.asajacyl.com\/valladolid\/wp-json\/wp\/v2\/media\/3915"}],"wp:attachment":[{"href":"https:\/\/www.asajacyl.com\/valladolid\/wp-json\/wp\/v2\/media?parent=3914"}],"wp:term":[{"taxonomy":"category","embeddable":true,"href":"https:\/\/www.asajacyl.com\/valladolid\/wp-json\/wp\/v2\/categories?post=3914"},{"taxonomy":"post_tag","embeddable":true,"href":"https:\/\/www.asajacyl.com\/valladolid\/wp-json\/wp\/v2\/tags?post=3914"}],"curies":[{"name":"wp","href":"https:\/\/api.w.org\/{rel}","templated":true}]}}