{"id":3927,"date":"2026-01-09T10:16:23","date_gmt":"2026-01-09T09:16:23","guid":{"rendered":"https:\/\/www.asajacyl.com\/valladolid\/?p=3927"},"modified":"2026-01-13T10:08:42","modified_gmt":"2026-01-13T09:08:42","slug":"asaja-valladolid-organiza-en-langayo-un-curso-practico-sobre-herramientas-digitales-para-la-gestion-de-explotaciones-agrarias","status":"publish","type":"post","link":"https:\/\/www.asajacyl.com\/valladolid\/asaja-valladolid-informa\/asaja-valladolid-organiza-en-langayo-un-curso-practico-sobre-herramientas-digitales-para-la-gestion-de-explotaciones-agrarias","title":{"rendered":"ASAJA Valladolid organiza en Langayo un curso pr\u00e1ctico sobre herramientas digitales para la gesti\u00f3n de explotaciones agrarias"},"content":{"rendered":"\n<h3 class=\"wp-block-heading\"><strong>Una oportunidad para aprender a manejar aplicaciones clave que facilitan el trabajo diario en el campo<\/strong><\/h3>\n\n\n\n<p>ASAJA Valladolid celebrar\u00e1 el <strong>16 y 19 de enero<\/strong>, en el <strong>Ayuntamiento de Langayo<\/strong>, el curso <strong>\u201cHerramientas digitales b\u00e1sicas para el buen manejo de las explotaciones agrarias\u201d<\/strong>, una acci\u00f3n formativa pensada para ayudar a agricultores y ganaderos a desenvolverse con soltura en el uso de herramientas digitales cada vez m\u00e1s necesarias en la gesti\u00f3n diaria de sus explotaciones.<\/p>\n\n\n\n<p>El curso, que se impartir\u00e1 en <strong>horario de 10:00 a 14:00 horas<\/strong>, tendr\u00e1 un enfoque <strong>muy pr\u00e1ctico<\/strong>, permitiendo a los asistentes aprender a utilizar aplicaciones y plataformas clave para cumplir con tr\u00e1mites administrativos, mejorar la organizaci\u00f3n de la explotaci\u00f3n y ahorrar tiempo en gestiones habituales.<\/p>\n\n\n\n<figure class=\"wp-block-image size-large\"><img loading=\"lazy\" decoding=\"async\" width=\"816\" height=\"1024\" src=\"https:\/\/www.asajacyl.com\/valladolid\/wp-content\/uploads\/sites\/2\/2026\/01\/Def-Curso-Langayo-ok-imagen-816x1024.jpg\" alt=\"\" class=\"wp-image-3932\" srcset=\"https:\/\/www.asajacyl.com\/valladolid\/wp-content\/uploads\/sites\/2\/2026\/01\/Def-Curso-Langayo-ok-imagen-816x1024.jpg 816w, https:\/\/www.asajacyl.com\/valladolid\/wp-content\/uploads\/sites\/2\/2026\/01\/Def-Curso-Langayo-ok-imagen-239x300.jpg 239w, https:\/\/www.asajacyl.com\/valladolid\/wp-content\/uploads\/sites\/2\/2026\/01\/Def-Curso-Langayo-ok-imagen-768x964.jpg 768w, https:\/\/www.asajacyl.com\/valladolid\/wp-content\/uploads\/sites\/2\/2026\/01\/Def-Curso-Langayo-ok-imagen-1224x1536.jpg 1224w, https:\/\/www.asajacyl.com\/valladolid\/wp-content\/uploads\/sites\/2\/2026\/01\/Def-Curso-Langayo-ok-imagen-335x420.jpg 335w, https:\/\/www.asajacyl.com\/valladolid\/wp-content\/uploads\/sites\/2\/2026\/01\/Def-Curso-Langayo-ok-imagen-696x873.jpg 696w, https:\/\/www.asajacyl.com\/valladolid\/wp-content\/uploads\/sites\/2\/2026\/01\/Def-Curso-Langayo-ok-imagen-1068x1340.jpg 1068w, https:\/\/www.asajacyl.com\/valladolid\/wp-content\/uploads\/sites\/2\/2026\/01\/Def-Curso-Langayo-ok-imagen.jpg 1240w\" sizes=\"(max-width: 816px) 100vw, 816px\" \/><\/figure>\n\n\n\n<p>Durante la formaci\u00f3n se trabajar\u00e1, entre otros contenidos, el uso de <strong>Geo Fotos de la Junta de Castilla y Le\u00f3n<\/strong> para realizar y enviar fotograf\u00edas georreferenciadas; la consulta de parcelas y descarga de datos en <strong>SIGPAC<\/strong>; el escaneo de documentos desde el tel\u00e9fono m\u00f3vil mediante <strong>Adobe Scan<\/strong>; la localizaci\u00f3n de fincas y obtenci\u00f3n de informaci\u00f3n a trav\u00e9s del <strong>Catastro<\/strong>; o la consulta de maquinaria agr\u00edcola en <strong>ROMA<\/strong>.<\/p>\n\n\n\n<p>Adem\u00e1s, se abordar\u00e1 de forma pr\u00e1ctica la <strong>cumplimentaci\u00f3n del Cuaderno de Campo<\/strong>, el manejo del <strong>Cuaderno de Campo Digital<\/strong> para el registro online de datos y el uso del <strong>certificado digital<\/strong>, una herramienta imprescindible para realizar tr\u00e1mites electr\u00f3nicos con la administraci\u00f3n.<\/p>\n\n\n\n<p>Desde ASAJA Valladolid se destaca que se trata de una <strong>excelente oportunidad para adquirir conocimientos \u00fatiles y aplicables desde el primer d\u00eda<\/strong>, especialmente en un contexto en el que la digitalizaci\u00f3n del sector agrario es cada vez m\u00e1s importante.<\/p>\n\n\n\n<p>\u26a0\ufe0f <strong>Las plazas son limitadas<\/strong>, por lo que se recomienda realizar la inscripci\u00f3n cuanto antes llamando al <strong>983 88 12 89<\/strong>.<\/p>\n","protected":false},"excerpt":{"rendered":"<p>Una oportunidad para aprender a manejar aplicaciones clave que facilitan el trabajo diario en el campo ASAJA Valladolid celebrar\u00e1 el 16 y 19 de enero, en el Ayuntamiento de Langayo, el curso \u201cHerramientas digitales b\u00e1sicas para el buen manejo de las explotaciones agrarias\u201d, una acci\u00f3n formativa pensada para ayudar a agricultores y ganaderos a desenvolverse [&hellip;]<\/p>\n","protected":false},"author":13,"featured_media":3929,"comment_status":"open","ping_status":"open","sticky":false,"template":"","format":"standard","meta":{"footnotes":""},"categories":[8,21,28,9],"tags":[70,58,233,1100,1099,1098],"yoast_head":"<!-- This site is optimized with the Yoast SEO plugin v24.5 - https:\/\/yoast.com\/wordpress\/plugins\/seo\/ -->\n<title>ASAJA Valladolid organiza en Langayo un curso pr\u00e1ctico sobre herramientas digitales para la gesti\u00f3n de explotaciones agrarias - ASAJA Valladolid<\/title>\n<meta name=\"description\" content=\"ASAJA Valladolid organiza en Langayo un curso pr\u00e1ctico sobre herramientas digitales para la gesti\u00f3n de explotaciones agrarias\" \/>\n<meta name=\"robots\" content=\"index, follow, max-snippet:-1, max-image-preview:large, max-video-preview:-1\" \/>\n<link rel=\"canonical\" href=\"https:\/\/www.asajacyl.com\/valladolid\/asaja-valladolid-informa\/asaja-valladolid-organiza-en-langayo-un-curso-practico-sobre-herramientas-digitales-para-la-gestion-de-explotaciones-agrarias\" \/>\n<meta property=\"og:locale\" content=\"es_ES\" \/>\n<meta property=\"og:type\" content=\"article\" \/>\n<meta property=\"og:title\" content=\"ASAJA Valladolid organiza en Langayo un curso pr\u00e1ctico sobre herramientas digitales para la gesti\u00f3n de explotaciones agrarias - ASAJA Valladolid\" \/>\n<meta property=\"og:description\" content=\"ASAJA Valladolid organiza en Langayo un curso pr\u00e1ctico sobre herramientas digitales para la gesti\u00f3n de explotaciones agrarias\" \/>\n<meta property=\"og:url\" content=\"https:\/\/www.asajacyl.com\/valladolid\/asaja-valladolid-informa\/asaja-valladolid-organiza-en-langayo-un-curso-practico-sobre-herramientas-digitales-para-la-gestion-de-explotaciones-agrarias\" \/>\n<meta property=\"og:site_name\" content=\"ASAJA Valladolid\" \/>\n<meta property=\"article:published_time\" content=\"2026-01-09T09:16:23+00:00\" \/>\n<meta property=\"article:modified_time\" content=\"2026-01-13T09:08:42+00:00\" \/>\n<meta property=\"og:image\" content=\"https:\/\/www.asajacyl.com\/valladolid\/wp-content\/uploads\/sites\/2\/2026\/01\/foto-curso-para-web.jpg\" \/>\n\t<meta property=\"og:image:width\" content=\"1200\" \/>\n\t<meta property=\"og:image:height\" content=\"1600\" \/>\n\t<meta property=\"og:image:type\" content=\"image\/jpeg\" \/>\n<meta name=\"author\" content=\"Mar\u00eda Natividad\" \/>\n<meta name=\"twitter:card\" content=\"summary_large_image\" \/>\n<meta name=\"twitter:label1\" content=\"Escrito por\" \/>\n\t<meta name=\"twitter:data1\" content=\"Mar\u00eda Natividad\" \/>\n\t<meta name=\"twitter:label2\" content=\"Tiempo de lectura\" \/>\n\t<meta name=\"twitter:data2\" content=\"2 minutos\" \/>\n<script type=\"application\/ld+json\" class=\"yoast-schema-graph\">{\"@context\":\"https:\/\/schema.org\",\"@graph\":[{\"@type\":\"WebPage\",\"@id\":\"https:\/\/www.asajacyl.com\/valladolid\/asaja-valladolid-informa\/asaja-valladolid-organiza-en-langayo-un-curso-practico-sobre-herramientas-digitales-para-la-gestion-de-explotaciones-agrarias\",\"url\":\"https:\/\/www.asajacyl.com\/valladolid\/asaja-valladolid-informa\/asaja-valladolid-organiza-en-langayo-un-curso-practico-sobre-herramientas-digitales-para-la-gestion-de-explotaciones-agrarias\",\"name\":\"ASAJA Valladolid organiza en Langayo un curso pr\u00e1ctico sobre herramientas digitales para la gesti\u00f3n de explotaciones agrarias - ASAJA Valladolid\",\"isPartOf\":{\"@id\":\"https:\/\/www.asajacyl.com\/valladolid\/#website\"},\"primaryImageOfPage\":{\"@id\":\"https:\/\/www.asajacyl.com\/valladolid\/asaja-valladolid-informa\/asaja-valladolid-organiza-en-langayo-un-curso-practico-sobre-herramientas-digitales-para-la-gestion-de-explotaciones-agrarias#primaryimage\"},\"image\":{\"@id\":\"https:\/\/www.asajacyl.com\/valladolid\/asaja-valladolid-informa\/asaja-valladolid-organiza-en-langayo-un-curso-practico-sobre-herramientas-digitales-para-la-gestion-de-explotaciones-agrarias#primaryimage\"},\"thumbnailUrl\":\"https:\/\/www.asajacyl.com\/valladolid\/wp-content\/uploads\/sites\/2\/2026\/01\/foto-curso-para-web.jpg\",\"datePublished\":\"2026-01-09T09:16:23+00:00\",\"dateModified\":\"2026-01-13T09:08:42+00:00\",\"author\":{\"@id\":\"https:\/\/www.asajacyl.com\/valladolid\/#\/schema\/person\/cf213adc3e576168b6850f7db054141e\"},\"description\":\"ASAJA Valladolid organiza en Langayo un curso pr\u00e1ctico sobre herramientas digitales para la gesti\u00f3n de explotaciones agrarias\",\"breadcrumb\":{\"@id\":\"https:\/\/www.asajacyl.com\/valladolid\/asaja-valladolid-informa\/asaja-valladolid-organiza-en-langayo-un-curso-practico-sobre-herramientas-digitales-para-la-gestion-de-explotaciones-agrarias#breadcrumb\"},\"inLanguage\":\"es\",\"potentialAction\":[{\"@type\":\"ReadAction\",\"target\":[\"https:\/\/www.asajacyl.com\/valladolid\/asaja-valladolid-informa\/asaja-valladolid-organiza-en-langayo-un-curso-practico-sobre-herramientas-digitales-para-la-gestion-de-explotaciones-agrarias\"]}]},{\"@type\":\"ImageObject\",\"inLanguage\":\"es\",\"@id\":\"https:\/\/www.asajacyl.com\/valladolid\/asaja-valladolid-informa\/asaja-valladolid-organiza-en-langayo-un-curso-practico-sobre-herramientas-digitales-para-la-gestion-de-explotaciones-agrarias#primaryimage\",\"url\":\"https:\/\/www.asajacyl.com\/valladolid\/wp-content\/uploads\/sites\/2\/2026\/01\/foto-curso-para-web.jpg\",\"contentUrl\":\"https:\/\/www.asajacyl.com\/valladolid\/wp-content\/uploads\/sites\/2\/2026\/01\/foto-curso-para-web.jpg\",\"width\":1200,\"height\":1600,\"caption\":\"ASAJA Valladolid organiza en Langayo un curso pr\u00e1ctico sobre herramientas digitales para la gesti\u00f3n de explotaciones agrarias\"},{\"@type\":\"BreadcrumbList\",\"@id\":\"https:\/\/www.asajacyl.com\/valladolid\/asaja-valladolid-informa\/asaja-valladolid-organiza-en-langayo-un-curso-practico-sobre-herramientas-digitales-para-la-gestion-de-explotaciones-agrarias#breadcrumb\",\"itemListElement\":[{\"@type\":\"ListItem\",\"position\":1,\"name\":\"Portada\",\"item\":\"https:\/\/www.asajacyl.com\/valladolid\/\"},{\"@type\":\"ListItem\",\"position\":2,\"name\":\"ASAJA Valladolid organiza en Langayo un curso pr\u00e1ctico sobre herramientas digitales para la gesti\u00f3n de explotaciones agrarias\"}]},{\"@type\":\"WebSite\",\"@id\":\"https:\/\/www.asajacyl.com\/valladolid\/#website\",\"url\":\"https:\/\/www.asajacyl.com\/valladolid\/\",\"name\":\"ASAJA Valladolid\",\"description\":\"Otro sitio m\u00e1s de Provincias ASAJA Castilla y Le\u00f3n\",\"potentialAction\":[{\"@type\":\"SearchAction\",\"target\":{\"@type\":\"EntryPoint\",\"urlTemplate\":\"https:\/\/www.asajacyl.com\/valladolid\/?s={search_term_string}\"},\"query-input\":{\"@type\":\"PropertyValueSpecification\",\"valueRequired\":true,\"valueName\":\"search_term_string\"}}],\"inLanguage\":\"es\"},{\"@type\":\"Person\",\"@id\":\"https:\/\/www.asajacyl.com\/valladolid\/#\/schema\/person\/cf213adc3e576168b6850f7db054141e\",\"name\":\"Mar\u00eda Natividad\",\"image\":{\"@type\":\"ImageObject\",\"inLanguage\":\"es\",\"@id\":\"https:\/\/www.asajacyl.com\/valladolid\/#\/schema\/person\/image\/\",\"url\":\"https:\/\/secure.gravatar.com\/avatar\/7f7b3c840c2af79feac78f5eeffefc45?s=96&d=mm&r=g\",\"contentUrl\":\"https:\/\/secure.gravatar.com\/avatar\/7f7b3c840c2af79feac78f5eeffefc45?s=96&d=mm&r=g\",\"caption\":\"Mar\u00eda Natividad\"},\"url\":\"https:\/\/www.asajacyl.com\/valladolid\/author\/natividadhh\"}]}<\/script>\n<!-- \/ Yoast SEO plugin. -->","yoast_head_json":{"title":"ASAJA Valladolid organiza en Langayo un curso pr\u00e1ctico sobre herramientas digitales para la gesti\u00f3n de explotaciones agrarias - ASAJA Valladolid","description":"ASAJA Valladolid organiza en Langayo un curso pr\u00e1ctico sobre herramientas digitales para la gesti\u00f3n de explotaciones agrarias","robots":{"index":"index","follow":"follow","max-snippet":"max-snippet:-1","max-image-preview":"max-image-preview:large","max-video-preview":"max-video-preview:-1"},"canonical":"https:\/\/www.asajacyl.com\/valladolid\/asaja-valladolid-informa\/asaja-valladolid-organiza-en-langayo-un-curso-practico-sobre-herramientas-digitales-para-la-gestion-de-explotaciones-agrarias","og_locale":"es_ES","og_type":"article","og_title":"ASAJA Valladolid organiza en Langayo un curso pr\u00e1ctico sobre herramientas digitales para la gesti\u00f3n de explotaciones agrarias - ASAJA Valladolid","og_description":"ASAJA Valladolid organiza en Langayo un curso pr\u00e1ctico sobre herramientas digitales para la gesti\u00f3n de explotaciones agrarias","og_url":"https:\/\/www.asajacyl.com\/valladolid\/asaja-valladolid-informa\/asaja-valladolid-organiza-en-langayo-un-curso-practico-sobre-herramientas-digitales-para-la-gestion-de-explotaciones-agrarias","og_site_name":"ASAJA Valladolid","article_published_time":"2026-01-09T09:16:23+00:00","article_modified_time":"2026-01-13T09:08:42+00:00","og_image":[{"width":1200,"height":1600,"url":"https:\/\/www.asajacyl.com\/valladolid\/wp-content\/uploads\/sites\/2\/2026\/01\/foto-curso-para-web.jpg","type":"image\/jpeg"}],"author":"Mar\u00eda Natividad","twitter_card":"summary_large_image","twitter_misc":{"Escrito por":"Mar\u00eda Natividad","Tiempo de lectura":"2 minutos"},"schema":{"@context":"https:\/\/schema.org","@graph":[{"@type":"WebPage","@id":"https:\/\/www.asajacyl.com\/valladolid\/asaja-valladolid-informa\/asaja-valladolid-organiza-en-langayo-un-curso-practico-sobre-herramientas-digitales-para-la-gestion-de-explotaciones-agrarias","url":"https:\/\/www.asajacyl.com\/valladolid\/asaja-valladolid-informa\/asaja-valladolid-organiza-en-langayo-un-curso-practico-sobre-herramientas-digitales-para-la-gestion-de-explotaciones-agrarias","name":"ASAJA Valladolid organiza en Langayo un curso pr\u00e1ctico sobre herramientas digitales para la gesti\u00f3n de explotaciones agrarias - ASAJA Valladolid","isPartOf":{"@id":"https:\/\/www.asajacyl.com\/valladolid\/#website"},"primaryImageOfPage":{"@id":"https:\/\/www.asajacyl.com\/valladolid\/asaja-valladolid-informa\/asaja-valladolid-organiza-en-langayo-un-curso-practico-sobre-herramientas-digitales-para-la-gestion-de-explotaciones-agrarias#primaryimage"},"image":{"@id":"https:\/\/www.asajacyl.com\/valladolid\/asaja-valladolid-informa\/asaja-valladolid-organiza-en-langayo-un-curso-practico-sobre-herramientas-digitales-para-la-gestion-de-explotaciones-agrarias#primaryimage"},"thumbnailUrl":"https:\/\/www.asajacyl.com\/valladolid\/wp-content\/uploads\/sites\/2\/2026\/01\/foto-curso-para-web.jpg","datePublished":"2026-01-09T09:16:23+00:00","dateModified":"2026-01-13T09:08:42+00:00","author":{"@id":"https:\/\/www.asajacyl.com\/valladolid\/#\/schema\/person\/cf213adc3e576168b6850f7db054141e"},"description":"ASAJA Valladolid organiza en Langayo un curso pr\u00e1ctico sobre herramientas digitales para la gesti\u00f3n de explotaciones agrarias","breadcrumb":{"@id":"https:\/\/www.asajacyl.com\/valladolid\/asaja-valladolid-informa\/asaja-valladolid-organiza-en-langayo-un-curso-practico-sobre-herramientas-digitales-para-la-gestion-de-explotaciones-agrarias#breadcrumb"},"inLanguage":"es","potentialAction":[{"@type":"ReadAction","target":["https:\/\/www.asajacyl.com\/valladolid\/asaja-valladolid-informa\/asaja-valladolid-organiza-en-langayo-un-curso-practico-sobre-herramientas-digitales-para-la-gestion-de-explotaciones-agrarias"]}]},{"@type":"ImageObject","inLanguage":"es","@id":"https:\/\/www.asajacyl.com\/valladolid\/asaja-valladolid-informa\/asaja-valladolid-organiza-en-langayo-un-curso-practico-sobre-herramientas-digitales-para-la-gestion-de-explotaciones-agrarias#primaryimage","url":"https:\/\/www.asajacyl.com\/valladolid\/wp-content\/uploads\/sites\/2\/2026\/01\/foto-curso-para-web.jpg","contentUrl":"https:\/\/www.asajacyl.com\/valladolid\/wp-content\/uploads\/sites\/2\/2026\/01\/foto-curso-para-web.jpg","width":1200,"height":1600,"caption":"ASAJA Valladolid organiza en Langayo un curso pr\u00e1ctico sobre herramientas digitales para la gesti\u00f3n de explotaciones agrarias"},{"@type":"BreadcrumbList","@id":"https:\/\/www.asajacyl.com\/valladolid\/asaja-valladolid-informa\/asaja-valladolid-organiza-en-langayo-un-curso-practico-sobre-herramientas-digitales-para-la-gestion-de-explotaciones-agrarias#breadcrumb","itemListElement":[{"@type":"ListItem","position":1,"name":"Portada","item":"https:\/\/www.asajacyl.com\/valladolid\/"},{"@type":"ListItem","position":2,"name":"ASAJA Valladolid organiza en Langayo un curso pr\u00e1ctico sobre herramientas digitales para la gesti\u00f3n de explotaciones agrarias"}]},{"@type":"WebSite","@id":"https:\/\/www.asajacyl.com\/valladolid\/#website","url":"https:\/\/www.asajacyl.com\/valladolid\/","name":"ASAJA Valladolid","description":"Otro sitio m\u00e1s de Provincias ASAJA Castilla y Le\u00f3n","potentialAction":[{"@type":"SearchAction","target":{"@type":"EntryPoint","urlTemplate":"https:\/\/www.asajacyl.com\/valladolid\/?s={search_term_string}"},"query-input":{"@type":"PropertyValueSpecification","valueRequired":true,"valueName":"search_term_string"}}],"inLanguage":"es"},{"@type":"Person","@id":"https:\/\/www.asajacyl.com\/valladolid\/#\/schema\/person\/cf213adc3e576168b6850f7db054141e","name":"Mar\u00eda Natividad","image":{"@type":"ImageObject","inLanguage":"es","@id":"https:\/\/www.asajacyl.com\/valladolid\/#\/schema\/person\/image\/","url":"https:\/\/secure.gravatar.com\/avatar\/7f7b3c840c2af79feac78f5eeffefc45?s=96&d=mm&r=g","contentUrl":"https:\/\/secure.gravatar.com\/avatar\/7f7b3c840c2af79feac78f5eeffefc45?s=96&d=mm&r=g","caption":"Mar\u00eda Natividad"},"url":"https:\/\/www.asajacyl.com\/valladolid\/author\/natividadhh"}]}},"_links":{"self":[{"href":"https:\/\/www.asajacyl.com\/valladolid\/wp-json\/wp\/v2\/posts\/3927"}],"collection":[{"href":"https:\/\/www.asajacyl.com\/valladolid\/wp-json\/wp\/v2\/posts"}],"about":[{"href":"https:\/\/www.asajacyl.com\/valladolid\/wp-json\/wp\/v2\/types\/post"}],"author":[{"embeddable":true,"href":"https:\/\/www.asajacyl.com\/valladolid\/wp-json\/wp\/v2\/users\/13"}],"replies":[{"embeddable":true,"href":"https:\/\/www.asajacyl.com\/valladolid\/wp-json\/wp\/v2\/comments?post=3927"}],"version-history":[{"count":2,"href":"https:\/\/www.asajacyl.com\/valladolid\/wp-json\/wp\/v2\/posts\/3927\/revisions"}],"predecessor-version":[{"id":3933,"href":"https:\/\/www.asajacyl.com\/valladolid\/wp-json\/wp\/v2\/posts\/3927\/revisions\/3933"}],"wp:featuredmedia":[{"embeddable":true,"href":"https:\/\/www.asajacyl.com\/valladolid\/wp-json\/wp\/v2\/media\/3929"}],"wp:attachment":[{"href":"https:\/\/www.asajacyl.com\/valladolid\/wp-json\/wp\/v2\/media?parent=3927"}],"wp:term":[{"taxonomy":"category","embeddable":true,"href":"https:\/\/www.asajacyl.com\/valladolid\/wp-json\/wp\/v2\/categories?post=3927"},{"taxonomy":"post_tag","embeddable":true,"href":"https:\/\/www.asajacyl.com\/valladolid\/wp-json\/wp\/v2\/tags?post=3927"}],"curies":[{"name":"wp","href":"https:\/\/api.w.org\/{rel}","templated":true}]}}