{"id":3934,"date":"2026-01-13T10:32:06","date_gmt":"2026-01-13T09:32:06","guid":{"rendered":"https:\/\/www.asajacyl.com\/valladolid\/?p=3934"},"modified":"2026-01-13T10:32:08","modified_gmt":"2026-01-13T09:32:08","slug":"comunicado-asaja-valladolid-manifestacion-jueves-15-de-enero-en-la-cortes-de-cyl","status":"publish","type":"post","link":"https:\/\/www.asajacyl.com\/valladolid\/asaja-valladolid-informa\/comunicado-asaja-valladolid-manifestacion-jueves-15-de-enero-en-la-cortes-de-cyl","title":{"rendered":"Comunicado ASAJA Valladolid Manifestaci\u00f3n jueves 15 de enero en la Cortes de CyL"},"content":{"rendered":"\n<p><\/p>\n\n\n\n<p>Ante las movilizaciones que se est\u00e1n sucediendo en los pr\u00f3ximos d\u00edas en defensa del sector agrario, y&nbsp;<strong>de manera especial la manifestaci\u00f3n convocada este jueves 15 de enero frente a las Cortes de Castilla y Le\u00f3n<\/strong>, desde&nbsp;<strong>ASAJA Valladolid<\/strong>&nbsp;queremos trasladar un mensaje&nbsp;<strong>claro y contundente<\/strong>.<\/p>\n\n\n\n<p>\u00a0<strong>ASAJA Valladolid apoya plenamente esta manifestaci\u00f3n<\/strong>, en defensa del campo y\u00a0<strong>en contra del acuerdo de Mercosur<\/strong>, una postura firme que la organizaci\u00f3n viene manteniendo desde la entrada de la nueva directiva,\u00a0<strong>con independencia de qui\u00e9n convoque las acciones de protesta<\/strong>.<\/p>\n\n\n\n<p>\u00a0El campo no puede seguir pagando las consecuencias de decisiones que ponen en riesgo nuestra rentabilidad, nuestro trabajo y nuestro futuro.<\/p>\n\n\n\n<p>Por coherencia, por responsabilidad y por la necesidad real de hacernos o\u00edr,\u00a0<strong>desde ASAJA Valladolid animamos a todos nuestros socios y simpatizantes a participar de forma masiva<\/strong>\u00a0en esta concentraci\u00f3n, <strong>con tractor<\/strong>\u00a0o <strong>a t\u00edtulo personal<\/strong>, <strong>a las puertas de las Cortes<\/strong>.<\/p>\n\n\n\n<p>\u00a0<strong>Es el momento de estar unidos y dar un paso al frente.<\/strong> <strong>Nuestra presencia es clave para defender el futuro del campo.<\/strong><\/p>\n\n\n\n<p>\u00a0<strong>NO a Mercosur<\/strong><br>\u00a0<strong>S\u00cd al futuro del campo<\/strong><\/p>\n\n\n\n<p>\u00a0<strong>ASAJA VALLADOLID ESTAR\u00c1 DEFENDIENDO AL SECTOR. CONTAMOS CONTIGO<\/strong><\/p>\n","protected":false},"excerpt":{"rendered":"<p>Ante las movilizaciones que se est\u00e1n sucediendo en los pr\u00f3ximos d\u00edas en defensa del sector agrario, y&nbsp;de manera especial la manifestaci\u00f3n convocada este jueves 15 de enero frente a las Cortes de Castilla y Le\u00f3n, desde&nbsp;ASAJA Valladolid&nbsp;queremos trasladar un mensaje&nbsp;claro y contundente. \u00a0ASAJA Valladolid apoya plenamente esta manifestaci\u00f3n, en defensa del campo y\u00a0en contra del [&hellip;]<\/p>\n","protected":false},"author":13,"featured_media":3935,"comment_status":"open","ping_status":"open","sticky":false,"template":"","format":"standard","meta":{"footnotes":""},"categories":[8,9],"tags":[1102,70,58,1101,216,1009],"yoast_head":"<!-- This site is optimized with the Yoast SEO plugin v24.5 - https:\/\/yoast.com\/wordpress\/plugins\/seo\/ -->\n<title>Comunicado ASAJA Valladolid Manifestaci\u00f3n jueves 15 de enero en la Cortes de CyL - ASAJA Valladolid<\/title>\n<meta name=\"description\" content=\"Comunicado ASAJA Valladolid Manifestaci\u00f3n jueves 15 de enero en la Cortes de CyL\" \/>\n<meta name=\"robots\" content=\"index, follow, max-snippet:-1, max-image-preview:large, max-video-preview:-1\" \/>\n<link rel=\"canonical\" href=\"https:\/\/www.asajacyl.com\/valladolid\/asaja-valladolid-informa\/comunicado-asaja-valladolid-manifestacion-jueves-15-de-enero-en-la-cortes-de-cyl\" \/>\n<meta property=\"og:locale\" content=\"es_ES\" \/>\n<meta property=\"og:type\" content=\"article\" \/>\n<meta property=\"og:title\" content=\"Comunicado ASAJA Valladolid Manifestaci\u00f3n jueves 15 de enero en la Cortes de CyL - ASAJA Valladolid\" \/>\n<meta property=\"og:description\" content=\"Comunicado ASAJA Valladolid Manifestaci\u00f3n jueves 15 de enero en la Cortes de CyL\" \/>\n<meta property=\"og:url\" content=\"https:\/\/www.asajacyl.com\/valladolid\/asaja-valladolid-informa\/comunicado-asaja-valladolid-manifestacion-jueves-15-de-enero-en-la-cortes-de-cyl\" \/>\n<meta property=\"og:site_name\" content=\"ASAJA Valladolid\" \/>\n<meta property=\"article:published_time\" content=\"2026-01-13T09:32:06+00:00\" \/>\n<meta property=\"article:modified_time\" content=\"2026-01-13T09:32:08+00:00\" \/>\n<meta property=\"og:image\" content=\"https:\/\/www.asajacyl.com\/valladolid\/wp-content\/uploads\/sites\/2\/2026\/01\/MANIFA.jpg\" \/>\n\t<meta property=\"og:image:width\" content=\"1671\" \/>\n\t<meta property=\"og:image:height\" content=\"2500\" \/>\n\t<meta property=\"og:image:type\" content=\"image\/jpeg\" \/>\n<meta name=\"author\" content=\"Mar\u00eda Natividad\" \/>\n<meta name=\"twitter:card\" content=\"summary_large_image\" \/>\n<meta name=\"twitter:label1\" content=\"Escrito por\" \/>\n\t<meta name=\"twitter:data1\" content=\"Mar\u00eda Natividad\" \/>\n\t<meta name=\"twitter:label2\" content=\"Tiempo de lectura\" \/>\n\t<meta name=\"twitter:data2\" content=\"2 minutos\" \/>\n<script type=\"application\/ld+json\" class=\"yoast-schema-graph\">{\"@context\":\"https:\/\/schema.org\",\"@graph\":[{\"@type\":\"WebPage\",\"@id\":\"https:\/\/www.asajacyl.com\/valladolid\/asaja-valladolid-informa\/comunicado-asaja-valladolid-manifestacion-jueves-15-de-enero-en-la-cortes-de-cyl\",\"url\":\"https:\/\/www.asajacyl.com\/valladolid\/asaja-valladolid-informa\/comunicado-asaja-valladolid-manifestacion-jueves-15-de-enero-en-la-cortes-de-cyl\",\"name\":\"Comunicado ASAJA Valladolid Manifestaci\u00f3n jueves 15 de enero en la Cortes de CyL - ASAJA Valladolid\",\"isPartOf\":{\"@id\":\"https:\/\/www.asajacyl.com\/valladolid\/#website\"},\"primaryImageOfPage\":{\"@id\":\"https:\/\/www.asajacyl.com\/valladolid\/asaja-valladolid-informa\/comunicado-asaja-valladolid-manifestacion-jueves-15-de-enero-en-la-cortes-de-cyl#primaryimage\"},\"image\":{\"@id\":\"https:\/\/www.asajacyl.com\/valladolid\/asaja-valladolid-informa\/comunicado-asaja-valladolid-manifestacion-jueves-15-de-enero-en-la-cortes-de-cyl#primaryimage\"},\"thumbnailUrl\":\"https:\/\/www.asajacyl.com\/valladolid\/wp-content\/uploads\/sites\/2\/2026\/01\/MANIFA.jpg\",\"datePublished\":\"2026-01-13T09:32:06+00:00\",\"dateModified\":\"2026-01-13T09:32:08+00:00\",\"author\":{\"@id\":\"https:\/\/www.asajacyl.com\/valladolid\/#\/schema\/person\/cf213adc3e576168b6850f7db054141e\"},\"description\":\"Comunicado ASAJA Valladolid Manifestaci\u00f3n jueves 15 de enero en la Cortes de CyL\",\"breadcrumb\":{\"@id\":\"https:\/\/www.asajacyl.com\/valladolid\/asaja-valladolid-informa\/comunicado-asaja-valladolid-manifestacion-jueves-15-de-enero-en-la-cortes-de-cyl#breadcrumb\"},\"inLanguage\":\"es\",\"potentialAction\":[{\"@type\":\"ReadAction\",\"target\":[\"https:\/\/www.asajacyl.com\/valladolid\/asaja-valladolid-informa\/comunicado-asaja-valladolid-manifestacion-jueves-15-de-enero-en-la-cortes-de-cyl\"]}]},{\"@type\":\"ImageObject\",\"inLanguage\":\"es\",\"@id\":\"https:\/\/www.asajacyl.com\/valladolid\/asaja-valladolid-informa\/comunicado-asaja-valladolid-manifestacion-jueves-15-de-enero-en-la-cortes-de-cyl#primaryimage\",\"url\":\"https:\/\/www.asajacyl.com\/valladolid\/wp-content\/uploads\/sites\/2\/2026\/01\/MANIFA.jpg\",\"contentUrl\":\"https:\/\/www.asajacyl.com\/valladolid\/wp-content\/uploads\/sites\/2\/2026\/01\/MANIFA.jpg\",\"width\":1671,\"height\":2500,\"caption\":\"ANUNCIO MANIFESTACION 15 DE ENERO\"},{\"@type\":\"BreadcrumbList\",\"@id\":\"https:\/\/www.asajacyl.com\/valladolid\/asaja-valladolid-informa\/comunicado-asaja-valladolid-manifestacion-jueves-15-de-enero-en-la-cortes-de-cyl#breadcrumb\",\"itemListElement\":[{\"@type\":\"ListItem\",\"position\":1,\"name\":\"Portada\",\"item\":\"https:\/\/www.asajacyl.com\/valladolid\/\"},{\"@type\":\"ListItem\",\"position\":2,\"name\":\"Comunicado ASAJA Valladolid Manifestaci\u00f3n jueves 15 de enero en la Cortes de CyL\"}]},{\"@type\":\"WebSite\",\"@id\":\"https:\/\/www.asajacyl.com\/valladolid\/#website\",\"url\":\"https:\/\/www.asajacyl.com\/valladolid\/\",\"name\":\"ASAJA Valladolid\",\"description\":\"Otro sitio m\u00e1s de Provincias ASAJA Castilla y Le\u00f3n\",\"potentialAction\":[{\"@type\":\"SearchAction\",\"target\":{\"@type\":\"EntryPoint\",\"urlTemplate\":\"https:\/\/www.asajacyl.com\/valladolid\/?s={search_term_string}\"},\"query-input\":{\"@type\":\"PropertyValueSpecification\",\"valueRequired\":true,\"valueName\":\"search_term_string\"}}],\"inLanguage\":\"es\"},{\"@type\":\"Person\",\"@id\":\"https:\/\/www.asajacyl.com\/valladolid\/#\/schema\/person\/cf213adc3e576168b6850f7db054141e\",\"name\":\"Mar\u00eda Natividad\",\"image\":{\"@type\":\"ImageObject\",\"inLanguage\":\"es\",\"@id\":\"https:\/\/www.asajacyl.com\/valladolid\/#\/schema\/person\/image\/\",\"url\":\"https:\/\/secure.gravatar.com\/avatar\/7f7b3c840c2af79feac78f5eeffefc45?s=96&d=mm&r=g\",\"contentUrl\":\"https:\/\/secure.gravatar.com\/avatar\/7f7b3c840c2af79feac78f5eeffefc45?s=96&d=mm&r=g\",\"caption\":\"Mar\u00eda Natividad\"},\"url\":\"https:\/\/www.asajacyl.com\/valladolid\/author\/natividadhh\"}]}<\/script>\n<!-- \/ Yoast SEO plugin. -->","yoast_head_json":{"title":"Comunicado ASAJA Valladolid Manifestaci\u00f3n jueves 15 de enero en la Cortes de CyL - ASAJA Valladolid","description":"Comunicado ASAJA Valladolid Manifestaci\u00f3n jueves 15 de enero en la Cortes de CyL","robots":{"index":"index","follow":"follow","max-snippet":"max-snippet:-1","max-image-preview":"max-image-preview:large","max-video-preview":"max-video-preview:-1"},"canonical":"https:\/\/www.asajacyl.com\/valladolid\/asaja-valladolid-informa\/comunicado-asaja-valladolid-manifestacion-jueves-15-de-enero-en-la-cortes-de-cyl","og_locale":"es_ES","og_type":"article","og_title":"Comunicado ASAJA Valladolid Manifestaci\u00f3n jueves 15 de enero en la Cortes de CyL - ASAJA Valladolid","og_description":"Comunicado ASAJA Valladolid Manifestaci\u00f3n jueves 15 de enero en la Cortes de CyL","og_url":"https:\/\/www.asajacyl.com\/valladolid\/asaja-valladolid-informa\/comunicado-asaja-valladolid-manifestacion-jueves-15-de-enero-en-la-cortes-de-cyl","og_site_name":"ASAJA Valladolid","article_published_time":"2026-01-13T09:32:06+00:00","article_modified_time":"2026-01-13T09:32:08+00:00","og_image":[{"width":1671,"height":2500,"url":"https:\/\/www.asajacyl.com\/valladolid\/wp-content\/uploads\/sites\/2\/2026\/01\/MANIFA.jpg","type":"image\/jpeg"}],"author":"Mar\u00eda Natividad","twitter_card":"summary_large_image","twitter_misc":{"Escrito por":"Mar\u00eda Natividad","Tiempo de lectura":"2 minutos"},"schema":{"@context":"https:\/\/schema.org","@graph":[{"@type":"WebPage","@id":"https:\/\/www.asajacyl.com\/valladolid\/asaja-valladolid-informa\/comunicado-asaja-valladolid-manifestacion-jueves-15-de-enero-en-la-cortes-de-cyl","url":"https:\/\/www.asajacyl.com\/valladolid\/asaja-valladolid-informa\/comunicado-asaja-valladolid-manifestacion-jueves-15-de-enero-en-la-cortes-de-cyl","name":"Comunicado ASAJA Valladolid Manifestaci\u00f3n jueves 15 de enero en la Cortes de CyL - ASAJA Valladolid","isPartOf":{"@id":"https:\/\/www.asajacyl.com\/valladolid\/#website"},"primaryImageOfPage":{"@id":"https:\/\/www.asajacyl.com\/valladolid\/asaja-valladolid-informa\/comunicado-asaja-valladolid-manifestacion-jueves-15-de-enero-en-la-cortes-de-cyl#primaryimage"},"image":{"@id":"https:\/\/www.asajacyl.com\/valladolid\/asaja-valladolid-informa\/comunicado-asaja-valladolid-manifestacion-jueves-15-de-enero-en-la-cortes-de-cyl#primaryimage"},"thumbnailUrl":"https:\/\/www.asajacyl.com\/valladolid\/wp-content\/uploads\/sites\/2\/2026\/01\/MANIFA.jpg","datePublished":"2026-01-13T09:32:06+00:00","dateModified":"2026-01-13T09:32:08+00:00","author":{"@id":"https:\/\/www.asajacyl.com\/valladolid\/#\/schema\/person\/cf213adc3e576168b6850f7db054141e"},"description":"Comunicado ASAJA Valladolid Manifestaci\u00f3n jueves 15 de enero en la Cortes de CyL","breadcrumb":{"@id":"https:\/\/www.asajacyl.com\/valladolid\/asaja-valladolid-informa\/comunicado-asaja-valladolid-manifestacion-jueves-15-de-enero-en-la-cortes-de-cyl#breadcrumb"},"inLanguage":"es","potentialAction":[{"@type":"ReadAction","target":["https:\/\/www.asajacyl.com\/valladolid\/asaja-valladolid-informa\/comunicado-asaja-valladolid-manifestacion-jueves-15-de-enero-en-la-cortes-de-cyl"]}]},{"@type":"ImageObject","inLanguage":"es","@id":"https:\/\/www.asajacyl.com\/valladolid\/asaja-valladolid-informa\/comunicado-asaja-valladolid-manifestacion-jueves-15-de-enero-en-la-cortes-de-cyl#primaryimage","url":"https:\/\/www.asajacyl.com\/valladolid\/wp-content\/uploads\/sites\/2\/2026\/01\/MANIFA.jpg","contentUrl":"https:\/\/www.asajacyl.com\/valladolid\/wp-content\/uploads\/sites\/2\/2026\/01\/MANIFA.jpg","width":1671,"height":2500,"caption":"ANUNCIO MANIFESTACION 15 DE ENERO"},{"@type":"BreadcrumbList","@id":"https:\/\/www.asajacyl.com\/valladolid\/asaja-valladolid-informa\/comunicado-asaja-valladolid-manifestacion-jueves-15-de-enero-en-la-cortes-de-cyl#breadcrumb","itemListElement":[{"@type":"ListItem","position":1,"name":"Portada","item":"https:\/\/www.asajacyl.com\/valladolid\/"},{"@type":"ListItem","position":2,"name":"Comunicado ASAJA Valladolid Manifestaci\u00f3n jueves 15 de enero en la Cortes de CyL"}]},{"@type":"WebSite","@id":"https:\/\/www.asajacyl.com\/valladolid\/#website","url":"https:\/\/www.asajacyl.com\/valladolid\/","name":"ASAJA Valladolid","description":"Otro sitio m\u00e1s de Provincias ASAJA Castilla y Le\u00f3n","potentialAction":[{"@type":"SearchAction","target":{"@type":"EntryPoint","urlTemplate":"https:\/\/www.asajacyl.com\/valladolid\/?s={search_term_string}"},"query-input":{"@type":"PropertyValueSpecification","valueRequired":true,"valueName":"search_term_string"}}],"inLanguage":"es"},{"@type":"Person","@id":"https:\/\/www.asajacyl.com\/valladolid\/#\/schema\/person\/cf213adc3e576168b6850f7db054141e","name":"Mar\u00eda Natividad","image":{"@type":"ImageObject","inLanguage":"es","@id":"https:\/\/www.asajacyl.com\/valladolid\/#\/schema\/person\/image\/","url":"https:\/\/secure.gravatar.com\/avatar\/7f7b3c840c2af79feac78f5eeffefc45?s=96&d=mm&r=g","contentUrl":"https:\/\/secure.gravatar.com\/avatar\/7f7b3c840c2af79feac78f5eeffefc45?s=96&d=mm&r=g","caption":"Mar\u00eda Natividad"},"url":"https:\/\/www.asajacyl.com\/valladolid\/author\/natividadhh"}]}},"_links":{"self":[{"href":"https:\/\/www.asajacyl.com\/valladolid\/wp-json\/wp\/v2\/posts\/3934"}],"collection":[{"href":"https:\/\/www.asajacyl.com\/valladolid\/wp-json\/wp\/v2\/posts"}],"about":[{"href":"https:\/\/www.asajacyl.com\/valladolid\/wp-json\/wp\/v2\/types\/post"}],"author":[{"embeddable":true,"href":"https:\/\/www.asajacyl.com\/valladolid\/wp-json\/wp\/v2\/users\/13"}],"replies":[{"embeddable":true,"href":"https:\/\/www.asajacyl.com\/valladolid\/wp-json\/wp\/v2\/comments?post=3934"}],"version-history":[{"count":1,"href":"https:\/\/www.asajacyl.com\/valladolid\/wp-json\/wp\/v2\/posts\/3934\/revisions"}],"predecessor-version":[{"id":3936,"href":"https:\/\/www.asajacyl.com\/valladolid\/wp-json\/wp\/v2\/posts\/3934\/revisions\/3936"}],"wp:featuredmedia":[{"embeddable":true,"href":"https:\/\/www.asajacyl.com\/valladolid\/wp-json\/wp\/v2\/media\/3935"}],"wp:attachment":[{"href":"https:\/\/www.asajacyl.com\/valladolid\/wp-json\/wp\/v2\/media?parent=3934"}],"wp:term":[{"taxonomy":"category","embeddable":true,"href":"https:\/\/www.asajacyl.com\/valladolid\/wp-json\/wp\/v2\/categories?post=3934"},{"taxonomy":"post_tag","embeddable":true,"href":"https:\/\/www.asajacyl.com\/valladolid\/wp-json\/wp\/v2\/tags?post=3934"}],"curies":[{"name":"wp","href":"https:\/\/api.w.org\/{rel}","templated":true}]}}