{"id":3938,"date":"2026-01-21T17:58:25","date_gmt":"2026-01-21T16:58:25","guid":{"rendered":"https:\/\/www.asajacyl.com\/valladolid\/?p=3938"},"modified":"2026-01-21T17:58:27","modified_gmt":"2026-01-21T16:58:27","slug":"asaja-celebra-el-aval-del-parlamento-europeo-para-someter-el-acuerdo-ue-mercosur-a-control-juridico","status":"publish","type":"post","link":"https:\/\/www.asajacyl.com\/valladolid\/asaja-valladolid-informa\/asaja-celebra-el-aval-del-parlamento-europeo-para-someter-el-acuerdo-ue-mercosur-a-control-juridico","title":{"rendered":"ASAJA celebra el aval del parlamento europeo para someter el acuerdo UE-Mercosur a control jur\u00eddico"},"content":{"rendered":"\n<p><strong><em>La organizaci\u00f3n conf\u00eda en que el control jur\u00eddico del acuerdo UE-Mercosur frene su ratificaci\u00f3n ante las dudas jur\u00eddicas y pol\u00edticas que plantea y su grave impacto sobre un sector agroalimentario claramente perjudicado por un acuerdo desequilibrado e injusto<\/em><\/strong><\/p>\n\n\n\n<p><strong><em>ASAJA<\/em><\/strong><em>&nbsp;valora como&nbsp;<strong>un paso fundamental<\/strong>&nbsp;el aval del Parlamento Europeo para someter el acuerdo UE-Mercosur a control jur\u00eddico y destaca que esta decisi\u00f3n es tambi\u00e9n fruto del&nbsp;<strong>papel activo que la organizaci\u00f3n ha desempe\u00f1ado desde COPA- COGECA<\/strong>, impulsando las movilizaciones celebradas en Bruselas y Estrasburgo. ASAJA subraya la importancia de la&nbsp;<strong>organizaci\u00f3n y la representaci\u00f3n agraria<\/strong>&nbsp;para que las demandas del sector lleguen a los centros de decisi\u00f3n europeos y puedan traducirse en avances concretos, y agradece el compromiso de los agricultores y ganaderos que han participado en las movilizaciones para defender un acuerdo justo y equilibrado para el sector agroalimentario.<\/em><\/p>\n\n\n\n<p><br>Desde\u00a0<strong>ASAJA<\/strong>\u00a0se valora como\u00a0<strong>un paso fundamental<\/strong>\u00a0la aprobaci\u00f3n, esta ma\u00f1ana en Estrasburgo, en el Pleno del\u00a0<strong>Parlamento Europeo<\/strong>, de la solicitud para\u00a0<strong>someter a control jur\u00eddico<\/strong>, mediante un dictamen del Tribunal de Justicia de la Uni\u00f3n Europea, el acuerdo UE-Mercosur. Esta decisi\u00f3n permite avanzar en el an\u00e1lisis de un acuerdo que el sector agrario y ganadero viene denunciando desde hace tiempo por su\u00a0<strong>grave impacto econ\u00f3mico, productivo y territorial<\/strong>, as\u00ed como por las\u00a0<strong>dudas jur\u00eddicas y pol\u00edticas de fondo<\/strong>\u00a0que plantea.\u00a0El presidente nacional de ASAJA,\u00a0<strong>Pedro Barato<\/strong>, subraya que la aprobaci\u00f3n de esta solicitud \u201crefleja que existen dudas jur\u00eddicas y pol\u00edticas reales sobre el acuerdo UE-Mercosur\u201d y conf\u00eda en que este dictamen \u201csirva para frenar la ratificaci\u00f3n de un acuerdo claramente desequilibrado y perjudicial para los agricultores y ganaderos europeo y quepone en riesgo la viabilidad de miles de explotaciones\u201d.\u00a0 ASAJA hace un\u00a0<strong>llamamiento al Gobierno de Espa\u00f1a<\/strong>\u00a0para que defienda al sector agrario y ganadero, garantizando el\u00a0<strong>principio de reciprocidad<\/strong>\u00a0y unas\u00a0<strong>condiciones de competencia justas<\/strong>.<\/p>\n\n\n\n<p>La organizaci\u00f3n destaca que el acuerdo vaya a ser sometido a un&nbsp;<strong>examen jur\u00eddico<\/strong>, un elemento clave ante un texto que genera&nbsp;<strong>desequilibrios y competencia desleal<\/strong>&nbsp;para el campo europeo y, en particular, para el sector agrario y ganadero espa\u00f1ol.<\/p>\n\n\n\n<p>ASAJA recuerda que este avance se produce tras semanas de&nbsp;<strong>trabajo y movilizaci\u00f3n del sector<\/strong>, impulsadas desde el \u00e1mbito europeo, desde el COPA &#8211; COGECA, y subraya la importancia de la&nbsp;<strong>organizaci\u00f3n y la representaci\u00f3n profesional<\/strong>&nbsp;<strong>agraria<\/strong>&nbsp;para que las reivindicaciones del campo lleguen a los centros de decisi\u00f3n. La organizaci\u00f3n agradece, por \u00faltimo, el compromiso de los agricultores y ganaderos que han participado en las movilizaciones de Bruselas y Estrasburgo, cuya implicaci\u00f3n ha sido clave para que este debate se sit\u00fae en la agenda pol\u00edtica europea.<\/p>\n","protected":false},"excerpt":{"rendered":"<p>La organizaci\u00f3n conf\u00eda en que el control jur\u00eddico del acuerdo UE-Mercosur frene su ratificaci\u00f3n ante las dudas jur\u00eddicas y pol\u00edticas que plantea y su grave impacto sobre un sector agroalimentario claramente perjudicado por un acuerdo desequilibrado e injusto ASAJA&nbsp;valora como&nbsp;un paso fundamental&nbsp;el aval del Parlamento Europeo para someter el acuerdo UE-Mercosur a control jur\u00eddico y [&hellip;]<\/p>\n","protected":false},"author":13,"featured_media":3939,"comment_status":"open","ping_status":"open","sticky":false,"template":"","format":"standard","meta":{"footnotes":""},"categories":[8,21,20,9],"tags":[1103,70,58,1105,1104],"yoast_head":"<!-- This site is optimized with the Yoast SEO plugin v24.5 - https:\/\/yoast.com\/wordpress\/plugins\/seo\/ -->\n<title>ASAJA celebra el aval del parlamento europeo para someter el acuerdo UE-Mercosur a control jur\u00eddico - ASAJA Valladolid<\/title>\n<meta name=\"description\" content=\"ASAJA celebra el aval del parlamento europeo para someter el acuerdo UE-Mercosur a control jur\u00eddico\" \/>\n<meta name=\"robots\" content=\"index, follow, max-snippet:-1, max-image-preview:large, max-video-preview:-1\" \/>\n<link rel=\"canonical\" href=\"https:\/\/www.asajacyl.com\/valladolid\/asaja-valladolid-informa\/asaja-celebra-el-aval-del-parlamento-europeo-para-someter-el-acuerdo-ue-mercosur-a-control-juridico\" \/>\n<meta property=\"og:locale\" content=\"es_ES\" \/>\n<meta property=\"og:type\" content=\"article\" \/>\n<meta property=\"og:title\" content=\"ASAJA celebra el aval del parlamento europeo para someter el acuerdo UE-Mercosur a control jur\u00eddico - ASAJA Valladolid\" \/>\n<meta property=\"og:description\" content=\"ASAJA celebra el aval del parlamento europeo para someter el acuerdo UE-Mercosur a control jur\u00eddico\" \/>\n<meta property=\"og:url\" content=\"https:\/\/www.asajacyl.com\/valladolid\/asaja-valladolid-informa\/asaja-celebra-el-aval-del-parlamento-europeo-para-someter-el-acuerdo-ue-mercosur-a-control-juridico\" \/>\n<meta property=\"og:site_name\" content=\"ASAJA Valladolid\" \/>\n<meta property=\"article:published_time\" content=\"2026-01-21T16:58:25+00:00\" \/>\n<meta property=\"article:modified_time\" content=\"2026-01-21T16:58:27+00:00\" \/>\n<meta property=\"og:image\" content=\"https:\/\/www.asajacyl.com\/valladolid\/wp-content\/uploads\/sites\/2\/2026\/01\/IMG-20260120-WA0088.jpg\" \/>\n\t<meta property=\"og:image:width\" content=\"1600\" \/>\n\t<meta property=\"og:image:height\" content=\"1200\" \/>\n\t<meta property=\"og:image:type\" content=\"image\/jpeg\" \/>\n<meta name=\"author\" content=\"Mar\u00eda Natividad\" \/>\n<meta name=\"twitter:card\" content=\"summary_large_image\" \/>\n<meta name=\"twitter:label1\" content=\"Escrito por\" \/>\n\t<meta name=\"twitter:data1\" content=\"Mar\u00eda Natividad\" \/>\n\t<meta name=\"twitter:label2\" content=\"Tiempo de lectura\" \/>\n\t<meta name=\"twitter:data2\" content=\"3 minutos\" \/>\n<script type=\"application\/ld+json\" class=\"yoast-schema-graph\">{\"@context\":\"https:\/\/schema.org\",\"@graph\":[{\"@type\":\"WebPage\",\"@id\":\"https:\/\/www.asajacyl.com\/valladolid\/asaja-valladolid-informa\/asaja-celebra-el-aval-del-parlamento-europeo-para-someter-el-acuerdo-ue-mercosur-a-control-juridico\",\"url\":\"https:\/\/www.asajacyl.com\/valladolid\/asaja-valladolid-informa\/asaja-celebra-el-aval-del-parlamento-europeo-para-someter-el-acuerdo-ue-mercosur-a-control-juridico\",\"name\":\"ASAJA celebra el aval del parlamento europeo para someter el acuerdo UE-Mercosur a control jur\u00eddico - ASAJA Valladolid\",\"isPartOf\":{\"@id\":\"https:\/\/www.asajacyl.com\/valladolid\/#website\"},\"primaryImageOfPage\":{\"@id\":\"https:\/\/www.asajacyl.com\/valladolid\/asaja-valladolid-informa\/asaja-celebra-el-aval-del-parlamento-europeo-para-someter-el-acuerdo-ue-mercosur-a-control-juridico#primaryimage\"},\"image\":{\"@id\":\"https:\/\/www.asajacyl.com\/valladolid\/asaja-valladolid-informa\/asaja-celebra-el-aval-del-parlamento-europeo-para-someter-el-acuerdo-ue-mercosur-a-control-juridico#primaryimage\"},\"thumbnailUrl\":\"https:\/\/www.asajacyl.com\/valladolid\/wp-content\/uploads\/sites\/2\/2026\/01\/IMG-20260120-WA0088.jpg\",\"datePublished\":\"2026-01-21T16:58:25+00:00\",\"dateModified\":\"2026-01-21T16:58:27+00:00\",\"author\":{\"@id\":\"https:\/\/www.asajacyl.com\/valladolid\/#\/schema\/person\/cf213adc3e576168b6850f7db054141e\"},\"description\":\"ASAJA celebra el aval del parlamento europeo para someter el acuerdo UE-Mercosur a control jur\u00eddico\",\"breadcrumb\":{\"@id\":\"https:\/\/www.asajacyl.com\/valladolid\/asaja-valladolid-informa\/asaja-celebra-el-aval-del-parlamento-europeo-para-someter-el-acuerdo-ue-mercosur-a-control-juridico#breadcrumb\"},\"inLanguage\":\"es\",\"potentialAction\":[{\"@type\":\"ReadAction\",\"target\":[\"https:\/\/www.asajacyl.com\/valladolid\/asaja-valladolid-informa\/asaja-celebra-el-aval-del-parlamento-europeo-para-someter-el-acuerdo-ue-mercosur-a-control-juridico\"]}]},{\"@type\":\"ImageObject\",\"inLanguage\":\"es\",\"@id\":\"https:\/\/www.asajacyl.com\/valladolid\/asaja-valladolid-informa\/asaja-celebra-el-aval-del-parlamento-europeo-para-someter-el-acuerdo-ue-mercosur-a-control-juridico#primaryimage\",\"url\":\"https:\/\/www.asajacyl.com\/valladolid\/wp-content\/uploads\/sites\/2\/2026\/01\/IMG-20260120-WA0088.jpg\",\"contentUrl\":\"https:\/\/www.asajacyl.com\/valladolid\/wp-content\/uploads\/sites\/2\/2026\/01\/IMG-20260120-WA0088.jpg\",\"width\":1600,\"height\":1200,\"caption\":\"ASAJA celebra el aval del parlamento europeo para someter el acuerdo UE-Mercosur a control jur\u00eddico\"},{\"@type\":\"BreadcrumbList\",\"@id\":\"https:\/\/www.asajacyl.com\/valladolid\/asaja-valladolid-informa\/asaja-celebra-el-aval-del-parlamento-europeo-para-someter-el-acuerdo-ue-mercosur-a-control-juridico#breadcrumb\",\"itemListElement\":[{\"@type\":\"ListItem\",\"position\":1,\"name\":\"Portada\",\"item\":\"https:\/\/www.asajacyl.com\/valladolid\/\"},{\"@type\":\"ListItem\",\"position\":2,\"name\":\"ASAJA celebra el aval del parlamento europeo para someter el acuerdo UE-Mercosur a control jur\u00eddico\"}]},{\"@type\":\"WebSite\",\"@id\":\"https:\/\/www.asajacyl.com\/valladolid\/#website\",\"url\":\"https:\/\/www.asajacyl.com\/valladolid\/\",\"name\":\"ASAJA Valladolid\",\"description\":\"Otro sitio m\u00e1s de Provincias ASAJA Castilla y Le\u00f3n\",\"potentialAction\":[{\"@type\":\"SearchAction\",\"target\":{\"@type\":\"EntryPoint\",\"urlTemplate\":\"https:\/\/www.asajacyl.com\/valladolid\/?s={search_term_string}\"},\"query-input\":{\"@type\":\"PropertyValueSpecification\",\"valueRequired\":true,\"valueName\":\"search_term_string\"}}],\"inLanguage\":\"es\"},{\"@type\":\"Person\",\"@id\":\"https:\/\/www.asajacyl.com\/valladolid\/#\/schema\/person\/cf213adc3e576168b6850f7db054141e\",\"name\":\"Mar\u00eda Natividad\",\"image\":{\"@type\":\"ImageObject\",\"inLanguage\":\"es\",\"@id\":\"https:\/\/www.asajacyl.com\/valladolid\/#\/schema\/person\/image\/\",\"url\":\"https:\/\/secure.gravatar.com\/avatar\/7f7b3c840c2af79feac78f5eeffefc45?s=96&d=mm&r=g\",\"contentUrl\":\"https:\/\/secure.gravatar.com\/avatar\/7f7b3c840c2af79feac78f5eeffefc45?s=96&d=mm&r=g\",\"caption\":\"Mar\u00eda Natividad\"},\"url\":\"https:\/\/www.asajacyl.com\/valladolid\/author\/natividadhh\"}]}<\/script>\n<!-- \/ Yoast SEO plugin. -->","yoast_head_json":{"title":"ASAJA celebra el aval del parlamento europeo para someter el acuerdo UE-Mercosur a control jur\u00eddico - ASAJA Valladolid","description":"ASAJA celebra el aval del parlamento europeo para someter el acuerdo UE-Mercosur a control jur\u00eddico","robots":{"index":"index","follow":"follow","max-snippet":"max-snippet:-1","max-image-preview":"max-image-preview:large","max-video-preview":"max-video-preview:-1"},"canonical":"https:\/\/www.asajacyl.com\/valladolid\/asaja-valladolid-informa\/asaja-celebra-el-aval-del-parlamento-europeo-para-someter-el-acuerdo-ue-mercosur-a-control-juridico","og_locale":"es_ES","og_type":"article","og_title":"ASAJA celebra el aval del parlamento europeo para someter el acuerdo UE-Mercosur a control jur\u00eddico - ASAJA Valladolid","og_description":"ASAJA celebra el aval del parlamento europeo para someter el acuerdo UE-Mercosur a control jur\u00eddico","og_url":"https:\/\/www.asajacyl.com\/valladolid\/asaja-valladolid-informa\/asaja-celebra-el-aval-del-parlamento-europeo-para-someter-el-acuerdo-ue-mercosur-a-control-juridico","og_site_name":"ASAJA Valladolid","article_published_time":"2026-01-21T16:58:25+00:00","article_modified_time":"2026-01-21T16:58:27+00:00","og_image":[{"width":1600,"height":1200,"url":"https:\/\/www.asajacyl.com\/valladolid\/wp-content\/uploads\/sites\/2\/2026\/01\/IMG-20260120-WA0088.jpg","type":"image\/jpeg"}],"author":"Mar\u00eda Natividad","twitter_card":"summary_large_image","twitter_misc":{"Escrito por":"Mar\u00eda Natividad","Tiempo de lectura":"3 minutos"},"schema":{"@context":"https:\/\/schema.org","@graph":[{"@type":"WebPage","@id":"https:\/\/www.asajacyl.com\/valladolid\/asaja-valladolid-informa\/asaja-celebra-el-aval-del-parlamento-europeo-para-someter-el-acuerdo-ue-mercosur-a-control-juridico","url":"https:\/\/www.asajacyl.com\/valladolid\/asaja-valladolid-informa\/asaja-celebra-el-aval-del-parlamento-europeo-para-someter-el-acuerdo-ue-mercosur-a-control-juridico","name":"ASAJA celebra el aval del parlamento europeo para someter el acuerdo UE-Mercosur a control jur\u00eddico - ASAJA Valladolid","isPartOf":{"@id":"https:\/\/www.asajacyl.com\/valladolid\/#website"},"primaryImageOfPage":{"@id":"https:\/\/www.asajacyl.com\/valladolid\/asaja-valladolid-informa\/asaja-celebra-el-aval-del-parlamento-europeo-para-someter-el-acuerdo-ue-mercosur-a-control-juridico#primaryimage"},"image":{"@id":"https:\/\/www.asajacyl.com\/valladolid\/asaja-valladolid-informa\/asaja-celebra-el-aval-del-parlamento-europeo-para-someter-el-acuerdo-ue-mercosur-a-control-juridico#primaryimage"},"thumbnailUrl":"https:\/\/www.asajacyl.com\/valladolid\/wp-content\/uploads\/sites\/2\/2026\/01\/IMG-20260120-WA0088.jpg","datePublished":"2026-01-21T16:58:25+00:00","dateModified":"2026-01-21T16:58:27+00:00","author":{"@id":"https:\/\/www.asajacyl.com\/valladolid\/#\/schema\/person\/cf213adc3e576168b6850f7db054141e"},"description":"ASAJA celebra el aval del parlamento europeo para someter el acuerdo UE-Mercosur a control jur\u00eddico","breadcrumb":{"@id":"https:\/\/www.asajacyl.com\/valladolid\/asaja-valladolid-informa\/asaja-celebra-el-aval-del-parlamento-europeo-para-someter-el-acuerdo-ue-mercosur-a-control-juridico#breadcrumb"},"inLanguage":"es","potentialAction":[{"@type":"ReadAction","target":["https:\/\/www.asajacyl.com\/valladolid\/asaja-valladolid-informa\/asaja-celebra-el-aval-del-parlamento-europeo-para-someter-el-acuerdo-ue-mercosur-a-control-juridico"]}]},{"@type":"ImageObject","inLanguage":"es","@id":"https:\/\/www.asajacyl.com\/valladolid\/asaja-valladolid-informa\/asaja-celebra-el-aval-del-parlamento-europeo-para-someter-el-acuerdo-ue-mercosur-a-control-juridico#primaryimage","url":"https:\/\/www.asajacyl.com\/valladolid\/wp-content\/uploads\/sites\/2\/2026\/01\/IMG-20260120-WA0088.jpg","contentUrl":"https:\/\/www.asajacyl.com\/valladolid\/wp-content\/uploads\/sites\/2\/2026\/01\/IMG-20260120-WA0088.jpg","width":1600,"height":1200,"caption":"ASAJA celebra el aval del parlamento europeo para someter el acuerdo UE-Mercosur a control jur\u00eddico"},{"@type":"BreadcrumbList","@id":"https:\/\/www.asajacyl.com\/valladolid\/asaja-valladolid-informa\/asaja-celebra-el-aval-del-parlamento-europeo-para-someter-el-acuerdo-ue-mercosur-a-control-juridico#breadcrumb","itemListElement":[{"@type":"ListItem","position":1,"name":"Portada","item":"https:\/\/www.asajacyl.com\/valladolid\/"},{"@type":"ListItem","position":2,"name":"ASAJA celebra el aval del parlamento europeo para someter el acuerdo UE-Mercosur a control jur\u00eddico"}]},{"@type":"WebSite","@id":"https:\/\/www.asajacyl.com\/valladolid\/#website","url":"https:\/\/www.asajacyl.com\/valladolid\/","name":"ASAJA Valladolid","description":"Otro sitio m\u00e1s de Provincias ASAJA Castilla y Le\u00f3n","potentialAction":[{"@type":"SearchAction","target":{"@type":"EntryPoint","urlTemplate":"https:\/\/www.asajacyl.com\/valladolid\/?s={search_term_string}"},"query-input":{"@type":"PropertyValueSpecification","valueRequired":true,"valueName":"search_term_string"}}],"inLanguage":"es"},{"@type":"Person","@id":"https:\/\/www.asajacyl.com\/valladolid\/#\/schema\/person\/cf213adc3e576168b6850f7db054141e","name":"Mar\u00eda Natividad","image":{"@type":"ImageObject","inLanguage":"es","@id":"https:\/\/www.asajacyl.com\/valladolid\/#\/schema\/person\/image\/","url":"https:\/\/secure.gravatar.com\/avatar\/7f7b3c840c2af79feac78f5eeffefc45?s=96&d=mm&r=g","contentUrl":"https:\/\/secure.gravatar.com\/avatar\/7f7b3c840c2af79feac78f5eeffefc45?s=96&d=mm&r=g","caption":"Mar\u00eda Natividad"},"url":"https:\/\/www.asajacyl.com\/valladolid\/author\/natividadhh"}]}},"_links":{"self":[{"href":"https:\/\/www.asajacyl.com\/valladolid\/wp-json\/wp\/v2\/posts\/3938"}],"collection":[{"href":"https:\/\/www.asajacyl.com\/valladolid\/wp-json\/wp\/v2\/posts"}],"about":[{"href":"https:\/\/www.asajacyl.com\/valladolid\/wp-json\/wp\/v2\/types\/post"}],"author":[{"embeddable":true,"href":"https:\/\/www.asajacyl.com\/valladolid\/wp-json\/wp\/v2\/users\/13"}],"replies":[{"embeddable":true,"href":"https:\/\/www.asajacyl.com\/valladolid\/wp-json\/wp\/v2\/comments?post=3938"}],"version-history":[{"count":1,"href":"https:\/\/www.asajacyl.com\/valladolid\/wp-json\/wp\/v2\/posts\/3938\/revisions"}],"predecessor-version":[{"id":3940,"href":"https:\/\/www.asajacyl.com\/valladolid\/wp-json\/wp\/v2\/posts\/3938\/revisions\/3940"}],"wp:featuredmedia":[{"embeddable":true,"href":"https:\/\/www.asajacyl.com\/valladolid\/wp-json\/wp\/v2\/media\/3939"}],"wp:attachment":[{"href":"https:\/\/www.asajacyl.com\/valladolid\/wp-json\/wp\/v2\/media?parent=3938"}],"wp:term":[{"taxonomy":"category","embeddable":true,"href":"https:\/\/www.asajacyl.com\/valladolid\/wp-json\/wp\/v2\/categories?post=3938"},{"taxonomy":"post_tag","embeddable":true,"href":"https:\/\/www.asajacyl.com\/valladolid\/wp-json\/wp\/v2\/tags?post=3938"}],"curies":[{"name":"wp","href":"https:\/\/api.w.org\/{rel}","templated":true}]}}