{"id":3941,"date":"2026-01-22T13:34:12","date_gmt":"2026-01-22T12:34:12","guid":{"rendered":"https:\/\/www.asajacyl.com\/valladolid\/?p=3941"},"modified":"2026-01-22T13:34:55","modified_gmt":"2026-01-22T12:34:55","slug":"asaja-pide-a-la-comision-y-al-consejo-que-respeten-la-voluntad-del-parlamento-europeo-y-no-activen-provisionalmente-el-acuerdo-ue-mercosur","status":"publish","type":"post","link":"https:\/\/www.asajacyl.com\/valladolid\/asaja-valladolid-informa\/asaja-pide-a-la-comision-y-al-consejo-que-respeten-la-voluntad-del-parlamento-europeo-y-no-activen-provisionalmente-el-acuerdo-ue-mercosur","title":{"rendered":"ASAJA pide a la Comisi\u00f3n y al Consejo que respeten la voluntad del Parlamento Europeo y no activen provisionalmente el acuerdo UE-Mercosur"},"content":{"rendered":"\n<p><em><mark class=\"has-inline-color has-vivid-green-cyan-color\"><strong>La organizaci\u00f3n reclama esperar al dictamen del Tribunal de Justicia de la UE ante las dudas jur\u00eddicas y pol\u00edticas existentes y pone en valor la unidad y movilizaci\u00f3n del campo europeo<\/strong><\/mark><\/em><\/p>\n\n\n\n<p>La Asociaci\u00f3n Agraria J\u00f3venes Agricultores (ASAJA) ha reclamado a la Comisi\u00f3n Europea y al Consejo que respeten la voluntad expresada por el&nbsp;<strong>Parlamento Europeo<\/strong>, que ha solicitado un dictamen al&nbsp;<strong>Tribunal de Justicia de la Uni\u00f3n Europea<\/strong>&nbsp;sobre la legalidad del acuerdo UE-Mercosur, y que no se active de forma provisional la parte comercial del tratado mientras dure el proceso judicial.<\/p>\n\n\n\n<p>ASAJA considera que aplicar provisionalmente el acuerdo pese a la decisi\u00f3n del Parlamento supondr\u00eda&nbsp;<strong>desvirtuar una resoluci\u00f3n democr\u00e1tica<\/strong>&nbsp;adoptada por una C\u00e1mara claramente dividida, lo que, a su juicio, evidencia la existencia de dudas jur\u00eddicas y pol\u00edticas de fondo sobre el acuerdo.<\/p>\n\n\n\n<p>La organizaci\u00f3n agraria subraya que el pronunciamiento del Parlamento Europeo no es simb\u00f3lico y&nbsp;<strong>debe ser respetado por el resto de instituciones comunitarias.<\/strong>&nbsp;Forzar la aplicaci\u00f3n provisional del acuerdo mientras el TJUE analiza su legalidad solo contribuir\u00eda, seg\u00fan ASAJA, a aumentar la desconfianza del sector agrario y de los ciudadanos hacia la Uni\u00f3n Europea.<\/p>\n\n\n\n<p>ASAJA ha puesto en valor la<strong>&nbsp;movilizaci\u00f3n unitaria del campo<\/strong>&nbsp;<strong>europeo<\/strong>&nbsp;en las \u00faltimas semanas, con concentraciones en Bruselas y Estrasburgo, que han logrado situar el debate sobre Mercosur en el centro de la agenda pol\u00edtica comunitaria.<\/p>\n\n\n\n<p>Asimismo, la organizaci\u00f3n ha mostrado su preocupaci\u00f3n por las declaraciones de la vicepresidenta ejecutiva de la Comisi\u00f3n Europea,&nbsp;<strong>Teresa Ribera<\/strong>, favorables a una posible aplicaci\u00f3n provisional del acuerdo, al considerar que no atienden a las dudas jur\u00eddicas planteadas ni a las preocupaciones del sector agrario.<\/p>\n\n\n\n<p>ASAJA insiste en que no<strong>&nbsp;se trata<\/strong>&nbsp;de bloquear el comercio, sino&nbsp;<strong>de garantizar seguridad jur\u00eddica y respeto institucional<\/strong>, y reclama que sea el Tribunal de Justicia de la UE quien determine el futuro del acuerdo UE-Mercosur.<\/p>\n\n\n\n<p>Por su parte, <strong><mark class=\"has-inline-color has-vivid-green-cyan-color\">ASAJA VALLADOLID, seguir\u00e1 defendiendo en las calles que se respete la voluntad del Parlamento Europeo y por ello junto  todo el sector de la provincia de Valladolid, en unidad de acci\u00f3n, saldr\u00e1 a la calle el pr\u00f3ximo jueves 29 de enero, para que se respete la voluntad de la mayor\u00eda de los ciudadanos europeos. <\/mark><\/strong><\/p>\n\n\n\n<figure class=\"wp-block-image size-large\"><img loading=\"lazy\" decoding=\"async\" width=\"682\" height=\"1024\" src=\"https:\/\/www.asajacyl.com\/valladolid\/wp-content\/uploads\/sites\/2\/2026\/01\/Cartel-Tractorada-29E-VALLADOLID-682x1024.jpg\" alt=\"\" class=\"wp-image-3942\" srcset=\"https:\/\/www.asajacyl.com\/valladolid\/wp-content\/uploads\/sites\/2\/2026\/01\/Cartel-Tractorada-29E-VALLADOLID-682x1024.jpg 682w, https:\/\/www.asajacyl.com\/valladolid\/wp-content\/uploads\/sites\/2\/2026\/01\/Cartel-Tractorada-29E-VALLADOLID-200x300.jpg 200w, https:\/\/www.asajacyl.com\/valladolid\/wp-content\/uploads\/sites\/2\/2026\/01\/Cartel-Tractorada-29E-VALLADOLID-768x1152.jpg 768w, https:\/\/www.asajacyl.com\/valladolid\/wp-content\/uploads\/sites\/2\/2026\/01\/Cartel-Tractorada-29E-VALLADOLID-1024x1536.jpg 1024w, https:\/\/www.asajacyl.com\/valladolid\/wp-content\/uploads\/sites\/2\/2026\/01\/Cartel-Tractorada-29E-VALLADOLID-1365x2048.jpg 1365w, https:\/\/www.asajacyl.com\/valladolid\/wp-content\/uploads\/sites\/2\/2026\/01\/Cartel-Tractorada-29E-VALLADOLID-280x420.jpg 280w, https:\/\/www.asajacyl.com\/valladolid\/wp-content\/uploads\/sites\/2\/2026\/01\/Cartel-Tractorada-29E-VALLADOLID-696x1044.jpg 696w, https:\/\/www.asajacyl.com\/valladolid\/wp-content\/uploads\/sites\/2\/2026\/01\/Cartel-Tractorada-29E-VALLADOLID-1068x1603.jpg 1068w, https:\/\/www.asajacyl.com\/valladolid\/wp-content\/uploads\/sites\/2\/2026\/01\/Cartel-Tractorada-29E-VALLADOLID.jpg 1666w\" sizes=\"(max-width: 682px) 100vw, 682px\" \/><\/figure>\n","protected":false},"excerpt":{"rendered":"<p>La organizaci\u00f3n reclama esperar al dictamen del Tribunal de Justicia de la UE ante las dudas jur\u00eddicas y pol\u00edticas existentes y pone en valor la unidad y movilizaci\u00f3n del campo europeo La Asociaci\u00f3n Agraria J\u00f3venes Agricultores (ASAJA) ha reclamado a la Comisi\u00f3n Europea y al Consejo que respeten la voluntad expresada por el&nbsp;Parlamento Europeo, que [&hellip;]<\/p>\n","protected":false},"author":13,"featured_media":3943,"comment_status":"open","ping_status":"open","sticky":false,"template":"","format":"standard","meta":{"footnotes":""},"categories":[8,21,9],"tags":[1103,70,58,1009,906],"yoast_head":"<!-- This site is optimized with the Yoast SEO plugin v24.5 - https:\/\/yoast.com\/wordpress\/plugins\/seo\/ -->\n<title>ASAJA pide a la Comisi\u00f3n y al Consejo que respeten la voluntad del Parlamento Europeo y no activen provisionalmente el acuerdo UE-Mercosur - ASAJA Valladolid<\/title>\n<meta name=\"description\" content=\"ASAJA pide a la Comisi\u00f3n y al Consejo que respeten la voluntad del Parlamento Europeo y no activen provisionalmente el acuerdo UE-Mercosur\" \/>\n<meta name=\"robots\" content=\"index, follow, max-snippet:-1, max-image-preview:large, max-video-preview:-1\" \/>\n<link rel=\"canonical\" href=\"https:\/\/www.asajacyl.com\/valladolid\/asaja-valladolid-informa\/asaja-pide-a-la-comision-y-al-consejo-que-respeten-la-voluntad-del-parlamento-europeo-y-no-activen-provisionalmente-el-acuerdo-ue-mercosur\" \/>\n<meta property=\"og:locale\" content=\"es_ES\" \/>\n<meta property=\"og:type\" content=\"article\" \/>\n<meta property=\"og:title\" content=\"ASAJA pide a la Comisi\u00f3n y al Consejo que respeten la voluntad del Parlamento Europeo y no activen provisionalmente el acuerdo UE-Mercosur - ASAJA Valladolid\" \/>\n<meta property=\"og:description\" content=\"ASAJA pide a la Comisi\u00f3n y al Consejo que respeten la voluntad del Parlamento Europeo y no activen provisionalmente el acuerdo UE-Mercosur\" \/>\n<meta property=\"og:url\" content=\"https:\/\/www.asajacyl.com\/valladolid\/asaja-valladolid-informa\/asaja-pide-a-la-comision-y-al-consejo-que-respeten-la-voluntad-del-parlamento-europeo-y-no-activen-provisionalmente-el-acuerdo-ue-mercosur\" \/>\n<meta property=\"og:site_name\" content=\"ASAJA Valladolid\" \/>\n<meta property=\"article:published_time\" content=\"2026-01-22T12:34:12+00:00\" \/>\n<meta property=\"article:modified_time\" content=\"2026-01-22T12:34:55+00:00\" \/>\n<meta property=\"og:image\" content=\"https:\/\/www.asajacyl.com\/valladolid\/wp-content\/uploads\/sites\/2\/2026\/01\/jpeg.jpg\" \/>\n\t<meta property=\"og:image:width\" content=\"800\" \/>\n\t<meta property=\"og:image:height\" content=\"450\" \/>\n\t<meta property=\"og:image:type\" content=\"image\/jpeg\" \/>\n<meta name=\"author\" content=\"Mar\u00eda Natividad\" \/>\n<meta name=\"twitter:card\" content=\"summary_large_image\" \/>\n<meta name=\"twitter:label1\" content=\"Escrito por\" \/>\n\t<meta name=\"twitter:data1\" content=\"Mar\u00eda Natividad\" \/>\n\t<meta name=\"twitter:label2\" content=\"Tiempo de lectura\" \/>\n\t<meta name=\"twitter:data2\" content=\"3 minutos\" \/>\n<script type=\"application\/ld+json\" class=\"yoast-schema-graph\">{\"@context\":\"https:\/\/schema.org\",\"@graph\":[{\"@type\":\"WebPage\",\"@id\":\"https:\/\/www.asajacyl.com\/valladolid\/asaja-valladolid-informa\/asaja-pide-a-la-comision-y-al-consejo-que-respeten-la-voluntad-del-parlamento-europeo-y-no-activen-provisionalmente-el-acuerdo-ue-mercosur\",\"url\":\"https:\/\/www.asajacyl.com\/valladolid\/asaja-valladolid-informa\/asaja-pide-a-la-comision-y-al-consejo-que-respeten-la-voluntad-del-parlamento-europeo-y-no-activen-provisionalmente-el-acuerdo-ue-mercosur\",\"name\":\"ASAJA pide a la Comisi\u00f3n y al Consejo que respeten la voluntad del Parlamento Europeo y no activen provisionalmente el acuerdo UE-Mercosur - ASAJA Valladolid\",\"isPartOf\":{\"@id\":\"https:\/\/www.asajacyl.com\/valladolid\/#website\"},\"primaryImageOfPage\":{\"@id\":\"https:\/\/www.asajacyl.com\/valladolid\/asaja-valladolid-informa\/asaja-pide-a-la-comision-y-al-consejo-que-respeten-la-voluntad-del-parlamento-europeo-y-no-activen-provisionalmente-el-acuerdo-ue-mercosur#primaryimage\"},\"image\":{\"@id\":\"https:\/\/www.asajacyl.com\/valladolid\/asaja-valladolid-informa\/asaja-pide-a-la-comision-y-al-consejo-que-respeten-la-voluntad-del-parlamento-europeo-y-no-activen-provisionalmente-el-acuerdo-ue-mercosur#primaryimage\"},\"thumbnailUrl\":\"https:\/\/www.asajacyl.com\/valladolid\/wp-content\/uploads\/sites\/2\/2026\/01\/jpeg.jpg\",\"datePublished\":\"2026-01-22T12:34:12+00:00\",\"dateModified\":\"2026-01-22T12:34:55+00:00\",\"author\":{\"@id\":\"https:\/\/www.asajacyl.com\/valladolid\/#\/schema\/person\/cf213adc3e576168b6850f7db054141e\"},\"description\":\"ASAJA pide a la Comisi\u00f3n y al Consejo que respeten la voluntad del Parlamento Europeo y no activen provisionalmente el acuerdo UE-Mercosur\",\"breadcrumb\":{\"@id\":\"https:\/\/www.asajacyl.com\/valladolid\/asaja-valladolid-informa\/asaja-pide-a-la-comision-y-al-consejo-que-respeten-la-voluntad-del-parlamento-europeo-y-no-activen-provisionalmente-el-acuerdo-ue-mercosur#breadcrumb\"},\"inLanguage\":\"es\",\"potentialAction\":[{\"@type\":\"ReadAction\",\"target\":[\"https:\/\/www.asajacyl.com\/valladolid\/asaja-valladolid-informa\/asaja-pide-a-la-comision-y-al-consejo-que-respeten-la-voluntad-del-parlamento-europeo-y-no-activen-provisionalmente-el-acuerdo-ue-mercosur\"]}]},{\"@type\":\"ImageObject\",\"inLanguage\":\"es\",\"@id\":\"https:\/\/www.asajacyl.com\/valladolid\/asaja-valladolid-informa\/asaja-pide-a-la-comision-y-al-consejo-que-respeten-la-voluntad-del-parlamento-europeo-y-no-activen-provisionalmente-el-acuerdo-ue-mercosur#primaryimage\",\"url\":\"https:\/\/www.asajacyl.com\/valladolid\/wp-content\/uploads\/sites\/2\/2026\/01\/jpeg.jpg\",\"contentUrl\":\"https:\/\/www.asajacyl.com\/valladolid\/wp-content\/uploads\/sites\/2\/2026\/01\/jpeg.jpg\",\"width\":800,\"height\":450,\"caption\":\"ASAJA pide a la Comisi\u00f3n y al Consejo que respeten la voluntad del Parlamento Europeo y no activen provisionalmente el acuerdo UE-Mercosur\"},{\"@type\":\"BreadcrumbList\",\"@id\":\"https:\/\/www.asajacyl.com\/valladolid\/asaja-valladolid-informa\/asaja-pide-a-la-comision-y-al-consejo-que-respeten-la-voluntad-del-parlamento-europeo-y-no-activen-provisionalmente-el-acuerdo-ue-mercosur#breadcrumb\",\"itemListElement\":[{\"@type\":\"ListItem\",\"position\":1,\"name\":\"Portada\",\"item\":\"https:\/\/www.asajacyl.com\/valladolid\/\"},{\"@type\":\"ListItem\",\"position\":2,\"name\":\"ASAJA pide a la Comisi\u00f3n y al Consejo que respeten la voluntad del Parlamento Europeo y no activen provisionalmente el acuerdo UE-Mercosur\"}]},{\"@type\":\"WebSite\",\"@id\":\"https:\/\/www.asajacyl.com\/valladolid\/#website\",\"url\":\"https:\/\/www.asajacyl.com\/valladolid\/\",\"name\":\"ASAJA Valladolid\",\"description\":\"Otro sitio m\u00e1s de Provincias ASAJA Castilla y Le\u00f3n\",\"potentialAction\":[{\"@type\":\"SearchAction\",\"target\":{\"@type\":\"EntryPoint\",\"urlTemplate\":\"https:\/\/www.asajacyl.com\/valladolid\/?s={search_term_string}\"},\"query-input\":{\"@type\":\"PropertyValueSpecification\",\"valueRequired\":true,\"valueName\":\"search_term_string\"}}],\"inLanguage\":\"es\"},{\"@type\":\"Person\",\"@id\":\"https:\/\/www.asajacyl.com\/valladolid\/#\/schema\/person\/cf213adc3e576168b6850f7db054141e\",\"name\":\"Mar\u00eda Natividad\",\"image\":{\"@type\":\"ImageObject\",\"inLanguage\":\"es\",\"@id\":\"https:\/\/www.asajacyl.com\/valladolid\/#\/schema\/person\/image\/\",\"url\":\"https:\/\/secure.gravatar.com\/avatar\/7f7b3c840c2af79feac78f5eeffefc45?s=96&d=mm&r=g\",\"contentUrl\":\"https:\/\/secure.gravatar.com\/avatar\/7f7b3c840c2af79feac78f5eeffefc45?s=96&d=mm&r=g\",\"caption\":\"Mar\u00eda Natividad\"},\"url\":\"https:\/\/www.asajacyl.com\/valladolid\/author\/natividadhh\"}]}<\/script>\n<!-- \/ Yoast SEO plugin. -->","yoast_head_json":{"title":"ASAJA pide a la Comisi\u00f3n y al Consejo que respeten la voluntad del Parlamento Europeo y no activen provisionalmente el acuerdo UE-Mercosur - ASAJA Valladolid","description":"ASAJA pide a la Comisi\u00f3n y al Consejo que respeten la voluntad del Parlamento Europeo y no activen provisionalmente el acuerdo UE-Mercosur","robots":{"index":"index","follow":"follow","max-snippet":"max-snippet:-1","max-image-preview":"max-image-preview:large","max-video-preview":"max-video-preview:-1"},"canonical":"https:\/\/www.asajacyl.com\/valladolid\/asaja-valladolid-informa\/asaja-pide-a-la-comision-y-al-consejo-que-respeten-la-voluntad-del-parlamento-europeo-y-no-activen-provisionalmente-el-acuerdo-ue-mercosur","og_locale":"es_ES","og_type":"article","og_title":"ASAJA pide a la Comisi\u00f3n y al Consejo que respeten la voluntad del Parlamento Europeo y no activen provisionalmente el acuerdo UE-Mercosur - ASAJA Valladolid","og_description":"ASAJA pide a la Comisi\u00f3n y al Consejo que respeten la voluntad del Parlamento Europeo y no activen provisionalmente el acuerdo UE-Mercosur","og_url":"https:\/\/www.asajacyl.com\/valladolid\/asaja-valladolid-informa\/asaja-pide-a-la-comision-y-al-consejo-que-respeten-la-voluntad-del-parlamento-europeo-y-no-activen-provisionalmente-el-acuerdo-ue-mercosur","og_site_name":"ASAJA Valladolid","article_published_time":"2026-01-22T12:34:12+00:00","article_modified_time":"2026-01-22T12:34:55+00:00","og_image":[{"width":800,"height":450,"url":"https:\/\/www.asajacyl.com\/valladolid\/wp-content\/uploads\/sites\/2\/2026\/01\/jpeg.jpg","type":"image\/jpeg"}],"author":"Mar\u00eda Natividad","twitter_card":"summary_large_image","twitter_misc":{"Escrito por":"Mar\u00eda Natividad","Tiempo de lectura":"3 minutos"},"schema":{"@context":"https:\/\/schema.org","@graph":[{"@type":"WebPage","@id":"https:\/\/www.asajacyl.com\/valladolid\/asaja-valladolid-informa\/asaja-pide-a-la-comision-y-al-consejo-que-respeten-la-voluntad-del-parlamento-europeo-y-no-activen-provisionalmente-el-acuerdo-ue-mercosur","url":"https:\/\/www.asajacyl.com\/valladolid\/asaja-valladolid-informa\/asaja-pide-a-la-comision-y-al-consejo-que-respeten-la-voluntad-del-parlamento-europeo-y-no-activen-provisionalmente-el-acuerdo-ue-mercosur","name":"ASAJA pide a la Comisi\u00f3n y al Consejo que respeten la voluntad del Parlamento Europeo y no activen provisionalmente el acuerdo UE-Mercosur - ASAJA Valladolid","isPartOf":{"@id":"https:\/\/www.asajacyl.com\/valladolid\/#website"},"primaryImageOfPage":{"@id":"https:\/\/www.asajacyl.com\/valladolid\/asaja-valladolid-informa\/asaja-pide-a-la-comision-y-al-consejo-que-respeten-la-voluntad-del-parlamento-europeo-y-no-activen-provisionalmente-el-acuerdo-ue-mercosur#primaryimage"},"image":{"@id":"https:\/\/www.asajacyl.com\/valladolid\/asaja-valladolid-informa\/asaja-pide-a-la-comision-y-al-consejo-que-respeten-la-voluntad-del-parlamento-europeo-y-no-activen-provisionalmente-el-acuerdo-ue-mercosur#primaryimage"},"thumbnailUrl":"https:\/\/www.asajacyl.com\/valladolid\/wp-content\/uploads\/sites\/2\/2026\/01\/jpeg.jpg","datePublished":"2026-01-22T12:34:12+00:00","dateModified":"2026-01-22T12:34:55+00:00","author":{"@id":"https:\/\/www.asajacyl.com\/valladolid\/#\/schema\/person\/cf213adc3e576168b6850f7db054141e"},"description":"ASAJA pide a la Comisi\u00f3n y al Consejo que respeten la voluntad del Parlamento Europeo y no activen provisionalmente el acuerdo UE-Mercosur","breadcrumb":{"@id":"https:\/\/www.asajacyl.com\/valladolid\/asaja-valladolid-informa\/asaja-pide-a-la-comision-y-al-consejo-que-respeten-la-voluntad-del-parlamento-europeo-y-no-activen-provisionalmente-el-acuerdo-ue-mercosur#breadcrumb"},"inLanguage":"es","potentialAction":[{"@type":"ReadAction","target":["https:\/\/www.asajacyl.com\/valladolid\/asaja-valladolid-informa\/asaja-pide-a-la-comision-y-al-consejo-que-respeten-la-voluntad-del-parlamento-europeo-y-no-activen-provisionalmente-el-acuerdo-ue-mercosur"]}]},{"@type":"ImageObject","inLanguage":"es","@id":"https:\/\/www.asajacyl.com\/valladolid\/asaja-valladolid-informa\/asaja-pide-a-la-comision-y-al-consejo-que-respeten-la-voluntad-del-parlamento-europeo-y-no-activen-provisionalmente-el-acuerdo-ue-mercosur#primaryimage","url":"https:\/\/www.asajacyl.com\/valladolid\/wp-content\/uploads\/sites\/2\/2026\/01\/jpeg.jpg","contentUrl":"https:\/\/www.asajacyl.com\/valladolid\/wp-content\/uploads\/sites\/2\/2026\/01\/jpeg.jpg","width":800,"height":450,"caption":"ASAJA pide a la Comisi\u00f3n y al Consejo que respeten la voluntad del Parlamento Europeo y no activen provisionalmente el acuerdo UE-Mercosur"},{"@type":"BreadcrumbList","@id":"https:\/\/www.asajacyl.com\/valladolid\/asaja-valladolid-informa\/asaja-pide-a-la-comision-y-al-consejo-que-respeten-la-voluntad-del-parlamento-europeo-y-no-activen-provisionalmente-el-acuerdo-ue-mercosur#breadcrumb","itemListElement":[{"@type":"ListItem","position":1,"name":"Portada","item":"https:\/\/www.asajacyl.com\/valladolid\/"},{"@type":"ListItem","position":2,"name":"ASAJA pide a la Comisi\u00f3n y al Consejo que respeten la voluntad del Parlamento Europeo y no activen provisionalmente el acuerdo UE-Mercosur"}]},{"@type":"WebSite","@id":"https:\/\/www.asajacyl.com\/valladolid\/#website","url":"https:\/\/www.asajacyl.com\/valladolid\/","name":"ASAJA Valladolid","description":"Otro sitio m\u00e1s de Provincias ASAJA Castilla y Le\u00f3n","potentialAction":[{"@type":"SearchAction","target":{"@type":"EntryPoint","urlTemplate":"https:\/\/www.asajacyl.com\/valladolid\/?s={search_term_string}"},"query-input":{"@type":"PropertyValueSpecification","valueRequired":true,"valueName":"search_term_string"}}],"inLanguage":"es"},{"@type":"Person","@id":"https:\/\/www.asajacyl.com\/valladolid\/#\/schema\/person\/cf213adc3e576168b6850f7db054141e","name":"Mar\u00eda Natividad","image":{"@type":"ImageObject","inLanguage":"es","@id":"https:\/\/www.asajacyl.com\/valladolid\/#\/schema\/person\/image\/","url":"https:\/\/secure.gravatar.com\/avatar\/7f7b3c840c2af79feac78f5eeffefc45?s=96&d=mm&r=g","contentUrl":"https:\/\/secure.gravatar.com\/avatar\/7f7b3c840c2af79feac78f5eeffefc45?s=96&d=mm&r=g","caption":"Mar\u00eda Natividad"},"url":"https:\/\/www.asajacyl.com\/valladolid\/author\/natividadhh"}]}},"_links":{"self":[{"href":"https:\/\/www.asajacyl.com\/valladolid\/wp-json\/wp\/v2\/posts\/3941"}],"collection":[{"href":"https:\/\/www.asajacyl.com\/valladolid\/wp-json\/wp\/v2\/posts"}],"about":[{"href":"https:\/\/www.asajacyl.com\/valladolid\/wp-json\/wp\/v2\/types\/post"}],"author":[{"embeddable":true,"href":"https:\/\/www.asajacyl.com\/valladolid\/wp-json\/wp\/v2\/users\/13"}],"replies":[{"embeddable":true,"href":"https:\/\/www.asajacyl.com\/valladolid\/wp-json\/wp\/v2\/comments?post=3941"}],"version-history":[{"count":2,"href":"https:\/\/www.asajacyl.com\/valladolid\/wp-json\/wp\/v2\/posts\/3941\/revisions"}],"predecessor-version":[{"id":3945,"href":"https:\/\/www.asajacyl.com\/valladolid\/wp-json\/wp\/v2\/posts\/3941\/revisions\/3945"}],"wp:featuredmedia":[{"embeddable":true,"href":"https:\/\/www.asajacyl.com\/valladolid\/wp-json\/wp\/v2\/media\/3943"}],"wp:attachment":[{"href":"https:\/\/www.asajacyl.com\/valladolid\/wp-json\/wp\/v2\/media?parent=3941"}],"wp:term":[{"taxonomy":"category","embeddable":true,"href":"https:\/\/www.asajacyl.com\/valladolid\/wp-json\/wp\/v2\/categories?post=3941"},{"taxonomy":"post_tag","embeddable":true,"href":"https:\/\/www.asajacyl.com\/valladolid\/wp-json\/wp\/v2\/tags?post=3941"}],"curies":[{"name":"wp","href":"https:\/\/api.w.org\/{rel}","templated":true}]}}