{"id":3946,"date":"2026-01-27T11:32:03","date_gmt":"2026-01-27T10:32:03","guid":{"rendered":"https:\/\/www.asajacyl.com\/valladolid\/?p=3946"},"modified":"2026-02-10T10:44:43","modified_gmt":"2026-02-10T09:44:43","slug":"el-campo-de-valladolid-volvera-el-jueves-29-de-enero-a-las-calles-de-la-ciudad-para-defender-la-salud-de-los-consumidores-y-un-futuro-para-el-campo","status":"publish","type":"post","link":"https:\/\/www.asajacyl.com\/valladolid\/asaja-valladolid-informa\/el-campo-de-valladolid-volvera-el-jueves-29-de-enero-a-las-calles-de-la-ciudad-para-defender-la-salud-de-los-consumidores-y-un-futuro-para-el-campo","title":{"rendered":"El campo de Valladolid volver\u00e1 el jueves 29 de enero a las calles de la ciudad para defender la salud de los consumidores y un futuro para el campo"},"content":{"rendered":"\n<p><em><strong><mark class=\"has-inline-color has-vivid-green-cyan-color\">En unidad de acci\u00f3n, UCCL Valladolid, ASAJA Valladolid, Alianza UPA-COAG Valladolid, UNASPI y Por la Uni\u00f3n del Campo han convocado una tractorada que se une a las que se celebrar\u00e1n por toda Espa\u00f1a en esa misma fecha<\/mark><\/strong><\/em><\/p>\n\n\n\n<p>El campo de Valladolid, m\u00e1s unido que nunca, volver\u00e1 a las calles de la ciudad para protestar por la situaci\u00f3n l\u00edmite que vive. En Unidad de Acci\u00f3n, UCCL Valladolid, ASAJA Valladolid, Alianza UPA-COAG de Valladolid, UNASPI y Por la Uni\u00f3n del Campo <strong>han convocado a todo el sector a una tractorada para el pr\u00f3ximo jueves 29 de enero en Valladolid.<\/strong><\/p>\n\n\n\n<p>Una protesta que se une a la convocatoria nacional que tendr\u00e1 lugar esa fecha en toda Espa\u00f1a y que pretende que la voz del campo se escuche m\u00e1s fuerte que nunca en todos los rincones de nuestro pa\u00eds: queremos salud, no queremos Mercosur<strong>. Esta previsto que, ante la gravedad de la situaci\u00f3n, gran parte del sector acuda a esta convocatoria que puede ser hist\u00f3rica en la ciudad.<\/strong><\/p>\n\n\n\n<p>La <strong>tractorada saldr\u00e1 a las 10:00 horas de la ma\u00f1ana del aparcamiento del Estadio Jos\u00e9 Zorrilla<\/strong> y recorrer\u00e1 las calles de la ciudad: <em><\/em><\/p>\n\n\n\n<p><em>Aparcamiento Estadio Jos\u00e9 Zorrilla- Avenida del Mundial 82- Calle Padre Jos\u00e9 Acosta- Calle de las Mieses Avenida Gloria Fuertes- Calle del Arzobispo Delicado-Plaza del Milenio-Puente de Isabel la Cat\u00f3lica-Paseo de Isabel la Cat\u00f3lica-Calle de San Ildefonso- Paseo Zorrilla-Plaza Zorrilla- calle Acera de Recoletos- Plaza Col\u00f3n-Paseo Filipinos-Paseo Zorrilla-Avenida del Hospital Militar- Puente Adolfo Su\u00e1rez- Avenida S\u00e1nchez Arjona Avenida Salamanca-Avenida del Real Valladolid- Avenida del Mundial 82- Aparcamiento Estadio Jos\u00e9 Zorrilla.<\/em><\/p>\n\n\n\n<figure class=\"wp-block-image size-large\"><img loading=\"lazy\" decoding=\"async\" width=\"1024\" height=\"728\" src=\"https:\/\/www.asajacyl.com\/valladolid\/wp-content\/uploads\/sites\/2\/2026\/01\/imagen-Itinerario-Manifestacion-Tractorada-Valladolid-29-de-enero-1-1024x728.jpg\" alt=\"\" class=\"wp-image-3951\" srcset=\"https:\/\/www.asajacyl.com\/valladolid\/wp-content\/uploads\/sites\/2\/2026\/01\/imagen-Itinerario-Manifestacion-Tractorada-Valladolid-29-de-enero-1-1024x728.jpg 1024w, https:\/\/www.asajacyl.com\/valladolid\/wp-content\/uploads\/sites\/2\/2026\/01\/imagen-Itinerario-Manifestacion-Tractorada-Valladolid-29-de-enero-1-300x213.jpg 300w, https:\/\/www.asajacyl.com\/valladolid\/wp-content\/uploads\/sites\/2\/2026\/01\/imagen-Itinerario-Manifestacion-Tractorada-Valladolid-29-de-enero-1-768x546.jpg 768w, https:\/\/www.asajacyl.com\/valladolid\/wp-content\/uploads\/sites\/2\/2026\/01\/imagen-Itinerario-Manifestacion-Tractorada-Valladolid-29-de-enero-1-1536x1092.jpg 1536w, https:\/\/www.asajacyl.com\/valladolid\/wp-content\/uploads\/sites\/2\/2026\/01\/imagen-Itinerario-Manifestacion-Tractorada-Valladolid-29-de-enero-1-591x420.jpg 591w, https:\/\/www.asajacyl.com\/valladolid\/wp-content\/uploads\/sites\/2\/2026\/01\/imagen-Itinerario-Manifestacion-Tractorada-Valladolid-29-de-enero-1-696x495.jpg 696w, https:\/\/www.asajacyl.com\/valladolid\/wp-content\/uploads\/sites\/2\/2026\/01\/imagen-Itinerario-Manifestacion-Tractorada-Valladolid-29-de-enero-1-1068x759.jpg 1068w, https:\/\/www.asajacyl.com\/valladolid\/wp-content\/uploads\/sites\/2\/2026\/01\/imagen-Itinerario-Manifestacion-Tractorada-Valladolid-29-de-enero-1.jpg 1744w\" sizes=\"(max-width: 1024px) 100vw, 1024px\" \/><\/figure>\n\n\n\n<p>Las personas que <strong>quieran realizar el recorrido a pie se concentrar\u00e1n a las 11:00 de la ma\u00f1ana en la puerta de la Consejer\u00eda de Agricultura, Ganader\u00eda y Desarrollo<\/strong> <strong>Rural<\/strong>. Desde all\u00ed tractores, agricultores, ganaderos y representantes de todo el sector protestar\u00e1n por las calles de Valladolid entre las 10:00 horas y las 18:00 horas aproximadamente.<\/p>\n\n\n\n<p>La comitiva de protesta de veh\u00edculos y personas realizar\u00e1 dos paradas. La primera en la Consejer\u00eda de Agricultura, Ganader\u00eda y Desarrollo Rural a las 11:00 de la ma\u00f1ana donde se entregar\u00e1 un manifiesto con las reivindicaciones de esta protesta.<\/p>\n\n\n\n<p>La segunda tendr\u00e1 lugar <strong>aproximadamente<\/strong> <strong>sobre las 11:30 horas a la puerta de la Delegaci\u00f3n del Gobierno de Castilla y Le\u00f3n <\/strong>(C\/ Francesco Scrimieri, 1.) en la Plaza del Milenio donde despu\u00e9s de entregar tambi\u00e9n el manifiesto con los 8 puntos principales de la protesta se proceder\u00e1 a \u201cun ajusticiamiento simb\u00f3lico\u201d de los responsables de la situaci\u00f3n que vive actualmente el campo.<\/p>\n\n\n\n<p>Despu\u00e9s, tractores, ganaderos y agricultores proseguir\u00e1n su camino en el que quieren hacer llegar a la ciudadan\u00eda el peligro que representa para su salud, la firma del tratado de la UE-Mercosur.<\/p>\n\n\n\n<figure class=\"wp-block-image size-large\"><img loading=\"lazy\" decoding=\"async\" width=\"682\" height=\"1024\" src=\"https:\/\/www.asajacyl.com\/valladolid\/wp-content\/uploads\/sites\/2\/2026\/01\/Cartel-Tractorada-29E-VALLADOLID-682x1024.jpg\" alt=\"\" class=\"wp-image-3942\" srcset=\"https:\/\/www.asajacyl.com\/valladolid\/wp-content\/uploads\/sites\/2\/2026\/01\/Cartel-Tractorada-29E-VALLADOLID-682x1024.jpg 682w, https:\/\/www.asajacyl.com\/valladolid\/wp-content\/uploads\/sites\/2\/2026\/01\/Cartel-Tractorada-29E-VALLADOLID-200x300.jpg 200w, https:\/\/www.asajacyl.com\/valladolid\/wp-content\/uploads\/sites\/2\/2026\/01\/Cartel-Tractorada-29E-VALLADOLID-768x1152.jpg 768w, https:\/\/www.asajacyl.com\/valladolid\/wp-content\/uploads\/sites\/2\/2026\/01\/Cartel-Tractorada-29E-VALLADOLID-1024x1536.jpg 1024w, https:\/\/www.asajacyl.com\/valladolid\/wp-content\/uploads\/sites\/2\/2026\/01\/Cartel-Tractorada-29E-VALLADOLID-1365x2048.jpg 1365w, https:\/\/www.asajacyl.com\/valladolid\/wp-content\/uploads\/sites\/2\/2026\/01\/Cartel-Tractorada-29E-VALLADOLID-280x420.jpg 280w, https:\/\/www.asajacyl.com\/valladolid\/wp-content\/uploads\/sites\/2\/2026\/01\/Cartel-Tractorada-29E-VALLADOLID-696x1044.jpg 696w, https:\/\/www.asajacyl.com\/valladolid\/wp-content\/uploads\/sites\/2\/2026\/01\/Cartel-Tractorada-29E-VALLADOLID-1068x1603.jpg 1068w, https:\/\/www.asajacyl.com\/valladolid\/wp-content\/uploads\/sites\/2\/2026\/01\/Cartel-Tractorada-29E-VALLADOLID.jpg 1666w\" sizes=\"(max-width: 682px) 100vw, 682px\" \/><\/figure>\n\n\n\n<p>Los convocantes, piden disculpas por adelantado por las molestias que puedan ocasionar esta protesta, aunque quieren remarcar, que sin este tipo de iniciativas, no se puede visibilizar el riesgo que supone para la salud y la soberan\u00eda alimentaria, el promover alimentos de fuera que no tienen los mismos controles, frente a los de nuestros productores, seguros, de calidad y de proximidad.<\/p>\n\n\n\n<p>Los organizadores piden a todo el sector que se una a esta protesta convocada en unidad de acci\u00f3n: cooperativas, azucareras, empresas de semillas, fitosanitarios, distribuidores, estudiantes, empresas de maquinaria, de tractores, del sector de la alimentaci\u00f3n y la hosteler\u00eda. Mercosur es un tratado que nos afecta a todos y que afecta al futuro y la salud del campo y de los consumidores.<\/p>\n\n\n\n<p>Las primeras protestas han demostrado que son eficaces ganando la primera batalla, pero todav\u00eda es necesario parar por completo este acuerdo y solucionar el resto de los problemas que acechan al campo: precios rid\u00edculos por sus productos, inputs disparados, falta de relevo generacional, burocracia interminable y clausulas de reciprocidad y salvaguarda justas con los pa\u00edses de fuera.<\/p>\n\n\n\n<p><\/p>\n","protected":false},"excerpt":{"rendered":"<p>En unidad de acci\u00f3n, UCCL Valladolid, ASAJA Valladolid, Alianza UPA-COAG Valladolid, UNASPI y Por la Uni\u00f3n del Campo han convocado una tractorada que se une a las que se celebrar\u00e1n por toda Espa\u00f1a en esa misma fecha El campo de Valladolid, m\u00e1s unido que nunca, volver\u00e1 a las calles de la ciudad para protestar por [&hellip;]<\/p>\n","protected":false},"author":13,"featured_media":3948,"comment_status":"open","ping_status":"open","sticky":false,"template":"","format":"standard","meta":{"footnotes":""},"categories":[8,9],"tags":[165,70,58,577,79,216,1009,76,217,106,400,133],"yoast_head":"<!-- This site is optimized with the Yoast SEO plugin v24.5 - https:\/\/yoast.com\/wordpress\/plugins\/seo\/ -->\n<title>El campo de Valladolid volver\u00e1 el jueves 29 de enero a las calles de la ciudad para defender la salud de los consumidores y un futuro para el campo - ASAJA Valladolid<\/title>\n<meta name=\"description\" content=\"El campo de Valladolid volver\u00e1 el jueves 29 de enero a las calles de la ciudad para defender la salud de los consumidores y un futuro para el campo\" \/>\n<meta name=\"robots\" content=\"index, follow, max-snippet:-1, max-image-preview:large, max-video-preview:-1\" \/>\n<link rel=\"canonical\" href=\"https:\/\/www.asajacyl.com\/valladolid\/asaja-valladolid-informa\/el-campo-de-valladolid-volvera-el-jueves-29-de-enero-a-las-calles-de-la-ciudad-para-defender-la-salud-de-los-consumidores-y-un-futuro-para-el-campo\" \/>\n<meta property=\"og:locale\" content=\"es_ES\" \/>\n<meta property=\"og:type\" content=\"article\" \/>\n<meta property=\"og:title\" content=\"El campo de Valladolid volver\u00e1 el jueves 29 de enero a las calles de la ciudad para defender la salud de los consumidores y un futuro para el campo - ASAJA Valladolid\" \/>\n<meta property=\"og:description\" content=\"El campo de Valladolid volver\u00e1 el jueves 29 de enero a las calles de la ciudad para defender la salud de los consumidores y un futuro para el campo\" \/>\n<meta property=\"og:url\" content=\"https:\/\/www.asajacyl.com\/valladolid\/asaja-valladolid-informa\/el-campo-de-valladolid-volvera-el-jueves-29-de-enero-a-las-calles-de-la-ciudad-para-defender-la-salud-de-los-consumidores-y-un-futuro-para-el-campo\" \/>\n<meta property=\"og:site_name\" content=\"ASAJA Valladolid\" \/>\n<meta property=\"article:published_time\" content=\"2026-01-27T10:32:03+00:00\" \/>\n<meta property=\"article:modified_time\" content=\"2026-02-10T09:44:43+00:00\" \/>\n<meta property=\"og:image\" content=\"https:\/\/www.asajacyl.com\/valladolid\/wp-content\/uploads\/sites\/2\/2026\/01\/mercosur-web.jpg\" \/>\n\t<meta property=\"og:image:width\" content=\"2500\" \/>\n\t<meta property=\"og:image:height\" content=\"1671\" \/>\n\t<meta property=\"og:image:type\" content=\"image\/jpeg\" \/>\n<meta name=\"author\" content=\"Mar\u00eda Natividad\" \/>\n<meta name=\"twitter:card\" content=\"summary_large_image\" \/>\n<meta name=\"twitter:label1\" content=\"Escrito por\" \/>\n\t<meta name=\"twitter:data1\" content=\"Mar\u00eda Natividad\" \/>\n\t<meta name=\"twitter:label2\" content=\"Tiempo de lectura\" \/>\n\t<meta name=\"twitter:data2\" content=\"4 minutos\" \/>\n<script type=\"application\/ld+json\" class=\"yoast-schema-graph\">{\"@context\":\"https:\/\/schema.org\",\"@graph\":[{\"@type\":\"WebPage\",\"@id\":\"https:\/\/www.asajacyl.com\/valladolid\/asaja-valladolid-informa\/el-campo-de-valladolid-volvera-el-jueves-29-de-enero-a-las-calles-de-la-ciudad-para-defender-la-salud-de-los-consumidores-y-un-futuro-para-el-campo\",\"url\":\"https:\/\/www.asajacyl.com\/valladolid\/asaja-valladolid-informa\/el-campo-de-valladolid-volvera-el-jueves-29-de-enero-a-las-calles-de-la-ciudad-para-defender-la-salud-de-los-consumidores-y-un-futuro-para-el-campo\",\"name\":\"El campo de Valladolid volver\u00e1 el jueves 29 de enero a las calles de la ciudad para defender la salud de los consumidores y un futuro para el campo - ASAJA Valladolid\",\"isPartOf\":{\"@id\":\"https:\/\/www.asajacyl.com\/valladolid\/#website\"},\"primaryImageOfPage\":{\"@id\":\"https:\/\/www.asajacyl.com\/valladolid\/asaja-valladolid-informa\/el-campo-de-valladolid-volvera-el-jueves-29-de-enero-a-las-calles-de-la-ciudad-para-defender-la-salud-de-los-consumidores-y-un-futuro-para-el-campo#primaryimage\"},\"image\":{\"@id\":\"https:\/\/www.asajacyl.com\/valladolid\/asaja-valladolid-informa\/el-campo-de-valladolid-volvera-el-jueves-29-de-enero-a-las-calles-de-la-ciudad-para-defender-la-salud-de-los-consumidores-y-un-futuro-para-el-campo#primaryimage\"},\"thumbnailUrl\":\"https:\/\/www.asajacyl.com\/valladolid\/wp-content\/uploads\/sites\/2\/2026\/01\/mercosur-web.jpg\",\"datePublished\":\"2026-01-27T10:32:03+00:00\",\"dateModified\":\"2026-02-10T09:44:43+00:00\",\"author\":{\"@id\":\"https:\/\/www.asajacyl.com\/valladolid\/#\/schema\/person\/cf213adc3e576168b6850f7db054141e\"},\"description\":\"El campo de Valladolid volver\u00e1 el jueves 29 de enero a las calles de la ciudad para defender la salud de los consumidores y un futuro para el campo\",\"breadcrumb\":{\"@id\":\"https:\/\/www.asajacyl.com\/valladolid\/asaja-valladolid-informa\/el-campo-de-valladolid-volvera-el-jueves-29-de-enero-a-las-calles-de-la-ciudad-para-defender-la-salud-de-los-consumidores-y-un-futuro-para-el-campo#breadcrumb\"},\"inLanguage\":\"es\",\"potentialAction\":[{\"@type\":\"ReadAction\",\"target\":[\"https:\/\/www.asajacyl.com\/valladolid\/asaja-valladolid-informa\/el-campo-de-valladolid-volvera-el-jueves-29-de-enero-a-las-calles-de-la-ciudad-para-defender-la-salud-de-los-consumidores-y-un-futuro-para-el-campo\"]}]},{\"@type\":\"ImageObject\",\"inLanguage\":\"es\",\"@id\":\"https:\/\/www.asajacyl.com\/valladolid\/asaja-valladolid-informa\/el-campo-de-valladolid-volvera-el-jueves-29-de-enero-a-las-calles-de-la-ciudad-para-defender-la-salud-de-los-consumidores-y-un-futuro-para-el-campo#primaryimage\",\"url\":\"https:\/\/www.asajacyl.com\/valladolid\/wp-content\/uploads\/sites\/2\/2026\/01\/mercosur-web.jpg\",\"contentUrl\":\"https:\/\/www.asajacyl.com\/valladolid\/wp-content\/uploads\/sites\/2\/2026\/01\/mercosur-web.jpg\",\"width\":2500,\"height\":1671,\"caption\":\"El campo de Valladolid volver\u00e1 el jueves 29 de enero a las calles de la ciudad para defender la salud de los consumidores y un futuro para el campo\"},{\"@type\":\"BreadcrumbList\",\"@id\":\"https:\/\/www.asajacyl.com\/valladolid\/asaja-valladolid-informa\/el-campo-de-valladolid-volvera-el-jueves-29-de-enero-a-las-calles-de-la-ciudad-para-defender-la-salud-de-los-consumidores-y-un-futuro-para-el-campo#breadcrumb\",\"itemListElement\":[{\"@type\":\"ListItem\",\"position\":1,\"name\":\"Portada\",\"item\":\"https:\/\/www.asajacyl.com\/valladolid\/\"},{\"@type\":\"ListItem\",\"position\":2,\"name\":\"El campo de Valladolid volver\u00e1 el jueves 29 de enero a las calles de la ciudad para defender la salud de los consumidores y un futuro para el campo\"}]},{\"@type\":\"WebSite\",\"@id\":\"https:\/\/www.asajacyl.com\/valladolid\/#website\",\"url\":\"https:\/\/www.asajacyl.com\/valladolid\/\",\"name\":\"ASAJA Valladolid\",\"description\":\"Otro sitio m\u00e1s de Provincias ASAJA Castilla y Le\u00f3n\",\"potentialAction\":[{\"@type\":\"SearchAction\",\"target\":{\"@type\":\"EntryPoint\",\"urlTemplate\":\"https:\/\/www.asajacyl.com\/valladolid\/?s={search_term_string}\"},\"query-input\":{\"@type\":\"PropertyValueSpecification\",\"valueRequired\":true,\"valueName\":\"search_term_string\"}}],\"inLanguage\":\"es\"},{\"@type\":\"Person\",\"@id\":\"https:\/\/www.asajacyl.com\/valladolid\/#\/schema\/person\/cf213adc3e576168b6850f7db054141e\",\"name\":\"Mar\u00eda Natividad\",\"image\":{\"@type\":\"ImageObject\",\"inLanguage\":\"es\",\"@id\":\"https:\/\/www.asajacyl.com\/valladolid\/#\/schema\/person\/image\/\",\"url\":\"https:\/\/secure.gravatar.com\/avatar\/7f7b3c840c2af79feac78f5eeffefc45?s=96&d=mm&r=g\",\"contentUrl\":\"https:\/\/secure.gravatar.com\/avatar\/7f7b3c840c2af79feac78f5eeffefc45?s=96&d=mm&r=g\",\"caption\":\"Mar\u00eda Natividad\"},\"url\":\"https:\/\/www.asajacyl.com\/valladolid\/author\/natividadhh\"}]}<\/script>\n<!-- \/ Yoast SEO plugin. -->","yoast_head_json":{"title":"El campo de Valladolid volver\u00e1 el jueves 29 de enero a las calles de la ciudad para defender la salud de los consumidores y un futuro para el campo - ASAJA Valladolid","description":"El campo de Valladolid volver\u00e1 el jueves 29 de enero a las calles de la ciudad para defender la salud de los consumidores y un futuro para el campo","robots":{"index":"index","follow":"follow","max-snippet":"max-snippet:-1","max-image-preview":"max-image-preview:large","max-video-preview":"max-video-preview:-1"},"canonical":"https:\/\/www.asajacyl.com\/valladolid\/asaja-valladolid-informa\/el-campo-de-valladolid-volvera-el-jueves-29-de-enero-a-las-calles-de-la-ciudad-para-defender-la-salud-de-los-consumidores-y-un-futuro-para-el-campo","og_locale":"es_ES","og_type":"article","og_title":"El campo de Valladolid volver\u00e1 el jueves 29 de enero a las calles de la ciudad para defender la salud de los consumidores y un futuro para el campo - ASAJA Valladolid","og_description":"El campo de Valladolid volver\u00e1 el jueves 29 de enero a las calles de la ciudad para defender la salud de los consumidores y un futuro para el campo","og_url":"https:\/\/www.asajacyl.com\/valladolid\/asaja-valladolid-informa\/el-campo-de-valladolid-volvera-el-jueves-29-de-enero-a-las-calles-de-la-ciudad-para-defender-la-salud-de-los-consumidores-y-un-futuro-para-el-campo","og_site_name":"ASAJA Valladolid","article_published_time":"2026-01-27T10:32:03+00:00","article_modified_time":"2026-02-10T09:44:43+00:00","og_image":[{"width":2500,"height":1671,"url":"https:\/\/www.asajacyl.com\/valladolid\/wp-content\/uploads\/sites\/2\/2026\/01\/mercosur-web.jpg","type":"image\/jpeg"}],"author":"Mar\u00eda Natividad","twitter_card":"summary_large_image","twitter_misc":{"Escrito por":"Mar\u00eda Natividad","Tiempo de lectura":"4 minutos"},"schema":{"@context":"https:\/\/schema.org","@graph":[{"@type":"WebPage","@id":"https:\/\/www.asajacyl.com\/valladolid\/asaja-valladolid-informa\/el-campo-de-valladolid-volvera-el-jueves-29-de-enero-a-las-calles-de-la-ciudad-para-defender-la-salud-de-los-consumidores-y-un-futuro-para-el-campo","url":"https:\/\/www.asajacyl.com\/valladolid\/asaja-valladolid-informa\/el-campo-de-valladolid-volvera-el-jueves-29-de-enero-a-las-calles-de-la-ciudad-para-defender-la-salud-de-los-consumidores-y-un-futuro-para-el-campo","name":"El campo de Valladolid volver\u00e1 el jueves 29 de enero a las calles de la ciudad para defender la salud de los consumidores y un futuro para el campo - ASAJA Valladolid","isPartOf":{"@id":"https:\/\/www.asajacyl.com\/valladolid\/#website"},"primaryImageOfPage":{"@id":"https:\/\/www.asajacyl.com\/valladolid\/asaja-valladolid-informa\/el-campo-de-valladolid-volvera-el-jueves-29-de-enero-a-las-calles-de-la-ciudad-para-defender-la-salud-de-los-consumidores-y-un-futuro-para-el-campo#primaryimage"},"image":{"@id":"https:\/\/www.asajacyl.com\/valladolid\/asaja-valladolid-informa\/el-campo-de-valladolid-volvera-el-jueves-29-de-enero-a-las-calles-de-la-ciudad-para-defender-la-salud-de-los-consumidores-y-un-futuro-para-el-campo#primaryimage"},"thumbnailUrl":"https:\/\/www.asajacyl.com\/valladolid\/wp-content\/uploads\/sites\/2\/2026\/01\/mercosur-web.jpg","datePublished":"2026-01-27T10:32:03+00:00","dateModified":"2026-02-10T09:44:43+00:00","author":{"@id":"https:\/\/www.asajacyl.com\/valladolid\/#\/schema\/person\/cf213adc3e576168b6850f7db054141e"},"description":"El campo de Valladolid volver\u00e1 el jueves 29 de enero a las calles de la ciudad para defender la salud de los consumidores y un futuro para el campo","breadcrumb":{"@id":"https:\/\/www.asajacyl.com\/valladolid\/asaja-valladolid-informa\/el-campo-de-valladolid-volvera-el-jueves-29-de-enero-a-las-calles-de-la-ciudad-para-defender-la-salud-de-los-consumidores-y-un-futuro-para-el-campo#breadcrumb"},"inLanguage":"es","potentialAction":[{"@type":"ReadAction","target":["https:\/\/www.asajacyl.com\/valladolid\/asaja-valladolid-informa\/el-campo-de-valladolid-volvera-el-jueves-29-de-enero-a-las-calles-de-la-ciudad-para-defender-la-salud-de-los-consumidores-y-un-futuro-para-el-campo"]}]},{"@type":"ImageObject","inLanguage":"es","@id":"https:\/\/www.asajacyl.com\/valladolid\/asaja-valladolid-informa\/el-campo-de-valladolid-volvera-el-jueves-29-de-enero-a-las-calles-de-la-ciudad-para-defender-la-salud-de-los-consumidores-y-un-futuro-para-el-campo#primaryimage","url":"https:\/\/www.asajacyl.com\/valladolid\/wp-content\/uploads\/sites\/2\/2026\/01\/mercosur-web.jpg","contentUrl":"https:\/\/www.asajacyl.com\/valladolid\/wp-content\/uploads\/sites\/2\/2026\/01\/mercosur-web.jpg","width":2500,"height":1671,"caption":"El campo de Valladolid volver\u00e1 el jueves 29 de enero a las calles de la ciudad para defender la salud de los consumidores y un futuro para el campo"},{"@type":"BreadcrumbList","@id":"https:\/\/www.asajacyl.com\/valladolid\/asaja-valladolid-informa\/el-campo-de-valladolid-volvera-el-jueves-29-de-enero-a-las-calles-de-la-ciudad-para-defender-la-salud-de-los-consumidores-y-un-futuro-para-el-campo#breadcrumb","itemListElement":[{"@type":"ListItem","position":1,"name":"Portada","item":"https:\/\/www.asajacyl.com\/valladolid\/"},{"@type":"ListItem","position":2,"name":"El campo de Valladolid volver\u00e1 el jueves 29 de enero a las calles de la ciudad para defender la salud de los consumidores y un futuro para el campo"}]},{"@type":"WebSite","@id":"https:\/\/www.asajacyl.com\/valladolid\/#website","url":"https:\/\/www.asajacyl.com\/valladolid\/","name":"ASAJA Valladolid","description":"Otro sitio m\u00e1s de Provincias ASAJA Castilla y Le\u00f3n","potentialAction":[{"@type":"SearchAction","target":{"@type":"EntryPoint","urlTemplate":"https:\/\/www.asajacyl.com\/valladolid\/?s={search_term_string}"},"query-input":{"@type":"PropertyValueSpecification","valueRequired":true,"valueName":"search_term_string"}}],"inLanguage":"es"},{"@type":"Person","@id":"https:\/\/www.asajacyl.com\/valladolid\/#\/schema\/person\/cf213adc3e576168b6850f7db054141e","name":"Mar\u00eda Natividad","image":{"@type":"ImageObject","inLanguage":"es","@id":"https:\/\/www.asajacyl.com\/valladolid\/#\/schema\/person\/image\/","url":"https:\/\/secure.gravatar.com\/avatar\/7f7b3c840c2af79feac78f5eeffefc45?s=96&d=mm&r=g","contentUrl":"https:\/\/secure.gravatar.com\/avatar\/7f7b3c840c2af79feac78f5eeffefc45?s=96&d=mm&r=g","caption":"Mar\u00eda Natividad"},"url":"https:\/\/www.asajacyl.com\/valladolid\/author\/natividadhh"}]}},"_links":{"self":[{"href":"https:\/\/www.asajacyl.com\/valladolid\/wp-json\/wp\/v2\/posts\/3946"}],"collection":[{"href":"https:\/\/www.asajacyl.com\/valladolid\/wp-json\/wp\/v2\/posts"}],"about":[{"href":"https:\/\/www.asajacyl.com\/valladolid\/wp-json\/wp\/v2\/types\/post"}],"author":[{"embeddable":true,"href":"https:\/\/www.asajacyl.com\/valladolid\/wp-json\/wp\/v2\/users\/13"}],"replies":[{"embeddable":true,"href":"https:\/\/www.asajacyl.com\/valladolid\/wp-json\/wp\/v2\/comments?post=3946"}],"version-history":[{"count":2,"href":"https:\/\/www.asajacyl.com\/valladolid\/wp-json\/wp\/v2\/posts\/3946\/revisions"}],"predecessor-version":[{"id":3952,"href":"https:\/\/www.asajacyl.com\/valladolid\/wp-json\/wp\/v2\/posts\/3946\/revisions\/3952"}],"wp:featuredmedia":[{"embeddable":true,"href":"https:\/\/www.asajacyl.com\/valladolid\/wp-json\/wp\/v2\/media\/3948"}],"wp:attachment":[{"href":"https:\/\/www.asajacyl.com\/valladolid\/wp-json\/wp\/v2\/media?parent=3946"}],"wp:term":[{"taxonomy":"category","embeddable":true,"href":"https:\/\/www.asajacyl.com\/valladolid\/wp-json\/wp\/v2\/categories?post=3946"},{"taxonomy":"post_tag","embeddable":true,"href":"https:\/\/www.asajacyl.com\/valladolid\/wp-json\/wp\/v2\/tags?post=3946"}],"curies":[{"name":"wp","href":"https:\/\/api.w.org\/{rel}","templated":true}]}}