{"id":3956,"date":"2026-02-04T13:36:37","date_gmt":"2026-02-04T12:36:37","guid":{"rendered":"https:\/\/www.asajacyl.com\/valladolid\/?p=3956"},"modified":"2026-02-19T16:48:13","modified_gmt":"2026-02-19T15:48:13","slug":"comunicado-asaja-valladolid-tractorada-11-de-febrero-en-madrid","status":"publish","type":"post","link":"https:\/\/www.asajacyl.com\/valladolid\/asaja-valladolid-informa\/comunicado-asaja-valladolid-tractorada-11-de-febrero-en-madrid","title":{"rendered":"Comunicado ASAJA Valladolid tractorada 11 de Febrero en Madrid"},"content":{"rendered":"\n<p>Ante las pr\u00f3xima tractorada que se va a celebrar en Madrid, el mi\u00e9rcoles 11 de febrero contra las actuales pol\u00edticas que ahogan el campo.<\/p>\n\n\n\n<p><strong>Asaja Valladolid comunica que apoya plenamente esta tractorada en favor del sector y en contra del acuerdo de Mercosur<\/strong>. Una postura que viene adoptando <strong>de manera unilateral desde la entrada de la nueva directiva sea quien sea el convocante de las acciones de protesta.<\/strong><\/p>\n\n\n\n<p>Aunque nos hubiera gustado que se hiciera una convocatoria conjunta, tal como hacemos nosotros, desde todas las organizaciones y no que se convoque, y despu\u00e9s se anime a secundar la protesta.<\/p>\n\n\n\n<p>ASAJA Valladolid, defiende la Unidad de Acci\u00f3n y una vez m\u00e1s sus socios y simpatizantes estar\u00e1n en Madrid. &nbsp;<\/p>\n\n\n\n<p>Desde ASAJA Valladolid, <strong>en coherencia con su postura y plenamente convencida de la necesidad de movilizarse, anima a sus socios y simpatizantes a participar masivamente en esta protesta<\/strong><\/p>\n\n\n\n<p>\u00a1\u00a1\u00a1No a las pol\u00edticas de despacho que ahogan el campo y no rotundo a Mercosur !!!<\/p>\n","protected":false},"excerpt":{"rendered":"<p>Ante las pr\u00f3xima tractorada que se va a celebrar en Madrid, el mi\u00e9rcoles 11 de febrero contra las actuales pol\u00edticas que ahogan el campo. Asaja Valladolid comunica que apoya plenamente esta tractorada en favor del sector y en contra del acuerdo de Mercosur. Una postura que viene adoptando de manera unilateral desde la entrada de [&hellip;]<\/p>\n","protected":false},"author":13,"featured_media":3958,"comment_status":"open","ping_status":"open","sticky":false,"template":"","format":"standard","meta":{"footnotes":""},"categories":[8,9],"tags":[1108,70,58,374,106,400],"yoast_head":"<!-- This site is optimized with the Yoast SEO plugin v24.5 - https:\/\/yoast.com\/wordpress\/plugins\/seo\/ -->\n<title>Comunicado ASAJA Valladolid tractorada 11 de Febrero en Madrid - ASAJA Valladolid<\/title>\n<meta name=\"description\" content=\"Comunicado ASAJA Valladolid tractorada 11 de Febrero en Madrid\" \/>\n<meta name=\"robots\" content=\"index, follow, max-snippet:-1, max-image-preview:large, max-video-preview:-1\" \/>\n<link rel=\"canonical\" href=\"https:\/\/www.asajacyl.com\/valladolid\/asaja-valladolid-informa\/comunicado-asaja-valladolid-tractorada-11-de-febrero-en-madrid\" \/>\n<meta property=\"og:locale\" content=\"es_ES\" \/>\n<meta property=\"og:type\" content=\"article\" \/>\n<meta property=\"og:title\" content=\"Comunicado ASAJA Valladolid tractorada 11 de Febrero en Madrid - ASAJA Valladolid\" \/>\n<meta property=\"og:description\" content=\"Comunicado ASAJA Valladolid tractorada 11 de Febrero en Madrid\" \/>\n<meta property=\"og:url\" content=\"https:\/\/www.asajacyl.com\/valladolid\/asaja-valladolid-informa\/comunicado-asaja-valladolid-tractorada-11-de-febrero-en-madrid\" \/>\n<meta property=\"og:site_name\" content=\"ASAJA Valladolid\" \/>\n<meta property=\"article:published_time\" content=\"2026-02-04T12:36:37+00:00\" \/>\n<meta property=\"article:modified_time\" content=\"2026-02-19T15:48:13+00:00\" \/>\n<meta property=\"og:image\" content=\"https:\/\/www.asajacyl.com\/valladolid\/wp-content\/uploads\/sites\/2\/2026\/02\/madrid.jpg\" \/>\n\t<meta property=\"og:image:width\" content=\"2500\" \/>\n\t<meta property=\"og:image:height\" content=\"1671\" \/>\n\t<meta property=\"og:image:type\" content=\"image\/jpeg\" \/>\n<meta name=\"author\" content=\"Mar\u00eda Natividad\" \/>\n<meta name=\"twitter:card\" content=\"summary_large_image\" \/>\n<meta name=\"twitter:label1\" content=\"Escrito por\" \/>\n\t<meta name=\"twitter:data1\" content=\"Mar\u00eda Natividad\" \/>\n\t<meta name=\"twitter:label2\" content=\"Tiempo de lectura\" \/>\n\t<meta name=\"twitter:data2\" content=\"1 minuto\" \/>\n<script type=\"application\/ld+json\" class=\"yoast-schema-graph\">{\"@context\":\"https:\/\/schema.org\",\"@graph\":[{\"@type\":\"WebPage\",\"@id\":\"https:\/\/www.asajacyl.com\/valladolid\/asaja-valladolid-informa\/comunicado-asaja-valladolid-tractorada-11-de-febrero-en-madrid\",\"url\":\"https:\/\/www.asajacyl.com\/valladolid\/asaja-valladolid-informa\/comunicado-asaja-valladolid-tractorada-11-de-febrero-en-madrid\",\"name\":\"Comunicado ASAJA Valladolid tractorada 11 de Febrero en Madrid - ASAJA Valladolid\",\"isPartOf\":{\"@id\":\"https:\/\/www.asajacyl.com\/valladolid\/#website\"},\"primaryImageOfPage\":{\"@id\":\"https:\/\/www.asajacyl.com\/valladolid\/asaja-valladolid-informa\/comunicado-asaja-valladolid-tractorada-11-de-febrero-en-madrid#primaryimage\"},\"image\":{\"@id\":\"https:\/\/www.asajacyl.com\/valladolid\/asaja-valladolid-informa\/comunicado-asaja-valladolid-tractorada-11-de-febrero-en-madrid#primaryimage\"},\"thumbnailUrl\":\"https:\/\/www.asajacyl.com\/valladolid\/wp-content\/uploads\/sites\/2\/2026\/02\/madrid.jpg\",\"datePublished\":\"2026-02-04T12:36:37+00:00\",\"dateModified\":\"2026-02-19T15:48:13+00:00\",\"author\":{\"@id\":\"https:\/\/www.asajacyl.com\/valladolid\/#\/schema\/person\/cf213adc3e576168b6850f7db054141e\"},\"description\":\"Comunicado ASAJA Valladolid tractorada 11 de Febrero en Madrid\",\"breadcrumb\":{\"@id\":\"https:\/\/www.asajacyl.com\/valladolid\/asaja-valladolid-informa\/comunicado-asaja-valladolid-tractorada-11-de-febrero-en-madrid#breadcrumb\"},\"inLanguage\":\"es\",\"potentialAction\":[{\"@type\":\"ReadAction\",\"target\":[\"https:\/\/www.asajacyl.com\/valladolid\/asaja-valladolid-informa\/comunicado-asaja-valladolid-tractorada-11-de-febrero-en-madrid\"]}]},{\"@type\":\"ImageObject\",\"inLanguage\":\"es\",\"@id\":\"https:\/\/www.asajacyl.com\/valladolid\/asaja-valladolid-informa\/comunicado-asaja-valladolid-tractorada-11-de-febrero-en-madrid#primaryimage\",\"url\":\"https:\/\/www.asajacyl.com\/valladolid\/wp-content\/uploads\/sites\/2\/2026\/02\/madrid.jpg\",\"contentUrl\":\"https:\/\/www.asajacyl.com\/valladolid\/wp-content\/uploads\/sites\/2\/2026\/02\/madrid.jpg\",\"width\":2500,\"height\":1671,\"caption\":\"Comunicado ASAJA Valladolid tractorada 11 de Febrero en Madrid\"},{\"@type\":\"BreadcrumbList\",\"@id\":\"https:\/\/www.asajacyl.com\/valladolid\/asaja-valladolid-informa\/comunicado-asaja-valladolid-tractorada-11-de-febrero-en-madrid#breadcrumb\",\"itemListElement\":[{\"@type\":\"ListItem\",\"position\":1,\"name\":\"Portada\",\"item\":\"https:\/\/www.asajacyl.com\/valladolid\/\"},{\"@type\":\"ListItem\",\"position\":2,\"name\":\"Comunicado ASAJA Valladolid tractorada 11 de Febrero en Madrid\"}]},{\"@type\":\"WebSite\",\"@id\":\"https:\/\/www.asajacyl.com\/valladolid\/#website\",\"url\":\"https:\/\/www.asajacyl.com\/valladolid\/\",\"name\":\"ASAJA Valladolid\",\"description\":\"Otro sitio m\u00e1s de Provincias ASAJA Castilla y Le\u00f3n\",\"potentialAction\":[{\"@type\":\"SearchAction\",\"target\":{\"@type\":\"EntryPoint\",\"urlTemplate\":\"https:\/\/www.asajacyl.com\/valladolid\/?s={search_term_string}\"},\"query-input\":{\"@type\":\"PropertyValueSpecification\",\"valueRequired\":true,\"valueName\":\"search_term_string\"}}],\"inLanguage\":\"es\"},{\"@type\":\"Person\",\"@id\":\"https:\/\/www.asajacyl.com\/valladolid\/#\/schema\/person\/cf213adc3e576168b6850f7db054141e\",\"name\":\"Mar\u00eda Natividad\",\"image\":{\"@type\":\"ImageObject\",\"inLanguage\":\"es\",\"@id\":\"https:\/\/www.asajacyl.com\/valladolid\/#\/schema\/person\/image\/\",\"url\":\"https:\/\/secure.gravatar.com\/avatar\/7f7b3c840c2af79feac78f5eeffefc45?s=96&d=mm&r=g\",\"contentUrl\":\"https:\/\/secure.gravatar.com\/avatar\/7f7b3c840c2af79feac78f5eeffefc45?s=96&d=mm&r=g\",\"caption\":\"Mar\u00eda Natividad\"},\"url\":\"https:\/\/www.asajacyl.com\/valladolid\/author\/natividadhh\"}]}<\/script>\n<!-- \/ Yoast SEO plugin. -->","yoast_head_json":{"title":"Comunicado ASAJA Valladolid tractorada 11 de Febrero en Madrid - ASAJA Valladolid","description":"Comunicado ASAJA Valladolid tractorada 11 de Febrero en Madrid","robots":{"index":"index","follow":"follow","max-snippet":"max-snippet:-1","max-image-preview":"max-image-preview:large","max-video-preview":"max-video-preview:-1"},"canonical":"https:\/\/www.asajacyl.com\/valladolid\/asaja-valladolid-informa\/comunicado-asaja-valladolid-tractorada-11-de-febrero-en-madrid","og_locale":"es_ES","og_type":"article","og_title":"Comunicado ASAJA Valladolid tractorada 11 de Febrero en Madrid - ASAJA Valladolid","og_description":"Comunicado ASAJA Valladolid tractorada 11 de Febrero en Madrid","og_url":"https:\/\/www.asajacyl.com\/valladolid\/asaja-valladolid-informa\/comunicado-asaja-valladolid-tractorada-11-de-febrero-en-madrid","og_site_name":"ASAJA Valladolid","article_published_time":"2026-02-04T12:36:37+00:00","article_modified_time":"2026-02-19T15:48:13+00:00","og_image":[{"width":2500,"height":1671,"url":"https:\/\/www.asajacyl.com\/valladolid\/wp-content\/uploads\/sites\/2\/2026\/02\/madrid.jpg","type":"image\/jpeg"}],"author":"Mar\u00eda Natividad","twitter_card":"summary_large_image","twitter_misc":{"Escrito por":"Mar\u00eda Natividad","Tiempo de lectura":"1 minuto"},"schema":{"@context":"https:\/\/schema.org","@graph":[{"@type":"WebPage","@id":"https:\/\/www.asajacyl.com\/valladolid\/asaja-valladolid-informa\/comunicado-asaja-valladolid-tractorada-11-de-febrero-en-madrid","url":"https:\/\/www.asajacyl.com\/valladolid\/asaja-valladolid-informa\/comunicado-asaja-valladolid-tractorada-11-de-febrero-en-madrid","name":"Comunicado ASAJA Valladolid tractorada 11 de Febrero en Madrid - ASAJA Valladolid","isPartOf":{"@id":"https:\/\/www.asajacyl.com\/valladolid\/#website"},"primaryImageOfPage":{"@id":"https:\/\/www.asajacyl.com\/valladolid\/asaja-valladolid-informa\/comunicado-asaja-valladolid-tractorada-11-de-febrero-en-madrid#primaryimage"},"image":{"@id":"https:\/\/www.asajacyl.com\/valladolid\/asaja-valladolid-informa\/comunicado-asaja-valladolid-tractorada-11-de-febrero-en-madrid#primaryimage"},"thumbnailUrl":"https:\/\/www.asajacyl.com\/valladolid\/wp-content\/uploads\/sites\/2\/2026\/02\/madrid.jpg","datePublished":"2026-02-04T12:36:37+00:00","dateModified":"2026-02-19T15:48:13+00:00","author":{"@id":"https:\/\/www.asajacyl.com\/valladolid\/#\/schema\/person\/cf213adc3e576168b6850f7db054141e"},"description":"Comunicado ASAJA Valladolid tractorada 11 de Febrero en Madrid","breadcrumb":{"@id":"https:\/\/www.asajacyl.com\/valladolid\/asaja-valladolid-informa\/comunicado-asaja-valladolid-tractorada-11-de-febrero-en-madrid#breadcrumb"},"inLanguage":"es","potentialAction":[{"@type":"ReadAction","target":["https:\/\/www.asajacyl.com\/valladolid\/asaja-valladolid-informa\/comunicado-asaja-valladolid-tractorada-11-de-febrero-en-madrid"]}]},{"@type":"ImageObject","inLanguage":"es","@id":"https:\/\/www.asajacyl.com\/valladolid\/asaja-valladolid-informa\/comunicado-asaja-valladolid-tractorada-11-de-febrero-en-madrid#primaryimage","url":"https:\/\/www.asajacyl.com\/valladolid\/wp-content\/uploads\/sites\/2\/2026\/02\/madrid.jpg","contentUrl":"https:\/\/www.asajacyl.com\/valladolid\/wp-content\/uploads\/sites\/2\/2026\/02\/madrid.jpg","width":2500,"height":1671,"caption":"Comunicado ASAJA Valladolid tractorada 11 de Febrero en Madrid"},{"@type":"BreadcrumbList","@id":"https:\/\/www.asajacyl.com\/valladolid\/asaja-valladolid-informa\/comunicado-asaja-valladolid-tractorada-11-de-febrero-en-madrid#breadcrumb","itemListElement":[{"@type":"ListItem","position":1,"name":"Portada","item":"https:\/\/www.asajacyl.com\/valladolid\/"},{"@type":"ListItem","position":2,"name":"Comunicado ASAJA Valladolid tractorada 11 de Febrero en Madrid"}]},{"@type":"WebSite","@id":"https:\/\/www.asajacyl.com\/valladolid\/#website","url":"https:\/\/www.asajacyl.com\/valladolid\/","name":"ASAJA Valladolid","description":"Otro sitio m\u00e1s de Provincias ASAJA Castilla y Le\u00f3n","potentialAction":[{"@type":"SearchAction","target":{"@type":"EntryPoint","urlTemplate":"https:\/\/www.asajacyl.com\/valladolid\/?s={search_term_string}"},"query-input":{"@type":"PropertyValueSpecification","valueRequired":true,"valueName":"search_term_string"}}],"inLanguage":"es"},{"@type":"Person","@id":"https:\/\/www.asajacyl.com\/valladolid\/#\/schema\/person\/cf213adc3e576168b6850f7db054141e","name":"Mar\u00eda Natividad","image":{"@type":"ImageObject","inLanguage":"es","@id":"https:\/\/www.asajacyl.com\/valladolid\/#\/schema\/person\/image\/","url":"https:\/\/secure.gravatar.com\/avatar\/7f7b3c840c2af79feac78f5eeffefc45?s=96&d=mm&r=g","contentUrl":"https:\/\/secure.gravatar.com\/avatar\/7f7b3c840c2af79feac78f5eeffefc45?s=96&d=mm&r=g","caption":"Mar\u00eda Natividad"},"url":"https:\/\/www.asajacyl.com\/valladolid\/author\/natividadhh"}]}},"_links":{"self":[{"href":"https:\/\/www.asajacyl.com\/valladolid\/wp-json\/wp\/v2\/posts\/3956"}],"collection":[{"href":"https:\/\/www.asajacyl.com\/valladolid\/wp-json\/wp\/v2\/posts"}],"about":[{"href":"https:\/\/www.asajacyl.com\/valladolid\/wp-json\/wp\/v2\/types\/post"}],"author":[{"embeddable":true,"href":"https:\/\/www.asajacyl.com\/valladolid\/wp-json\/wp\/v2\/users\/13"}],"replies":[{"embeddable":true,"href":"https:\/\/www.asajacyl.com\/valladolid\/wp-json\/wp\/v2\/comments?post=3956"}],"version-history":[{"count":1,"href":"https:\/\/www.asajacyl.com\/valladolid\/wp-json\/wp\/v2\/posts\/3956\/revisions"}],"predecessor-version":[{"id":3960,"href":"https:\/\/www.asajacyl.com\/valladolid\/wp-json\/wp\/v2\/posts\/3956\/revisions\/3960"}],"wp:featuredmedia":[{"embeddable":true,"href":"https:\/\/www.asajacyl.com\/valladolid\/wp-json\/wp\/v2\/media\/3958"}],"wp:attachment":[{"href":"https:\/\/www.asajacyl.com\/valladolid\/wp-json\/wp\/v2\/media?parent=3956"}],"wp:term":[{"taxonomy":"category","embeddable":true,"href":"https:\/\/www.asajacyl.com\/valladolid\/wp-json\/wp\/v2\/categories?post=3956"},{"taxonomy":"post_tag","embeddable":true,"href":"https:\/\/www.asajacyl.com\/valladolid\/wp-json\/wp\/v2\/tags?post=3956"}],"curies":[{"name":"wp","href":"https:\/\/api.w.org\/{rel}","templated":true}]}}