{"id":3973,"date":"2026-03-05T18:40:52","date_gmt":"2026-03-05T17:40:52","guid":{"rendered":"https:\/\/www.asajacyl.com\/valladolid\/?p=3973"},"modified":"2026-03-05T18:40:54","modified_gmt":"2026-03-05T17:40:54","slug":"asaja-valladolid-mantiene-una-mesa-de-trabajo-con-vox-para-trasladar-las-demandas-del-campo-vallisoletano","status":"publish","type":"post","link":"https:\/\/www.asajacyl.com\/valladolid\/asaja-valladolid-informa\/asaja-valladolid-mantiene-una-mesa-de-trabajo-con-vox-para-trasladar-las-demandas-del-campo-vallisoletano","title":{"rendered":"ASAJA Valladolid mantiene una mesa de trabajo con Vox para trasladar las demandas del campo vallisoletano"},"content":{"rendered":"\n<p><strong><em><mark class=\"has-inline-color has-vivid-green-cyan-color\">El encuentro, celebrado a petici\u00f3n de este grupo pol\u00edtico con motivo de las pr\u00f3ximas elecciones a las Cortes de Castilla y Le\u00f3n, ha servido para analizar su programa agrario y abordar los principales retos del sector.<\/mark><\/em><\/strong><\/p>\n\n\n\n<p><\/p>\n\n\n\n<p>ASAJA Valladolid ha celebrado hoy una mesa de trabajo con representantes de Vox, un encuentro que ha tenido lugar a petici\u00f3n de este grupo pol\u00edtico con motivo de las pr\u00f3ximas elecciones a las Cortes de Castilla y Le\u00f3n.<\/p>\n\n\n\n<p>La reuni\u00f3n se enmarca en la ronda de contactos que ASAJA Valladolid mantiene con las distintas formaciones pol\u00edticas que concurren a los comicios, con el objetivo de conocer sus propuestas para el sector agrario y trasladarles de primera mano las principales preocupaciones y reivindicaciones de los agricultores y ganaderos de la provincia.<\/p>\n\n\n\n<figure class=\"wp-block-image size-large\"><img loading=\"lazy\" decoding=\"async\" width=\"1024\" height=\"543\" src=\"https:\/\/www.asajacyl.com\/valladolid\/wp-content\/uploads\/sites\/2\/2026\/03\/DSC_0134_27-1024x543.jpg\" alt=\"\" class=\"wp-image-3975\" srcset=\"https:\/\/www.asajacyl.com\/valladolid\/wp-content\/uploads\/sites\/2\/2026\/03\/DSC_0134_27-1024x543.jpg 1024w, https:\/\/www.asajacyl.com\/valladolid\/wp-content\/uploads\/sites\/2\/2026\/03\/DSC_0134_27-300x159.jpg 300w, https:\/\/www.asajacyl.com\/valladolid\/wp-content\/uploads\/sites\/2\/2026\/03\/DSC_0134_27-768x407.jpg 768w, https:\/\/www.asajacyl.com\/valladolid\/wp-content\/uploads\/sites\/2\/2026\/03\/DSC_0134_27-792x420.jpg 792w, https:\/\/www.asajacyl.com\/valladolid\/wp-content\/uploads\/sites\/2\/2026\/03\/DSC_0134_27-696x369.jpg 696w, https:\/\/www.asajacyl.com\/valladolid\/wp-content\/uploads\/sites\/2\/2026\/03\/DSC_0134_27-1068x566.jpg 1068w, https:\/\/www.asajacyl.com\/valladolid\/wp-content\/uploads\/sites\/2\/2026\/03\/DSC_0134_27.jpg 1537w\" sizes=\"(max-width: 1024px) 100vw, 1024px\" \/><\/figure>\n\n\n\n<p>Durante el encuentro, los representantes de Vox han expuesto las l\u00edneas generales de su programa en materia agraria, mientras que desde ASAJA Valladolid se han puesto sobre la mesa los problemas que afectan actualmente al campo vallisoletano y al conjunto del sector primario.<\/p>\n\n\n\n<p>Entre los asuntos abordados han destacado el impacto del acuerdo Mercosur-UE y de los acuerdos comerciales con terceros pa\u00edses como Marruecos, la situaci\u00f3n de la Pol\u00edtica Agraria Com\u00fan (PAC) y el futuro de su reforma para el periodo 2028-2034\/2035, as\u00ed como la crisis de precios que atraviesa el sector de los cereales.<\/p>\n\n\n\n<p>Asimismo, durante la mesa de trabajo se han analizado otros retos clave para el campo como el relevo generacional, la rentabilidad de las explotaciones agrarias y el encarecimiento de los insumos, la sanidad animal, la transformaci\u00f3n de secano a regad\u00edo y la modernizaci\u00f3n de los regad\u00edos, la prevenci\u00f3n del mildiu, la patata, los seguros agrarios, adem\u00e1s de la creciente burocracia que, seg\u00fan traslad\u00f3 la organizaci\u00f3n agraria, est\u00e1 ahogando al sector.<\/p>\n\n\n\n<figure class=\"wp-block-image size-large\"><img loading=\"lazy\" decoding=\"async\" width=\"1024\" height=\"683\" src=\"https:\/\/www.asajacyl.com\/valladolid\/wp-content\/uploads\/sites\/2\/2026\/03\/DSC_0021_5-1024x683.jpg\" alt=\"\" class=\"wp-image-3976\" srcset=\"https:\/\/www.asajacyl.com\/valladolid\/wp-content\/uploads\/sites\/2\/2026\/03\/DSC_0021_5-1024x683.jpg 1024w, https:\/\/www.asajacyl.com\/valladolid\/wp-content\/uploads\/sites\/2\/2026\/03\/DSC_0021_5-300x200.jpg 300w, https:\/\/www.asajacyl.com\/valladolid\/wp-content\/uploads\/sites\/2\/2026\/03\/DSC_0021_5-768x512.jpg 768w, https:\/\/www.asajacyl.com\/valladolid\/wp-content\/uploads\/sites\/2\/2026\/03\/DSC_0021_5-1536x1024.jpg 1536w, https:\/\/www.asajacyl.com\/valladolid\/wp-content\/uploads\/sites\/2\/2026\/03\/DSC_0021_5-630x420.jpg 630w, https:\/\/www.asajacyl.com\/valladolid\/wp-content\/uploads\/sites\/2\/2026\/03\/DSC_0021_5-696x464.jpg 696w, https:\/\/www.asajacyl.com\/valladolid\/wp-content\/uploads\/sites\/2\/2026\/03\/DSC_0021_5-1068x712.jpg 1068w, https:\/\/www.asajacyl.com\/valladolid\/wp-content\/uploads\/sites\/2\/2026\/03\/DSC_0021_5.jpg 1620w\" sizes=\"(max-width: 1024px) 100vw, 1024px\" \/><\/figure>\n\n\n\n<p>Desde ASAJA Valladolid se ha reiterado la importancia de que las administraciones y los responsables pol\u00edticos conozcan directamente la realidad del campo y las demandas de los profesionales agrarios para poder avanzar en soluciones que garanticen la viabilidad y el futuro del sector.<\/p>\n\n\n\n<p>La organizaci\u00f3n agraria ha recordado adem\u00e1s que seguir\u00e1 manteniendo este tipo de encuentros con todos los partidos pol\u00edticos que lo soliciten, siempre que se planteen con tiempo y se celebren en la sede de ASAJA Valladolid, con el objetivo de trasladarles directamente las reivindicaciones de sus socios.<\/p>\n\n\n\n<figure class=\"wp-block-image size-large\"><img loading=\"lazy\" decoding=\"async\" width=\"1024\" height=\"683\" src=\"https:\/\/www.asajacyl.com\/valladolid\/wp-content\/uploads\/sites\/2\/2026\/03\/DSC_0026_5-1024x683.jpg\" alt=\"\" class=\"wp-image-3977\" srcset=\"https:\/\/www.asajacyl.com\/valladolid\/wp-content\/uploads\/sites\/2\/2026\/03\/DSC_0026_5-1024x683.jpg 1024w, https:\/\/www.asajacyl.com\/valladolid\/wp-content\/uploads\/sites\/2\/2026\/03\/DSC_0026_5-300x200.jpg 300w, https:\/\/www.asajacyl.com\/valladolid\/wp-content\/uploads\/sites\/2\/2026\/03\/DSC_0026_5-768x512.jpg 768w, https:\/\/www.asajacyl.com\/valladolid\/wp-content\/uploads\/sites\/2\/2026\/03\/DSC_0026_5-1536x1024.jpg 1536w, https:\/\/www.asajacyl.com\/valladolid\/wp-content\/uploads\/sites\/2\/2026\/03\/DSC_0026_5-630x420.jpg 630w, https:\/\/www.asajacyl.com\/valladolid\/wp-content\/uploads\/sites\/2\/2026\/03\/DSC_0026_5-696x464.jpg 696w, https:\/\/www.asajacyl.com\/valladolid\/wp-content\/uploads\/sites\/2\/2026\/03\/DSC_0026_5-1068x712.jpg 1068w, https:\/\/www.asajacyl.com\/valladolid\/wp-content\/uploads\/sites\/2\/2026\/03\/DSC_0026_5.jpg 1620w\" sizes=\"(max-width: 1024px) 100vw, 1024px\" \/><\/figure>\n","protected":false},"excerpt":{"rendered":"<p>El encuentro, celebrado a petici\u00f3n de este grupo pol\u00edtico con motivo de las pr\u00f3ximas elecciones a las Cortes de Castilla y Le\u00f3n, ha servido para analizar su programa agrario y abordar los principales retos del sector. ASAJA Valladolid ha celebrado hoy una mesa de trabajo con representantes de Vox, un encuentro que ha tenido lugar [&hellip;]<\/p>\n","protected":false},"author":13,"featured_media":3974,"comment_status":"open","ping_status":"open","sticky":false,"template":"","format":"standard","meta":{"footnotes":""},"categories":[8,9],"tags":[165,70,58,200,111,129,244],"yoast_head":"<!-- This site is optimized with the Yoast SEO plugin v24.5 - https:\/\/yoast.com\/wordpress\/plugins\/seo\/ -->\n<title>ASAJA Valladolid mantiene una mesa de trabajo con Vox para trasladar las demandas del campo vallisoletano - ASAJA Valladolid<\/title>\n<meta name=\"description\" content=\"ASAJA Valladolid mantiene una mesa de trabajo con Vox para trasladar las demandas del campo vallisoletano\" \/>\n<meta name=\"robots\" content=\"index, follow, max-snippet:-1, max-image-preview:large, max-video-preview:-1\" \/>\n<link rel=\"canonical\" href=\"https:\/\/www.asajacyl.com\/valladolid\/asaja-valladolid-informa\/asaja-valladolid-mantiene-una-mesa-de-trabajo-con-vox-para-trasladar-las-demandas-del-campo-vallisoletano\" \/>\n<meta property=\"og:locale\" content=\"es_ES\" \/>\n<meta property=\"og:type\" content=\"article\" \/>\n<meta property=\"og:title\" content=\"ASAJA Valladolid mantiene una mesa de trabajo con Vox para trasladar las demandas del campo vallisoletano - ASAJA Valladolid\" \/>\n<meta property=\"og:description\" content=\"ASAJA Valladolid mantiene una mesa de trabajo con Vox para trasladar las demandas del campo vallisoletano\" \/>\n<meta property=\"og:url\" content=\"https:\/\/www.asajacyl.com\/valladolid\/asaja-valladolid-informa\/asaja-valladolid-mantiene-una-mesa-de-trabajo-con-vox-para-trasladar-las-demandas-del-campo-vallisoletano\" \/>\n<meta property=\"og:site_name\" content=\"ASAJA Valladolid\" \/>\n<meta property=\"article:published_time\" content=\"2026-03-05T17:40:52+00:00\" \/>\n<meta property=\"article:modified_time\" content=\"2026-03-05T17:40:54+00:00\" \/>\n<meta property=\"og:image\" content=\"https:\/\/www.asajacyl.com\/valladolid\/wp-content\/uploads\/sites\/2\/2026\/03\/DSC_0049_7.jpg\" \/>\n\t<meta property=\"og:image:width\" content=\"1620\" \/>\n\t<meta property=\"og:image:height\" content=\"1080\" \/>\n\t<meta property=\"og:image:type\" content=\"image\/jpeg\" \/>\n<meta name=\"author\" content=\"Mar\u00eda Natividad\" \/>\n<meta name=\"twitter:card\" content=\"summary_large_image\" \/>\n<meta name=\"twitter:label1\" content=\"Escrito por\" \/>\n\t<meta name=\"twitter:data1\" content=\"Mar\u00eda Natividad\" \/>\n\t<meta name=\"twitter:label2\" content=\"Tiempo de lectura\" \/>\n\t<meta name=\"twitter:data2\" content=\"3 minutos\" \/>\n<script type=\"application\/ld+json\" class=\"yoast-schema-graph\">{\"@context\":\"https:\/\/schema.org\",\"@graph\":[{\"@type\":\"WebPage\",\"@id\":\"https:\/\/www.asajacyl.com\/valladolid\/asaja-valladolid-informa\/asaja-valladolid-mantiene-una-mesa-de-trabajo-con-vox-para-trasladar-las-demandas-del-campo-vallisoletano\",\"url\":\"https:\/\/www.asajacyl.com\/valladolid\/asaja-valladolid-informa\/asaja-valladolid-mantiene-una-mesa-de-trabajo-con-vox-para-trasladar-las-demandas-del-campo-vallisoletano\",\"name\":\"ASAJA Valladolid mantiene una mesa de trabajo con Vox para trasladar las demandas del campo vallisoletano - ASAJA Valladolid\",\"isPartOf\":{\"@id\":\"https:\/\/www.asajacyl.com\/valladolid\/#website\"},\"primaryImageOfPage\":{\"@id\":\"https:\/\/www.asajacyl.com\/valladolid\/asaja-valladolid-informa\/asaja-valladolid-mantiene-una-mesa-de-trabajo-con-vox-para-trasladar-las-demandas-del-campo-vallisoletano#primaryimage\"},\"image\":{\"@id\":\"https:\/\/www.asajacyl.com\/valladolid\/asaja-valladolid-informa\/asaja-valladolid-mantiene-una-mesa-de-trabajo-con-vox-para-trasladar-las-demandas-del-campo-vallisoletano#primaryimage\"},\"thumbnailUrl\":\"https:\/\/www.asajacyl.com\/valladolid\/wp-content\/uploads\/sites\/2\/2026\/03\/DSC_0049_7.jpg\",\"datePublished\":\"2026-03-05T17:40:52+00:00\",\"dateModified\":\"2026-03-05T17:40:54+00:00\",\"author\":{\"@id\":\"https:\/\/www.asajacyl.com\/valladolid\/#\/schema\/person\/cf213adc3e576168b6850f7db054141e\"},\"description\":\"ASAJA Valladolid mantiene una mesa de trabajo con Vox para trasladar las demandas del campo vallisoletano\",\"breadcrumb\":{\"@id\":\"https:\/\/www.asajacyl.com\/valladolid\/asaja-valladolid-informa\/asaja-valladolid-mantiene-una-mesa-de-trabajo-con-vox-para-trasladar-las-demandas-del-campo-vallisoletano#breadcrumb\"},\"inLanguage\":\"es\",\"potentialAction\":[{\"@type\":\"ReadAction\",\"target\":[\"https:\/\/www.asajacyl.com\/valladolid\/asaja-valladolid-informa\/asaja-valladolid-mantiene-una-mesa-de-trabajo-con-vox-para-trasladar-las-demandas-del-campo-vallisoletano\"]}]},{\"@type\":\"ImageObject\",\"inLanguage\":\"es\",\"@id\":\"https:\/\/www.asajacyl.com\/valladolid\/asaja-valladolid-informa\/asaja-valladolid-mantiene-una-mesa-de-trabajo-con-vox-para-trasladar-las-demandas-del-campo-vallisoletano#primaryimage\",\"url\":\"https:\/\/www.asajacyl.com\/valladolid\/wp-content\/uploads\/sites\/2\/2026\/03\/DSC_0049_7.jpg\",\"contentUrl\":\"https:\/\/www.asajacyl.com\/valladolid\/wp-content\/uploads\/sites\/2\/2026\/03\/DSC_0049_7.jpg\",\"width\":1620,\"height\":1080},{\"@type\":\"BreadcrumbList\",\"@id\":\"https:\/\/www.asajacyl.com\/valladolid\/asaja-valladolid-informa\/asaja-valladolid-mantiene-una-mesa-de-trabajo-con-vox-para-trasladar-las-demandas-del-campo-vallisoletano#breadcrumb\",\"itemListElement\":[{\"@type\":\"ListItem\",\"position\":1,\"name\":\"Portada\",\"item\":\"https:\/\/www.asajacyl.com\/valladolid\/\"},{\"@type\":\"ListItem\",\"position\":2,\"name\":\"ASAJA Valladolid mantiene una mesa de trabajo con Vox para trasladar las demandas del campo vallisoletano\"}]},{\"@type\":\"WebSite\",\"@id\":\"https:\/\/www.asajacyl.com\/valladolid\/#website\",\"url\":\"https:\/\/www.asajacyl.com\/valladolid\/\",\"name\":\"ASAJA Valladolid\",\"description\":\"Otro sitio m\u00e1s de Provincias ASAJA Castilla y Le\u00f3n\",\"potentialAction\":[{\"@type\":\"SearchAction\",\"target\":{\"@type\":\"EntryPoint\",\"urlTemplate\":\"https:\/\/www.asajacyl.com\/valladolid\/?s={search_term_string}\"},\"query-input\":{\"@type\":\"PropertyValueSpecification\",\"valueRequired\":true,\"valueName\":\"search_term_string\"}}],\"inLanguage\":\"es\"},{\"@type\":\"Person\",\"@id\":\"https:\/\/www.asajacyl.com\/valladolid\/#\/schema\/person\/cf213adc3e576168b6850f7db054141e\",\"name\":\"Mar\u00eda Natividad\",\"image\":{\"@type\":\"ImageObject\",\"inLanguage\":\"es\",\"@id\":\"https:\/\/www.asajacyl.com\/valladolid\/#\/schema\/person\/image\/\",\"url\":\"https:\/\/secure.gravatar.com\/avatar\/7f7b3c840c2af79feac78f5eeffefc45?s=96&d=mm&r=g\",\"contentUrl\":\"https:\/\/secure.gravatar.com\/avatar\/7f7b3c840c2af79feac78f5eeffefc45?s=96&d=mm&r=g\",\"caption\":\"Mar\u00eda Natividad\"},\"url\":\"https:\/\/www.asajacyl.com\/valladolid\/author\/natividadhh\"}]}<\/script>\n<!-- \/ Yoast SEO plugin. -->","yoast_head_json":{"title":"ASAJA Valladolid mantiene una mesa de trabajo con Vox para trasladar las demandas del campo vallisoletano - ASAJA Valladolid","description":"ASAJA Valladolid mantiene una mesa de trabajo con Vox para trasladar las demandas del campo vallisoletano","robots":{"index":"index","follow":"follow","max-snippet":"max-snippet:-1","max-image-preview":"max-image-preview:large","max-video-preview":"max-video-preview:-1"},"canonical":"https:\/\/www.asajacyl.com\/valladolid\/asaja-valladolid-informa\/asaja-valladolid-mantiene-una-mesa-de-trabajo-con-vox-para-trasladar-las-demandas-del-campo-vallisoletano","og_locale":"es_ES","og_type":"article","og_title":"ASAJA Valladolid mantiene una mesa de trabajo con Vox para trasladar las demandas del campo vallisoletano - ASAJA Valladolid","og_description":"ASAJA Valladolid mantiene una mesa de trabajo con Vox para trasladar las demandas del campo vallisoletano","og_url":"https:\/\/www.asajacyl.com\/valladolid\/asaja-valladolid-informa\/asaja-valladolid-mantiene-una-mesa-de-trabajo-con-vox-para-trasladar-las-demandas-del-campo-vallisoletano","og_site_name":"ASAJA Valladolid","article_published_time":"2026-03-05T17:40:52+00:00","article_modified_time":"2026-03-05T17:40:54+00:00","og_image":[{"width":1620,"height":1080,"url":"https:\/\/www.asajacyl.com\/valladolid\/wp-content\/uploads\/sites\/2\/2026\/03\/DSC_0049_7.jpg","type":"image\/jpeg"}],"author":"Mar\u00eda Natividad","twitter_card":"summary_large_image","twitter_misc":{"Escrito por":"Mar\u00eda Natividad","Tiempo de lectura":"3 minutos"},"schema":{"@context":"https:\/\/schema.org","@graph":[{"@type":"WebPage","@id":"https:\/\/www.asajacyl.com\/valladolid\/asaja-valladolid-informa\/asaja-valladolid-mantiene-una-mesa-de-trabajo-con-vox-para-trasladar-las-demandas-del-campo-vallisoletano","url":"https:\/\/www.asajacyl.com\/valladolid\/asaja-valladolid-informa\/asaja-valladolid-mantiene-una-mesa-de-trabajo-con-vox-para-trasladar-las-demandas-del-campo-vallisoletano","name":"ASAJA Valladolid mantiene una mesa de trabajo con Vox para trasladar las demandas del campo vallisoletano - ASAJA Valladolid","isPartOf":{"@id":"https:\/\/www.asajacyl.com\/valladolid\/#website"},"primaryImageOfPage":{"@id":"https:\/\/www.asajacyl.com\/valladolid\/asaja-valladolid-informa\/asaja-valladolid-mantiene-una-mesa-de-trabajo-con-vox-para-trasladar-las-demandas-del-campo-vallisoletano#primaryimage"},"image":{"@id":"https:\/\/www.asajacyl.com\/valladolid\/asaja-valladolid-informa\/asaja-valladolid-mantiene-una-mesa-de-trabajo-con-vox-para-trasladar-las-demandas-del-campo-vallisoletano#primaryimage"},"thumbnailUrl":"https:\/\/www.asajacyl.com\/valladolid\/wp-content\/uploads\/sites\/2\/2026\/03\/DSC_0049_7.jpg","datePublished":"2026-03-05T17:40:52+00:00","dateModified":"2026-03-05T17:40:54+00:00","author":{"@id":"https:\/\/www.asajacyl.com\/valladolid\/#\/schema\/person\/cf213adc3e576168b6850f7db054141e"},"description":"ASAJA Valladolid mantiene una mesa de trabajo con Vox para trasladar las demandas del campo vallisoletano","breadcrumb":{"@id":"https:\/\/www.asajacyl.com\/valladolid\/asaja-valladolid-informa\/asaja-valladolid-mantiene-una-mesa-de-trabajo-con-vox-para-trasladar-las-demandas-del-campo-vallisoletano#breadcrumb"},"inLanguage":"es","potentialAction":[{"@type":"ReadAction","target":["https:\/\/www.asajacyl.com\/valladolid\/asaja-valladolid-informa\/asaja-valladolid-mantiene-una-mesa-de-trabajo-con-vox-para-trasladar-las-demandas-del-campo-vallisoletano"]}]},{"@type":"ImageObject","inLanguage":"es","@id":"https:\/\/www.asajacyl.com\/valladolid\/asaja-valladolid-informa\/asaja-valladolid-mantiene-una-mesa-de-trabajo-con-vox-para-trasladar-las-demandas-del-campo-vallisoletano#primaryimage","url":"https:\/\/www.asajacyl.com\/valladolid\/wp-content\/uploads\/sites\/2\/2026\/03\/DSC_0049_7.jpg","contentUrl":"https:\/\/www.asajacyl.com\/valladolid\/wp-content\/uploads\/sites\/2\/2026\/03\/DSC_0049_7.jpg","width":1620,"height":1080},{"@type":"BreadcrumbList","@id":"https:\/\/www.asajacyl.com\/valladolid\/asaja-valladolid-informa\/asaja-valladolid-mantiene-una-mesa-de-trabajo-con-vox-para-trasladar-las-demandas-del-campo-vallisoletano#breadcrumb","itemListElement":[{"@type":"ListItem","position":1,"name":"Portada","item":"https:\/\/www.asajacyl.com\/valladolid\/"},{"@type":"ListItem","position":2,"name":"ASAJA Valladolid mantiene una mesa de trabajo con Vox para trasladar las demandas del campo vallisoletano"}]},{"@type":"WebSite","@id":"https:\/\/www.asajacyl.com\/valladolid\/#website","url":"https:\/\/www.asajacyl.com\/valladolid\/","name":"ASAJA Valladolid","description":"Otro sitio m\u00e1s de Provincias ASAJA Castilla y Le\u00f3n","potentialAction":[{"@type":"SearchAction","target":{"@type":"EntryPoint","urlTemplate":"https:\/\/www.asajacyl.com\/valladolid\/?s={search_term_string}"},"query-input":{"@type":"PropertyValueSpecification","valueRequired":true,"valueName":"search_term_string"}}],"inLanguage":"es"},{"@type":"Person","@id":"https:\/\/www.asajacyl.com\/valladolid\/#\/schema\/person\/cf213adc3e576168b6850f7db054141e","name":"Mar\u00eda Natividad","image":{"@type":"ImageObject","inLanguage":"es","@id":"https:\/\/www.asajacyl.com\/valladolid\/#\/schema\/person\/image\/","url":"https:\/\/secure.gravatar.com\/avatar\/7f7b3c840c2af79feac78f5eeffefc45?s=96&d=mm&r=g","contentUrl":"https:\/\/secure.gravatar.com\/avatar\/7f7b3c840c2af79feac78f5eeffefc45?s=96&d=mm&r=g","caption":"Mar\u00eda Natividad"},"url":"https:\/\/www.asajacyl.com\/valladolid\/author\/natividadhh"}]}},"_links":{"self":[{"href":"https:\/\/www.asajacyl.com\/valladolid\/wp-json\/wp\/v2\/posts\/3973"}],"collection":[{"href":"https:\/\/www.asajacyl.com\/valladolid\/wp-json\/wp\/v2\/posts"}],"about":[{"href":"https:\/\/www.asajacyl.com\/valladolid\/wp-json\/wp\/v2\/types\/post"}],"author":[{"embeddable":true,"href":"https:\/\/www.asajacyl.com\/valladolid\/wp-json\/wp\/v2\/users\/13"}],"replies":[{"embeddable":true,"href":"https:\/\/www.asajacyl.com\/valladolid\/wp-json\/wp\/v2\/comments?post=3973"}],"version-history":[{"count":1,"href":"https:\/\/www.asajacyl.com\/valladolid\/wp-json\/wp\/v2\/posts\/3973\/revisions"}],"predecessor-version":[{"id":3978,"href":"https:\/\/www.asajacyl.com\/valladolid\/wp-json\/wp\/v2\/posts\/3973\/revisions\/3978"}],"wp:featuredmedia":[{"embeddable":true,"href":"https:\/\/www.asajacyl.com\/valladolid\/wp-json\/wp\/v2\/media\/3974"}],"wp:attachment":[{"href":"https:\/\/www.asajacyl.com\/valladolid\/wp-json\/wp\/v2\/media?parent=3973"}],"wp:term":[{"taxonomy":"category","embeddable":true,"href":"https:\/\/www.asajacyl.com\/valladolid\/wp-json\/wp\/v2\/categories?post=3973"},{"taxonomy":"post_tag","embeddable":true,"href":"https:\/\/www.asajacyl.com\/valladolid\/wp-json\/wp\/v2\/tags?post=3973"}],"curies":[{"name":"wp","href":"https:\/\/api.w.org\/{rel}","templated":true}]}}