{"id":3979,"date":"2026-03-06T13:19:17","date_gmt":"2026-03-06T12:19:17","guid":{"rendered":"https:\/\/www.asajacyl.com\/valladolid\/?p=3979"},"modified":"2026-03-06T13:19:19","modified_gmt":"2026-03-06T12:19:19","slug":"asaja-uccl-y-la-alianza-upa-coag-convocan-una-protesta-por-el-bloqueo-del-gasoleo-agricola","status":"publish","type":"post","link":"https:\/\/www.asajacyl.com\/valladolid\/asaja-valladolid-informa\/asaja-uccl-y-la-alianza-upa-coag-convocan-una-protesta-por-el-bloqueo-del-gasoleo-agricola","title":{"rendered":"ASAJA, UCCL y la Alianza UPA-COAG convocan una protesta por el bloqueo del gas\u00f3leo agr\u00edcola"},"content":{"rendered":"\n<p><strong><em><mark class=\"has-inline-color has-vivid-green-cyan-color\">Las organizaciones agrarias se concentrar\u00e1n el 10 de marzo frente al centro log\u00edstico de Exolum en Santovenia de Pisuerga para denunciar el freno en el suministro y las subidas especulativas del combustible en plena campa\u00f1a agr\u00edcola.<\/mark><\/em><\/strong><\/p>\n\n\n\n<p><strong>Las organizaciones agrarias ASAJA, UCCL y la ALIANZA UPA-COAG bloquear\u00e1n el pr\u00f3ximo MARTES 10 DE MARZO el centro log\u00edstico de hidrocarburos Exolum (CLH) de Santovenia de Pisuerga, en Valladolid, en protesta por la paralizaci\u00f3n del suministro de carburante agr\u00edcola y la amenaza de subidas especulativas de precios en un momento cr\u00edtico para la actividad agraria de Castilla y Le\u00f3n.<\/strong><\/p>\n\n\n\n<p>La crisis en Oriente Medio est\u00e1 provocando la acaparaci\u00f3n de carburante por parte de las petroleras, que han frenado las entregas a la distribuci\u00f3n, previsiblemente a la espera de aplicar desorbitadas subidas todav\u00eda no justificadas. Paralizar el suministro de gas\u00f3leo B significa paralizar el campo en un momento de m\u00e1xima actividad, tras meses en los que las lluvias han impedido trabajar. La situaci\u00f3n es, por tanto, cr\u00edtica.<\/p>\n\n\n\n<p>Las organizaciones profesionales agrarias denuncian as\u00ed los movimientos especulativos y coordinados de las compa\u00f1\u00edas petroleras para no solo encarecer el combustible -del pasado viernes a hoy el litro de gas\u00f3leo agr\u00edcola ha pasado de 95 c\u00e9ntimos a 1,35 euros, un 42% m\u00e1s-, es que han bloqueado directamente el suministro a los distribuidores. Se dan as\u00ed dos irregularidades, la primera que se sube de precio carburante que est\u00e1 almacenado y cuya importaci\u00f3n no supuso mayor coste, y la segunda que se est\u00e1 frenando su entrada en el mercado, a la espera de aplicar incrementos todav\u00eda superiores sobre el precio final. El gas\u00f3leo que llegar\u00e1 estos d\u00edas a los surtidores fue comprado cuando el barril estaba en otro precio. Espa\u00f1a, adem\u00e1s, mantiene reservas estrat\u00e9gicas de petr\u00f3leo equivalentes a m\u00e1s de 90 d\u00edas de consumo, es decir, en estos momentos no existe desabastecimiento. Se trata de una situaci\u00f3n especulativa sin precedentes, que se ceba especialmente con los agricultores, a sabiendas de su total dependencia del gas\u00f3leo en un momento de m\u00e1xima actividad en el campo.<\/p>\n\n\n\n<p>El acto de protesta del d\u00eda 10 en Valladolid es el comienzo de una serie de actuaciones que llevaremos a cabo y mantendremos hasta que no se den soluciones definitivas que respondan a los perjuicios que est\u00e1 provocando la situaci\u00f3n para los agricultores y ganaderos. En especial, <strong>la pinza sobre los costes que est\u00e1 ejerciendo el gas\u00f3leo y los fertilizantes puede ser la puntilla final para el cereal de Castilla y Le\u00f3n.<\/strong><\/p>\n\n\n\n<p><br>Las Organizaciones Profesionales Agrarias reclamamos al Gobierno que act\u00fae con car\u00e1cter de urgencia y presione a las empresas petrol\u00edferas que una vez m\u00e1s engordan sus m\u00e1rgenes a costa de los profesionales del sector primario y de los consumidores en general, porque al final este encarecimiento es repercutido en los precios de los alimentos.<\/p>\n\n\n\n<p>Conviene recordar que los operadores m\u00e1s importantes de las refiner\u00edas emplazadas en territorio de Castilla y Le\u00f3n son REPSOL, MOEVE (CEPSA), BP y GALP, y que el mercado de refino espa\u00f1ol, a diferencia del europeo, est\u00e1 altamente concentrado en forma de mercado oligopol\u00edstico. Por este motivo, instamos al Gobierno de Espa\u00f1a que, ante una situaci\u00f3n excepcional como la actual,&nbsp;ponga coto a estas presiones especulativas inaceptables sobre el mercado de combustibles. Adem\u00e1s, el sector agrario espera una respuesta espec\u00edfica y satisfactoria por parte del Ejecutivo, y que se concreten lo antes posible las ayudas econ\u00f3micas y fiscales anunciadas estos d\u00edas por el presidente del Gobierno.<\/p>\n\n\n\n<p>Los responsables de las organizaciones convocantes estar\u00e1n <strong>a disposici\u00f3n de los medios de comunicaci\u00f3n al comienzo de la protesta, previsto para las 12:00 horas, frente al centro Exolum (Ctra. Cabez\u00f3n, km 6,4), <\/strong>en Santovenia de Pisuerga.<\/p>\n","protected":false},"excerpt":{"rendered":"<p>Las organizaciones agrarias se concentrar\u00e1n el 10 de marzo frente al centro log\u00edstico de Exolum en Santovenia de Pisuerga para denunciar el freno en el suministro y las subidas especulativas del combustible en plena campa\u00f1a agr\u00edcola. Las organizaciones agrarias ASAJA, UCCL y la ALIANZA UPA-COAG bloquear\u00e1n el pr\u00f3ximo MARTES 10 DE MARZO el centro log\u00edstico [&hellip;]<\/p>\n","protected":false},"author":13,"featured_media":3980,"comment_status":"open","ping_status":"open","sticky":false,"template":"","format":"standard","meta":{"footnotes":""},"categories":[8,21,9],"tags":[70,58,1111,216,106],"yoast_head":"<!-- This site is optimized with the Yoast SEO plugin v24.5 - https:\/\/yoast.com\/wordpress\/plugins\/seo\/ -->\n<title>ASAJA, UCCL y la Alianza UPA-COAG convocan una protesta por el bloqueo del gas\u00f3leo agr\u00edcola - ASAJA Valladolid<\/title>\n<meta name=\"description\" content=\"ASAJA, UCCL y la Alianza UPA-COAG convocan una protesta por el bloqueo del gas\u00f3leo agr\u00edcola\" \/>\n<meta name=\"robots\" content=\"index, follow, max-snippet:-1, max-image-preview:large, max-video-preview:-1\" \/>\n<link rel=\"canonical\" href=\"https:\/\/www.asajacyl.com\/valladolid\/asaja-valladolid-informa\/asaja-uccl-y-la-alianza-upa-coag-convocan-una-protesta-por-el-bloqueo-del-gasoleo-agricola\" \/>\n<meta property=\"og:locale\" content=\"es_ES\" \/>\n<meta property=\"og:type\" content=\"article\" \/>\n<meta property=\"og:title\" content=\"ASAJA, UCCL y la Alianza UPA-COAG convocan una protesta por el bloqueo del gas\u00f3leo agr\u00edcola - ASAJA Valladolid\" \/>\n<meta property=\"og:description\" content=\"ASAJA, UCCL y la Alianza UPA-COAG convocan una protesta por el bloqueo del gas\u00f3leo agr\u00edcola\" \/>\n<meta property=\"og:url\" content=\"https:\/\/www.asajacyl.com\/valladolid\/asaja-valladolid-informa\/asaja-uccl-y-la-alianza-upa-coag-convocan-una-protesta-por-el-bloqueo-del-gasoleo-agricola\" \/>\n<meta property=\"og:site_name\" content=\"ASAJA Valladolid\" \/>\n<meta property=\"article:published_time\" content=\"2026-03-06T12:19:17+00:00\" \/>\n<meta property=\"article:modified_time\" content=\"2026-03-06T12:19:19+00:00\" \/>\n<meta property=\"og:image\" content=\"https:\/\/www.asajacyl.com\/valladolid\/wp-content\/uploads\/sites\/2\/2026\/03\/gasoleo.jpg\" \/>\n\t<meta property=\"og:image:width\" content=\"2500\" \/>\n\t<meta property=\"og:image:height\" content=\"1671\" \/>\n\t<meta property=\"og:image:type\" content=\"image\/jpeg\" \/>\n<meta name=\"author\" content=\"Mar\u00eda Natividad\" \/>\n<meta name=\"twitter:card\" content=\"summary_large_image\" \/>\n<meta name=\"twitter:label1\" content=\"Escrito por\" \/>\n\t<meta name=\"twitter:data1\" content=\"Mar\u00eda Natividad\" \/>\n\t<meta name=\"twitter:label2\" content=\"Tiempo de lectura\" \/>\n\t<meta name=\"twitter:data2\" content=\"3 minutos\" \/>\n<script type=\"application\/ld+json\" class=\"yoast-schema-graph\">{\"@context\":\"https:\/\/schema.org\",\"@graph\":[{\"@type\":\"WebPage\",\"@id\":\"https:\/\/www.asajacyl.com\/valladolid\/asaja-valladolid-informa\/asaja-uccl-y-la-alianza-upa-coag-convocan-una-protesta-por-el-bloqueo-del-gasoleo-agricola\",\"url\":\"https:\/\/www.asajacyl.com\/valladolid\/asaja-valladolid-informa\/asaja-uccl-y-la-alianza-upa-coag-convocan-una-protesta-por-el-bloqueo-del-gasoleo-agricola\",\"name\":\"ASAJA, UCCL y la Alianza UPA-COAG convocan una protesta por el bloqueo del gas\u00f3leo agr\u00edcola - ASAJA Valladolid\",\"isPartOf\":{\"@id\":\"https:\/\/www.asajacyl.com\/valladolid\/#website\"},\"primaryImageOfPage\":{\"@id\":\"https:\/\/www.asajacyl.com\/valladolid\/asaja-valladolid-informa\/asaja-uccl-y-la-alianza-upa-coag-convocan-una-protesta-por-el-bloqueo-del-gasoleo-agricola#primaryimage\"},\"image\":{\"@id\":\"https:\/\/www.asajacyl.com\/valladolid\/asaja-valladolid-informa\/asaja-uccl-y-la-alianza-upa-coag-convocan-una-protesta-por-el-bloqueo-del-gasoleo-agricola#primaryimage\"},\"thumbnailUrl\":\"https:\/\/www.asajacyl.com\/valladolid\/wp-content\/uploads\/sites\/2\/2026\/03\/gasoleo.jpg\",\"datePublished\":\"2026-03-06T12:19:17+00:00\",\"dateModified\":\"2026-03-06T12:19:19+00:00\",\"author\":{\"@id\":\"https:\/\/www.asajacyl.com\/valladolid\/#\/schema\/person\/cf213adc3e576168b6850f7db054141e\"},\"description\":\"ASAJA, UCCL y la Alianza UPA-COAG convocan una protesta por el bloqueo del gas\u00f3leo agr\u00edcola\",\"breadcrumb\":{\"@id\":\"https:\/\/www.asajacyl.com\/valladolid\/asaja-valladolid-informa\/asaja-uccl-y-la-alianza-upa-coag-convocan-una-protesta-por-el-bloqueo-del-gasoleo-agricola#breadcrumb\"},\"inLanguage\":\"es\",\"potentialAction\":[{\"@type\":\"ReadAction\",\"target\":[\"https:\/\/www.asajacyl.com\/valladolid\/asaja-valladolid-informa\/asaja-uccl-y-la-alianza-upa-coag-convocan-una-protesta-por-el-bloqueo-del-gasoleo-agricola\"]}]},{\"@type\":\"ImageObject\",\"inLanguage\":\"es\",\"@id\":\"https:\/\/www.asajacyl.com\/valladolid\/asaja-valladolid-informa\/asaja-uccl-y-la-alianza-upa-coag-convocan-una-protesta-por-el-bloqueo-del-gasoleo-agricola#primaryimage\",\"url\":\"https:\/\/www.asajacyl.com\/valladolid\/wp-content\/uploads\/sites\/2\/2026\/03\/gasoleo.jpg\",\"contentUrl\":\"https:\/\/www.asajacyl.com\/valladolid\/wp-content\/uploads\/sites\/2\/2026\/03\/gasoleo.jpg\",\"width\":2500,\"height\":1671,\"caption\":\"ASAJA, UCCL y la Alianza UPA-COAG convocan una protesta por el bloqueo del gas\u00f3leo agr\u00edcola\"},{\"@type\":\"BreadcrumbList\",\"@id\":\"https:\/\/www.asajacyl.com\/valladolid\/asaja-valladolid-informa\/asaja-uccl-y-la-alianza-upa-coag-convocan-una-protesta-por-el-bloqueo-del-gasoleo-agricola#breadcrumb\",\"itemListElement\":[{\"@type\":\"ListItem\",\"position\":1,\"name\":\"Portada\",\"item\":\"https:\/\/www.asajacyl.com\/valladolid\/\"},{\"@type\":\"ListItem\",\"position\":2,\"name\":\"ASAJA, UCCL y la Alianza UPA-COAG convocan una protesta por el bloqueo del gas\u00f3leo agr\u00edcola\"}]},{\"@type\":\"WebSite\",\"@id\":\"https:\/\/www.asajacyl.com\/valladolid\/#website\",\"url\":\"https:\/\/www.asajacyl.com\/valladolid\/\",\"name\":\"ASAJA Valladolid\",\"description\":\"Otro sitio m\u00e1s de Provincias ASAJA Castilla y Le\u00f3n\",\"potentialAction\":[{\"@type\":\"SearchAction\",\"target\":{\"@type\":\"EntryPoint\",\"urlTemplate\":\"https:\/\/www.asajacyl.com\/valladolid\/?s={search_term_string}\"},\"query-input\":{\"@type\":\"PropertyValueSpecification\",\"valueRequired\":true,\"valueName\":\"search_term_string\"}}],\"inLanguage\":\"es\"},{\"@type\":\"Person\",\"@id\":\"https:\/\/www.asajacyl.com\/valladolid\/#\/schema\/person\/cf213adc3e576168b6850f7db054141e\",\"name\":\"Mar\u00eda Natividad\",\"image\":{\"@type\":\"ImageObject\",\"inLanguage\":\"es\",\"@id\":\"https:\/\/www.asajacyl.com\/valladolid\/#\/schema\/person\/image\/\",\"url\":\"https:\/\/secure.gravatar.com\/avatar\/7f7b3c840c2af79feac78f5eeffefc45?s=96&d=mm&r=g\",\"contentUrl\":\"https:\/\/secure.gravatar.com\/avatar\/7f7b3c840c2af79feac78f5eeffefc45?s=96&d=mm&r=g\",\"caption\":\"Mar\u00eda Natividad\"},\"url\":\"https:\/\/www.asajacyl.com\/valladolid\/author\/natividadhh\"}]}<\/script>\n<!-- \/ Yoast SEO plugin. -->","yoast_head_json":{"title":"ASAJA, UCCL y la Alianza UPA-COAG convocan una protesta por el bloqueo del gas\u00f3leo agr\u00edcola - ASAJA Valladolid","description":"ASAJA, UCCL y la Alianza UPA-COAG convocan una protesta por el bloqueo del gas\u00f3leo agr\u00edcola","robots":{"index":"index","follow":"follow","max-snippet":"max-snippet:-1","max-image-preview":"max-image-preview:large","max-video-preview":"max-video-preview:-1"},"canonical":"https:\/\/www.asajacyl.com\/valladolid\/asaja-valladolid-informa\/asaja-uccl-y-la-alianza-upa-coag-convocan-una-protesta-por-el-bloqueo-del-gasoleo-agricola","og_locale":"es_ES","og_type":"article","og_title":"ASAJA, UCCL y la Alianza UPA-COAG convocan una protesta por el bloqueo del gas\u00f3leo agr\u00edcola - ASAJA Valladolid","og_description":"ASAJA, UCCL y la Alianza UPA-COAG convocan una protesta por el bloqueo del gas\u00f3leo agr\u00edcola","og_url":"https:\/\/www.asajacyl.com\/valladolid\/asaja-valladolid-informa\/asaja-uccl-y-la-alianza-upa-coag-convocan-una-protesta-por-el-bloqueo-del-gasoleo-agricola","og_site_name":"ASAJA Valladolid","article_published_time":"2026-03-06T12:19:17+00:00","article_modified_time":"2026-03-06T12:19:19+00:00","og_image":[{"width":2500,"height":1671,"url":"https:\/\/www.asajacyl.com\/valladolid\/wp-content\/uploads\/sites\/2\/2026\/03\/gasoleo.jpg","type":"image\/jpeg"}],"author":"Mar\u00eda Natividad","twitter_card":"summary_large_image","twitter_misc":{"Escrito por":"Mar\u00eda Natividad","Tiempo de lectura":"3 minutos"},"schema":{"@context":"https:\/\/schema.org","@graph":[{"@type":"WebPage","@id":"https:\/\/www.asajacyl.com\/valladolid\/asaja-valladolid-informa\/asaja-uccl-y-la-alianza-upa-coag-convocan-una-protesta-por-el-bloqueo-del-gasoleo-agricola","url":"https:\/\/www.asajacyl.com\/valladolid\/asaja-valladolid-informa\/asaja-uccl-y-la-alianza-upa-coag-convocan-una-protesta-por-el-bloqueo-del-gasoleo-agricola","name":"ASAJA, UCCL y la Alianza UPA-COAG convocan una protesta por el bloqueo del gas\u00f3leo agr\u00edcola - ASAJA Valladolid","isPartOf":{"@id":"https:\/\/www.asajacyl.com\/valladolid\/#website"},"primaryImageOfPage":{"@id":"https:\/\/www.asajacyl.com\/valladolid\/asaja-valladolid-informa\/asaja-uccl-y-la-alianza-upa-coag-convocan-una-protesta-por-el-bloqueo-del-gasoleo-agricola#primaryimage"},"image":{"@id":"https:\/\/www.asajacyl.com\/valladolid\/asaja-valladolid-informa\/asaja-uccl-y-la-alianza-upa-coag-convocan-una-protesta-por-el-bloqueo-del-gasoleo-agricola#primaryimage"},"thumbnailUrl":"https:\/\/www.asajacyl.com\/valladolid\/wp-content\/uploads\/sites\/2\/2026\/03\/gasoleo.jpg","datePublished":"2026-03-06T12:19:17+00:00","dateModified":"2026-03-06T12:19:19+00:00","author":{"@id":"https:\/\/www.asajacyl.com\/valladolid\/#\/schema\/person\/cf213adc3e576168b6850f7db054141e"},"description":"ASAJA, UCCL y la Alianza UPA-COAG convocan una protesta por el bloqueo del gas\u00f3leo agr\u00edcola","breadcrumb":{"@id":"https:\/\/www.asajacyl.com\/valladolid\/asaja-valladolid-informa\/asaja-uccl-y-la-alianza-upa-coag-convocan-una-protesta-por-el-bloqueo-del-gasoleo-agricola#breadcrumb"},"inLanguage":"es","potentialAction":[{"@type":"ReadAction","target":["https:\/\/www.asajacyl.com\/valladolid\/asaja-valladolid-informa\/asaja-uccl-y-la-alianza-upa-coag-convocan-una-protesta-por-el-bloqueo-del-gasoleo-agricola"]}]},{"@type":"ImageObject","inLanguage":"es","@id":"https:\/\/www.asajacyl.com\/valladolid\/asaja-valladolid-informa\/asaja-uccl-y-la-alianza-upa-coag-convocan-una-protesta-por-el-bloqueo-del-gasoleo-agricola#primaryimage","url":"https:\/\/www.asajacyl.com\/valladolid\/wp-content\/uploads\/sites\/2\/2026\/03\/gasoleo.jpg","contentUrl":"https:\/\/www.asajacyl.com\/valladolid\/wp-content\/uploads\/sites\/2\/2026\/03\/gasoleo.jpg","width":2500,"height":1671,"caption":"ASAJA, UCCL y la Alianza UPA-COAG convocan una protesta por el bloqueo del gas\u00f3leo agr\u00edcola"},{"@type":"BreadcrumbList","@id":"https:\/\/www.asajacyl.com\/valladolid\/asaja-valladolid-informa\/asaja-uccl-y-la-alianza-upa-coag-convocan-una-protesta-por-el-bloqueo-del-gasoleo-agricola#breadcrumb","itemListElement":[{"@type":"ListItem","position":1,"name":"Portada","item":"https:\/\/www.asajacyl.com\/valladolid\/"},{"@type":"ListItem","position":2,"name":"ASAJA, UCCL y la Alianza UPA-COAG convocan una protesta por el bloqueo del gas\u00f3leo agr\u00edcola"}]},{"@type":"WebSite","@id":"https:\/\/www.asajacyl.com\/valladolid\/#website","url":"https:\/\/www.asajacyl.com\/valladolid\/","name":"ASAJA Valladolid","description":"Otro sitio m\u00e1s de Provincias ASAJA Castilla y Le\u00f3n","potentialAction":[{"@type":"SearchAction","target":{"@type":"EntryPoint","urlTemplate":"https:\/\/www.asajacyl.com\/valladolid\/?s={search_term_string}"},"query-input":{"@type":"PropertyValueSpecification","valueRequired":true,"valueName":"search_term_string"}}],"inLanguage":"es"},{"@type":"Person","@id":"https:\/\/www.asajacyl.com\/valladolid\/#\/schema\/person\/cf213adc3e576168b6850f7db054141e","name":"Mar\u00eda Natividad","image":{"@type":"ImageObject","inLanguage":"es","@id":"https:\/\/www.asajacyl.com\/valladolid\/#\/schema\/person\/image\/","url":"https:\/\/secure.gravatar.com\/avatar\/7f7b3c840c2af79feac78f5eeffefc45?s=96&d=mm&r=g","contentUrl":"https:\/\/secure.gravatar.com\/avatar\/7f7b3c840c2af79feac78f5eeffefc45?s=96&d=mm&r=g","caption":"Mar\u00eda Natividad"},"url":"https:\/\/www.asajacyl.com\/valladolid\/author\/natividadhh"}]}},"_links":{"self":[{"href":"https:\/\/www.asajacyl.com\/valladolid\/wp-json\/wp\/v2\/posts\/3979"}],"collection":[{"href":"https:\/\/www.asajacyl.com\/valladolid\/wp-json\/wp\/v2\/posts"}],"about":[{"href":"https:\/\/www.asajacyl.com\/valladolid\/wp-json\/wp\/v2\/types\/post"}],"author":[{"embeddable":true,"href":"https:\/\/www.asajacyl.com\/valladolid\/wp-json\/wp\/v2\/users\/13"}],"replies":[{"embeddable":true,"href":"https:\/\/www.asajacyl.com\/valladolid\/wp-json\/wp\/v2\/comments?post=3979"}],"version-history":[{"count":1,"href":"https:\/\/www.asajacyl.com\/valladolid\/wp-json\/wp\/v2\/posts\/3979\/revisions"}],"predecessor-version":[{"id":3981,"href":"https:\/\/www.asajacyl.com\/valladolid\/wp-json\/wp\/v2\/posts\/3979\/revisions\/3981"}],"wp:featuredmedia":[{"embeddable":true,"href":"https:\/\/www.asajacyl.com\/valladolid\/wp-json\/wp\/v2\/media\/3980"}],"wp:attachment":[{"href":"https:\/\/www.asajacyl.com\/valladolid\/wp-json\/wp\/v2\/media?parent=3979"}],"wp:term":[{"taxonomy":"category","embeddable":true,"href":"https:\/\/www.asajacyl.com\/valladolid\/wp-json\/wp\/v2\/categories?post=3979"},{"taxonomy":"post_tag","embeddable":true,"href":"https:\/\/www.asajacyl.com\/valladolid\/wp-json\/wp\/v2\/tags?post=3979"}],"curies":[{"name":"wp","href":"https:\/\/api.w.org\/{rel}","templated":true}]}}