{"id":3982,"date":"2026-03-09T11:30:54","date_gmt":"2026-03-09T10:30:54","guid":{"rendered":"https:\/\/www.asajacyl.com\/valladolid\/?p=3982"},"modified":"2026-03-17T13:14:32","modified_gmt":"2026-03-17T12:14:32","slug":"asaja-valladolid-organiza-una-charla-sobre-la-flexibilizacion-de-la-pac-y-su-impacto-en-el-futuro-del-sector-agrario","status":"publish","type":"post","link":"https:\/\/www.asajacyl.com\/valladolid\/asaja-valladolid-informa\/asaja-valladolid-organiza-una-charla-sobre-la-flexibilizacion-de-la-pac-y-su-impacto-en-el-futuro-del-sector-agrario","title":{"rendered":"ASAJA Valladolid organiza una charla sobre la flexibilizaci\u00f3n de la PAC y su impacto en el futuro del sector agrario"},"content":{"rendered":"\n<h3 class=\"wp-block-heading\"><em><strong><mark class=\"has-inline-color has-vivid-green-cyan-color\">El experto en Pol\u00edtica Agraria Comunitaria Juan Pedro Medina analizar\u00e1 las novedades de la PAC en una jornada abierta a agricultores y profesionales del sector<\/mark><\/strong><\/em><\/h3>\n\n\n\n<p>ASAJA Valladolid celebrar\u00e1 el pr\u00f3ximo <strong>mi\u00e9rcoles 11 de marzo a las 18:00 horas<\/strong> una charla informativa titulada <strong>\u201cFlexibilizaci\u00f3n de la PAC y p\u00e9rdida de identidad de la Pol\u00edtica Agraria Comunitaria\u201d<\/strong>, en la que se abordar\u00e1n algunos de los cambios y novedades que est\u00e1n marcando la evoluci\u00f3n de la pol\u00edtica agraria europea y su repercusi\u00f3n directa en el campo.<\/p>\n\n\n\n<p>La jornada tendr\u00e1 lugar en el <strong>Sal\u00f3n de Actos de CEOE Valladolid (Plaza Madrid, 4 \u00b7 2\u00aa planta)<\/strong> y est\u00e1 dirigida especialmente a <strong>agricultores, profesionales del sector agrario y todas aquellas personas interesadas en conocer la actualidad y el futuro de la PAC<\/strong>.<\/p>\n\n\n\n<p>El acto contar\u00e1 como <strong>ponente con Juan Pedro Medina<\/strong>, reconocido <strong>experto en Pol\u00edtica Agraria Comunitaria<\/strong>, quien ofrecer\u00e1 una visi\u00f3n detallada sobre los procesos de flexibilizaci\u00f3n que est\u00e1 experimentando la PAC, los retos que afronta el sector y las implicaciones que estas medidas pueden tener para los agricultores.<\/p>\n\n\n\n<figure class=\"wp-block-image size-large\"><img loading=\"lazy\" decoding=\"async\" width=\"696\" height=\"1024\" src=\"https:\/\/www.asajacyl.com\/valladolid\/wp-content\/uploads\/sites\/2\/2026\/03\/Cartel-Jornada-de-la-PAC-JUAN-PEDRO-MEDINA-696x1024.jpg\" alt=\"\" class=\"wp-image-3983\" srcset=\"https:\/\/www.asajacyl.com\/valladolid\/wp-content\/uploads\/sites\/2\/2026\/03\/Cartel-Jornada-de-la-PAC-JUAN-PEDRO-MEDINA-696x1024.jpg 696w, https:\/\/www.asajacyl.com\/valladolid\/wp-content\/uploads\/sites\/2\/2026\/03\/Cartel-Jornada-de-la-PAC-JUAN-PEDRO-MEDINA-204x300.jpg 204w, https:\/\/www.asajacyl.com\/valladolid\/wp-content\/uploads\/sites\/2\/2026\/03\/Cartel-Jornada-de-la-PAC-JUAN-PEDRO-MEDINA-768x1130.jpg 768w, https:\/\/www.asajacyl.com\/valladolid\/wp-content\/uploads\/sites\/2\/2026\/03\/Cartel-Jornada-de-la-PAC-JUAN-PEDRO-MEDINA-286x420.jpg 286w, https:\/\/www.asajacyl.com\/valladolid\/wp-content\/uploads\/sites\/2\/2026\/03\/Cartel-Jornada-de-la-PAC-JUAN-PEDRO-MEDINA.jpg 1017w\" sizes=\"(max-width: 696px) 100vw, 696px\" \/><\/figure>\n\n\n\n<p>La charla ser\u00e1 presentada por <strong>Gerardo Due\u00f1as<\/strong>, <strong>director comercial de Fertinagro Biotech<\/strong>, que introducir\u00e1 la jornada y contextualizar\u00e1 la importancia de analizar el papel que sigue desempe\u00f1ando la pol\u00edtica agraria europea en el desarrollo del sector.<\/p>\n\n\n\n<p>Durante la sesi\u00f3n se analizar\u00e1n <strong>las novedades m\u00e1s recientes de la PAC, su evoluci\u00f3n normativa y el debate existente sobre la p\u00e9rdida de identidad de esta pol\u00edtica comunitaria<\/strong>, un tema de especial inter\u00e9s para el sector agrario en el actual contexto europeo.<\/p>\n\n\n\n<p>Desde <strong>ASAJA Valladolid<\/strong> se invita a todos los profesionales del campo y personas interesadas a asistir a esta jornada informativa, que pretende ofrecer <strong>informaci\u00f3n clara y actualizada sobre uno de los pilares fundamentales de la pol\u00edtica agraria europea<\/strong>.<\/p>\n\n\n\n<p>La entrada ser\u00e1 <strong>libre hasta completar aforo<\/strong>, y <strong>no ser\u00e1 necesario realizar inscripci\u00f3n previa ni reservar plaza<\/strong>.<\/p>\n","protected":false},"excerpt":{"rendered":"<p>El experto en Pol\u00edtica Agraria Comunitaria Juan Pedro Medina analizar\u00e1 las novedades de la PAC en una jornada abierta a agricultores y profesionales del sector ASAJA Valladolid celebrar\u00e1 el pr\u00f3ximo mi\u00e9rcoles 11 de marzo a las 18:00 horas una charla informativa titulada \u201cFlexibilizaci\u00f3n de la PAC y p\u00e9rdida de identidad de la Pol\u00edtica Agraria Comunitaria\u201d, [&hellip;]<\/p>\n","protected":false},"author":13,"featured_media":3983,"comment_status":"open","ping_status":"open","sticky":false,"template":"","format":"standard","meta":{"footnotes":""},"categories":[8,21,28,9],"tags":[70,58,1113,782,1114,1112,76],"yoast_head":"<!-- This site is optimized with the Yoast SEO plugin v24.5 - https:\/\/yoast.com\/wordpress\/plugins\/seo\/ -->\n<title>ASAJA Valladolid organiza una charla sobre la flexibilizaci\u00f3n de la PAC y su impacto en el futuro del sector agrario - ASAJA Valladolid<\/title>\n<meta name=\"description\" content=\"ASAJA Valladolid organiza una charla sobre la flexibilizaci\u00f3n de la PAC y su impacto en el futuro del sector agrario\" \/>\n<meta name=\"robots\" content=\"index, follow, max-snippet:-1, max-image-preview:large, max-video-preview:-1\" \/>\n<link rel=\"canonical\" href=\"https:\/\/www.asajacyl.com\/valladolid\/asaja-valladolid-informa\/asaja-valladolid-organiza-una-charla-sobre-la-flexibilizacion-de-la-pac-y-su-impacto-en-el-futuro-del-sector-agrario\" \/>\n<meta property=\"og:locale\" content=\"es_ES\" \/>\n<meta property=\"og:type\" content=\"article\" \/>\n<meta property=\"og:title\" content=\"ASAJA Valladolid organiza una charla sobre la flexibilizaci\u00f3n de la PAC y su impacto en el futuro del sector agrario - ASAJA Valladolid\" \/>\n<meta property=\"og:description\" content=\"ASAJA Valladolid organiza una charla sobre la flexibilizaci\u00f3n de la PAC y su impacto en el futuro del sector agrario\" \/>\n<meta property=\"og:url\" content=\"https:\/\/www.asajacyl.com\/valladolid\/asaja-valladolid-informa\/asaja-valladolid-organiza-una-charla-sobre-la-flexibilizacion-de-la-pac-y-su-impacto-en-el-futuro-del-sector-agrario\" \/>\n<meta property=\"og:site_name\" content=\"ASAJA Valladolid\" \/>\n<meta property=\"article:published_time\" content=\"2026-03-09T10:30:54+00:00\" \/>\n<meta property=\"article:modified_time\" content=\"2026-03-17T12:14:32+00:00\" \/>\n<meta property=\"og:image\" content=\"https:\/\/www.asajacyl.com\/valladolid\/wp-content\/uploads\/sites\/2\/2026\/03\/Cartel-Jornada-de-la-PAC-JUAN-PEDRO-MEDINA.jpg\" \/>\n\t<meta property=\"og:image:width\" content=\"1017\" \/>\n\t<meta property=\"og:image:height\" content=\"1496\" \/>\n\t<meta property=\"og:image:type\" content=\"image\/jpeg\" \/>\n<meta name=\"author\" content=\"Mar\u00eda Natividad\" \/>\n<meta name=\"twitter:card\" content=\"summary_large_image\" \/>\n<meta name=\"twitter:label1\" content=\"Escrito por\" \/>\n\t<meta name=\"twitter:data1\" content=\"Mar\u00eda Natividad\" \/>\n\t<meta name=\"twitter:label2\" content=\"Tiempo de lectura\" \/>\n\t<meta name=\"twitter:data2\" content=\"2 minutos\" \/>\n<script type=\"application\/ld+json\" class=\"yoast-schema-graph\">{\"@context\":\"https:\/\/schema.org\",\"@graph\":[{\"@type\":\"WebPage\",\"@id\":\"https:\/\/www.asajacyl.com\/valladolid\/asaja-valladolid-informa\/asaja-valladolid-organiza-una-charla-sobre-la-flexibilizacion-de-la-pac-y-su-impacto-en-el-futuro-del-sector-agrario\",\"url\":\"https:\/\/www.asajacyl.com\/valladolid\/asaja-valladolid-informa\/asaja-valladolid-organiza-una-charla-sobre-la-flexibilizacion-de-la-pac-y-su-impacto-en-el-futuro-del-sector-agrario\",\"name\":\"ASAJA Valladolid organiza una charla sobre la flexibilizaci\u00f3n de la PAC y su impacto en el futuro del sector agrario - ASAJA Valladolid\",\"isPartOf\":{\"@id\":\"https:\/\/www.asajacyl.com\/valladolid\/#website\"},\"primaryImageOfPage\":{\"@id\":\"https:\/\/www.asajacyl.com\/valladolid\/asaja-valladolid-informa\/asaja-valladolid-organiza-una-charla-sobre-la-flexibilizacion-de-la-pac-y-su-impacto-en-el-futuro-del-sector-agrario#primaryimage\"},\"image\":{\"@id\":\"https:\/\/www.asajacyl.com\/valladolid\/asaja-valladolid-informa\/asaja-valladolid-organiza-una-charla-sobre-la-flexibilizacion-de-la-pac-y-su-impacto-en-el-futuro-del-sector-agrario#primaryimage\"},\"thumbnailUrl\":\"https:\/\/www.asajacyl.com\/valladolid\/wp-content\/uploads\/sites\/2\/2026\/03\/Cartel-Jornada-de-la-PAC-JUAN-PEDRO-MEDINA.jpg\",\"datePublished\":\"2026-03-09T10:30:54+00:00\",\"dateModified\":\"2026-03-17T12:14:32+00:00\",\"author\":{\"@id\":\"https:\/\/www.asajacyl.com\/valladolid\/#\/schema\/person\/cf213adc3e576168b6850f7db054141e\"},\"description\":\"ASAJA Valladolid organiza una charla sobre la flexibilizaci\u00f3n de la PAC y su impacto en el futuro del sector agrario\",\"breadcrumb\":{\"@id\":\"https:\/\/www.asajacyl.com\/valladolid\/asaja-valladolid-informa\/asaja-valladolid-organiza-una-charla-sobre-la-flexibilizacion-de-la-pac-y-su-impacto-en-el-futuro-del-sector-agrario#breadcrumb\"},\"inLanguage\":\"es\",\"potentialAction\":[{\"@type\":\"ReadAction\",\"target\":[\"https:\/\/www.asajacyl.com\/valladolid\/asaja-valladolid-informa\/asaja-valladolid-organiza-una-charla-sobre-la-flexibilizacion-de-la-pac-y-su-impacto-en-el-futuro-del-sector-agrario\"]}]},{\"@type\":\"ImageObject\",\"inLanguage\":\"es\",\"@id\":\"https:\/\/www.asajacyl.com\/valladolid\/asaja-valladolid-informa\/asaja-valladolid-organiza-una-charla-sobre-la-flexibilizacion-de-la-pac-y-su-impacto-en-el-futuro-del-sector-agrario#primaryimage\",\"url\":\"https:\/\/www.asajacyl.com\/valladolid\/wp-content\/uploads\/sites\/2\/2026\/03\/Cartel-Jornada-de-la-PAC-JUAN-PEDRO-MEDINA.jpg\",\"contentUrl\":\"https:\/\/www.asajacyl.com\/valladolid\/wp-content\/uploads\/sites\/2\/2026\/03\/Cartel-Jornada-de-la-PAC-JUAN-PEDRO-MEDINA.jpg\",\"width\":1017,\"height\":1496},{\"@type\":\"BreadcrumbList\",\"@id\":\"https:\/\/www.asajacyl.com\/valladolid\/asaja-valladolid-informa\/asaja-valladolid-organiza-una-charla-sobre-la-flexibilizacion-de-la-pac-y-su-impacto-en-el-futuro-del-sector-agrario#breadcrumb\",\"itemListElement\":[{\"@type\":\"ListItem\",\"position\":1,\"name\":\"Portada\",\"item\":\"https:\/\/www.asajacyl.com\/valladolid\/\"},{\"@type\":\"ListItem\",\"position\":2,\"name\":\"ASAJA Valladolid organiza una charla sobre la flexibilizaci\u00f3n de la PAC y su impacto en el futuro del sector agrario\"}]},{\"@type\":\"WebSite\",\"@id\":\"https:\/\/www.asajacyl.com\/valladolid\/#website\",\"url\":\"https:\/\/www.asajacyl.com\/valladolid\/\",\"name\":\"ASAJA Valladolid\",\"description\":\"Otro sitio m\u00e1s de Provincias ASAJA Castilla y Le\u00f3n\",\"potentialAction\":[{\"@type\":\"SearchAction\",\"target\":{\"@type\":\"EntryPoint\",\"urlTemplate\":\"https:\/\/www.asajacyl.com\/valladolid\/?s={search_term_string}\"},\"query-input\":{\"@type\":\"PropertyValueSpecification\",\"valueRequired\":true,\"valueName\":\"search_term_string\"}}],\"inLanguage\":\"es\"},{\"@type\":\"Person\",\"@id\":\"https:\/\/www.asajacyl.com\/valladolid\/#\/schema\/person\/cf213adc3e576168b6850f7db054141e\",\"name\":\"Mar\u00eda Natividad\",\"image\":{\"@type\":\"ImageObject\",\"inLanguage\":\"es\",\"@id\":\"https:\/\/www.asajacyl.com\/valladolid\/#\/schema\/person\/image\/\",\"url\":\"https:\/\/secure.gravatar.com\/avatar\/7f7b3c840c2af79feac78f5eeffefc45?s=96&d=mm&r=g\",\"contentUrl\":\"https:\/\/secure.gravatar.com\/avatar\/7f7b3c840c2af79feac78f5eeffefc45?s=96&d=mm&r=g\",\"caption\":\"Mar\u00eda Natividad\"},\"url\":\"https:\/\/www.asajacyl.com\/valladolid\/author\/natividadhh\"}]}<\/script>\n<!-- \/ Yoast SEO plugin. -->","yoast_head_json":{"title":"ASAJA Valladolid organiza una charla sobre la flexibilizaci\u00f3n de la PAC y su impacto en el futuro del sector agrario - ASAJA Valladolid","description":"ASAJA Valladolid organiza una charla sobre la flexibilizaci\u00f3n de la PAC y su impacto en el futuro del sector agrario","robots":{"index":"index","follow":"follow","max-snippet":"max-snippet:-1","max-image-preview":"max-image-preview:large","max-video-preview":"max-video-preview:-1"},"canonical":"https:\/\/www.asajacyl.com\/valladolid\/asaja-valladolid-informa\/asaja-valladolid-organiza-una-charla-sobre-la-flexibilizacion-de-la-pac-y-su-impacto-en-el-futuro-del-sector-agrario","og_locale":"es_ES","og_type":"article","og_title":"ASAJA Valladolid organiza una charla sobre la flexibilizaci\u00f3n de la PAC y su impacto en el futuro del sector agrario - ASAJA Valladolid","og_description":"ASAJA Valladolid organiza una charla sobre la flexibilizaci\u00f3n de la PAC y su impacto en el futuro del sector agrario","og_url":"https:\/\/www.asajacyl.com\/valladolid\/asaja-valladolid-informa\/asaja-valladolid-organiza-una-charla-sobre-la-flexibilizacion-de-la-pac-y-su-impacto-en-el-futuro-del-sector-agrario","og_site_name":"ASAJA Valladolid","article_published_time":"2026-03-09T10:30:54+00:00","article_modified_time":"2026-03-17T12:14:32+00:00","og_image":[{"width":1017,"height":1496,"url":"https:\/\/www.asajacyl.com\/valladolid\/wp-content\/uploads\/sites\/2\/2026\/03\/Cartel-Jornada-de-la-PAC-JUAN-PEDRO-MEDINA.jpg","type":"image\/jpeg"}],"author":"Mar\u00eda Natividad","twitter_card":"summary_large_image","twitter_misc":{"Escrito por":"Mar\u00eda Natividad","Tiempo de lectura":"2 minutos"},"schema":{"@context":"https:\/\/schema.org","@graph":[{"@type":"WebPage","@id":"https:\/\/www.asajacyl.com\/valladolid\/asaja-valladolid-informa\/asaja-valladolid-organiza-una-charla-sobre-la-flexibilizacion-de-la-pac-y-su-impacto-en-el-futuro-del-sector-agrario","url":"https:\/\/www.asajacyl.com\/valladolid\/asaja-valladolid-informa\/asaja-valladolid-organiza-una-charla-sobre-la-flexibilizacion-de-la-pac-y-su-impacto-en-el-futuro-del-sector-agrario","name":"ASAJA Valladolid organiza una charla sobre la flexibilizaci\u00f3n de la PAC y su impacto en el futuro del sector agrario - ASAJA Valladolid","isPartOf":{"@id":"https:\/\/www.asajacyl.com\/valladolid\/#website"},"primaryImageOfPage":{"@id":"https:\/\/www.asajacyl.com\/valladolid\/asaja-valladolid-informa\/asaja-valladolid-organiza-una-charla-sobre-la-flexibilizacion-de-la-pac-y-su-impacto-en-el-futuro-del-sector-agrario#primaryimage"},"image":{"@id":"https:\/\/www.asajacyl.com\/valladolid\/asaja-valladolid-informa\/asaja-valladolid-organiza-una-charla-sobre-la-flexibilizacion-de-la-pac-y-su-impacto-en-el-futuro-del-sector-agrario#primaryimage"},"thumbnailUrl":"https:\/\/www.asajacyl.com\/valladolid\/wp-content\/uploads\/sites\/2\/2026\/03\/Cartel-Jornada-de-la-PAC-JUAN-PEDRO-MEDINA.jpg","datePublished":"2026-03-09T10:30:54+00:00","dateModified":"2026-03-17T12:14:32+00:00","author":{"@id":"https:\/\/www.asajacyl.com\/valladolid\/#\/schema\/person\/cf213adc3e576168b6850f7db054141e"},"description":"ASAJA Valladolid organiza una charla sobre la flexibilizaci\u00f3n de la PAC y su impacto en el futuro del sector agrario","breadcrumb":{"@id":"https:\/\/www.asajacyl.com\/valladolid\/asaja-valladolid-informa\/asaja-valladolid-organiza-una-charla-sobre-la-flexibilizacion-de-la-pac-y-su-impacto-en-el-futuro-del-sector-agrario#breadcrumb"},"inLanguage":"es","potentialAction":[{"@type":"ReadAction","target":["https:\/\/www.asajacyl.com\/valladolid\/asaja-valladolid-informa\/asaja-valladolid-organiza-una-charla-sobre-la-flexibilizacion-de-la-pac-y-su-impacto-en-el-futuro-del-sector-agrario"]}]},{"@type":"ImageObject","inLanguage":"es","@id":"https:\/\/www.asajacyl.com\/valladolid\/asaja-valladolid-informa\/asaja-valladolid-organiza-una-charla-sobre-la-flexibilizacion-de-la-pac-y-su-impacto-en-el-futuro-del-sector-agrario#primaryimage","url":"https:\/\/www.asajacyl.com\/valladolid\/wp-content\/uploads\/sites\/2\/2026\/03\/Cartel-Jornada-de-la-PAC-JUAN-PEDRO-MEDINA.jpg","contentUrl":"https:\/\/www.asajacyl.com\/valladolid\/wp-content\/uploads\/sites\/2\/2026\/03\/Cartel-Jornada-de-la-PAC-JUAN-PEDRO-MEDINA.jpg","width":1017,"height":1496},{"@type":"BreadcrumbList","@id":"https:\/\/www.asajacyl.com\/valladolid\/asaja-valladolid-informa\/asaja-valladolid-organiza-una-charla-sobre-la-flexibilizacion-de-la-pac-y-su-impacto-en-el-futuro-del-sector-agrario#breadcrumb","itemListElement":[{"@type":"ListItem","position":1,"name":"Portada","item":"https:\/\/www.asajacyl.com\/valladolid\/"},{"@type":"ListItem","position":2,"name":"ASAJA Valladolid organiza una charla sobre la flexibilizaci\u00f3n de la PAC y su impacto en el futuro del sector agrario"}]},{"@type":"WebSite","@id":"https:\/\/www.asajacyl.com\/valladolid\/#website","url":"https:\/\/www.asajacyl.com\/valladolid\/","name":"ASAJA Valladolid","description":"Otro sitio m\u00e1s de Provincias ASAJA Castilla y Le\u00f3n","potentialAction":[{"@type":"SearchAction","target":{"@type":"EntryPoint","urlTemplate":"https:\/\/www.asajacyl.com\/valladolid\/?s={search_term_string}"},"query-input":{"@type":"PropertyValueSpecification","valueRequired":true,"valueName":"search_term_string"}}],"inLanguage":"es"},{"@type":"Person","@id":"https:\/\/www.asajacyl.com\/valladolid\/#\/schema\/person\/cf213adc3e576168b6850f7db054141e","name":"Mar\u00eda Natividad","image":{"@type":"ImageObject","inLanguage":"es","@id":"https:\/\/www.asajacyl.com\/valladolid\/#\/schema\/person\/image\/","url":"https:\/\/secure.gravatar.com\/avatar\/7f7b3c840c2af79feac78f5eeffefc45?s=96&d=mm&r=g","contentUrl":"https:\/\/secure.gravatar.com\/avatar\/7f7b3c840c2af79feac78f5eeffefc45?s=96&d=mm&r=g","caption":"Mar\u00eda Natividad"},"url":"https:\/\/www.asajacyl.com\/valladolid\/author\/natividadhh"}]}},"_links":{"self":[{"href":"https:\/\/www.asajacyl.com\/valladolid\/wp-json\/wp\/v2\/posts\/3982"}],"collection":[{"href":"https:\/\/www.asajacyl.com\/valladolid\/wp-json\/wp\/v2\/posts"}],"about":[{"href":"https:\/\/www.asajacyl.com\/valladolid\/wp-json\/wp\/v2\/types\/post"}],"author":[{"embeddable":true,"href":"https:\/\/www.asajacyl.com\/valladolid\/wp-json\/wp\/v2\/users\/13"}],"replies":[{"embeddable":true,"href":"https:\/\/www.asajacyl.com\/valladolid\/wp-json\/wp\/v2\/comments?post=3982"}],"version-history":[{"count":2,"href":"https:\/\/www.asajacyl.com\/valladolid\/wp-json\/wp\/v2\/posts\/3982\/revisions"}],"predecessor-version":[{"id":3985,"href":"https:\/\/www.asajacyl.com\/valladolid\/wp-json\/wp\/v2\/posts\/3982\/revisions\/3985"}],"wp:featuredmedia":[{"embeddable":true,"href":"https:\/\/www.asajacyl.com\/valladolid\/wp-json\/wp\/v2\/media\/3983"}],"wp:attachment":[{"href":"https:\/\/www.asajacyl.com\/valladolid\/wp-json\/wp\/v2\/media?parent=3982"}],"wp:term":[{"taxonomy":"category","embeddable":true,"href":"https:\/\/www.asajacyl.com\/valladolid\/wp-json\/wp\/v2\/categories?post=3982"},{"taxonomy":"post_tag","embeddable":true,"href":"https:\/\/www.asajacyl.com\/valladolid\/wp-json\/wp\/v2\/tags?post=3982"}],"curies":[{"name":"wp","href":"https:\/\/api.w.org\/{rel}","templated":true}]}}