{"id":4049,"date":"2026-04-29T12:18:05","date_gmt":"2026-04-29T10:18:05","guid":{"rendered":"https:\/\/www.asajacyl.com\/valladolid\/?p=4049"},"modified":"2026-04-29T12:18:06","modified_gmt":"2026-04-29T10:18:06","slug":"se-vende-1-4-derechos-de-la-region-7-de-regadio","status":"publish","type":"post","link":"https:\/\/www.asajacyl.com\/valladolid\/servicios-socio\/avisos\/se-vende-1-4-derechos-de-la-region-7-de-regadio","title":{"rendered":"Se vende 1.4 derechos de la regi\u00f3n 7 de regad\u00edo"},"content":{"rendered":"\n<p>Se vende 1.4 derechos de la regi\u00f3n 7 de regad\u00edo<\/p>\n\n\n\n<p>Interesados contactar con el siguiente n\u00famero de tel\u00e9fono: Alberto <strong>671 709 893.<\/strong><\/p>\n","protected":false},"excerpt":{"rendered":"<p>Se vende 1.4 derechos de la regi\u00f3n 7 de regad\u00edo Interesados contactar con el siguiente n\u00famero de tel\u00e9fono: Alberto 671 709 893.<\/p>\n","protected":false},"author":13,"featured_media":3764,"comment_status":"open","ping_status":"open","sticky":false,"template":"","format":"standard","meta":{"footnotes":""},"categories":[43,21,27],"tags":[70,58,762,76,811,773],"yoast_head":"<!-- This site is optimized with the Yoast SEO plugin v24.5 - https:\/\/yoast.com\/wordpress\/plugins\/seo\/ -->\n<title>Se vende 1.4 derechos de la regi\u00f3n 7 de regad\u00edo - ASAJA Valladolid<\/title>\n<meta name=\"description\" content=\"Se vende 1.4 derechos de la regi\u00f3n 7 de regad\u00edo Interesados contactar con el siguiente n\u00famero de tel\u00e9fono: Alberto 671 709 893.\" \/>\n<meta name=\"robots\" content=\"index, follow, max-snippet:-1, max-image-preview:large, max-video-preview:-1\" \/>\n<link rel=\"canonical\" href=\"https:\/\/www.asajacyl.com\/valladolid\/servicios-socio\/avisos\/se-vende-1-4-derechos-de-la-region-7-de-regadio\" \/>\n<meta property=\"og:locale\" content=\"es_ES\" \/>\n<meta property=\"og:type\" content=\"article\" \/>\n<meta property=\"og:title\" content=\"Se vende 1.4 derechos de la regi\u00f3n 7 de regad\u00edo - ASAJA Valladolid\" \/>\n<meta property=\"og:description\" content=\"Se vende 1.4 derechos de la regi\u00f3n 7 de regad\u00edo Interesados contactar con el siguiente n\u00famero de tel\u00e9fono: Alberto 671 709 893.\" \/>\n<meta property=\"og:url\" content=\"https:\/\/www.asajacyl.com\/valladolid\/servicios-socio\/avisos\/se-vende-1-4-derechos-de-la-region-7-de-regadio\" \/>\n<meta property=\"og:site_name\" content=\"ASAJA Valladolid\" \/>\n<meta property=\"article:published_time\" content=\"2026-04-29T10:18:05+00:00\" \/>\n<meta property=\"article:modified_time\" content=\"2026-04-29T10:18:06+00:00\" \/>\n<meta property=\"og:image\" content=\"https:\/\/www.asajacyl.com\/valladolid\/wp-content\/uploads\/sites\/2\/2025\/04\/2.jpg\" \/>\n\t<meta property=\"og:image:width\" content=\"1280\" \/>\n\t<meta property=\"og:image:height\" content=\"853\" \/>\n\t<meta property=\"og:image:type\" content=\"image\/jpeg\" \/>\n<meta name=\"author\" content=\"Mar\u00eda Natividad\" \/>\n<meta name=\"twitter:card\" content=\"summary_large_image\" \/>\n<meta name=\"twitter:label1\" content=\"Escrito por\" \/>\n\t<meta name=\"twitter:data1\" content=\"Mar\u00eda Natividad\" \/>\n\t<meta name=\"twitter:label2\" content=\"Tiempo de lectura\" \/>\n\t<meta name=\"twitter:data2\" content=\"1 minuto\" \/>\n<script type=\"application\/ld+json\" class=\"yoast-schema-graph\">{\"@context\":\"https:\/\/schema.org\",\"@graph\":[{\"@type\":\"WebPage\",\"@id\":\"https:\/\/www.asajacyl.com\/valladolid\/servicios-socio\/avisos\/se-vende-1-4-derechos-de-la-region-7-de-regadio\",\"url\":\"https:\/\/www.asajacyl.com\/valladolid\/servicios-socio\/avisos\/se-vende-1-4-derechos-de-la-region-7-de-regadio\",\"name\":\"Se vende 1.4 derechos de la regi\u00f3n 7 de regad\u00edo - ASAJA Valladolid\",\"isPartOf\":{\"@id\":\"https:\/\/www.asajacyl.com\/valladolid\/#website\"},\"primaryImageOfPage\":{\"@id\":\"https:\/\/www.asajacyl.com\/valladolid\/servicios-socio\/avisos\/se-vende-1-4-derechos-de-la-region-7-de-regadio#primaryimage\"},\"image\":{\"@id\":\"https:\/\/www.asajacyl.com\/valladolid\/servicios-socio\/avisos\/se-vende-1-4-derechos-de-la-region-7-de-regadio#primaryimage\"},\"thumbnailUrl\":\"https:\/\/www.asajacyl.com\/valladolid\/wp-content\/uploads\/sites\/2\/2025\/04\/2.jpg\",\"datePublished\":\"2026-04-29T10:18:05+00:00\",\"dateModified\":\"2026-04-29T10:18:06+00:00\",\"author\":{\"@id\":\"https:\/\/www.asajacyl.com\/valladolid\/#\/schema\/person\/cf213adc3e576168b6850f7db054141e\"},\"description\":\"Se vende 1.4 derechos de la regi\u00f3n 7 de regad\u00edo Interesados contactar con el siguiente n\u00famero de tel\u00e9fono: Alberto 671 709 893.\",\"breadcrumb\":{\"@id\":\"https:\/\/www.asajacyl.com\/valladolid\/servicios-socio\/avisos\/se-vende-1-4-derechos-de-la-region-7-de-regadio#breadcrumb\"},\"inLanguage\":\"es\",\"potentialAction\":[{\"@type\":\"ReadAction\",\"target\":[\"https:\/\/www.asajacyl.com\/valladolid\/servicios-socio\/avisos\/se-vende-1-4-derechos-de-la-region-7-de-regadio\"]}]},{\"@type\":\"ImageObject\",\"inLanguage\":\"es\",\"@id\":\"https:\/\/www.asajacyl.com\/valladolid\/servicios-socio\/avisos\/se-vende-1-4-derechos-de-la-region-7-de-regadio#primaryimage\",\"url\":\"https:\/\/www.asajacyl.com\/valladolid\/wp-content\/uploads\/sites\/2\/2025\/04\/2.jpg\",\"contentUrl\":\"https:\/\/www.asajacyl.com\/valladolid\/wp-content\/uploads\/sites\/2\/2025\/04\/2.jpg\",\"width\":1280,\"height\":853,\"caption\":\"Se venden 7,35 derechos de la Regi\u00f3n 1 Interesado contactar con el siguiente n\u00famero de tel\u00e9fono 676 322 063.\"},{\"@type\":\"BreadcrumbList\",\"@id\":\"https:\/\/www.asajacyl.com\/valladolid\/servicios-socio\/avisos\/se-vende-1-4-derechos-de-la-region-7-de-regadio#breadcrumb\",\"itemListElement\":[{\"@type\":\"ListItem\",\"position\":1,\"name\":\"Portada\",\"item\":\"https:\/\/www.asajacyl.com\/valladolid\/\"},{\"@type\":\"ListItem\",\"position\":2,\"name\":\"Se vende 1.4 derechos de la regi\u00f3n 7 de regad\u00edo\"}]},{\"@type\":\"WebSite\",\"@id\":\"https:\/\/www.asajacyl.com\/valladolid\/#website\",\"url\":\"https:\/\/www.asajacyl.com\/valladolid\/\",\"name\":\"ASAJA Valladolid\",\"description\":\"Otro sitio m\u00e1s de Provincias ASAJA Castilla y Le\u00f3n\",\"potentialAction\":[{\"@type\":\"SearchAction\",\"target\":{\"@type\":\"EntryPoint\",\"urlTemplate\":\"https:\/\/www.asajacyl.com\/valladolid\/?s={search_term_string}\"},\"query-input\":{\"@type\":\"PropertyValueSpecification\",\"valueRequired\":true,\"valueName\":\"search_term_string\"}}],\"inLanguage\":\"es\"},{\"@type\":\"Person\",\"@id\":\"https:\/\/www.asajacyl.com\/valladolid\/#\/schema\/person\/cf213adc3e576168b6850f7db054141e\",\"name\":\"Mar\u00eda Natividad\",\"image\":{\"@type\":\"ImageObject\",\"inLanguage\":\"es\",\"@id\":\"https:\/\/www.asajacyl.com\/valladolid\/#\/schema\/person\/image\/\",\"url\":\"https:\/\/secure.gravatar.com\/avatar\/7f7b3c840c2af79feac78f5eeffefc45?s=96&d=mm&r=g\",\"contentUrl\":\"https:\/\/secure.gravatar.com\/avatar\/7f7b3c840c2af79feac78f5eeffefc45?s=96&d=mm&r=g\",\"caption\":\"Mar\u00eda Natividad\"},\"url\":\"https:\/\/www.asajacyl.com\/valladolid\/author\/natividadhh\"}]}<\/script>\n<!-- \/ Yoast SEO plugin. -->","yoast_head_json":{"title":"Se vende 1.4 derechos de la regi\u00f3n 7 de regad\u00edo - ASAJA Valladolid","description":"Se vende 1.4 derechos de la regi\u00f3n 7 de regad\u00edo Interesados contactar con el siguiente n\u00famero de tel\u00e9fono: Alberto 671 709 893.","robots":{"index":"index","follow":"follow","max-snippet":"max-snippet:-1","max-image-preview":"max-image-preview:large","max-video-preview":"max-video-preview:-1"},"canonical":"https:\/\/www.asajacyl.com\/valladolid\/servicios-socio\/avisos\/se-vende-1-4-derechos-de-la-region-7-de-regadio","og_locale":"es_ES","og_type":"article","og_title":"Se vende 1.4 derechos de la regi\u00f3n 7 de regad\u00edo - ASAJA Valladolid","og_description":"Se vende 1.4 derechos de la regi\u00f3n 7 de regad\u00edo Interesados contactar con el siguiente n\u00famero de tel\u00e9fono: Alberto 671 709 893.","og_url":"https:\/\/www.asajacyl.com\/valladolid\/servicios-socio\/avisos\/se-vende-1-4-derechos-de-la-region-7-de-regadio","og_site_name":"ASAJA Valladolid","article_published_time":"2026-04-29T10:18:05+00:00","article_modified_time":"2026-04-29T10:18:06+00:00","og_image":[{"width":1280,"height":853,"url":"https:\/\/www.asajacyl.com\/valladolid\/wp-content\/uploads\/sites\/2\/2025\/04\/2.jpg","type":"image\/jpeg"}],"author":"Mar\u00eda Natividad","twitter_card":"summary_large_image","twitter_misc":{"Escrito por":"Mar\u00eda Natividad","Tiempo de lectura":"1 minuto"},"schema":{"@context":"https:\/\/schema.org","@graph":[{"@type":"WebPage","@id":"https:\/\/www.asajacyl.com\/valladolid\/servicios-socio\/avisos\/se-vende-1-4-derechos-de-la-region-7-de-regadio","url":"https:\/\/www.asajacyl.com\/valladolid\/servicios-socio\/avisos\/se-vende-1-4-derechos-de-la-region-7-de-regadio","name":"Se vende 1.4 derechos de la regi\u00f3n 7 de regad\u00edo - ASAJA Valladolid","isPartOf":{"@id":"https:\/\/www.asajacyl.com\/valladolid\/#website"},"primaryImageOfPage":{"@id":"https:\/\/www.asajacyl.com\/valladolid\/servicios-socio\/avisos\/se-vende-1-4-derechos-de-la-region-7-de-regadio#primaryimage"},"image":{"@id":"https:\/\/www.asajacyl.com\/valladolid\/servicios-socio\/avisos\/se-vende-1-4-derechos-de-la-region-7-de-regadio#primaryimage"},"thumbnailUrl":"https:\/\/www.asajacyl.com\/valladolid\/wp-content\/uploads\/sites\/2\/2025\/04\/2.jpg","datePublished":"2026-04-29T10:18:05+00:00","dateModified":"2026-04-29T10:18:06+00:00","author":{"@id":"https:\/\/www.asajacyl.com\/valladolid\/#\/schema\/person\/cf213adc3e576168b6850f7db054141e"},"description":"Se vende 1.4 derechos de la regi\u00f3n 7 de regad\u00edo Interesados contactar con el siguiente n\u00famero de tel\u00e9fono: Alberto 671 709 893.","breadcrumb":{"@id":"https:\/\/www.asajacyl.com\/valladolid\/servicios-socio\/avisos\/se-vende-1-4-derechos-de-la-region-7-de-regadio#breadcrumb"},"inLanguage":"es","potentialAction":[{"@type":"ReadAction","target":["https:\/\/www.asajacyl.com\/valladolid\/servicios-socio\/avisos\/se-vende-1-4-derechos-de-la-region-7-de-regadio"]}]},{"@type":"ImageObject","inLanguage":"es","@id":"https:\/\/www.asajacyl.com\/valladolid\/servicios-socio\/avisos\/se-vende-1-4-derechos-de-la-region-7-de-regadio#primaryimage","url":"https:\/\/www.asajacyl.com\/valladolid\/wp-content\/uploads\/sites\/2\/2025\/04\/2.jpg","contentUrl":"https:\/\/www.asajacyl.com\/valladolid\/wp-content\/uploads\/sites\/2\/2025\/04\/2.jpg","width":1280,"height":853,"caption":"Se venden 7,35 derechos de la Regi\u00f3n 1 Interesado contactar con el siguiente n\u00famero de tel\u00e9fono 676 322 063."},{"@type":"BreadcrumbList","@id":"https:\/\/www.asajacyl.com\/valladolid\/servicios-socio\/avisos\/se-vende-1-4-derechos-de-la-region-7-de-regadio#breadcrumb","itemListElement":[{"@type":"ListItem","position":1,"name":"Portada","item":"https:\/\/www.asajacyl.com\/valladolid\/"},{"@type":"ListItem","position":2,"name":"Se vende 1.4 derechos de la regi\u00f3n 7 de regad\u00edo"}]},{"@type":"WebSite","@id":"https:\/\/www.asajacyl.com\/valladolid\/#website","url":"https:\/\/www.asajacyl.com\/valladolid\/","name":"ASAJA Valladolid","description":"Otro sitio m\u00e1s de Provincias ASAJA Castilla y Le\u00f3n","potentialAction":[{"@type":"SearchAction","target":{"@type":"EntryPoint","urlTemplate":"https:\/\/www.asajacyl.com\/valladolid\/?s={search_term_string}"},"query-input":{"@type":"PropertyValueSpecification","valueRequired":true,"valueName":"search_term_string"}}],"inLanguage":"es"},{"@type":"Person","@id":"https:\/\/www.asajacyl.com\/valladolid\/#\/schema\/person\/cf213adc3e576168b6850f7db054141e","name":"Mar\u00eda Natividad","image":{"@type":"ImageObject","inLanguage":"es","@id":"https:\/\/www.asajacyl.com\/valladolid\/#\/schema\/person\/image\/","url":"https:\/\/secure.gravatar.com\/avatar\/7f7b3c840c2af79feac78f5eeffefc45?s=96&d=mm&r=g","contentUrl":"https:\/\/secure.gravatar.com\/avatar\/7f7b3c840c2af79feac78f5eeffefc45?s=96&d=mm&r=g","caption":"Mar\u00eda Natividad"},"url":"https:\/\/www.asajacyl.com\/valladolid\/author\/natividadhh"}]}},"_links":{"self":[{"href":"https:\/\/www.asajacyl.com\/valladolid\/wp-json\/wp\/v2\/posts\/4049"}],"collection":[{"href":"https:\/\/www.asajacyl.com\/valladolid\/wp-json\/wp\/v2\/posts"}],"about":[{"href":"https:\/\/www.asajacyl.com\/valladolid\/wp-json\/wp\/v2\/types\/post"}],"author":[{"embeddable":true,"href":"https:\/\/www.asajacyl.com\/valladolid\/wp-json\/wp\/v2\/users\/13"}],"replies":[{"embeddable":true,"href":"https:\/\/www.asajacyl.com\/valladolid\/wp-json\/wp\/v2\/comments?post=4049"}],"version-history":[{"count":1,"href":"https:\/\/www.asajacyl.com\/valladolid\/wp-json\/wp\/v2\/posts\/4049\/revisions"}],"predecessor-version":[{"id":4050,"href":"https:\/\/www.asajacyl.com\/valladolid\/wp-json\/wp\/v2\/posts\/4049\/revisions\/4050"}],"wp:featuredmedia":[{"embeddable":true,"href":"https:\/\/www.asajacyl.com\/valladolid\/wp-json\/wp\/v2\/media\/3764"}],"wp:attachment":[{"href":"https:\/\/www.asajacyl.com\/valladolid\/wp-json\/wp\/v2\/media?parent=4049"}],"wp:term":[{"taxonomy":"category","embeddable":true,"href":"https:\/\/www.asajacyl.com\/valladolid\/wp-json\/wp\/v2\/categories?post=4049"},{"taxonomy":"post_tag","embeddable":true,"href":"https:\/\/www.asajacyl.com\/valladolid\/wp-json\/wp\/v2\/tags?post=4049"}],"curies":[{"name":"wp","href":"https:\/\/api.w.org\/{rel}","templated":true}]}}